{"id":31713,"date":"2024-06-04T18:31:56","date_gmt":"2024-06-04T21:31:56","guid":{"rendered":"http:\/\/revistavitrineibiuna.com.br\/?p=31713"},"modified":"2024-06-04T18:45:40","modified_gmt":"2024-06-04T21:45:40","slug":"ibiuna-prefeitura-inicia-cobranca-de-zona-azul-no-dia-12","status":"publish","type":"post","link":"https:\/\/revistavitrineibiuna.com.br\/?p=31713","title":{"rendered":"IBI\u00daNA \u2013 PREFEITURA INICIA COBRAN\u00c7A DE ZONA AZUL NA SEGUNDA-FEIRA"},"content":{"rendered":"\n<p class=\"has-drop-cap\"><strong>A partir do dia 10 de junho, segunda-feira pr\u00f3xima, a Prefeitura de Ibi\u00fana inicia a cobran\u00e7a de zona azul (estacionamento rotativo nas ruas centrais da cidade), por meio da Park Gold, empresa com sede em Franco da Rocha.<\/strong><\/p>\n\n\n\n<p><strong>Ontem (3), vitrine online solicitou informa\u00e7\u00f5es sobre essa medida ao Executivo por meio da Assessoria de Imprensa, mas at\u00e9 o momento em que esse texto era conclu\u00eddo n\u00e3o havia recebido nenhum retorno.<\/strong><\/p>\n\n\n\n<p><strong>Pelo menos duas faixas foram afixadas na rua Pinduca Soares em que a empresa informa que \u201cEstacionar em Ibi\u00fana agora ficou f\u00e1cil\u201d.<\/strong><\/p>\n\n\n\n<p><strong>Embora isso tenha que ser comprovado na pr\u00e1tica e possa n\u00e3o corresponder com a realidade, pessoas ouvidas por vitrine online disseram concordar com a medida como uma forma de garantir espa\u00e7o para que os clientes das lojas possam estacionar em frente \u00e0s suas portas.<\/strong><\/p>\n\n\n\n<p><strong>QUANTO VAI CUSTAR<\/strong><\/p>\n\n\n\n<p><strong>As tarifas a serem cobradas dos carros ser\u00e3o respectivamene R$ 2,30 por uma hora e R$ 4,60 por duas horas. Motos pagar\u00e3o R$ 1,00 por hora e R$ 2,00 por duas horas.<\/strong><\/p>\n\n\n\n<p><strong>Caso os propriet\u00e1rios dos ve\u00edculos ultrapassem o limite m\u00e1ximo de 2 horas, ter\u00e3o que \u201cregularizar\u201d o estacionamento. No caso de n\u00e3o regularizarem, ser\u00e1 cobrado o valor equivalente a 10 horas de estacionamento<\/strong>, <strong>ou seja, R$ 25,30.<\/strong><\/p>\n\n\n\n<p><strong>O usu\u00e1rio ter\u00e1 at\u00e9 tr\u00eas dias \u00fateis para quitar a tarifa de regulariza\u00e7\u00e3o, a fim de que n\u00e3o sofra um auto de infra\u00e7\u00e3o emitido pela GCM por \u201cestacionamento em desacordo com a lei\u201d.<\/strong><\/p>\n\n\n\n<p><strong>Os usu\u00e1rios poder\u00e3o baixar um aplicativo para efetuar o pagamento por cr\u00e9dito, d\u00e9bito ou Pix.<\/strong><\/p>\n\n\n\n<p><strong>A Gold Park tamb\u00e9m informa, por meio de um folheto, que \u201cao estacionar, estando o d\u00e9bito autom\u00e1tico habilitado, os monitores far\u00e3o o procedimento. Caso prefira ativar o ticket a fim de monitorar a toler\u00e2ncia n\u00e3o esquecer de acionar o aplicativo\u201d.<\/strong><\/p>\n\n\n\n<p><strong>As pessoas que estacionam de modo eventual, poder\u00e3o entrar em contato com os monitores para que forne\u00e7am tickets avulsos.<\/strong><\/p>\n\n\n\n<p><strong>CONFLITO COM A C\u00c2MARA<\/strong><\/p>\n\n\n\n<p><strong>Outra empresa \u2013 Serbet \u2013 Sistema de Estacionamento de Ve\u00edculos do Brasil Ltda., com sede em Joinville, no estado de Santa Catarina, contratada pelo governo do ex-prefeito F\u00e1bio Bello (atual secret\u00e1rio de Desenvolvimento Urbano), iniciara o servi\u00e7o de estacionamento rotativo nas ruas centrais de Ibi\u00fana a um custo de R$ 1,50 a hora no dia 21 de dezembro de 2015 e atuou at\u00e9 cerca de dois anos atr\u00e1s.<\/strong><\/p>\n\n\n\n<p><strong>Na ocasi\u00e3o, houve uma diverg\u00eancia entre a C\u00e2mara Municipal e a Prefeitura, com o argumento de que a licita\u00e7\u00e3o havia sido feita sem a aprova\u00e7\u00e3o pr\u00e9via dos vereadores como exige a Lei Org\u00e2nica do Munic\u00edpio.<\/strong><\/p>\n\n\n\n<p><strong>Edis da base aliada do governo no entanto aprovaram a medida em regime de urg\u00eancia. Assim, <\/strong><strong>o Projeto de Lei n\u00ba 341\/2016 encaminhado pelo prefeito F\u00e1bio Bello, n\u00e3o apenas autorizou a prefeitura a licitar esse servi\u00e7o mas, especialmente, retroagir \u201cseus efeitos a partir do dia 8 de dezembro de 2015\u201d, m\u00eas em que foi contratada a empresa Serbet para realizar essa atividade em diversas ruas do centro.<\/strong><\/p>\n\n\n\n<p><strong>PROCESSO CONTRA A PREFEITURA<\/strong><\/p>\n\n\n\n<p><strong>A Serbet, no entanto, sob o argumento de que a Prefeitura havia descumprido termos contratuais, paralisou os servi\u00e7os e abriu um processo contra o Executivo ibiunense.<\/strong><\/p>\n\n\n\n<p><strong>A Justi\u00e7a julgou o processo e o contrato entre a empresa e a Prefeitura foi rescindido.<\/strong><\/p>\n\n\n\n<p><strong>No ano passado, quando entrevistamos um dos advogados da Serbet para a TVUNA, falava-se que o valor de uma prov\u00e1vel multa poderia girar em torno dos R$ 4 milh\u00f5es.<\/strong><\/p>\n\n\n\n<p><strong>No entanto, o valor real do pedido de indeniza\u00e7\u00e3o ser\u00e1 definido pela Justi\u00e7a, com base em levantamento pericial.<\/strong><\/p>\n","protected":false},"excerpt":{"rendered":"<p>A partir do dia 10 de junho, segunda-feira pr\u00f3xima, a Prefeitura de Ibi\u00fana inicia a cobran\u00e7a de zona azul (estacionamento<\/p>\n","protected":false},"author":1,"featured_media":31714,"comment_status":"open","ping_status":"open","sticky":false,"template":"","format":"standard","meta":[],"categories":[3],"tags":[],"yoast_head":"<!-- This site is optimized with the Yoast SEO plugin v15.8 - https:\/\/yoast.com\/wordpress\/plugins\/seo\/ -->\n<title>IBI\u00daNA \u2013 PREFEITURA INICIA COBRAN\u00c7A DE ZONA AZUL NA SEGUNDA-FEIRA - Revista Vitrine Online<\/title>\n<meta name=\"robots\" content=\"index, follow, max-snippet:-1, max-image-preview:large, max-video-preview:-1\" \/>\n<link rel=\"canonical\" href=\"http:\/\/revistavitrineibiuna.com.br\/?p=31713\" \/>\n<meta property=\"og:locale\" content=\"pt_BR\" \/>\n<meta property=\"og:type\" content=\"article\" \/>\n<meta property=\"og:title\" content=\"IBI\u00daNA \u2013 PREFEITURA INICIA COBRAN\u00c7A DE ZONA AZUL NA SEGUNDA-FEIRA - Revista Vitrine Online\" \/>\n<meta property=\"og:description\" content=\"A partir do dia 10 de junho, segunda-feira pr\u00f3xima, a Prefeitura de Ibi\u00fana inicia a cobran\u00e7a de zona azul (estacionamento\" \/>\n<meta property=\"og:url\" content=\"http:\/\/revistavitrineibiuna.com.br\/?p=31713\" \/>\n<meta property=\"og:site_name\" content=\"Revista Vitrine Online\" \/>\n<meta property=\"article:published_time\" content=\"2024-06-04T21:31:56+00:00\" \/>\n<meta property=\"article:modified_time\" content=\"2024-06-04T21:45:40+00:00\" \/>\n<meta property=\"og:image\" content=\"https:\/\/revistavitrineibiuna.com.br\/wp-content\/uploads\/2024\/06\/zona-azul-em-ibiuna-novo-1024x630.png\" \/>\n\t<meta property=\"og:image:width\" content=\"1024\" \/>\n\t<meta property=\"og:image:height\" content=\"630\" \/>\n<meta name=\"twitter:card\" content=\"summary\" \/>\n<meta name=\"twitter:label1\" content=\"Est. reading time\">\n\t<meta name=\"twitter:data1\" content=\"3 minutos\">\n<script type=\"application\/ld+json\" class=\"yoast-schema-graph\">{\"@context\":\"https:\/\/schema.org\",\"@graph\":[{\"@type\":\"WebSite\",\"@id\":\"https:\/\/revistavitrineibiuna.com.br\/#website\",\"url\":\"https:\/\/revistavitrineibiuna.com.br\/\",\"name\":\"Revista Vitrine Ibi\\u00fana\",\"description\":\"A Revista de Ibi\\u00fana e Regi\\u00e3o\",\"publisher\":{\"@id\":\"https:\/\/revistavitrineibiuna.com.br\/#\/schema\/person\/e51ef49d6d88170ea21ceabff3f73deb\"},\"potentialAction\":[{\"@type\":\"SearchAction\",\"target\":\"https:\/\/revistavitrineibiuna.com.br\/?s={search_term_string}\",\"query-input\":\"required name=search_term_string\"}],\"inLanguage\":\"pt-BR\"},{\"@type\":\"ImageObject\",\"@id\":\"http:\/\/revistavitrineibiuna.com.br\/?p=31713#primaryimage\",\"inLanguage\":\"pt-BR\",\"url\":\"https:\/\/revistavitrineibiuna.com.br\/wp-content\/uploads\/2024\/06\/zona-azul-em-ibiuna-novo.png\",\"width\":1560,\"height\":960},{\"@type\":\"WebPage\",\"@id\":\"http:\/\/revistavitrineibiuna.com.br\/?p=31713#webpage\",\"url\":\"http:\/\/revistavitrineibiuna.com.br\/?p=31713\",\"name\":\"IBI\\u00daNA \\u2013 PREFEITURA INICIA COBRAN\\u00c7A DE ZONA AZUL NA SEGUNDA-FEIRA - Revista Vitrine Online\",\"isPartOf\":{\"@id\":\"https:\/\/revistavitrineibiuna.com.br\/#website\"},\"primaryImageOfPage\":{\"@id\":\"http:\/\/revistavitrineibiuna.com.br\/?p=31713#primaryimage\"},\"datePublished\":\"2024-06-04T21:31:56+00:00\",\"dateModified\":\"2024-06-04T21:45:40+00:00\",\"breadcrumb\":{\"@id\":\"http:\/\/revistavitrineibiuna.com.br\/?p=31713#breadcrumb\"},\"inLanguage\":\"pt-BR\",\"potentialAction\":[{\"@type\":\"ReadAction\",\"target\":[\"http:\/\/revistavitrineibiuna.com.br\/?p=31713\"]}]},{\"@type\":\"BreadcrumbList\",\"@id\":\"http:\/\/revistavitrineibiuna.com.br\/?p=31713#breadcrumb\",\"itemListElement\":[{\"@type\":\"ListItem\",\"position\":1,\"item\":{\"@type\":\"WebPage\",\"@id\":\"https:\/\/revistavitrineibiuna.com.br\/\",\"url\":\"https:\/\/revistavitrineibiuna.com.br\/\",\"name\":\"In\\u00edcio\"}},{\"@type\":\"ListItem\",\"position\":2,\"item\":{\"@type\":\"WebPage\",\"@id\":\"http:\/\/revistavitrineibiuna.com.br\/?p=31713\",\"url\":\"http:\/\/revistavitrineibiuna.com.br\/?p=31713\",\"name\":\"IBI\\u00daNA \\u2013 PREFEITURA INICIA COBRAN\\u00c7A DE ZONA AZUL NA SEGUNDA-FEIRA\"}}]},{\"@type\":\"Article\",\"@id\":\"http:\/\/revistavitrineibiuna.com.br\/?p=31713#article\",\"isPartOf\":{\"@id\":\"http:\/\/revistavitrineibiuna.com.br\/?p=31713#webpage\"},\"author\":{\"@id\":\"https:\/\/revistavitrineibiuna.com.br\/#\/schema\/person\/e51ef49d6d88170ea21ceabff3f73deb\"},\"headline\":\"IBI\\u00daNA \\u2013 PREFEITURA INICIA COBRAN\\u00c7A DE ZONA AZUL NA SEGUNDA-FEIRA\",\"datePublished\":\"2024-06-04T21:31:56+00:00\",\"dateModified\":\"2024-06-04T21:45:40+00:00\",\"mainEntityOfPage\":{\"@id\":\"http:\/\/revistavitrineibiuna.com.br\/?p=31713#webpage\"},\"commentCount\":0,\"publisher\":{\"@id\":\"https:\/\/revistavitrineibiuna.com.br\/#\/schema\/person\/e51ef49d6d88170ea21ceabff3f73deb\"},\"image\":{\"@id\":\"http:\/\/revistavitrineibiuna.com.br\/?p=31713#primaryimage\"},\"articleSection\":\"Not\\u00edcias\",\"inLanguage\":\"pt-BR\",\"potentialAction\":[{\"@type\":\"CommentAction\",\"name\":\"Comment\",\"target\":[\"http:\/\/revistavitrineibiuna.com.br\/?p=31713#respond\"]}]},{\"@type\":[\"Person\",\"Organization\"],\"@id\":\"https:\/\/revistavitrineibiuna.com.br\/#\/schema\/person\/e51ef49d6d88170ea21ceabff3f73deb\",\"name\":\"Carlos Rossini\",\"image\":{\"@type\":\"ImageObject\",\"@id\":\"https:\/\/revistavitrineibiuna.com.br\/#personlogo\",\"inLanguage\":\"pt-BR\",\"url\":\"https:\/\/secure.gravatar.com\/avatar\/4f2d0f99fac1f85c7d643f21f5c8d900?s=96&d=mm&r=g\",\"caption\":\"Carlos Rossini\"},\"logo\":{\"@id\":\"https:\/\/revistavitrineibiuna.com.br\/#personlogo\"},\"description\":\"Carlos Rossini \\u00e9 jornalista, soci\\u00f3logo, escritor e professor universit\\u00e1rio, tendo sido professor de jornalismo por vinte anos. Trabalhou em ve\\u00edculos de comunica\\u00e7\\u00e3o nas fun\\u00e7\\u00f5es de rep\\u00f3rter, redator, editor, articulista e colaborador, como Folha de S. Paulo, O Estado de S. Paulo, Di\\u00e1rio Popular, entre outros. Ao transferir a revista vitrine, vers\\u00e3o imprensa, de S\\u00e3o Paulo para Ibi\\u00fana h\\u00e1 alguns anos, iniciou uma nova experi\\u00eancia profissional, dedicando-se ao jornalismo regional, depois de cumprir uma trajet\\u00f3ria bem-sucedida na grande imprensa brasileira. Seu primeiro livro A Coragem de Comunicar foi lan\\u00e7ado na Bienal do Livro em S\\u00e3o Paulo no ano 2000, pela editora Madras.\"}]}<\/script>\n<!-- \/ Yoast SEO plugin. -->","_links":{"self":[{"href":"https:\/\/revistavitrineibiuna.com.br\/index.php?rest_route=\/wp\/v2\/posts\/31713"}],"collection":[{"href":"https:\/\/revistavitrineibiuna.com.br\/index.php?rest_route=\/wp\/v2\/posts"}],"about":[{"href":"https:\/\/revistavitrineibiuna.com.br\/index.php?rest_route=\/wp\/v2\/types\/post"}],"author":[{"embeddable":true,"href":"https:\/\/revistavitrineibiuna.com.br\/index.php?rest_route=\/wp\/v2\/users\/1"}],"replies":[{"embeddable":true,"href":"https:\/\/revistavitrineibiuna.com.br\/index.php?rest_route=%2Fwp%2Fv2%2Fcomments&post=31713"}],"version-history":[{"count":9,"href":"https:\/\/revistavitrineibiuna.com.br\/index.php?rest_route=\/wp\/v2\/posts\/31713\/revisions"}],"predecessor-version":[{"id":31725,"href":"https:\/\/revistavitrineibiuna.com.br\/index.php?rest_route=\/wp\/v2\/posts\/31713\/revisions\/31725"}],"wp:featuredmedia":[{"embeddable":true,"href":"https:\/\/revistavitrineibiuna.com.br\/index.php?rest_route=\/wp\/v2\/media\/31714"}],"wp:attachment":[{"href":"https:\/\/revistavitrineibiuna.com.br\/index.php?rest_route=%2Fwp%2Fv2%2Fmedia&parent=31713"}],"wp:term":[{"taxonomy":"category","embeddable":true,"href":"https:\/\/revistavitrineibiuna.com.br\/index.php?rest_route=%2Fwp%2Fv2%2Fcategories&post=31713"},{"taxonomy":"post_tag","embeddable":true,"href":"https:\/\/revistavitrineibiuna.com.br\/index.php?rest_route=%2Fwp%2Fv2%2Ftags&post=31713"}],"curies":[{"name":"wp","href":"https:\/\/api.w.org\/{rel}","templated":true}]}}