{"id":31726,"date":"2024-06-06T23:51:01","date_gmt":"2024-06-07T02:51:01","guid":{"rendered":"http:\/\/revistavitrineibiuna.com.br\/?p=31726"},"modified":"2024-06-07T08:22:12","modified_gmt":"2024-06-07T11:22:12","slug":"ibiuna-jornal-anuncia-exoneracao-de-fabio-bello-e-supoe-que-ele-pode-se-candidatar","status":"publish","type":"post","link":"https:\/\/revistavitrineibiuna.com.br\/?p=31726","title":{"rendered":"IBI\u00daNA \u2013 JORNAL ANUNCIA SA\u00cdDA DE FABIO BELLO E PRESSUP\u00d5E SUA CANDIDATURA"},"content":{"rendered":"\n<p class=\"has-drop-cap\"><strong>A edi\u00e7\u00e3o desta sexta-feira (7) do jornal \u201cVoz de Ibi\u00fana\u201d noticiou que o secret\u00e1rio de Desenvolvimento Urbano de Ibi\u00fana, F\u00e1bio Bello, foi exonerado esta semana e que pode \u201cser candidato em outubro\u201d.<\/strong><\/p>\n\n\n\n<p><strong>Escreveu tamb\u00e9m que tentou contato com Bello, ex-prefeito por tr\u00eas vezes de Ibi\u00fana, mas que n\u00e3o obteve retorno.<\/strong><\/p>\n\n\n\n<p><strong>Se esse an\u00fancio vier a se confirmar, ent\u00e3o estaremos diante de um fato surpreendente no cen\u00e1rio pol\u00edtico ibiunense nas elei\u00e7\u00f5es do dia 6 de outubro.<\/strong><\/p>\n\n\n\n<p><strong>At\u00e9 o presente momento j\u00e1 se haviam anunciados pr\u00e9-candidatos a prefeito de Ibi\u00fana cinco personalidades: <\/strong><strong>Paulo Sasaki (PL), Renan Godinho (Podemos), M\u00e1rio Pires (Republicanos), Ten. Adilson Ribeiro (UB), Alle Zanatta (PT).<\/strong><\/p>\n\n\n\n<p><strong>Portanto, aquele que j\u00e1 adjetivamos aqui em outra publica\u00e7\u00e3o de pol\u00edtico mais \u201castuto\u201d de Ibi\u00fana [F\u00e1bio Bello] pareceria estar disposto a causar, como se diz na linguagem mais jovial, um efeito fantasmag\u00f3rico, pois havia uma voz corrente que ele n\u00e3o poderia se candidatar devido a pend\u00eancias com a Justi\u00e7a Eleitoral.<\/strong><\/p>\n\n\n\n<p><strong>Agora, fica-se sabendo que [se houver confirma\u00e7\u00e3o] que o secret\u00e1rio mais influente e poderoso a ocupar cargo no Pa\u00e7o Municipal teria cumprido o prazo exigido de quatro meses para desincompatibiliza\u00e7\u00e3o para integrantes desse posto no Poder Executivo.<\/strong><\/p>\n\n\n\n<p><strong>Imaginando-se que efetivamente seu objetivo seja concorrer \u00e0 Prefeitura, como a not\u00edcia deduz, se na realidade isso for efetivamente poss\u00edvel juridicamente, em que situa\u00e7\u00e3o ficaria o atual prefeito que anunciou sua pr\u00e9-candidatura a reelei\u00e7\u00e3o?<\/strong><\/p>\n\n\n\n<p><strong>Que segredo intencional estaria oculto atr\u00e1s dessa estranha e espantosa novidade?<\/strong><\/p>\n\n\n\n<p><strong>Como reagir\u00e3o os demais pr\u00e9-candidatos diante dessa surpresa, considerando, caso, repetimos, a situa\u00e7\u00e3o prevista pelo jornal se confirme, em rela\u00e7\u00e3o a prov\u00e1veis pesquisas de tend\u00eancias eleitorais que estavam circulando reservadamente?<\/strong><\/p>\n\n\n\n<p><strong>Como todos se recordam, na pen\u00faltima elei\u00e7\u00e3o, a cidade de Ibi\u00fana sofreu os maiores danos pol\u00edticos e administrativos quando, se revezaram no cargo pelo menos por tr\u00eas vezes o ent\u00e3o prefeito Prof. Eduardo Anselmo Domingues e o pr\u00f3prio Fabio Bello, que fizeram movimento vai e v\u00e9m de acordo com as decis\u00f5es da Justi\u00e7a que ora legitimava um ora outro no cargo. Vamos acompanhar!<\/strong><\/p>\n","protected":false},"excerpt":{"rendered":"<p>A edi\u00e7\u00e3o desta sexta-feira (7) do jornal \u201cVoz de Ibi\u00fana\u201d noticiou que o secret\u00e1rio de Desenvolvimento Urbano de Ibi\u00fana, F\u00e1bio<\/p>\n","protected":false},"author":1,"featured_media":31727,"comment_status":"open","ping_status":"open","sticky":false,"template":"","format":"standard","meta":[],"categories":[1],"tags":[],"yoast_head":"<!-- This site is optimized with the Yoast SEO plugin v15.8 - https:\/\/yoast.com\/wordpress\/plugins\/seo\/ -->\n<title>IBI\u00daNA \u2013 JORNAL ANUNCIA SA\u00cdDA DE FABIO BELLO E PRESSUP\u00d5E SUA CANDIDATURA - Revista Vitrine Online<\/title>\n<meta name=\"robots\" content=\"index, follow, max-snippet:-1, max-image-preview:large, max-video-preview:-1\" \/>\n<link rel=\"canonical\" href=\"http:\/\/revistavitrineibiuna.com.br\/?p=31726\" \/>\n<meta property=\"og:locale\" content=\"pt_BR\" \/>\n<meta property=\"og:type\" content=\"article\" \/>\n<meta property=\"og:title\" content=\"IBI\u00daNA \u2013 JORNAL ANUNCIA SA\u00cdDA DE FABIO BELLO E PRESSUP\u00d5E SUA CANDIDATURA - Revista Vitrine Online\" \/>\n<meta property=\"og:description\" content=\"A edi\u00e7\u00e3o desta sexta-feira (7) do jornal \u201cVoz de Ibi\u00fana\u201d noticiou que o secret\u00e1rio de Desenvolvimento Urbano de Ibi\u00fana, F\u00e1bio\" \/>\n<meta property=\"og:url\" content=\"http:\/\/revistavitrineibiuna.com.br\/?p=31726\" \/>\n<meta property=\"og:site_name\" content=\"Revista Vitrine Online\" \/>\n<meta property=\"article:published_time\" content=\"2024-06-07T02:51:01+00:00\" \/>\n<meta property=\"article:modified_time\" content=\"2024-06-07T11:22:12+00:00\" \/>\n<meta property=\"og:image\" content=\"https:\/\/revistavitrineibiuna.com.br\/wp-content\/uploads\/2024\/06\/foto-fabio-bello.png\" \/>\n\t<meta property=\"og:image:width\" content=\"638\" \/>\n\t<meta property=\"og:image:height\" content=\"374\" \/>\n<meta name=\"twitter:card\" content=\"summary\" \/>\n<meta name=\"twitter:label1\" content=\"Est. reading time\">\n\t<meta name=\"twitter:data1\" content=\"2 minutos\">\n<script type=\"application\/ld+json\" class=\"yoast-schema-graph\">{\"@context\":\"https:\/\/schema.org\",\"@graph\":[{\"@type\":\"WebSite\",\"@id\":\"https:\/\/revistavitrineibiuna.com.br\/#website\",\"url\":\"https:\/\/revistavitrineibiuna.com.br\/\",\"name\":\"Revista Vitrine Ibi\\u00fana\",\"description\":\"A Revista de Ibi\\u00fana e Regi\\u00e3o\",\"publisher\":{\"@id\":\"https:\/\/revistavitrineibiuna.com.br\/#\/schema\/person\/e51ef49d6d88170ea21ceabff3f73deb\"},\"potentialAction\":[{\"@type\":\"SearchAction\",\"target\":\"https:\/\/revistavitrineibiuna.com.br\/?s={search_term_string}\",\"query-input\":\"required name=search_term_string\"}],\"inLanguage\":\"pt-BR\"},{\"@type\":\"ImageObject\",\"@id\":\"http:\/\/revistavitrineibiuna.com.br\/?p=31726#primaryimage\",\"inLanguage\":\"pt-BR\",\"url\":\"https:\/\/revistavitrineibiuna.com.br\/wp-content\/uploads\/2024\/06\/foto-fabio-bello.png\",\"width\":638,\"height\":374},{\"@type\":\"WebPage\",\"@id\":\"http:\/\/revistavitrineibiuna.com.br\/?p=31726#webpage\",\"url\":\"http:\/\/revistavitrineibiuna.com.br\/?p=31726\",\"name\":\"IBI\\u00daNA \\u2013 JORNAL ANUNCIA SA\\u00cdDA DE FABIO BELLO E PRESSUP\\u00d5E SUA CANDIDATURA - Revista Vitrine Online\",\"isPartOf\":{\"@id\":\"https:\/\/revistavitrineibiuna.com.br\/#website\"},\"primaryImageOfPage\":{\"@id\":\"http:\/\/revistavitrineibiuna.com.br\/?p=31726#primaryimage\"},\"datePublished\":\"2024-06-07T02:51:01+00:00\",\"dateModified\":\"2024-06-07T11:22:12+00:00\",\"breadcrumb\":{\"@id\":\"http:\/\/revistavitrineibiuna.com.br\/?p=31726#breadcrumb\"},\"inLanguage\":\"pt-BR\",\"potentialAction\":[{\"@type\":\"ReadAction\",\"target\":[\"http:\/\/revistavitrineibiuna.com.br\/?p=31726\"]}]},{\"@type\":\"BreadcrumbList\",\"@id\":\"http:\/\/revistavitrineibiuna.com.br\/?p=31726#breadcrumb\",\"itemListElement\":[{\"@type\":\"ListItem\",\"position\":1,\"item\":{\"@type\":\"WebPage\",\"@id\":\"https:\/\/revistavitrineibiuna.com.br\/\",\"url\":\"https:\/\/revistavitrineibiuna.com.br\/\",\"name\":\"In\\u00edcio\"}},{\"@type\":\"ListItem\",\"position\":2,\"item\":{\"@type\":\"WebPage\",\"@id\":\"http:\/\/revistavitrineibiuna.com.br\/?p=31726\",\"url\":\"http:\/\/revistavitrineibiuna.com.br\/?p=31726\",\"name\":\"IBI\\u00daNA \\u2013 JORNAL ANUNCIA SA\\u00cdDA DE FABIO BELLO E PRESSUP\\u00d5E SUA CANDIDATURA\"}}]},{\"@type\":\"Article\",\"@id\":\"http:\/\/revistavitrineibiuna.com.br\/?p=31726#article\",\"isPartOf\":{\"@id\":\"http:\/\/revistavitrineibiuna.com.br\/?p=31726#webpage\"},\"author\":{\"@id\":\"https:\/\/revistavitrineibiuna.com.br\/#\/schema\/person\/e51ef49d6d88170ea21ceabff3f73deb\"},\"headline\":\"IBI\\u00daNA \\u2013 JORNAL ANUNCIA SA\\u00cdDA DE FABIO BELLO E PRESSUP\\u00d5E SUA CANDIDATURA\",\"datePublished\":\"2024-06-07T02:51:01+00:00\",\"dateModified\":\"2024-06-07T11:22:12+00:00\",\"mainEntityOfPage\":{\"@id\":\"http:\/\/revistavitrineibiuna.com.br\/?p=31726#webpage\"},\"commentCount\":0,\"publisher\":{\"@id\":\"https:\/\/revistavitrineibiuna.com.br\/#\/schema\/person\/e51ef49d6d88170ea21ceabff3f73deb\"},\"image\":{\"@id\":\"http:\/\/revistavitrineibiuna.com.br\/?p=31726#primaryimage\"},\"articleSection\":\"Uncategorized\",\"inLanguage\":\"pt-BR\",\"potentialAction\":[{\"@type\":\"CommentAction\",\"name\":\"Comment\",\"target\":[\"http:\/\/revistavitrineibiuna.com.br\/?p=31726#respond\"]}]},{\"@type\":[\"Person\",\"Organization\"],\"@id\":\"https:\/\/revistavitrineibiuna.com.br\/#\/schema\/person\/e51ef49d6d88170ea21ceabff3f73deb\",\"name\":\"Carlos Rossini\",\"image\":{\"@type\":\"ImageObject\",\"@id\":\"https:\/\/revistavitrineibiuna.com.br\/#personlogo\",\"inLanguage\":\"pt-BR\",\"url\":\"https:\/\/secure.gravatar.com\/avatar\/4f2d0f99fac1f85c7d643f21f5c8d900?s=96&d=mm&r=g\",\"caption\":\"Carlos Rossini\"},\"logo\":{\"@id\":\"https:\/\/revistavitrineibiuna.com.br\/#personlogo\"},\"description\":\"Carlos Rossini \\u00e9 jornalista, soci\\u00f3logo, escritor e professor universit\\u00e1rio, tendo sido professor de jornalismo por vinte anos. Trabalhou em ve\\u00edculos de comunica\\u00e7\\u00e3o nas fun\\u00e7\\u00f5es de rep\\u00f3rter, redator, editor, articulista e colaborador, como Folha de S. Paulo, O Estado de S. Paulo, Di\\u00e1rio Popular, entre outros. Ao transferir a revista vitrine, vers\\u00e3o imprensa, de S\\u00e3o Paulo para Ibi\\u00fana h\\u00e1 alguns anos, iniciou uma nova experi\\u00eancia profissional, dedicando-se ao jornalismo regional, depois de cumprir uma trajet\\u00f3ria bem-sucedida na grande imprensa brasileira. Seu primeiro livro A Coragem de Comunicar foi lan\\u00e7ado na Bienal do Livro em S\\u00e3o Paulo no ano 2000, pela editora Madras.\"}]}<\/script>\n<!-- \/ Yoast SEO plugin. -->","_links":{"self":[{"href":"https:\/\/revistavitrineibiuna.com.br\/index.php?rest_route=\/wp\/v2\/posts\/31726"}],"collection":[{"href":"https:\/\/revistavitrineibiuna.com.br\/index.php?rest_route=\/wp\/v2\/posts"}],"about":[{"href":"https:\/\/revistavitrineibiuna.com.br\/index.php?rest_route=\/wp\/v2\/types\/post"}],"author":[{"embeddable":true,"href":"https:\/\/revistavitrineibiuna.com.br\/index.php?rest_route=\/wp\/v2\/users\/1"}],"replies":[{"embeddable":true,"href":"https:\/\/revistavitrineibiuna.com.br\/index.php?rest_route=%2Fwp%2Fv2%2Fcomments&post=31726"}],"version-history":[{"count":2,"href":"https:\/\/revistavitrineibiuna.com.br\/index.php?rest_route=\/wp\/v2\/posts\/31726\/revisions"}],"predecessor-version":[{"id":31730,"href":"https:\/\/revistavitrineibiuna.com.br\/index.php?rest_route=\/wp\/v2\/posts\/31726\/revisions\/31730"}],"wp:featuredmedia":[{"embeddable":true,"href":"https:\/\/revistavitrineibiuna.com.br\/index.php?rest_route=\/wp\/v2\/media\/31727"}],"wp:attachment":[{"href":"https:\/\/revistavitrineibiuna.com.br\/index.php?rest_route=%2Fwp%2Fv2%2Fmedia&parent=31726"}],"wp:term":[{"taxonomy":"category","embeddable":true,"href":"https:\/\/revistavitrineibiuna.com.br\/index.php?rest_route=%2Fwp%2Fv2%2Fcategories&post=31726"},{"taxonomy":"post_tag","embeddable":true,"href":"https:\/\/revistavitrineibiuna.com.br\/index.php?rest_route=%2Fwp%2Fv2%2Ftags&post=31726"}],"curies":[{"name":"wp","href":"https:\/\/api.w.org\/{rel}","templated":true}]}}