{"id":31731,"date":"2024-06-07T17:40:08","date_gmt":"2024-06-07T20:40:08","guid":{"rendered":"http:\/\/revistavitrineibiuna.com.br\/?p=31731"},"modified":"2024-06-07T23:26:02","modified_gmt":"2024-06-08T02:26:02","slug":"ibiuna-pre-candidatos-a-prefeito-comentam-exoneracao-de-fabio-bello","status":"publish","type":"post","link":"https:\/\/revistavitrineibiuna.com.br\/?p=31731","title":{"rendered":"IBI\u00daNA \u2013 PR\u00c9-CANDIDATOS A PREFEITO COMENTAM EXONERA\u00c7\u00c3O DE FABIO BELLO"},"content":{"rendered":"\n<p class=\"has-drop-cap\"><strong>O Imprensa Oficial da Prefeitura de Ibi\u00fana de hoje (7) publicou agora h\u00e1 pouco portaria  n\u00ba 15998, datada de 4 de junho, em que o prefeito Paulo Sasaki exonera do cargo de secret\u00e1rio de Desenvolvimento Urbano o ex-prefeito F\u00e1bio Bello, considerado o \u201cmentor\u201d de seu governo.<\/strong><\/p>\n\n\n\n<p><strong>A not\u00edcia da exonera\u00e7\u00e3o, conforme vitrine online divulgou, havia sido antecipada pelo jornal Voz de Ibi\u00fana, edi\u00e7\u00e3o coincidente com a mesma data da publica\u00e7\u00e3o oficial da portaria, que avaliou essa medida como poss\u00edvel provid\u00eancia, a fim de que Bello venha a se candidatar ao cargo de prefeito nas elei\u00e7\u00f5es de 6 de outubro pr\u00f3ximo.<\/strong><\/p>\n\n\n\n<p><strong>T\u00e3o logo tomou conhecimento desse fato, vitrine online preparou uma an\u00e1lise pol\u00edtica a fim de informar os seus leitores. No entanto, essa mat\u00e9ria, estranhamente, teve impedimento de ser publicada pelo Meta Facebook, sob o argumento suposto de que iria \u201ccontra nossos padr\u00f5es da comunidade\u201d, o que em absoluto n\u00e3o corresponde com a verdade.<\/strong><\/p>\n\n\n\n<p><strong>A publica\u00e7\u00e3o entrou com recurso junto ao portal e aguarda retorno, por considerar a medida abusiva, pois se trata de um trabalho jornal\u00edstico criterioso e respons\u00e1vel.<\/strong><\/p>\n\n\n\n<p><strong>No entanto, vitrine online conseguiu publicar uma breve chamada na pr\u00f3pria p\u00e1gina do Facebook, em outro formato, que j\u00e1 provocou milhares de visualiza\u00e7\u00f5es e coment\u00e1rios, a maioria de natureza cr\u00edtica.<\/strong><\/p>\n\n\n\n<p><strong>SASAKI E BELLO<\/strong><\/p>\n\n\n\n<p><strong>Vitrine online procurou ouvir tanto o prefeito Paulo Sasaki, declaramente pr\u00e9-candidato \u00e0 reelei\u00e7\u00e3o, quanto F\u00e1bio Bello, considerado o pol\u00edtico de maior influ\u00eancia direta em seu governo, mas at\u00e9 o momento em que conclu\u00edamos esse texto, n\u00e3o obteve resposta.<\/strong><\/p>\n\n\n\n<p><strong>COMENT\u00c1RIOS DOS PR\u00c9-CANDIDATOS<\/strong><\/p>\n\n\n\n<p><strong>A revista ouviu os quatro demais j\u00e1 anunciados pr\u00e9-candidatos a prefeito de Ibi\u00fana na elei\u00e7\u00e3o de outubro. De modo geral nenhum deles considerou a atitude de Bello de pedir exonera\u00e7\u00e3o como uma esp\u00e9cie de \u201ctiro no p\u00e9\u201d ou \u201cuma jogada\u201d para manter-se em evid\u00eancia.<\/strong><\/p>\n\n\n\n<p><strong>Al\u00e9m disso todos avaliaram que, na verdade, poder\u00e1 haver um efeito contr\u00e1rio aos seus objetivos visando as elei\u00e7\u00f5es.<\/strong><\/p>\n\n\n\n<p><strong>\u2018EST\u00c3O SEM CONFIAN\u00c7A\u201d<\/strong><\/p>\n\n\n\n<p><strong>Um dos pr\u00e9-candidatos foi taxativo: \u201cIsso n\u00e3o muda nem 1 mil\u00edmetro do meu planejamento. Essa not\u00edcia revela que n\u00e3o h\u00e1 um planejamento claro para as elei\u00e7\u00f5es de 2024 e que n\u00e3o est\u00e3o confiantes na reelei\u00e7\u00e3o do atual mandat\u00e1rio.\u201d<\/strong><\/p>\n\n\n\n<p><strong>\u2018JURIDICAMENTE IMPEDIDO\u2019<\/strong><\/p>\n\n\n\n<p><strong>Outro pr\u00e9-candidato afirmou: \u201cJuridicamente acredito a candidatura n\u00e3o ser\u00e1 decidida. Pode ser que ele esteja tentando uma estrat\u00e9gia para manter o nome em evid\u00eancia ou para efeito de especula\u00e7\u00e3o, mas jur\u00eddica e tecnicamente n\u00e3o vejo essa possibilidade.\u201d<\/strong><\/p>\n\n\n\n<p><strong>\u2018NEGATIVO PARA O MUNIC\u00cdPIO\u2019<\/strong><\/p>\n\n\n\n<p><strong>\u201cEu precisaria de mais tempo para examinar as implica\u00e7\u00f5es sociais, econ\u00f4micas, jur\u00eddicas desse assunto, mas em geral sinto que isso \u00e9 negativo para o munic\u00edpio, talvez [seja] uma estrat\u00e9gia pol\u00edtica deles; mas, em geral, \u00e9 ruim para o munic\u00edpio. Talvez [a estrat\u00e9gia deles] n\u00e3o seja boa e nos favorece\u201d, declarou o terceiro pr\u00e9-candidato ouvido pela revista vitrine online.<\/strong><\/p>\n\n\n\n<p><strong>\u2018A VELHA DIVIS\u00c3O\u2019<\/strong><\/p>\n\n\n\n<p><strong>Outro pr\u00e9-candidato afirmou: \u201cAcredito que \u00e9 a mesma coisa de sempre, a mesma velha divis\u00e3o para chegar ao velho poder, em que s\u00f3 pensam em si pr\u00f3prios e esquecem o povo, esquecem a popula\u00e7\u00e3o. \u00c9 s\u00f3 interesse pr\u00f3prio, porque eles apoiam e acham, ilusoriamente, a divis\u00e3o \u00e9 o melhor caminho.\u201d<\/strong><\/p>\n","protected":false},"excerpt":{"rendered":"<p>O Imprensa Oficial da Prefeitura de Ibi\u00fana de hoje (7) publicou agora h\u00e1 pouco portaria n\u00ba 15998, datada de 4<\/p>\n","protected":false},"author":1,"featured_media":31740,"comment_status":"open","ping_status":"open","sticky":false,"template":"","format":"standard","meta":[],"categories":[1],"tags":[],"yoast_head":"<!-- This site is optimized with the Yoast SEO plugin v15.8 - https:\/\/yoast.com\/wordpress\/plugins\/seo\/ -->\n<title>IBI\u00daNA \u2013 PR\u00c9-CANDIDATOS A PREFEITO COMENTAM EXONERA\u00c7\u00c3O DE FABIO BELLO - Revista Vitrine Online<\/title>\n<meta name=\"robots\" content=\"index, follow, max-snippet:-1, max-image-preview:large, max-video-preview:-1\" \/>\n<link rel=\"canonical\" href=\"http:\/\/revistavitrineibiuna.com.br\/?p=31731\" \/>\n<meta property=\"og:locale\" content=\"pt_BR\" \/>\n<meta property=\"og:type\" content=\"article\" \/>\n<meta property=\"og:title\" content=\"IBI\u00daNA \u2013 PR\u00c9-CANDIDATOS A PREFEITO COMENTAM EXONERA\u00c7\u00c3O DE FABIO BELLO - Revista Vitrine Online\" \/>\n<meta property=\"og:description\" content=\"O Imprensa Oficial da Prefeitura de Ibi\u00fana de hoje (7) publicou agora h\u00e1 pouco portaria n\u00ba 15998, datada de 4\" \/>\n<meta property=\"og:url\" content=\"http:\/\/revistavitrineibiuna.com.br\/?p=31731\" \/>\n<meta property=\"og:site_name\" content=\"Revista Vitrine Online\" \/>\n<meta property=\"article:published_time\" content=\"2024-06-07T20:40:08+00:00\" \/>\n<meta property=\"article:modified_time\" content=\"2024-06-08T02:26:02+00:00\" \/>\n<meta property=\"og:image\" content=\"https:\/\/revistavitrineibiuna.com.br\/wp-content\/uploads\/2024\/06\/pre-candidatos.png\" \/>\n\t<meta property=\"og:image:width\" content=\"1181\" \/>\n\t<meta property=\"og:image:height\" content=\"591\" \/>\n<meta name=\"twitter:card\" content=\"summary\" \/>\n<meta name=\"twitter:label1\" content=\"Est. reading time\">\n\t<meta name=\"twitter:data1\" content=\"3 minutos\">\n<script type=\"application\/ld+json\" class=\"yoast-schema-graph\">{\"@context\":\"https:\/\/schema.org\",\"@graph\":[{\"@type\":\"WebSite\",\"@id\":\"https:\/\/revistavitrineibiuna.com.br\/#website\",\"url\":\"https:\/\/revistavitrineibiuna.com.br\/\",\"name\":\"Revista Vitrine Ibi\\u00fana\",\"description\":\"A Revista de Ibi\\u00fana e Regi\\u00e3o\",\"publisher\":{\"@id\":\"https:\/\/revistavitrineibiuna.com.br\/#\/schema\/person\/e51ef49d6d88170ea21ceabff3f73deb\"},\"potentialAction\":[{\"@type\":\"SearchAction\",\"target\":\"https:\/\/revistavitrineibiuna.com.br\/?s={search_term_string}\",\"query-input\":\"required name=search_term_string\"}],\"inLanguage\":\"pt-BR\"},{\"@type\":\"ImageObject\",\"@id\":\"http:\/\/revistavitrineibiuna.com.br\/?p=31731#primaryimage\",\"inLanguage\":\"pt-BR\",\"url\":\"https:\/\/revistavitrineibiuna.com.br\/wp-content\/uploads\/2024\/06\/pre-candidatos.png\",\"width\":1181,\"height\":591},{\"@type\":\"WebPage\",\"@id\":\"http:\/\/revistavitrineibiuna.com.br\/?p=31731#webpage\",\"url\":\"http:\/\/revistavitrineibiuna.com.br\/?p=31731\",\"name\":\"IBI\\u00daNA \\u2013 PR\\u00c9-CANDIDATOS A PREFEITO COMENTAM EXONERA\\u00c7\\u00c3O DE FABIO BELLO - Revista Vitrine Online\",\"isPartOf\":{\"@id\":\"https:\/\/revistavitrineibiuna.com.br\/#website\"},\"primaryImageOfPage\":{\"@id\":\"http:\/\/revistavitrineibiuna.com.br\/?p=31731#primaryimage\"},\"datePublished\":\"2024-06-07T20:40:08+00:00\",\"dateModified\":\"2024-06-08T02:26:02+00:00\",\"breadcrumb\":{\"@id\":\"http:\/\/revistavitrineibiuna.com.br\/?p=31731#breadcrumb\"},\"inLanguage\":\"pt-BR\",\"potentialAction\":[{\"@type\":\"ReadAction\",\"target\":[\"http:\/\/revistavitrineibiuna.com.br\/?p=31731\"]}]},{\"@type\":\"BreadcrumbList\",\"@id\":\"http:\/\/revistavitrineibiuna.com.br\/?p=31731#breadcrumb\",\"itemListElement\":[{\"@type\":\"ListItem\",\"position\":1,\"item\":{\"@type\":\"WebPage\",\"@id\":\"https:\/\/revistavitrineibiuna.com.br\/\",\"url\":\"https:\/\/revistavitrineibiuna.com.br\/\",\"name\":\"In\\u00edcio\"}},{\"@type\":\"ListItem\",\"position\":2,\"item\":{\"@type\":\"WebPage\",\"@id\":\"http:\/\/revistavitrineibiuna.com.br\/?p=31731\",\"url\":\"http:\/\/revistavitrineibiuna.com.br\/?p=31731\",\"name\":\"IBI\\u00daNA \\u2013 PR\\u00c9-CANDIDATOS A PREFEITO COMENTAM EXONERA\\u00c7\\u00c3O DE FABIO BELLO\"}}]},{\"@type\":\"Article\",\"@id\":\"http:\/\/revistavitrineibiuna.com.br\/?p=31731#article\",\"isPartOf\":{\"@id\":\"http:\/\/revistavitrineibiuna.com.br\/?p=31731#webpage\"},\"author\":{\"@id\":\"https:\/\/revistavitrineibiuna.com.br\/#\/schema\/person\/e51ef49d6d88170ea21ceabff3f73deb\"},\"headline\":\"IBI\\u00daNA \\u2013 PR\\u00c9-CANDIDATOS A PREFEITO COMENTAM EXONERA\\u00c7\\u00c3O DE FABIO BELLO\",\"datePublished\":\"2024-06-07T20:40:08+00:00\",\"dateModified\":\"2024-06-08T02:26:02+00:00\",\"mainEntityOfPage\":{\"@id\":\"http:\/\/revistavitrineibiuna.com.br\/?p=31731#webpage\"},\"commentCount\":0,\"publisher\":{\"@id\":\"https:\/\/revistavitrineibiuna.com.br\/#\/schema\/person\/e51ef49d6d88170ea21ceabff3f73deb\"},\"image\":{\"@id\":\"http:\/\/revistavitrineibiuna.com.br\/?p=31731#primaryimage\"},\"articleSection\":\"Uncategorized\",\"inLanguage\":\"pt-BR\",\"potentialAction\":[{\"@type\":\"CommentAction\",\"name\":\"Comment\",\"target\":[\"http:\/\/revistavitrineibiuna.com.br\/?p=31731#respond\"]}]},{\"@type\":[\"Person\",\"Organization\"],\"@id\":\"https:\/\/revistavitrineibiuna.com.br\/#\/schema\/person\/e51ef49d6d88170ea21ceabff3f73deb\",\"name\":\"Carlos Rossini\",\"image\":{\"@type\":\"ImageObject\",\"@id\":\"https:\/\/revistavitrineibiuna.com.br\/#personlogo\",\"inLanguage\":\"pt-BR\",\"url\":\"https:\/\/secure.gravatar.com\/avatar\/4f2d0f99fac1f85c7d643f21f5c8d900?s=96&d=mm&r=g\",\"caption\":\"Carlos Rossini\"},\"logo\":{\"@id\":\"https:\/\/revistavitrineibiuna.com.br\/#personlogo\"},\"description\":\"Carlos Rossini \\u00e9 jornalista, soci\\u00f3logo, escritor e professor universit\\u00e1rio, tendo sido professor de jornalismo por vinte anos. Trabalhou em ve\\u00edculos de comunica\\u00e7\\u00e3o nas fun\\u00e7\\u00f5es de rep\\u00f3rter, redator, editor, articulista e colaborador, como Folha de S. Paulo, O Estado de S. Paulo, Di\\u00e1rio Popular, entre outros. Ao transferir a revista vitrine, vers\\u00e3o imprensa, de S\\u00e3o Paulo para Ibi\\u00fana h\\u00e1 alguns anos, iniciou uma nova experi\\u00eancia profissional, dedicando-se ao jornalismo regional, depois de cumprir uma trajet\\u00f3ria bem-sucedida na grande imprensa brasileira. Seu primeiro livro A Coragem de Comunicar foi lan\\u00e7ado na Bienal do Livro em S\\u00e3o Paulo no ano 2000, pela editora Madras.\"}]}<\/script>\n<!-- \/ Yoast SEO plugin. -->","_links":{"self":[{"href":"https:\/\/revistavitrineibiuna.com.br\/index.php?rest_route=\/wp\/v2\/posts\/31731"}],"collection":[{"href":"https:\/\/revistavitrineibiuna.com.br\/index.php?rest_route=\/wp\/v2\/posts"}],"about":[{"href":"https:\/\/revistavitrineibiuna.com.br\/index.php?rest_route=\/wp\/v2\/types\/post"}],"author":[{"embeddable":true,"href":"https:\/\/revistavitrineibiuna.com.br\/index.php?rest_route=\/wp\/v2\/users\/1"}],"replies":[{"embeddable":true,"href":"https:\/\/revistavitrineibiuna.com.br\/index.php?rest_route=%2Fwp%2Fv2%2Fcomments&post=31731"}],"version-history":[{"count":12,"href":"https:\/\/revistavitrineibiuna.com.br\/index.php?rest_route=\/wp\/v2\/posts\/31731\/revisions"}],"predecessor-version":[{"id":31747,"href":"https:\/\/revistavitrineibiuna.com.br\/index.php?rest_route=\/wp\/v2\/posts\/31731\/revisions\/31747"}],"wp:featuredmedia":[{"embeddable":true,"href":"https:\/\/revistavitrineibiuna.com.br\/index.php?rest_route=\/wp\/v2\/media\/31740"}],"wp:attachment":[{"href":"https:\/\/revistavitrineibiuna.com.br\/index.php?rest_route=%2Fwp%2Fv2%2Fmedia&parent=31731"}],"wp:term":[{"taxonomy":"category","embeddable":true,"href":"https:\/\/revistavitrineibiuna.com.br\/index.php?rest_route=%2Fwp%2Fv2%2Fcategories&post=31731"},{"taxonomy":"post_tag","embeddable":true,"href":"https:\/\/revistavitrineibiuna.com.br\/index.php?rest_route=%2Fwp%2Fv2%2Ftags&post=31731"}],"curies":[{"name":"wp","href":"https:\/\/api.w.org\/{rel}","templated":true}]}}