{"id":31776,"date":"2024-06-11T15:11:35","date_gmt":"2024-06-11T18:11:35","guid":{"rendered":"http:\/\/revistavitrineibiuna.com.br\/?p=31776"},"modified":"2024-06-11T15:11:36","modified_gmt":"2024-06-11T18:11:36","slug":"tvuna-uma-historia-de-amor-no-dia-dos-namorados","status":"publish","type":"post","link":"https:\/\/revistavitrineibiuna.com.br\/?p=31776","title":{"rendered":"TVUNA \u2013 UMA HIST\u00d3RIA DE AMOR NO DIA DOS NAMORADOS"},"content":{"rendered":"\n<p class=\"has-drop-cap\"><strong>Eles se conheceram num s\u00e1bado, em uma Festa de S\u00e3o Sebasti\u00e3o.<\/strong><\/p>\n\n\n\n<p><strong>\u201cA\u00ed n\u00f3s come\u00e7amos a conversar e n\u00e3o paramos nunca mais\u201d, afirma Naiane. Est\u00e3o casados h\u00e1 22 anos e t\u00eam uma filha, a enfermeira Ellen Christine, xod\u00f3 do pai Jo\u00e3o Pereira Leite.<\/strong><\/p>\n\n\n\n<p><strong>Naiane e Jo\u00e3o t\u00eam muitas coisas em comum, al\u00e9m do amor que os mant\u00e9m unidos para o que der e vier. Ambos s\u00e3o professores, diretores de escolas e j\u00e1 exerceram a fun\u00e7\u00e3o de secret\u00e1rios da Educa\u00e7\u00e3o em Ibi\u00fana.<\/strong><\/p>\n\n\n\n<p><strong>PROGRAMA AO VIVO, \u00c0S 20H<\/strong><\/p>\n\n\n\n<p><strong>Pessoas muito conhecidas, respeitadas e queridas na cidade, ambos s\u00e3o os convidados do programa da TVUNA ao vivo desta quarta-feira (12), \u00e0s 20h, com transmiss\u00e3o pelo Youtube, Instagram e Facebook, com apresenta\u00e7\u00e3o do jornalista Carlos Rossini. Inscreva-se: <a href=\"mailto:youtube.com\/@tv-una\">youtube.com\/@tv-una<\/a>.<\/strong><\/p>\n\n\n\n<p><strong>E voc\u00ea vai poder participar dessa hist\u00f3ria de amor quando se comemora o \u201cDia dos Namorados\u201d interagindo diretamente do programa pelo chat do canal da TVUNA.<\/strong><\/p>\n\n\n\n<p><strong>FALAR SOBRE O AMOR<\/strong><\/p>\n\n\n\n<p><strong>O professor Jo\u00e3o Pereira Leite fez um convite aos amigos e \u00e0 popula\u00e7\u00e3o para que participem do programa, que reproduzimos abaixo por ser tamb\u00e9m uma linda mensagem de afeto e carinho.<\/strong><\/p>\n\n\n\n<p><strong>\u201cNesta quarta-feira (12), Dia dos Namorados, eu e a Naiane teremos a honra de participar do programa do Rossini na TVUNA. Vamos falar sobre o amor e compartilhar um pouco da nossa hist\u00f3ria. \u00c9 um momento muito especial para n\u00f3s, e estamos super empolgados em dividir essa experi\u00eancia com voc\u00eas!<\/strong><\/p>\n\n\n\n<p><strong>O amor \u00e9 uma jornada maravilhosa, cheia de momentos inesquec\u00edveis, desafios e conquistas. Ter a oportunidade de celebrar isso em um programa de TV \u00e9 simplesmente incr\u00edvel. Vamos falar sobre como nos conhecemos, o que nos mant\u00e9m unidos e, claro, dicas para todos os casais que desejam manter a chama do amor acesa.<\/strong><\/p>\n\n\n\n<p><strong>Esperamos que voc\u00eas possam acompanhar e se inspirar com a nossa hist\u00f3ria. O amor \u00e9 um sentimento que merece ser celebrado todos os dias, e essa \u00e9 a nossa maneira de dizer o quanto valorizamos cada momento juntos.<\/strong><\/p>\n\n\n\n<p><strong>Agradecemos desde j\u00e1 pelo apoio e carinho de todos! E n\u00e3o esque\u00e7am, quarta-feira, na TVUNA, esperamos voc\u00eas para um Dia dos Namorados cheio de amor e alegria!\u201d<\/strong><\/p>\n","protected":false},"excerpt":{"rendered":"<p>Eles se conheceram num s\u00e1bado, em uma Festa de S\u00e3o Sebasti\u00e3o. \u201cA\u00ed n\u00f3s come\u00e7amos a conversar e n\u00e3o paramos nunca<\/p>\n","protected":false},"author":1,"featured_media":31777,"comment_status":"open","ping_status":"open","sticky":false,"template":"","format":"standard","meta":[],"categories":[3],"tags":[],"yoast_head":"<!-- This site is optimized with the Yoast SEO plugin v15.8 - https:\/\/yoast.com\/wordpress\/plugins\/seo\/ -->\n<title>TVUNA \u2013 UMA HIST\u00d3RIA DE AMOR NO DIA DOS NAMORADOS - Revista Vitrine Online<\/title>\n<meta name=\"robots\" content=\"index, follow, max-snippet:-1, max-image-preview:large, max-video-preview:-1\" \/>\n<link rel=\"canonical\" href=\"http:\/\/revistavitrineibiuna.com.br\/?p=31776\" \/>\n<meta property=\"og:locale\" content=\"pt_BR\" \/>\n<meta property=\"og:type\" content=\"article\" \/>\n<meta property=\"og:title\" content=\"TVUNA \u2013 UMA HIST\u00d3RIA DE AMOR NO DIA DOS NAMORADOS - Revista Vitrine Online\" \/>\n<meta property=\"og:description\" content=\"Eles se conheceram num s\u00e1bado, em uma Festa de S\u00e3o Sebasti\u00e3o. \u201cA\u00ed n\u00f3s come\u00e7amos a conversar e n\u00e3o paramos nunca\" \/>\n<meta property=\"og:url\" content=\"http:\/\/revistavitrineibiuna.com.br\/?p=31776\" \/>\n<meta property=\"og:site_name\" content=\"Revista Vitrine Online\" \/>\n<meta property=\"article:published_time\" content=\"2024-06-11T18:11:35+00:00\" \/>\n<meta property=\"article:modified_time\" content=\"2024-06-11T18:11:36+00:00\" \/>\n<meta property=\"og:image\" content=\"https:\/\/revistavitrineibiuna.com.br\/wp-content\/uploads\/2024\/06\/JOAO-E-NAIANE-CHAMADA-CAPA.png\" \/>\n\t<meta property=\"og:image:width\" content=\"1162\" \/>\n\t<meta property=\"og:image:height\" content=\"762\" \/>\n<meta name=\"twitter:card\" content=\"summary\" \/>\n<meta name=\"twitter:label1\" content=\"Est. reading time\">\n\t<meta name=\"twitter:data1\" content=\"2 minutos\">\n<script type=\"application\/ld+json\" class=\"yoast-schema-graph\">{\"@context\":\"https:\/\/schema.org\",\"@graph\":[{\"@type\":\"WebSite\",\"@id\":\"https:\/\/revistavitrineibiuna.com.br\/#website\",\"url\":\"https:\/\/revistavitrineibiuna.com.br\/\",\"name\":\"Revista Vitrine Ibi\\u00fana\",\"description\":\"A Revista de Ibi\\u00fana e Regi\\u00e3o\",\"publisher\":{\"@id\":\"https:\/\/revistavitrineibiuna.com.br\/#\/schema\/person\/e51ef49d6d88170ea21ceabff3f73deb\"},\"potentialAction\":[{\"@type\":\"SearchAction\",\"target\":\"https:\/\/revistavitrineibiuna.com.br\/?s={search_term_string}\",\"query-input\":\"required name=search_term_string\"}],\"inLanguage\":\"pt-BR\"},{\"@type\":\"ImageObject\",\"@id\":\"http:\/\/revistavitrineibiuna.com.br\/?p=31776#primaryimage\",\"inLanguage\":\"pt-BR\",\"url\":\"https:\/\/revistavitrineibiuna.com.br\/wp-content\/uploads\/2024\/06\/JOAO-E-NAIANE-CHAMADA-CAPA.png\",\"width\":1162,\"height\":762},{\"@type\":\"WebPage\",\"@id\":\"http:\/\/revistavitrineibiuna.com.br\/?p=31776#webpage\",\"url\":\"http:\/\/revistavitrineibiuna.com.br\/?p=31776\",\"name\":\"TVUNA \\u2013 UMA HIST\\u00d3RIA DE AMOR NO DIA DOS NAMORADOS - Revista Vitrine Online\",\"isPartOf\":{\"@id\":\"https:\/\/revistavitrineibiuna.com.br\/#website\"},\"primaryImageOfPage\":{\"@id\":\"http:\/\/revistavitrineibiuna.com.br\/?p=31776#primaryimage\"},\"datePublished\":\"2024-06-11T18:11:35+00:00\",\"dateModified\":\"2024-06-11T18:11:36+00:00\",\"breadcrumb\":{\"@id\":\"http:\/\/revistavitrineibiuna.com.br\/?p=31776#breadcrumb\"},\"inLanguage\":\"pt-BR\",\"potentialAction\":[{\"@type\":\"ReadAction\",\"target\":[\"http:\/\/revistavitrineibiuna.com.br\/?p=31776\"]}]},{\"@type\":\"BreadcrumbList\",\"@id\":\"http:\/\/revistavitrineibiuna.com.br\/?p=31776#breadcrumb\",\"itemListElement\":[{\"@type\":\"ListItem\",\"position\":1,\"item\":{\"@type\":\"WebPage\",\"@id\":\"https:\/\/revistavitrineibiuna.com.br\/\",\"url\":\"https:\/\/revistavitrineibiuna.com.br\/\",\"name\":\"In\\u00edcio\"}},{\"@type\":\"ListItem\",\"position\":2,\"item\":{\"@type\":\"WebPage\",\"@id\":\"http:\/\/revistavitrineibiuna.com.br\/?p=31776\",\"url\":\"http:\/\/revistavitrineibiuna.com.br\/?p=31776\",\"name\":\"TVUNA \\u2013 UMA HIST\\u00d3RIA DE AMOR NO DIA DOS NAMORADOS\"}}]},{\"@type\":\"Article\",\"@id\":\"http:\/\/revistavitrineibiuna.com.br\/?p=31776#article\",\"isPartOf\":{\"@id\":\"http:\/\/revistavitrineibiuna.com.br\/?p=31776#webpage\"},\"author\":{\"@id\":\"https:\/\/revistavitrineibiuna.com.br\/#\/schema\/person\/e51ef49d6d88170ea21ceabff3f73deb\"},\"headline\":\"TVUNA \\u2013 UMA HIST\\u00d3RIA DE AMOR NO DIA DOS NAMORADOS\",\"datePublished\":\"2024-06-11T18:11:35+00:00\",\"dateModified\":\"2024-06-11T18:11:36+00:00\",\"mainEntityOfPage\":{\"@id\":\"http:\/\/revistavitrineibiuna.com.br\/?p=31776#webpage\"},\"commentCount\":0,\"publisher\":{\"@id\":\"https:\/\/revistavitrineibiuna.com.br\/#\/schema\/person\/e51ef49d6d88170ea21ceabff3f73deb\"},\"image\":{\"@id\":\"http:\/\/revistavitrineibiuna.com.br\/?p=31776#primaryimage\"},\"articleSection\":\"Not\\u00edcias\",\"inLanguage\":\"pt-BR\",\"potentialAction\":[{\"@type\":\"CommentAction\",\"name\":\"Comment\",\"target\":[\"http:\/\/revistavitrineibiuna.com.br\/?p=31776#respond\"]}]},{\"@type\":[\"Person\",\"Organization\"],\"@id\":\"https:\/\/revistavitrineibiuna.com.br\/#\/schema\/person\/e51ef49d6d88170ea21ceabff3f73deb\",\"name\":\"Carlos Rossini\",\"image\":{\"@type\":\"ImageObject\",\"@id\":\"https:\/\/revistavitrineibiuna.com.br\/#personlogo\",\"inLanguage\":\"pt-BR\",\"url\":\"https:\/\/secure.gravatar.com\/avatar\/4f2d0f99fac1f85c7d643f21f5c8d900?s=96&d=mm&r=g\",\"caption\":\"Carlos Rossini\"},\"logo\":{\"@id\":\"https:\/\/revistavitrineibiuna.com.br\/#personlogo\"},\"description\":\"Carlos Rossini \\u00e9 jornalista, soci\\u00f3logo, escritor e professor universit\\u00e1rio, tendo sido professor de jornalismo por vinte anos. Trabalhou em ve\\u00edculos de comunica\\u00e7\\u00e3o nas fun\\u00e7\\u00f5es de rep\\u00f3rter, redator, editor, articulista e colaborador, como Folha de S. Paulo, O Estado de S. Paulo, Di\\u00e1rio Popular, entre outros. Ao transferir a revista vitrine, vers\\u00e3o imprensa, de S\\u00e3o Paulo para Ibi\\u00fana h\\u00e1 alguns anos, iniciou uma nova experi\\u00eancia profissional, dedicando-se ao jornalismo regional, depois de cumprir uma trajet\\u00f3ria bem-sucedida na grande imprensa brasileira. Seu primeiro livro A Coragem de Comunicar foi lan\\u00e7ado na Bienal do Livro em S\\u00e3o Paulo no ano 2000, pela editora Madras.\"}]}<\/script>\n<!-- \/ Yoast SEO plugin. -->","_links":{"self":[{"href":"https:\/\/revistavitrineibiuna.com.br\/index.php?rest_route=\/wp\/v2\/posts\/31776"}],"collection":[{"href":"https:\/\/revistavitrineibiuna.com.br\/index.php?rest_route=\/wp\/v2\/posts"}],"about":[{"href":"https:\/\/revistavitrineibiuna.com.br\/index.php?rest_route=\/wp\/v2\/types\/post"}],"author":[{"embeddable":true,"href":"https:\/\/revistavitrineibiuna.com.br\/index.php?rest_route=\/wp\/v2\/users\/1"}],"replies":[{"embeddable":true,"href":"https:\/\/revistavitrineibiuna.com.br\/index.php?rest_route=%2Fwp%2Fv2%2Fcomments&post=31776"}],"version-history":[{"count":1,"href":"https:\/\/revistavitrineibiuna.com.br\/index.php?rest_route=\/wp\/v2\/posts\/31776\/revisions"}],"predecessor-version":[{"id":31778,"href":"https:\/\/revistavitrineibiuna.com.br\/index.php?rest_route=\/wp\/v2\/posts\/31776\/revisions\/31778"}],"wp:featuredmedia":[{"embeddable":true,"href":"https:\/\/revistavitrineibiuna.com.br\/index.php?rest_route=\/wp\/v2\/media\/31777"}],"wp:attachment":[{"href":"https:\/\/revistavitrineibiuna.com.br\/index.php?rest_route=%2Fwp%2Fv2%2Fmedia&parent=31776"}],"wp:term":[{"taxonomy":"category","embeddable":true,"href":"https:\/\/revistavitrineibiuna.com.br\/index.php?rest_route=%2Fwp%2Fv2%2Fcategories&post=31776"},{"taxonomy":"post_tag","embeddable":true,"href":"https:\/\/revistavitrineibiuna.com.br\/index.php?rest_route=%2Fwp%2Fv2%2Ftags&post=31776"}],"curies":[{"name":"wp","href":"https:\/\/api.w.org\/{rel}","templated":true}]}}