{"id":31779,"date":"2024-06-14T09:37:21","date_gmt":"2024-06-14T12:37:21","guid":{"rendered":"http:\/\/revistavitrineibiuna.com.br\/?p=31779"},"modified":"2024-06-14T09:37:22","modified_gmt":"2024-06-14T12:37:22","slug":"ibiuna-eleicoes-2024-vender-votos-e-atraso-de-sua-vida","status":"publish","type":"post","link":"https:\/\/revistavitrineibiuna.com.br\/?p=31779","title":{"rendered":"IBI\u00daNA ELEI\u00c7\u00d5ES 2024 \u2013 VENDER VOTOS \u00c9 ATRASO DE [SUA] VIDA"},"content":{"rendered":"\n<p class=\"has-drop-cap\"><strong><em>&nbsp;[Vitrine online, visando a contribuir com o processo eleitoral deste ano no munic\u00edpio de Ibi\u00fana, iniciou a publica\u00e7\u00e3o de uma s\u00e9rie de mat\u00e9rias em prol do voto popular livre e consciente. Voto consciente \u00e9 aquele que o eleitor decide por si mesmo.]<\/em><\/strong><\/p>\n\n\n\n<p><strong>A corrida eleitoral em Ibi\u00fana est\u00e1 em curso e, pelo menos at\u00e9 agora, se apresentaram cinco pr\u00e9-candidatos ao cargo de prefeito. Haver\u00e1 outro surpreendente? (*)<\/strong><\/p>\n\n\n\n<p><strong>\u00c9 certo que os pol\u00edticos se aproveitaram como puderam para aparecerem na esteira do prest\u00edgio da maior festa religiosa de Ibi\u00fana, a do santo protetor da cidade em maio.<\/strong><\/p>\n\n\n\n<p><strong>Ali\u00e1s, o pa\u00eds parece ter se acostumado de explorar a f\u00e9 do povo na conquista do poder seja nos parlamentos ou nos poderes executivos, com poderosas bancadas \u201cungidas\u201d pelo voto.<\/strong><\/p>\n\n\n\n<p><strong>Uma grande massa que segue l\u00edderes religiosos inescrupulosos e milion\u00e1rios n\u00e3o consegue discriminar a pol\u00edtica da religi\u00e3o. Ao contr\u00e1rio, tiram o melhor proveito dessa condi\u00e7\u00e3o. Os votos dos evang\u00e9licos, para citar um exemplo, \u00e9 disputado por atores pol\u00edticos que se apossam dos louvores santificados. Lament\u00e1vel!<\/strong><\/p>\n\n\n\n<p><strong>Mas, o grande temor ouvido das pessoas no munic\u00edpio de Ibi\u00fana diz respeito \u00e0 tradicional barganha de votos. Falam barbaridades de conden\u00e1veis compradores de votos especialmente junto a camadas da popula\u00e7\u00e3o mais simples.<\/strong><\/p>\n\n\n\n<p><strong>Alguns acham at\u00e9 mesmo que tipo de procedimento pode fazer a diferen\u00e7a quando se fala dos indiv\u00edduos mais influenci\u00e1veis, seja por receber dinheiro em esp\u00e9cie ou materiais, os mais variados como cestas b\u00e1sicas, \u00f3culos, dentaduras, rem\u00e9dios, materiais de constru\u00e7\u00e3o e sabe-se l\u00e1 o que mais.<\/strong><\/p>\n\n\n\n<p><strong>Esse problema se amplia ainda mais quando n\u00e3o se sabe quantificar o n\u00famero de eleitores que chamamos aqui de \u201cson\u00e2mbulos\u201d. Como se sabe, son\u00e2mbulos s\u00e3o pessoas que andam enquanto dormem. Mas eles fazem mais ainda: durante o sono s\u00e3o capazes de realizar tarefas diversas como comer e falar, sem acordar ou ter consci\u00eancia exatamente do que est\u00e1 fazendo.<\/strong><\/p>\n\n\n\n<p><strong>E n\u00f3s temos batido aqui na tecla do voto consciente, como aquele que \u00e9 conscientemente decidido pelo eleitor sem ser afetado por nenhuma influ\u00eancia dos candidatos, porque s\u00e3o pessoas livres e pensantes. Sabem que em cada elei\u00e7\u00e3o os eleitos ter\u00e3o privil\u00e9gios por assumirem um mandato de quatro anos, um significativo per\u00edodo tempo de vida da popula\u00e7\u00e3o.<\/strong><\/p>\n\n\n\n<p><strong>Quando algu\u00e9m se d\u00e1 conta da hist\u00f3ria, j\u00e1 se passaram dez, vinte, trinta anos de suas vidas e a cidade parece que n\u00e3o consegue cumprir as v\u00e3s promessas de construir um futuro melhor, como todos prometem.<\/strong><\/p>\n\n\n\n<p><strong>Essa sensa\u00e7\u00e3o desagrad\u00e1vel de que a cidade sempre est\u00e1 abandonada parece se eternizar, enquanto outras cidades vizinhas parecem se tornar cada vez melhores, especialmente no campo da economia com gera\u00e7\u00e3o de empregos, sobretudo para a juventude, e melhorias tamb\u00e9m em outros setores, como sa\u00fade, estradas, seguran\u00e7a p\u00fablica, educa\u00e7\u00e3o, meio ambiente.<\/strong><\/p>\n\n\n\n<p><strong>Quem \u00e9 capaz de se lembrar as promessas feitas em campanhas dos \u00faltimos vinte anos? Quantos sabem das promessas eleitorais o que foi cumprido? Quem consegue avaliar corretamente um governo pelo que fez e deixou de fazer?<\/strong><\/p>\n\n\n\n<p><strong>Muitos falam que o povo tem o governo que merece. Esse \u00e9 um chav\u00e3o citado com frequ\u00eancia e tem fundamento em fatos reais, mas \u00e9 preciso tamb\u00e9m considerar os atributos dos candidatos. Quem realmente \u00e9 l\u00edder capaz de fazer um bom governo? \u00c9 ele capaz de montar uma equipe sintonizada com os valores requeridos por um bom governo?<\/strong><\/p>\n\n\n\n<p><strong>Nesta semana, ouvindo uma jovem ibiunense sobre essas quest\u00f5es, diante de um cen\u00e1rio gerador de inseguran\u00e7a e desconfian\u00e7a, concluiu: \u201cTeremos sorte se conseguirmos eleger o menos pior.\u201d Quantos cidad\u00e3os est\u00e3o pensando da mesma forma neste momento?<\/strong><\/p>\n\n\n\n<p><strong>Adorar\u00edamos se os \u201cson\u00e2mbulos\u201d, de repente, despertassem de um sono que, por defini\u00e7\u00e3o, tem um nome (perd\u00e3o leitores!) bem feio: hipnofrenose.<\/strong><\/p>\n\n\n\n<p><strong>UM FIO DE ESPERAN\u00c7A<\/strong><\/p>\n\n\n\n<p><strong>De qualquer forma, somente haver\u00e1 uma necess\u00e1ria mudan\u00e7a de mentalidade eleitoral em Ibi\u00fana, que possibilita uma virada no jogo pol\u00edtico, se a maioria dos eleitores despertar e realizar o \u201cmilagre\u201d de perceber a realidade com clareza, pensar, avaliar e agir por meio do voto livre e consciente. &nbsp;<\/strong><\/p>\n\n\n\n<p><strong><em>(*) Esse texto j\u00e1 estava escrito quando surge a surpreendente not\u00edcia de que F\u00e1bio Bello, ent\u00e3o secret\u00e1rio de Desenvolvimento Urbano, \u00e9 exonerado \u201ca pedido\u201d, e se cogita que poder\u00e1 se candidatar ao cargo de prefeito, assunto objeto de not\u00f3ria controv\u00e9rsia.<\/em><\/strong><\/p>\n","protected":false},"excerpt":{"rendered":"<p>&nbsp;[Vitrine online, visando a contribuir com o processo eleitoral deste ano no munic\u00edpio de Ibi\u00fana, iniciou a publica\u00e7\u00e3o de uma<\/p>\n","protected":false},"author":1,"featured_media":31780,"comment_status":"open","ping_status":"open","sticky":false,"template":"","format":"standard","meta":[],"categories":[1],"tags":[],"yoast_head":"<!-- This site is optimized with the Yoast SEO plugin v15.8 - https:\/\/yoast.com\/wordpress\/plugins\/seo\/ -->\n<title>IBI\u00daNA ELEI\u00c7\u00d5ES 2024 \u2013 VENDER VOTOS \u00c9 ATRASO DE [SUA] VIDA - Revista Vitrine Online<\/title>\n<meta name=\"robots\" content=\"index, follow, max-snippet:-1, max-image-preview:large, max-video-preview:-1\" \/>\n<link rel=\"canonical\" href=\"http:\/\/revistavitrineibiuna.com.br\/?p=31779\" \/>\n<meta property=\"og:locale\" content=\"pt_BR\" \/>\n<meta property=\"og:type\" content=\"article\" \/>\n<meta property=\"og:title\" content=\"IBI\u00daNA ELEI\u00c7\u00d5ES 2024 \u2013 VENDER VOTOS \u00c9 ATRASO DE [SUA] VIDA - Revista Vitrine Online\" \/>\n<meta property=\"og:description\" content=\"&nbsp;[Vitrine online, visando a contribuir com o processo eleitoral deste ano no munic\u00edpio de Ibi\u00fana, iniciou a publica\u00e7\u00e3o de uma\" \/>\n<meta property=\"og:url\" content=\"http:\/\/revistavitrineibiuna.com.br\/?p=31779\" \/>\n<meta property=\"og:site_name\" content=\"Revista Vitrine Online\" \/>\n<meta property=\"article:published_time\" content=\"2024-06-14T12:37:21+00:00\" \/>\n<meta property=\"article:modified_time\" content=\"2024-06-14T12:37:22+00:00\" \/>\n<meta property=\"og:image\" content=\"https:\/\/revistavitrineibiuna.com.br\/wp-content\/uploads\/2024\/06\/a-maldicao-do-padre-e-os-politicos-de-ibiuna-1024x596.png\" \/>\n\t<meta property=\"og:image:width\" content=\"1024\" \/>\n\t<meta property=\"og:image:height\" content=\"596\" \/>\n<meta name=\"twitter:card\" content=\"summary\" \/>\n<meta name=\"twitter:label1\" content=\"Est. reading time\">\n\t<meta name=\"twitter:data1\" content=\"4 minutos\">\n<script type=\"application\/ld+json\" class=\"yoast-schema-graph\">{\"@context\":\"https:\/\/schema.org\",\"@graph\":[{\"@type\":\"WebSite\",\"@id\":\"https:\/\/revistavitrineibiuna.com.br\/#website\",\"url\":\"https:\/\/revistavitrineibiuna.com.br\/\",\"name\":\"Revista Vitrine Ibi\\u00fana\",\"description\":\"A Revista de Ibi\\u00fana e Regi\\u00e3o\",\"publisher\":{\"@id\":\"https:\/\/revistavitrineibiuna.com.br\/#\/schema\/person\/e51ef49d6d88170ea21ceabff3f73deb\"},\"potentialAction\":[{\"@type\":\"SearchAction\",\"target\":\"https:\/\/revistavitrineibiuna.com.br\/?s={search_term_string}\",\"query-input\":\"required name=search_term_string\"}],\"inLanguage\":\"pt-BR\"},{\"@type\":\"ImageObject\",\"@id\":\"http:\/\/revistavitrineibiuna.com.br\/?p=31779#primaryimage\",\"inLanguage\":\"pt-BR\",\"url\":\"https:\/\/revistavitrineibiuna.com.br\/wp-content\/uploads\/2024\/06\/a-maldicao-do-padre-e-os-politicos-de-ibiuna.png\",\"width\":1595,\"height\":929},{\"@type\":\"WebPage\",\"@id\":\"http:\/\/revistavitrineibiuna.com.br\/?p=31779#webpage\",\"url\":\"http:\/\/revistavitrineibiuna.com.br\/?p=31779\",\"name\":\"IBI\\u00daNA ELEI\\u00c7\\u00d5ES 2024 \\u2013 VENDER VOTOS \\u00c9 ATRASO DE [SUA] VIDA - Revista Vitrine Online\",\"isPartOf\":{\"@id\":\"https:\/\/revistavitrineibiuna.com.br\/#website\"},\"primaryImageOfPage\":{\"@id\":\"http:\/\/revistavitrineibiuna.com.br\/?p=31779#primaryimage\"},\"datePublished\":\"2024-06-14T12:37:21+00:00\",\"dateModified\":\"2024-06-14T12:37:22+00:00\",\"breadcrumb\":{\"@id\":\"http:\/\/revistavitrineibiuna.com.br\/?p=31779#breadcrumb\"},\"inLanguage\":\"pt-BR\",\"potentialAction\":[{\"@type\":\"ReadAction\",\"target\":[\"http:\/\/revistavitrineibiuna.com.br\/?p=31779\"]}]},{\"@type\":\"BreadcrumbList\",\"@id\":\"http:\/\/revistavitrineibiuna.com.br\/?p=31779#breadcrumb\",\"itemListElement\":[{\"@type\":\"ListItem\",\"position\":1,\"item\":{\"@type\":\"WebPage\",\"@id\":\"https:\/\/revistavitrineibiuna.com.br\/\",\"url\":\"https:\/\/revistavitrineibiuna.com.br\/\",\"name\":\"In\\u00edcio\"}},{\"@type\":\"ListItem\",\"position\":2,\"item\":{\"@type\":\"WebPage\",\"@id\":\"http:\/\/revistavitrineibiuna.com.br\/?p=31779\",\"url\":\"http:\/\/revistavitrineibiuna.com.br\/?p=31779\",\"name\":\"IBI\\u00daNA ELEI\\u00c7\\u00d5ES 2024 \\u2013 VENDER VOTOS \\u00c9 ATRASO DE [SUA] VIDA\"}}]},{\"@type\":\"Article\",\"@id\":\"http:\/\/revistavitrineibiuna.com.br\/?p=31779#article\",\"isPartOf\":{\"@id\":\"http:\/\/revistavitrineibiuna.com.br\/?p=31779#webpage\"},\"author\":{\"@id\":\"https:\/\/revistavitrineibiuna.com.br\/#\/schema\/person\/e51ef49d6d88170ea21ceabff3f73deb\"},\"headline\":\"IBI\\u00daNA ELEI\\u00c7\\u00d5ES 2024 \\u2013 VENDER VOTOS \\u00c9 ATRASO DE [SUA] VIDA\",\"datePublished\":\"2024-06-14T12:37:21+00:00\",\"dateModified\":\"2024-06-14T12:37:22+00:00\",\"mainEntityOfPage\":{\"@id\":\"http:\/\/revistavitrineibiuna.com.br\/?p=31779#webpage\"},\"commentCount\":0,\"publisher\":{\"@id\":\"https:\/\/revistavitrineibiuna.com.br\/#\/schema\/person\/e51ef49d6d88170ea21ceabff3f73deb\"},\"image\":{\"@id\":\"http:\/\/revistavitrineibiuna.com.br\/?p=31779#primaryimage\"},\"articleSection\":\"Uncategorized\",\"inLanguage\":\"pt-BR\",\"potentialAction\":[{\"@type\":\"CommentAction\",\"name\":\"Comment\",\"target\":[\"http:\/\/revistavitrineibiuna.com.br\/?p=31779#respond\"]}]},{\"@type\":[\"Person\",\"Organization\"],\"@id\":\"https:\/\/revistavitrineibiuna.com.br\/#\/schema\/person\/e51ef49d6d88170ea21ceabff3f73deb\",\"name\":\"Carlos Rossini\",\"image\":{\"@type\":\"ImageObject\",\"@id\":\"https:\/\/revistavitrineibiuna.com.br\/#personlogo\",\"inLanguage\":\"pt-BR\",\"url\":\"https:\/\/secure.gravatar.com\/avatar\/4f2d0f99fac1f85c7d643f21f5c8d900?s=96&d=mm&r=g\",\"caption\":\"Carlos Rossini\"},\"logo\":{\"@id\":\"https:\/\/revistavitrineibiuna.com.br\/#personlogo\"},\"description\":\"Carlos Rossini \\u00e9 jornalista, soci\\u00f3logo, escritor e professor universit\\u00e1rio, tendo sido professor de jornalismo por vinte anos. Trabalhou em ve\\u00edculos de comunica\\u00e7\\u00e3o nas fun\\u00e7\\u00f5es de rep\\u00f3rter, redator, editor, articulista e colaborador, como Folha de S. Paulo, O Estado de S. Paulo, Di\\u00e1rio Popular, entre outros. Ao transferir a revista vitrine, vers\\u00e3o imprensa, de S\\u00e3o Paulo para Ibi\\u00fana h\\u00e1 alguns anos, iniciou uma nova experi\\u00eancia profissional, dedicando-se ao jornalismo regional, depois de cumprir uma trajet\\u00f3ria bem-sucedida na grande imprensa brasileira. Seu primeiro livro A Coragem de Comunicar foi lan\\u00e7ado na Bienal do Livro em S\\u00e3o Paulo no ano 2000, pela editora Madras.\"}]}<\/script>\n<!-- \/ Yoast SEO plugin. -->","_links":{"self":[{"href":"https:\/\/revistavitrineibiuna.com.br\/index.php?rest_route=\/wp\/v2\/posts\/31779"}],"collection":[{"href":"https:\/\/revistavitrineibiuna.com.br\/index.php?rest_route=\/wp\/v2\/posts"}],"about":[{"href":"https:\/\/revistavitrineibiuna.com.br\/index.php?rest_route=\/wp\/v2\/types\/post"}],"author":[{"embeddable":true,"href":"https:\/\/revistavitrineibiuna.com.br\/index.php?rest_route=\/wp\/v2\/users\/1"}],"replies":[{"embeddable":true,"href":"https:\/\/revistavitrineibiuna.com.br\/index.php?rest_route=%2Fwp%2Fv2%2Fcomments&post=31779"}],"version-history":[{"count":1,"href":"https:\/\/revistavitrineibiuna.com.br\/index.php?rest_route=\/wp\/v2\/posts\/31779\/revisions"}],"predecessor-version":[{"id":31781,"href":"https:\/\/revistavitrineibiuna.com.br\/index.php?rest_route=\/wp\/v2\/posts\/31779\/revisions\/31781"}],"wp:featuredmedia":[{"embeddable":true,"href":"https:\/\/revistavitrineibiuna.com.br\/index.php?rest_route=\/wp\/v2\/media\/31780"}],"wp:attachment":[{"href":"https:\/\/revistavitrineibiuna.com.br\/index.php?rest_route=%2Fwp%2Fv2%2Fmedia&parent=31779"}],"wp:term":[{"taxonomy":"category","embeddable":true,"href":"https:\/\/revistavitrineibiuna.com.br\/index.php?rest_route=%2Fwp%2Fv2%2Fcategories&post=31779"},{"taxonomy":"post_tag","embeddable":true,"href":"https:\/\/revistavitrineibiuna.com.br\/index.php?rest_route=%2Fwp%2Fv2%2Ftags&post=31779"}],"curies":[{"name":"wp","href":"https:\/\/api.w.org\/{rel}","templated":true}]}}