{"id":31782,"date":"2024-06-14T18:19:39","date_gmt":"2024-06-14T21:19:39","guid":{"rendered":"http:\/\/revistavitrineibiuna.com.br\/?p=31782"},"modified":"2024-06-14T18:30:41","modified_gmt":"2024-06-14T21:30:41","slug":"ibiuna-sabesp-pretende-normalizar-100-abastecimento-de-agua-nesta-madrugada","status":"publish","type":"post","link":"https:\/\/revistavitrineibiuna.com.br\/?p=31782","title":{"rendered":"IBI\u00daNA &#8211; SABESP PRETENDE NORMALIZAR 100% ABASTECIMENTO DE \u00c1GUA NESTA MADRUGADA"},"content":{"rendered":"\n<p class=\"has-drop-cap\"><strong>Problemas na tubula\u00e7\u00e3o e na bomba dentro do reservat\u00f3rio central da Sabesp na avenida S\u00e3o Sebasti\u00e3o provocaram desabastecimento de \u00e1gua no centro e alguns bairros de Ibi\u00fana.<\/strong><\/p>\n\n\n\n<p><strong>Em consequ\u00eancia, escolas e outros estabelecimentos tiveram que suspender suas atividades.<\/strong> <\/p>\n\n\n\n<p><strong>Esse assunto foi objeto de coment\u00e1rios em quase toda a cidade, sobretudo por causa da dimens\u00e3o do problema e do imenso n\u00famero de resid\u00eancias e com\u00e9rcios afetados.<\/strong><\/p>\n\n\n\n<p><strong>No momento em que redigimos esta not\u00edcia 18h09 desta sexta-feira (14) alguns bairros ainda est\u00e3o afetados: Residencial Ibi\u00fana, Gemima, Vista Linda e Morumbi.<\/strong><\/p>\n\n\n\n<p><strong>\u201cNo restante\u201d, informa a empresa, \u201ctodos est\u00e3o abastecidos.\u201d Caso esteja ainda sem abastecimento, entre em contato, por meio de coment\u00e1rios na p\u00e1gina desta not\u00edcia que informaremos a Sabesp imediatamente.<\/strong><\/p>\n\n\n\n<p><strong>Com rela\u00e7\u00e3o aos quatro bairros citados acima, e considerando como est\u00e1 se processada a recupera\u00e7\u00e3o, a Sabesp pretende recuperar 100% do abastecimento na madrugada deste s\u00e1bado.<\/strong><\/p>\n","protected":false},"excerpt":{"rendered":"<p>Problemas na tubula\u00e7\u00e3o e na bomba dentro do reservat\u00f3rio central da Sabesp na avenida S\u00e3o Sebasti\u00e3o provocaram desabastecimento de \u00e1gua<\/p>\n","protected":false},"author":1,"featured_media":31783,"comment_status":"open","ping_status":"open","sticky":false,"template":"","format":"standard","meta":[],"categories":[3],"tags":[],"yoast_head":"<!-- This site is optimized with the Yoast SEO plugin v15.8 - https:\/\/yoast.com\/wordpress\/plugins\/seo\/ -->\n<title>IBI\u00daNA - SABESP PRETENDE NORMALIZAR 100% ABASTECIMENTO DE \u00c1GUA NESTA MADRUGADA - Revista Vitrine Online<\/title>\n<meta name=\"robots\" content=\"index, follow, max-snippet:-1, max-image-preview:large, max-video-preview:-1\" \/>\n<link rel=\"canonical\" href=\"http:\/\/revistavitrineibiuna.com.br\/?p=31782\" \/>\n<meta property=\"og:locale\" content=\"pt_BR\" \/>\n<meta property=\"og:type\" content=\"article\" \/>\n<meta property=\"og:title\" content=\"IBI\u00daNA - SABESP PRETENDE NORMALIZAR 100% ABASTECIMENTO DE \u00c1GUA NESTA MADRUGADA - Revista Vitrine Online\" \/>\n<meta property=\"og:description\" content=\"Problemas na tubula\u00e7\u00e3o e na bomba dentro do reservat\u00f3rio central da Sabesp na avenida S\u00e3o Sebasti\u00e3o provocaram desabastecimento de \u00e1gua\" \/>\n<meta property=\"og:url\" content=\"http:\/\/revistavitrineibiuna.com.br\/?p=31782\" \/>\n<meta property=\"og:site_name\" content=\"Revista Vitrine Online\" \/>\n<meta property=\"article:published_time\" content=\"2024-06-14T21:19:39+00:00\" \/>\n<meta property=\"article:modified_time\" content=\"2024-06-14T21:30:41+00:00\" \/>\n<meta property=\"og:image\" content=\"https:\/\/revistavitrineibiuna.com.br\/wp-content\/uploads\/2024\/06\/comunicado-da-sabesp-falta-de-agua-25.12.2023.png\" \/>\n\t<meta property=\"og:image:width\" content=\"620\" \/>\n\t<meta property=\"og:image:height\" content=\"350\" \/>\n<meta name=\"twitter:card\" content=\"summary\" \/>\n<meta name=\"twitter:label1\" content=\"Est. reading time\">\n\t<meta name=\"twitter:data1\" content=\"1 minuto\">\n<script type=\"application\/ld+json\" class=\"yoast-schema-graph\">{\"@context\":\"https:\/\/schema.org\",\"@graph\":[{\"@type\":\"WebSite\",\"@id\":\"https:\/\/revistavitrineibiuna.com.br\/#website\",\"url\":\"https:\/\/revistavitrineibiuna.com.br\/\",\"name\":\"Revista Vitrine Ibi\\u00fana\",\"description\":\"A Revista de Ibi\\u00fana e Regi\\u00e3o\",\"publisher\":{\"@id\":\"https:\/\/revistavitrineibiuna.com.br\/#\/schema\/person\/e51ef49d6d88170ea21ceabff3f73deb\"},\"potentialAction\":[{\"@type\":\"SearchAction\",\"target\":\"https:\/\/revistavitrineibiuna.com.br\/?s={search_term_string}\",\"query-input\":\"required name=search_term_string\"}],\"inLanguage\":\"pt-BR\"},{\"@type\":\"ImageObject\",\"@id\":\"http:\/\/revistavitrineibiuna.com.br\/?p=31782#primaryimage\",\"inLanguage\":\"pt-BR\",\"url\":\"https:\/\/revistavitrineibiuna.com.br\/wp-content\/uploads\/2024\/06\/comunicado-da-sabesp-falta-de-agua-25.12.2023.png\",\"width\":620,\"height\":350},{\"@type\":\"WebPage\",\"@id\":\"http:\/\/revistavitrineibiuna.com.br\/?p=31782#webpage\",\"url\":\"http:\/\/revistavitrineibiuna.com.br\/?p=31782\",\"name\":\"IBI\\u00daNA - SABESP PRETENDE NORMALIZAR 100% ABASTECIMENTO DE \\u00c1GUA NESTA MADRUGADA - Revista Vitrine Online\",\"isPartOf\":{\"@id\":\"https:\/\/revistavitrineibiuna.com.br\/#website\"},\"primaryImageOfPage\":{\"@id\":\"http:\/\/revistavitrineibiuna.com.br\/?p=31782#primaryimage\"},\"datePublished\":\"2024-06-14T21:19:39+00:00\",\"dateModified\":\"2024-06-14T21:30:41+00:00\",\"breadcrumb\":{\"@id\":\"http:\/\/revistavitrineibiuna.com.br\/?p=31782#breadcrumb\"},\"inLanguage\":\"pt-BR\",\"potentialAction\":[{\"@type\":\"ReadAction\",\"target\":[\"http:\/\/revistavitrineibiuna.com.br\/?p=31782\"]}]},{\"@type\":\"BreadcrumbList\",\"@id\":\"http:\/\/revistavitrineibiuna.com.br\/?p=31782#breadcrumb\",\"itemListElement\":[{\"@type\":\"ListItem\",\"position\":1,\"item\":{\"@type\":\"WebPage\",\"@id\":\"https:\/\/revistavitrineibiuna.com.br\/\",\"url\":\"https:\/\/revistavitrineibiuna.com.br\/\",\"name\":\"In\\u00edcio\"}},{\"@type\":\"ListItem\",\"position\":2,\"item\":{\"@type\":\"WebPage\",\"@id\":\"http:\/\/revistavitrineibiuna.com.br\/?p=31782\",\"url\":\"http:\/\/revistavitrineibiuna.com.br\/?p=31782\",\"name\":\"IBI\\u00daNA &#8211; SABESP PRETENDE NORMALIZAR 100% ABASTECIMENTO DE \\u00c1GUA NESTA MADRUGADA\"}}]},{\"@type\":\"Article\",\"@id\":\"http:\/\/revistavitrineibiuna.com.br\/?p=31782#article\",\"isPartOf\":{\"@id\":\"http:\/\/revistavitrineibiuna.com.br\/?p=31782#webpage\"},\"author\":{\"@id\":\"https:\/\/revistavitrineibiuna.com.br\/#\/schema\/person\/e51ef49d6d88170ea21ceabff3f73deb\"},\"headline\":\"IBI\\u00daNA &#8211; SABESP PRETENDE NORMALIZAR 100% ABASTECIMENTO DE \\u00c1GUA NESTA MADRUGADA\",\"datePublished\":\"2024-06-14T21:19:39+00:00\",\"dateModified\":\"2024-06-14T21:30:41+00:00\",\"mainEntityOfPage\":{\"@id\":\"http:\/\/revistavitrineibiuna.com.br\/?p=31782#webpage\"},\"commentCount\":0,\"publisher\":{\"@id\":\"https:\/\/revistavitrineibiuna.com.br\/#\/schema\/person\/e51ef49d6d88170ea21ceabff3f73deb\"},\"image\":{\"@id\":\"http:\/\/revistavitrineibiuna.com.br\/?p=31782#primaryimage\"},\"articleSection\":\"Not\\u00edcias\",\"inLanguage\":\"pt-BR\",\"potentialAction\":[{\"@type\":\"CommentAction\",\"name\":\"Comment\",\"target\":[\"http:\/\/revistavitrineibiuna.com.br\/?p=31782#respond\"]}]},{\"@type\":[\"Person\",\"Organization\"],\"@id\":\"https:\/\/revistavitrineibiuna.com.br\/#\/schema\/person\/e51ef49d6d88170ea21ceabff3f73deb\",\"name\":\"Carlos Rossini\",\"image\":{\"@type\":\"ImageObject\",\"@id\":\"https:\/\/revistavitrineibiuna.com.br\/#personlogo\",\"inLanguage\":\"pt-BR\",\"url\":\"https:\/\/secure.gravatar.com\/avatar\/4f2d0f99fac1f85c7d643f21f5c8d900?s=96&d=mm&r=g\",\"caption\":\"Carlos Rossini\"},\"logo\":{\"@id\":\"https:\/\/revistavitrineibiuna.com.br\/#personlogo\"},\"description\":\"Carlos Rossini \\u00e9 jornalista, soci\\u00f3logo, escritor e professor universit\\u00e1rio, tendo sido professor de jornalismo por vinte anos. Trabalhou em ve\\u00edculos de comunica\\u00e7\\u00e3o nas fun\\u00e7\\u00f5es de rep\\u00f3rter, redator, editor, articulista e colaborador, como Folha de S. Paulo, O Estado de S. Paulo, Di\\u00e1rio Popular, entre outros. Ao transferir a revista vitrine, vers\\u00e3o imprensa, de S\\u00e3o Paulo para Ibi\\u00fana h\\u00e1 alguns anos, iniciou uma nova experi\\u00eancia profissional, dedicando-se ao jornalismo regional, depois de cumprir uma trajet\\u00f3ria bem-sucedida na grande imprensa brasileira. Seu primeiro livro A Coragem de Comunicar foi lan\\u00e7ado na Bienal do Livro em S\\u00e3o Paulo no ano 2000, pela editora Madras.\"}]}<\/script>\n<!-- \/ Yoast SEO plugin. -->","_links":{"self":[{"href":"https:\/\/revistavitrineibiuna.com.br\/index.php?rest_route=\/wp\/v2\/posts\/31782"}],"collection":[{"href":"https:\/\/revistavitrineibiuna.com.br\/index.php?rest_route=\/wp\/v2\/posts"}],"about":[{"href":"https:\/\/revistavitrineibiuna.com.br\/index.php?rest_route=\/wp\/v2\/types\/post"}],"author":[{"embeddable":true,"href":"https:\/\/revistavitrineibiuna.com.br\/index.php?rest_route=\/wp\/v2\/users\/1"}],"replies":[{"embeddable":true,"href":"https:\/\/revistavitrineibiuna.com.br\/index.php?rest_route=%2Fwp%2Fv2%2Fcomments&post=31782"}],"version-history":[{"count":4,"href":"https:\/\/revistavitrineibiuna.com.br\/index.php?rest_route=\/wp\/v2\/posts\/31782\/revisions"}],"predecessor-version":[{"id":31788,"href":"https:\/\/revistavitrineibiuna.com.br\/index.php?rest_route=\/wp\/v2\/posts\/31782\/revisions\/31788"}],"wp:featuredmedia":[{"embeddable":true,"href":"https:\/\/revistavitrineibiuna.com.br\/index.php?rest_route=\/wp\/v2\/media\/31783"}],"wp:attachment":[{"href":"https:\/\/revistavitrineibiuna.com.br\/index.php?rest_route=%2Fwp%2Fv2%2Fmedia&parent=31782"}],"wp:term":[{"taxonomy":"category","embeddable":true,"href":"https:\/\/revistavitrineibiuna.com.br\/index.php?rest_route=%2Fwp%2Fv2%2Fcategories&post=31782"},{"taxonomy":"post_tag","embeddable":true,"href":"https:\/\/revistavitrineibiuna.com.br\/index.php?rest_route=%2Fwp%2Fv2%2Ftags&post=31782"}],"curies":[{"name":"wp","href":"https:\/\/api.w.org\/{rel}","templated":true}]}}