{"id":32457,"date":"2024-12-14T14:55:01","date_gmt":"2024-12-14T17:55:01","guid":{"rendered":"http:\/\/revistavitrineibiuna.com.br\/?p=32457"},"modified":"2024-12-14T15:15:56","modified_gmt":"2024-12-14T18:15:56","slug":"ibiuna-nesta-2afeira-eleitos-serao-diplomados-o-que-significa-esse-ato","status":"publish","type":"post","link":"https:\/\/revistavitrineibiuna.com.br\/?p=32457","title":{"rendered":"IBI\u00daNA \u2013 NESTA 2\u00aaFEIRA, ELEITOS SER\u00c3O DIPLOMADOS; O QUE SIGNIFICA ESSE ATO?"},"content":{"rendered":"\n<p class=\"has-drop-cap\"><strong>Nesta segunda-feira (16) os candidatos eleitos no dia 6 de outubro aos cargos de prefeito, vice-prefeito e vereador ser\u00e3o diplomados em solenidade a se realizar a partir das 15h na C\u00e2mara Municipal de Ibi\u00fana.<\/strong><\/p>\n\n\n\n<p><strong>Conhe\u00e7a o significado desse ato solene, com explica\u00e7\u00e3o da Justi\u00e7a Eleitoral:<\/strong><\/p>\n\n\n\n<p><strong>\u201cDiploma\u00e7\u00e3o \u00e9 o ato pelo qual a Justi\u00e7a Eleitoral atesta que o candidato ou a candidata foi efetivamente eleito ou eleita pelo povo e, por isso, est\u00e1 apto ou apta a tomar posse no cargo.<\/strong><\/p>\n\n\n\n<p><strong>Nessa ocasi\u00e3o, ocorre a entrega dos diplomas, que s\u00e3o assinados, conforme o caso, pelo presidente do Tribunal Superior Eleitoral (TSE), do Tribunal Regional Eleitoral (TRE) ou da junta eleitoral.<\/strong><\/p>\n\n\n\n<p><strong>A entrega dos diplomas ocorre depois de terminado o pleito, apurados os votos e passados os prazos de questionamento e de processamento do resultado das elei\u00e7\u00f5es. No caso de elei\u00e7\u00f5es presidenciais, \u00e9 o TSE que faz a diploma\u00e7\u00e3o. Para os eleitos ou as eleitas aos demais cargos federais, estaduais e distritais, assim como para os suplentes, a entrega do diploma fica a cargo dos TREs. J\u00e1 nas elei\u00e7\u00f5es municipais, a compet\u00eancia \u00e9 das juntas eleitorais.<\/strong><\/p>\n\n\n\n<p><strong>Segundo o C\u00f3digo Eleitoral (art. 215, par\u00e1grafo \u00fanico), no diploma devem constar o nome do candidato, a indica\u00e7\u00e3o da legenda sob a qual concorreu, o cargo para o qual foi eleito ou a sua classifica\u00e7\u00e3o como suplente, e, facultativamente, outros dados a crit\u00e9rio do juiz ou do tribunal.<\/strong><\/p>\n\n\n\n<p><strong>N\u00e3o deve ser diplomado o candidato ou a candidata cujo registro de candidatura tenha sido indeferido, mesmo que ainda esteja<em>&nbsp;sub judice<\/em>&nbsp;(art. 32 da Resolu\u00e7\u00e3o n\u00ba 23.677, de 16 de dezembro de 2021).<\/strong><\/p>\n\n\n\n<p><strong>Enquanto o Tribunal Superior Eleitoral n\u00e3o decidir sobre eventual recurso contra expedi\u00e7\u00e3o do diploma, o diplomado ou a diplomada&nbsp; poder\u00e1 exercer o mandato em toda sua plenitude (art. 216, do CE). Esse recurso est\u00e1 previsto no art. 262 do C\u00f3digo Eleitoral e deve ser interposto no prazo de tr\u00eas dias contados da diploma\u00e7\u00e3o.\u201d<\/strong><\/p>\n\n\n\n<p><strong>VEJA QUEM SER\u00c3O OS DIPLOMADOS<\/strong><\/p>\n\n\n\n<p><strong>Prefeito: M\u00e1rio Pires (Republicanos); vice-prefeito, Naldo Firmino (PRD).<\/strong><\/p>\n\n\n\n<p><strong>Vereadores: (por ordem de vota\u00e7\u00e3o: do mais votado para o menos votado: Paulinho Dias* (PSD &#8211; 1.954 votos &#8211; o mais votado da hist\u00f3ria do munic\u00edpio), Rodrigo (PSD &#8211; 1.368), Pururuca* (MDB &#8211; 1.081), Dilt\u00e3o (PRD &#8211; 984 votos), Dito Santos (MDB &#8211; 965), Abel do Cupim* (PL &#8211; 954), Carlinhos Marques (Pode &#8211; 900), Lucas Pires (Pode &#8211; 889), Charles Guimar\u00e3es (PL &#8211; 783), Lucas &#8220;do Samu&#8221; Borba* (PDT &#8211; 760), Devanil da Ressaca* (PSD &#8211; 673), Francine Bello (PDT \u2013 638), Tiago Godinho (PRD &#8211; 598), Rodrigo Moraes (PDT &#8211; 592) e Valnei Galv\u00e3o* (Rep &#8211; 500).<\/strong><\/p>\n\n\n\n<p><em><strong>* Foram reeleitos, sendo Rodrigo Lima, Charles Guimar\u00e3es e Carlinhos Marques j\u00e1 haviam sido vereadores em outras legislaturas.<\/strong><\/em><\/p>\n","protected":false},"excerpt":{"rendered":"<p>Nesta segunda-feira (16) os candidatos eleitos no dia 6 de outubro aos cargos de prefeito, vice-prefeito e vereador ser\u00e3o diplomados<\/p>\n","protected":false},"author":1,"featured_media":32458,"comment_status":"open","ping_status":"open","sticky":false,"template":"","format":"standard","meta":[],"categories":[3],"tags":[],"yoast_head":"<!-- This site is optimized with the Yoast SEO plugin v15.8 - https:\/\/yoast.com\/wordpress\/plugins\/seo\/ -->\n<title>IBI\u00daNA \u2013 NESTA 2\u00aaFEIRA, ELEITOS SER\u00c3O DIPLOMADOS; O QUE SIGNIFICA ESSE ATO? - Revista Vitrine Online<\/title>\n<meta name=\"robots\" content=\"index, follow, max-snippet:-1, max-image-preview:large, max-video-preview:-1\" \/>\n<link rel=\"canonical\" href=\"http:\/\/revistavitrineibiuna.com.br\/?p=32457\" \/>\n<meta property=\"og:locale\" content=\"pt_BR\" \/>\n<meta property=\"og:type\" content=\"article\" \/>\n<meta property=\"og:title\" content=\"IBI\u00daNA \u2013 NESTA 2\u00aaFEIRA, ELEITOS SER\u00c3O DIPLOMADOS; O QUE SIGNIFICA ESSE ATO? - Revista Vitrine Online\" \/>\n<meta property=\"og:description\" content=\"Nesta segunda-feira (16) os candidatos eleitos no dia 6 de outubro aos cargos de prefeito, vice-prefeito e vereador ser\u00e3o diplomados\" \/>\n<meta property=\"og:url\" content=\"http:\/\/revistavitrineibiuna.com.br\/?p=32457\" \/>\n<meta property=\"og:site_name\" content=\"Revista Vitrine Online\" \/>\n<meta property=\"article:published_time\" content=\"2024-12-14T17:55:01+00:00\" \/>\n<meta property=\"article:modified_time\" content=\"2024-12-14T18:15:56+00:00\" \/>\n<meta property=\"og:image\" content=\"https:\/\/revistavitrineibiuna.com.br\/wp-content\/uploads\/2024\/12\/camara-piu.jpg\" \/>\n\t<meta property=\"og:image:width\" content=\"740\" \/>\n\t<meta property=\"og:image:height\" content=\"416\" \/>\n<meta name=\"twitter:card\" content=\"summary\" \/>\n<meta name=\"twitter:label1\" content=\"Est. reading time\">\n\t<meta name=\"twitter:data1\" content=\"2 minutos\">\n<script type=\"application\/ld+json\" class=\"yoast-schema-graph\">{\"@context\":\"https:\/\/schema.org\",\"@graph\":[{\"@type\":\"WebSite\",\"@id\":\"https:\/\/revistavitrineibiuna.com.br\/#website\",\"url\":\"https:\/\/revistavitrineibiuna.com.br\/\",\"name\":\"Revista Vitrine Ibi\\u00fana\",\"description\":\"A Revista de Ibi\\u00fana e Regi\\u00e3o\",\"publisher\":{\"@id\":\"https:\/\/revistavitrineibiuna.com.br\/#\/schema\/person\/e51ef49d6d88170ea21ceabff3f73deb\"},\"potentialAction\":[{\"@type\":\"SearchAction\",\"target\":\"https:\/\/revistavitrineibiuna.com.br\/?s={search_term_string}\",\"query-input\":\"required name=search_term_string\"}],\"inLanguage\":\"pt-BR\"},{\"@type\":\"ImageObject\",\"@id\":\"http:\/\/revistavitrineibiuna.com.br\/?p=32457#primaryimage\",\"inLanguage\":\"pt-BR\",\"url\":\"https:\/\/revistavitrineibiuna.com.br\/wp-content\/uploads\/2024\/12\/camara-piu.jpg\",\"width\":740,\"height\":416},{\"@type\":\"WebPage\",\"@id\":\"http:\/\/revistavitrineibiuna.com.br\/?p=32457#webpage\",\"url\":\"http:\/\/revistavitrineibiuna.com.br\/?p=32457\",\"name\":\"IBI\\u00daNA \\u2013 NESTA 2\\u00aaFEIRA, ELEITOS SER\\u00c3O DIPLOMADOS; O QUE SIGNIFICA ESSE ATO? - Revista Vitrine Online\",\"isPartOf\":{\"@id\":\"https:\/\/revistavitrineibiuna.com.br\/#website\"},\"primaryImageOfPage\":{\"@id\":\"http:\/\/revistavitrineibiuna.com.br\/?p=32457#primaryimage\"},\"datePublished\":\"2024-12-14T17:55:01+00:00\",\"dateModified\":\"2024-12-14T18:15:56+00:00\",\"breadcrumb\":{\"@id\":\"http:\/\/revistavitrineibiuna.com.br\/?p=32457#breadcrumb\"},\"inLanguage\":\"pt-BR\",\"potentialAction\":[{\"@type\":\"ReadAction\",\"target\":[\"http:\/\/revistavitrineibiuna.com.br\/?p=32457\"]}]},{\"@type\":\"BreadcrumbList\",\"@id\":\"http:\/\/revistavitrineibiuna.com.br\/?p=32457#breadcrumb\",\"itemListElement\":[{\"@type\":\"ListItem\",\"position\":1,\"item\":{\"@type\":\"WebPage\",\"@id\":\"https:\/\/revistavitrineibiuna.com.br\/\",\"url\":\"https:\/\/revistavitrineibiuna.com.br\/\",\"name\":\"In\\u00edcio\"}},{\"@type\":\"ListItem\",\"position\":2,\"item\":{\"@type\":\"WebPage\",\"@id\":\"http:\/\/revistavitrineibiuna.com.br\/?p=32457\",\"url\":\"http:\/\/revistavitrineibiuna.com.br\/?p=32457\",\"name\":\"IBI\\u00daNA \\u2013 NESTA 2\\u00aaFEIRA, ELEITOS SER\\u00c3O DIPLOMADOS; O QUE SIGNIFICA ESSE ATO?\"}}]},{\"@type\":\"Article\",\"@id\":\"http:\/\/revistavitrineibiuna.com.br\/?p=32457#article\",\"isPartOf\":{\"@id\":\"http:\/\/revistavitrineibiuna.com.br\/?p=32457#webpage\"},\"author\":{\"@id\":\"https:\/\/revistavitrineibiuna.com.br\/#\/schema\/person\/e51ef49d6d88170ea21ceabff3f73deb\"},\"headline\":\"IBI\\u00daNA \\u2013 NESTA 2\\u00aaFEIRA, ELEITOS SER\\u00c3O DIPLOMADOS; O QUE SIGNIFICA ESSE ATO?\",\"datePublished\":\"2024-12-14T17:55:01+00:00\",\"dateModified\":\"2024-12-14T18:15:56+00:00\",\"mainEntityOfPage\":{\"@id\":\"http:\/\/revistavitrineibiuna.com.br\/?p=32457#webpage\"},\"commentCount\":0,\"publisher\":{\"@id\":\"https:\/\/revistavitrineibiuna.com.br\/#\/schema\/person\/e51ef49d6d88170ea21ceabff3f73deb\"},\"image\":{\"@id\":\"http:\/\/revistavitrineibiuna.com.br\/?p=32457#primaryimage\"},\"articleSection\":\"Not\\u00edcias\",\"inLanguage\":\"pt-BR\",\"potentialAction\":[{\"@type\":\"CommentAction\",\"name\":\"Comment\",\"target\":[\"http:\/\/revistavitrineibiuna.com.br\/?p=32457#respond\"]}]},{\"@type\":[\"Person\",\"Organization\"],\"@id\":\"https:\/\/revistavitrineibiuna.com.br\/#\/schema\/person\/e51ef49d6d88170ea21ceabff3f73deb\",\"name\":\"Carlos Rossini\",\"image\":{\"@type\":\"ImageObject\",\"@id\":\"https:\/\/revistavitrineibiuna.com.br\/#personlogo\",\"inLanguage\":\"pt-BR\",\"url\":\"https:\/\/secure.gravatar.com\/avatar\/4f2d0f99fac1f85c7d643f21f5c8d900?s=96&d=mm&r=g\",\"caption\":\"Carlos Rossini\"},\"logo\":{\"@id\":\"https:\/\/revistavitrineibiuna.com.br\/#personlogo\"},\"description\":\"Carlos Rossini \\u00e9 jornalista, soci\\u00f3logo, escritor e professor universit\\u00e1rio, tendo sido professor de jornalismo por vinte anos. Trabalhou em ve\\u00edculos de comunica\\u00e7\\u00e3o nas fun\\u00e7\\u00f5es de rep\\u00f3rter, redator, editor, articulista e colaborador, como Folha de S. Paulo, O Estado de S. Paulo, Di\\u00e1rio Popular, entre outros. Ao transferir a revista vitrine, vers\\u00e3o imprensa, de S\\u00e3o Paulo para Ibi\\u00fana h\\u00e1 alguns anos, iniciou uma nova experi\\u00eancia profissional, dedicando-se ao jornalismo regional, depois de cumprir uma trajet\\u00f3ria bem-sucedida na grande imprensa brasileira. Seu primeiro livro A Coragem de Comunicar foi lan\\u00e7ado na Bienal do Livro em S\\u00e3o Paulo no ano 2000, pela editora Madras.\"}]}<\/script>\n<!-- \/ Yoast SEO plugin. -->","_links":{"self":[{"href":"https:\/\/revistavitrineibiuna.com.br\/index.php?rest_route=\/wp\/v2\/posts\/32457"}],"collection":[{"href":"https:\/\/revistavitrineibiuna.com.br\/index.php?rest_route=\/wp\/v2\/posts"}],"about":[{"href":"https:\/\/revistavitrineibiuna.com.br\/index.php?rest_route=\/wp\/v2\/types\/post"}],"author":[{"embeddable":true,"href":"https:\/\/revistavitrineibiuna.com.br\/index.php?rest_route=\/wp\/v2\/users\/1"}],"replies":[{"embeddable":true,"href":"https:\/\/revistavitrineibiuna.com.br\/index.php?rest_route=%2Fwp%2Fv2%2Fcomments&post=32457"}],"version-history":[{"count":2,"href":"https:\/\/revistavitrineibiuna.com.br\/index.php?rest_route=\/wp\/v2\/posts\/32457\/revisions"}],"predecessor-version":[{"id":32461,"href":"https:\/\/revistavitrineibiuna.com.br\/index.php?rest_route=\/wp\/v2\/posts\/32457\/revisions\/32461"}],"wp:featuredmedia":[{"embeddable":true,"href":"https:\/\/revistavitrineibiuna.com.br\/index.php?rest_route=\/wp\/v2\/media\/32458"}],"wp:attachment":[{"href":"https:\/\/revistavitrineibiuna.com.br\/index.php?rest_route=%2Fwp%2Fv2%2Fmedia&parent=32457"}],"wp:term":[{"taxonomy":"category","embeddable":true,"href":"https:\/\/revistavitrineibiuna.com.br\/index.php?rest_route=%2Fwp%2Fv2%2Fcategories&post=32457"},{"taxonomy":"post_tag","embeddable":true,"href":"https:\/\/revistavitrineibiuna.com.br\/index.php?rest_route=%2Fwp%2Fv2%2Ftags&post=32457"}],"curies":[{"name":"wp","href":"https:\/\/api.w.org\/{rel}","templated":true}]}}