{"id":32465,"date":"2024-12-15T20:02:37","date_gmt":"2024-12-15T23:02:37","guid":{"rendered":"http:\/\/revistavitrineibiuna.com.br\/?p=32465"},"modified":"2024-12-15T20:02:38","modified_gmt":"2024-12-15T23:02:38","slug":"tvuna-medico-orienta-sobre-riscos-para-sua-saude-nas-festas-de-fim-de-ano","status":"publish","type":"post","link":"https:\/\/revistavitrineibiuna.com.br\/?p=32465","title":{"rendered":"TVUNA &#8211; M\u00c9DICO ORIENTA SOBRE RISCOS PARA SUA SA\u00daDE NAS FESTAS DE FIM DE ANO"},"content":{"rendered":"\n<p class=\"has-drop-cap\"><strong>A celebra\u00e7\u00e3o do Natal e do<em> r\u00e9veillon<\/em> s\u00e3o rituais de passagem coletivos. Eles marcam momentos importantes na vida das pessoas, como renova\u00e7\u00e3o da f\u00e9 e da esperan\u00e7a em um novo tempo, melhor do que o anterior.<\/strong><\/p>\n\n\n\n<p><strong>\u201cAdeus ano velho, Feliz Ano-Novo!\u201d<\/strong><\/p>\n\n\n\n<p><strong>S\u00e3o festas universais, pelo menos para bilh\u00f5es de indiv\u00edduos que professam o cristianismo.<\/strong><\/p>\n\n\n\n<p><strong>Uma de suas principais caracter\u00edsticas \u00e9 a sensa\u00e7\u00e3o de seguran\u00e7a e conex\u00e3o social [confraterniza\u00e7\u00e3o] sentimentos que geram euforia nas pessoas e influenciam seus comportamentos.<\/strong><\/p>\n\n\n\n<p><strong>Esse clima festivo \u00e9 extremamente contagiante. Chega a transformar algumas pessoas de modo radical, que parecem perder o sentido do limite, como se n\u00e3o houvesse o amanh\u00e3.<\/strong><\/p>\n\n\n\n<p><strong>Bebem de mais, comem de mais, se empanturrando, dirigem perigosamente, sob efeito de bebidas e outras drogas, provocam acidentes, ou simplesmente \u201cenlouquecem\u201d por uma variedade de sofrimentos \u00edntimos de natureza psicol\u00f3gica, incluindo-se aqui sentimentos extremos de solid\u00e3o e de n\u00e3o pertencimento \u00e0 comunidade humana.<\/strong><\/p>\n\n\n\n<p><strong>Em suma, a alegria e a sensa\u00e7\u00e3o de felicidade existem de um lado, e, de outro, profundos dramas existenciais.<\/strong><\/p>\n\n\n\n<p><strong>AO VIVO, NA TVUNA<\/strong><\/p>\n\n\n\n<p><strong>Por tudo isso, a TVUNA convidou para entrevista o Dr. Renan Brand\u00e3o Rambaldi Cavalheiro. Ele se formou em medicina pela Faculdade de Ci\u00eancias M\u00e9dicas da Santa Casa de S\u00e3o Paulo, e atende na especialidade neurologia cl\u00ednica no Centro de Especialidades de Ibi\u00fana desde abril deste ano.<\/strong><\/p>\n\n\n\n<p><strong>O programa ser\u00e1 exibido ao vivo nesta quarta-feira, dia 18, \u00e0s 20h, com transmiss\u00e3o direta pelo Youtube, Instagram e Facebook e voc\u00ea poder\u00e1 interagir diretamente com o Dr. Renan pelo bate-papo da TVUNA. Inscreva-se: <a href=\"mailto:youtube.com\/@tv-una\">youtube.com\/@tv-una<\/a>. Ele ser\u00e1 entrevistado pelo jornalista Carlos Rossini.<\/strong><\/p>\n","protected":false},"excerpt":{"rendered":"<p>A celebra\u00e7\u00e3o do Natal e do r\u00e9veillon s\u00e3o rituais de passagem coletivos. Eles marcam momentos importantes na vida das pessoas,<\/p>\n","protected":false},"author":1,"featured_media":32466,"comment_status":"open","ping_status":"open","sticky":false,"template":"","format":"standard","meta":[],"categories":[3],"tags":[],"yoast_head":"<!-- This site is optimized with the Yoast SEO plugin v15.8 - https:\/\/yoast.com\/wordpress\/plugins\/seo\/ -->\n<title>TVUNA - M\u00c9DICO ORIENTA SOBRE RISCOS PARA SUA SA\u00daDE NAS FESTAS DE FIM DE ANO - Revista Vitrine Online<\/title>\n<meta name=\"robots\" content=\"index, follow, max-snippet:-1, max-image-preview:large, max-video-preview:-1\" \/>\n<link rel=\"canonical\" href=\"https:\/\/revistavitrineibiuna.com.br\/?p=32465\" \/>\n<meta property=\"og:locale\" content=\"pt_BR\" \/>\n<meta property=\"og:type\" content=\"article\" \/>\n<meta property=\"og:title\" content=\"TVUNA - M\u00c9DICO ORIENTA SOBRE RISCOS PARA SUA SA\u00daDE NAS FESTAS DE FIM DE ANO - Revista Vitrine Online\" \/>\n<meta property=\"og:description\" content=\"A celebra\u00e7\u00e3o do Natal e do r\u00e9veillon s\u00e3o rituais de passagem coletivos. Eles marcam momentos importantes na vida das pessoas,\" \/>\n<meta property=\"og:url\" content=\"https:\/\/revistavitrineibiuna.com.br\/?p=32465\" \/>\n<meta property=\"og:site_name\" content=\"Revista Vitrine Online\" \/>\n<meta property=\"article:published_time\" content=\"2024-12-15T23:02:37+00:00\" \/>\n<meta property=\"article:modified_time\" content=\"2024-12-15T23:02:38+00:00\" \/>\n<meta property=\"og:image\" content=\"https:\/\/revistavitrineibiuna.com.br\/wp-content\/uploads\/2024\/12\/de-novo-dr.-Renan.png\" \/>\n\t<meta property=\"og:image:width\" content=\"705\" \/>\n\t<meta property=\"og:image:height\" content=\"668\" \/>\n<meta name=\"twitter:card\" content=\"summary\" \/>\n<meta name=\"twitter:label1\" content=\"Est. reading time\">\n\t<meta name=\"twitter:data1\" content=\"2 minutos\">\n<script type=\"application\/ld+json\" class=\"yoast-schema-graph\">{\"@context\":\"https:\/\/schema.org\",\"@graph\":[{\"@type\":\"WebSite\",\"@id\":\"https:\/\/revistavitrineibiuna.com.br\/#website\",\"url\":\"https:\/\/revistavitrineibiuna.com.br\/\",\"name\":\"Revista Vitrine Ibi\\u00fana\",\"description\":\"A Revista de Ibi\\u00fana e Regi\\u00e3o\",\"publisher\":{\"@id\":\"https:\/\/revistavitrineibiuna.com.br\/#\/schema\/person\/e51ef49d6d88170ea21ceabff3f73deb\"},\"potentialAction\":[{\"@type\":\"SearchAction\",\"target\":\"https:\/\/revistavitrineibiuna.com.br\/?s={search_term_string}\",\"query-input\":\"required name=search_term_string\"}],\"inLanguage\":\"pt-BR\"},{\"@type\":\"ImageObject\",\"@id\":\"https:\/\/revistavitrineibiuna.com.br\/?p=32465#primaryimage\",\"inLanguage\":\"pt-BR\",\"url\":\"https:\/\/revistavitrineibiuna.com.br\/wp-content\/uploads\/2024\/12\/de-novo-dr.-Renan.png\",\"width\":705,\"height\":668},{\"@type\":\"WebPage\",\"@id\":\"https:\/\/revistavitrineibiuna.com.br\/?p=32465#webpage\",\"url\":\"https:\/\/revistavitrineibiuna.com.br\/?p=32465\",\"name\":\"TVUNA - M\\u00c9DICO ORIENTA SOBRE RISCOS PARA SUA SA\\u00daDE NAS FESTAS DE FIM DE ANO - Revista Vitrine Online\",\"isPartOf\":{\"@id\":\"https:\/\/revistavitrineibiuna.com.br\/#website\"},\"primaryImageOfPage\":{\"@id\":\"https:\/\/revistavitrineibiuna.com.br\/?p=32465#primaryimage\"},\"datePublished\":\"2024-12-15T23:02:37+00:00\",\"dateModified\":\"2024-12-15T23:02:38+00:00\",\"breadcrumb\":{\"@id\":\"https:\/\/revistavitrineibiuna.com.br\/?p=32465#breadcrumb\"},\"inLanguage\":\"pt-BR\",\"potentialAction\":[{\"@type\":\"ReadAction\",\"target\":[\"https:\/\/revistavitrineibiuna.com.br\/?p=32465\"]}]},{\"@type\":\"BreadcrumbList\",\"@id\":\"https:\/\/revistavitrineibiuna.com.br\/?p=32465#breadcrumb\",\"itemListElement\":[{\"@type\":\"ListItem\",\"position\":1,\"item\":{\"@type\":\"WebPage\",\"@id\":\"https:\/\/revistavitrineibiuna.com.br\/\",\"url\":\"https:\/\/revistavitrineibiuna.com.br\/\",\"name\":\"In\\u00edcio\"}},{\"@type\":\"ListItem\",\"position\":2,\"item\":{\"@type\":\"WebPage\",\"@id\":\"https:\/\/revistavitrineibiuna.com.br\/?p=32465\",\"url\":\"https:\/\/revistavitrineibiuna.com.br\/?p=32465\",\"name\":\"TVUNA &#8211; M\\u00c9DICO ORIENTA SOBRE RISCOS PARA SUA SA\\u00daDE NAS FESTAS DE FIM DE ANO\"}}]},{\"@type\":\"Article\",\"@id\":\"https:\/\/revistavitrineibiuna.com.br\/?p=32465#article\",\"isPartOf\":{\"@id\":\"https:\/\/revistavitrineibiuna.com.br\/?p=32465#webpage\"},\"author\":{\"@id\":\"https:\/\/revistavitrineibiuna.com.br\/#\/schema\/person\/e51ef49d6d88170ea21ceabff3f73deb\"},\"headline\":\"TVUNA &#8211; M\\u00c9DICO ORIENTA SOBRE RISCOS PARA SUA SA\\u00daDE NAS FESTAS DE FIM DE ANO\",\"datePublished\":\"2024-12-15T23:02:37+00:00\",\"dateModified\":\"2024-12-15T23:02:38+00:00\",\"mainEntityOfPage\":{\"@id\":\"https:\/\/revistavitrineibiuna.com.br\/?p=32465#webpage\"},\"commentCount\":0,\"publisher\":{\"@id\":\"https:\/\/revistavitrineibiuna.com.br\/#\/schema\/person\/e51ef49d6d88170ea21ceabff3f73deb\"},\"image\":{\"@id\":\"https:\/\/revistavitrineibiuna.com.br\/?p=32465#primaryimage\"},\"articleSection\":\"Not\\u00edcias\",\"inLanguage\":\"pt-BR\",\"potentialAction\":[{\"@type\":\"CommentAction\",\"name\":\"Comment\",\"target\":[\"https:\/\/revistavitrineibiuna.com.br\/?p=32465#respond\"]}]},{\"@type\":[\"Person\",\"Organization\"],\"@id\":\"https:\/\/revistavitrineibiuna.com.br\/#\/schema\/person\/e51ef49d6d88170ea21ceabff3f73deb\",\"name\":\"Carlos Rossini\",\"image\":{\"@type\":\"ImageObject\",\"@id\":\"https:\/\/revistavitrineibiuna.com.br\/#personlogo\",\"inLanguage\":\"pt-BR\",\"url\":\"https:\/\/secure.gravatar.com\/avatar\/4f2d0f99fac1f85c7d643f21f5c8d900?s=96&d=mm&r=g\",\"caption\":\"Carlos Rossini\"},\"logo\":{\"@id\":\"https:\/\/revistavitrineibiuna.com.br\/#personlogo\"},\"description\":\"Carlos Rossini \\u00e9 jornalista, soci\\u00f3logo, escritor e professor universit\\u00e1rio, tendo sido professor de jornalismo por vinte anos. Trabalhou em ve\\u00edculos de comunica\\u00e7\\u00e3o nas fun\\u00e7\\u00f5es de rep\\u00f3rter, redator, editor, articulista e colaborador, como Folha de S. Paulo, O Estado de S. Paulo, Di\\u00e1rio Popular, entre outros. Ao transferir a revista vitrine, vers\\u00e3o imprensa, de S\\u00e3o Paulo para Ibi\\u00fana h\\u00e1 alguns anos, iniciou uma nova experi\\u00eancia profissional, dedicando-se ao jornalismo regional, depois de cumprir uma trajet\\u00f3ria bem-sucedida na grande imprensa brasileira. Seu primeiro livro A Coragem de Comunicar foi lan\\u00e7ado na Bienal do Livro em S\\u00e3o Paulo no ano 2000, pela editora Madras.\"}]}<\/script>\n<!-- \/ Yoast SEO plugin. -->","_links":{"self":[{"href":"https:\/\/revistavitrineibiuna.com.br\/index.php?rest_route=\/wp\/v2\/posts\/32465"}],"collection":[{"href":"https:\/\/revistavitrineibiuna.com.br\/index.php?rest_route=\/wp\/v2\/posts"}],"about":[{"href":"https:\/\/revistavitrineibiuna.com.br\/index.php?rest_route=\/wp\/v2\/types\/post"}],"author":[{"embeddable":true,"href":"https:\/\/revistavitrineibiuna.com.br\/index.php?rest_route=\/wp\/v2\/users\/1"}],"replies":[{"embeddable":true,"href":"https:\/\/revistavitrineibiuna.com.br\/index.php?rest_route=%2Fwp%2Fv2%2Fcomments&post=32465"}],"version-history":[{"count":1,"href":"https:\/\/revistavitrineibiuna.com.br\/index.php?rest_route=\/wp\/v2\/posts\/32465\/revisions"}],"predecessor-version":[{"id":32467,"href":"https:\/\/revistavitrineibiuna.com.br\/index.php?rest_route=\/wp\/v2\/posts\/32465\/revisions\/32467"}],"wp:featuredmedia":[{"embeddable":true,"href":"https:\/\/revistavitrineibiuna.com.br\/index.php?rest_route=\/wp\/v2\/media\/32466"}],"wp:attachment":[{"href":"https:\/\/revistavitrineibiuna.com.br\/index.php?rest_route=%2Fwp%2Fv2%2Fmedia&parent=32465"}],"wp:term":[{"taxonomy":"category","embeddable":true,"href":"https:\/\/revistavitrineibiuna.com.br\/index.php?rest_route=%2Fwp%2Fv2%2Fcategories&post=32465"},{"taxonomy":"post_tag","embeddable":true,"href":"https:\/\/revistavitrineibiuna.com.br\/index.php?rest_route=%2Fwp%2Fv2%2Ftags&post=32465"}],"curies":[{"name":"wp","href":"https:\/\/api.w.org\/{rel}","templated":true}]}}