{"id":32472,"date":"2024-12-17T11:40:51","date_gmt":"2024-12-17T14:40:51","guid":{"rendered":"http:\/\/revistavitrineibiuna.com.br\/?p=32472"},"modified":"2024-12-17T21:48:21","modified_gmt":"2024-12-18T00:48:21","slug":"ibiuna-mario-pires-considera-sua-eleicao-como-vitoria-do-povo","status":"publish","type":"post","link":"https:\/\/revistavitrineibiuna.com.br\/?p=32472","title":{"rendered":"IBI\u00daNA &#8211; M\u00c1RIO PIRES CONSIDERA SUA ELEI\u00c7\u00c3O COMO &#8220;VIT\u00d3RIA DO POVO&#8221;"},"content":{"rendered":"\n<p class=\"has-drop-cap\"><strong>Diplomado ontem (16) \u00e0 tarde pela Justi\u00e7a Eleitoral em sess\u00e3o solene na C\u00e2mara Municipal de Ibi\u00fana, o prefeito eleito, advogado M\u00e1rio Pires, considerou o resultado da elei\u00e7\u00e3o como \u201cuma vit\u00f3ria do povo\u201d ibiunense.<\/strong><\/p>\n\n\n\n<p><strong>ENERGIA HARMONIOSA<\/strong><\/p>\n\n\n\n<figure class=\"wp-block-image size-large\"><img loading=\"lazy\" width=\"1024\" height=\"768\" src=\"https:\/\/revistavitrineibiuna.com.br\/wp-content\/uploads\/2024\/12\/9320aab7-0703-4181-811f-dd60e6c55f30-1024x768.jpg\" alt=\"\" class=\"wp-image-32512\" srcset=\"https:\/\/revistavitrineibiuna.com.br\/wp-content\/uploads\/2024\/12\/9320aab7-0703-4181-811f-dd60e6c55f30-1024x768.jpg 1024w, https:\/\/revistavitrineibiuna.com.br\/wp-content\/uploads\/2024\/12\/9320aab7-0703-4181-811f-dd60e6c55f30-300x225.jpg 300w, https:\/\/revistavitrineibiuna.com.br\/wp-content\/uploads\/2024\/12\/9320aab7-0703-4181-811f-dd60e6c55f30-768x576.jpg 768w, https:\/\/revistavitrineibiuna.com.br\/wp-content\/uploads\/2024\/12\/9320aab7-0703-4181-811f-dd60e6c55f30-1536x1152.jpg 1536w, https:\/\/revistavitrineibiuna.com.br\/wp-content\/uploads\/2024\/12\/9320aab7-0703-4181-811f-dd60e6c55f30-320x240.jpg 320w, https:\/\/revistavitrineibiuna.com.br\/wp-content\/uploads\/2024\/12\/9320aab7-0703-4181-811f-dd60e6c55f30.jpg 1600w\" sizes=\"(max-width: 1024px) 100vw, 1024px\" \/><figcaption>M\u00e1rio Pires e Naldo Firmino est\u00e3o afinados entre si para iniciar um novo governo, motivados pela  not\u00f3ria esperan\u00e7a do povo<\/figcaption><\/figure>\n\n\n\n<p><strong>Em entrevista \u00e0 TVUNA e vitrine online, tanto Pires quanto o vice-prefeito eleito, vereador Naldo Firmino, demonstraram uma evidente energia vital para enfrentar os desafios, nada f\u00e1ceis, que ter\u00e3o pela frente a partir do dia 1\u00ba de janeiro, quando assumir\u00e3o o cargo pelos pr\u00f3ximos quatro anos.<\/strong><\/p>\n\n\n\n<p><strong>Revelaram tamb\u00e9m afinidades decisivas e raramente vistas na realidade do cen\u00e1rio pol\u00edtico, num relacionamento harmonioso, conivente e de m\u00fatuo respeito. Esses atributos ser\u00e3o fundamentais na condu\u00e7\u00e3o do Poder Executivo, sobretudo em suas rela\u00e7\u00f5es institucionais, notadamente com a C\u00e2mara de Vereadores.<\/strong><\/p>\n\n\n\n<p><strong>SOLENIDADE<\/strong><\/p>\n\n\n\n<figure class=\"wp-block-image size-large\"><img loading=\"lazy\" width=\"1024\" height=\"675\" src=\"https:\/\/revistavitrineibiuna.com.br\/wp-content\/uploads\/2024\/12\/Diplomacao-Mario-e-pedro-1-1024x675.png\" alt=\"\" class=\"wp-image-32475\" srcset=\"https:\/\/revistavitrineibiuna.com.br\/wp-content\/uploads\/2024\/12\/Diplomacao-Mario-e-pedro-1-1024x675.png 1024w, https:\/\/revistavitrineibiuna.com.br\/wp-content\/uploads\/2024\/12\/Diplomacao-Mario-e-pedro-1-300x198.png 300w, https:\/\/revistavitrineibiuna.com.br\/wp-content\/uploads\/2024\/12\/Diplomacao-Mario-e-pedro-1-768x506.png 768w, https:\/\/revistavitrineibiuna.com.br\/wp-content\/uploads\/2024\/12\/Diplomacao-Mario-e-pedro-1.png 1441w\" sizes=\"(max-width: 1024px) 100vw, 1024px\" \/><figcaption>Ao lado do filho Pedro, Pires recebe o diploma das m\u00e3os do juiz eleitoral de Ibi\u00fana, Dr. Acau\u00e3<\/figcaption><\/figure>\n\n\n\n<p><strong>Na mesma solenidade, igualmente receberam seus diplomas das m\u00e3os do juiz eleitoral em Ibi\u00fana, Dr. Acau\u00e3 Muller Ferreira Tirapani, os quinze vereadores eleitos ou reeleitos. Tamb\u00e9m estavam na mesa do plen\u00e1rio os servidores do Cart\u00f3rio Eleitoral, aos quais Tirapani agradeceu pelo trabalho e dedica\u00e7\u00e3o.<\/strong><\/p>\n\n\n\n<p><strong>Na plateia se encontravam os familiares dos eleitos, incluindo av\u00f4s, pais, filhos, que enriqueceram os muitos aplausos durante a cerim\u00f4nia.<\/strong><\/p>\n\n\n\n<p><strong>Na mesa diretora se encontravam, al\u00e9m do Dr. Tirapani, o promotor Dr. Thiago Henrique Bernini Ramos, o novo titular da Pol\u00edcia Civil de Ibi\u00fana, Dr. Sandro T\u00e1vora, e a Dra. Luciana Bini Cardoso, presidente da OAB-Ibi\u00fana.<\/strong><\/p>\n\n\n\n<p><strong>O vereador mais votado, Paulinho Dias, fez o primeiro discurso agradecendo seus familiares e os votos recebidos ressaltou a presen\u00e7a do vereador Lino J\u00fanior, que representou o Legislativo na cerim\u00f4nia e que ir\u00e1 honrar cada voto recebido no pr\u00f3ximo exerc\u00edcio parlamentar.<\/strong><\/p>\n\n\n\n<figure class=\"wp-block-image size-large\"><img loading=\"lazy\" width=\"1024\" height=\"682\" src=\"https:\/\/revistavitrineibiuna.com.br\/wp-content\/uploads\/2024\/12\/ac5ddead-ab38-41e8-8553-cd3107b5e0f2-1024x682.jpg\" alt=\"\" class=\"wp-image-32479\" srcset=\"https:\/\/revistavitrineibiuna.com.br\/wp-content\/uploads\/2024\/12\/ac5ddead-ab38-41e8-8553-cd3107b5e0f2-1024x682.jpg 1024w, https:\/\/revistavitrineibiuna.com.br\/wp-content\/uploads\/2024\/12\/ac5ddead-ab38-41e8-8553-cd3107b5e0f2-300x200.jpg 300w, https:\/\/revistavitrineibiuna.com.br\/wp-content\/uploads\/2024\/12\/ac5ddead-ab38-41e8-8553-cd3107b5e0f2-768x512.jpg 768w, https:\/\/revistavitrineibiuna.com.br\/wp-content\/uploads\/2024\/12\/ac5ddead-ab38-41e8-8553-cd3107b5e0f2-1536x1023.jpg 1536w, https:\/\/revistavitrineibiuna.com.br\/wp-content\/uploads\/2024\/12\/ac5ddead-ab38-41e8-8553-cd3107b5e0f2.jpg 1600w\" sizes=\"(max-width: 1024px) 100vw, 1024px\" \/><\/figure>\n\n\n\n<p><strong>\u201cJUSTI\u00c7A, DESENVOLVIMENTO E HUMANIDADE\u201d<\/strong><\/p>\n\n\n\n<p><strong>O prefeito eleito M\u00e1rio Pires, num discurso emocionado, lembrou que seu pai trabalhava numa f\u00e1brica de tijolos e como taxista \u201cpara complementar a renda\u201d. Um dia ele saiu com o t\u00e1xi e n\u00e3o mais voltou para casa porque fora vitima de um latroc\u00ednio. A m\u00e3e, No\u00eamia, ent\u00e3o, estava gr\u00e1vida do M\u00e1rio.<\/strong><\/p>\n\n\n\n<p><strong>Num gesto surpreendente, Pires desembrulhou um tijolo e o segurou na m\u00e3o, demonstrando ao mesmo tempo sua origem humilde, como \u00e9 tamb\u00e9m do vice-prefeito Naldo Firmino, como um s\u00edmbolo \u201cpara construir a obra de uma Ibi\u00fana melhor\u201d.<\/strong><\/p>\n\n\n\n<figure class=\"wp-block-image size-large\"><img loading=\"lazy\" width=\"1024\" height=\"532\" src=\"https:\/\/revistavitrineibiuna.com.br\/wp-content\/uploads\/2024\/12\/todo-mundo-junto-1024x532.png\" alt=\"\" class=\"wp-image-32482\" srcset=\"https:\/\/revistavitrineibiuna.com.br\/wp-content\/uploads\/2024\/12\/todo-mundo-junto-1024x532.png 1024w, https:\/\/revistavitrineibiuna.com.br\/wp-content\/uploads\/2024\/12\/todo-mundo-junto-300x156.png 300w, https:\/\/revistavitrineibiuna.com.br\/wp-content\/uploads\/2024\/12\/todo-mundo-junto-768x399.png 768w, https:\/\/revistavitrineibiuna.com.br\/wp-content\/uploads\/2024\/12\/todo-mundo-junto-1536x798.png 1536w, https:\/\/revistavitrineibiuna.com.br\/wp-content\/uploads\/2024\/12\/todo-mundo-junto.png 1600w\" sizes=\"(max-width: 1024px) 100vw, 1024px\" \/><figcaption>Foto hist\u00f3rica da cerim\u00f4nia de diploma\u00e7\u00e3o dos eleitos para o mandato que vai de 2025 a 2028, <\/figcaption><\/figure>\n\n\n\n<p><strong>TR\u00cdADE<\/strong><\/p>\n\n\n\n<p><strong>Depois de enfatizar que pretende fortalecer as rela\u00e7\u00f5es institucionais com a Justi\u00e7a, C\u00e2mara Municipal, for\u00e7as de seguran\u00e7a, e entidades como a OAB, Pires afirmou que seu governo ter\u00e1 um trip\u00e9 para organizar suas a\u00e7\u00f5es: Justi\u00e7a, Desenvolvimento e Humanidade.<\/strong><\/p>\n\n\n\n<p><strong>\u201cJusti\u00e7a para assegurar ao povo dignidade e igualdade; Desenvolvimento para gerar empregos, investimentos e condi\u00e7\u00f5es de vida; e Humanidade para nunca mais esquecer que governamos para que pessoas vivam suas hist\u00f3rias e seus sonhos.\u201d<\/strong><\/p>\n\n\n\n<figure class=\"wp-block-image size-large\"><img loading=\"lazy\" width=\"1024\" height=\"768\" src=\"https:\/\/revistavitrineibiuna.com.br\/wp-content\/uploads\/2024\/12\/26c34e56-3971-4e43-8506-e42a5d4c17a6-1024x768.jpg\" alt=\"\" class=\"wp-image-32484\" srcset=\"https:\/\/revistavitrineibiuna.com.br\/wp-content\/uploads\/2024\/12\/26c34e56-3971-4e43-8506-e42a5d4c17a6-1024x768.jpg 1024w, https:\/\/revistavitrineibiuna.com.br\/wp-content\/uploads\/2024\/12\/26c34e56-3971-4e43-8506-e42a5d4c17a6-300x225.jpg 300w, https:\/\/revistavitrineibiuna.com.br\/wp-content\/uploads\/2024\/12\/26c34e56-3971-4e43-8506-e42a5d4c17a6-768x576.jpg 768w, https:\/\/revistavitrineibiuna.com.br\/wp-content\/uploads\/2024\/12\/26c34e56-3971-4e43-8506-e42a5d4c17a6-1536x1152.jpg 1536w, https:\/\/revistavitrineibiuna.com.br\/wp-content\/uploads\/2024\/12\/26c34e56-3971-4e43-8506-e42a5d4c17a6-320x240.jpg 320w, https:\/\/revistavitrineibiuna.com.br\/wp-content\/uploads\/2024\/12\/26c34e56-3971-4e43-8506-e42a5d4c17a6.jpg 1600w\" sizes=\"(max-width: 1024px) 100vw, 1024px\" \/><\/figure>\n\n\n\n<p><strong>RESPEITO \u00c0S LEIS<\/strong><\/p>\n\n\n\n<p><strong>\u00daltimo a discursar, o juiz eleitoral Acau\u00e3 Muller Ferreira Tirapani agradeceu a todos por ter havido uma elei\u00e7\u00e3o \u201cserena\u201d, sem maiores intercorr\u00eancias, gra\u00e7as \u00e0 colabora\u00e7\u00e3o dos servidores do Cart\u00f3rio Eleitoral, e das institui\u00e7\u00f5es de seguran\u00e7a \u2013 Pol\u00edcia Militar, Guarda Civil Municipal e Pol\u00edcia Civil \u2013 que garantiram a tranq\u00fcilidade durante o pleito de 6 de outubro.<\/strong><\/p>\n\n\n\n<p><strong>Tirapani reiterou o que dissera a TVUNA e vitrine online no dia das apura\u00e7\u00f5es, lembrando, n\u00e3o apenas se referindo apenas a Ibi\u00fana, mas a todo o Brasil, que \u00e9 importante que as autoridades hajam de modo \u00e9tico, em respeito aos valores essenciais que regem a vida da na\u00e7\u00e3o.<\/strong><\/p>\n\n\n\n<p><strong>\u201cEm caso de d\u00favida, assinalou, siguam a Constitui\u00e7\u00e3o Federal.\u201d<\/strong><\/p>\n\n\n\n<p><strong>DIPLOMADOS<\/strong><\/p>\n\n\n\n<p><strong>Prefeito: M\u00e1rio Pires (Republicanos); vice-prefeito, Naldo Firmino (PRD).<\/strong><\/p>\n\n\n\n<p><strong>Vereadores: (por ordem de vota\u00e7\u00e3o: do mais votado para o menos votado: Paulinho Dias* (PSD \u2013 1.954 votos \u2013 o mais votado da hist\u00f3ria do munic\u00edpio), Rodrigo (PSD \u2013 1.368), Pururuca* (MDB \u2013 1.081), Dilt\u00e3o (PRD \u2013 984 votos), Dito Santos (MDB \u2013 965), Abel do Cupim* (PL \u2013 954), Carlinhos Marques (Pode \u2013 900), Lucas Pires (Pode \u2013 889), Charles Guimar\u00e3es (PL \u2013 783), Lucas \u201cdo Samu\u201d Borba* (PDT \u2013 760), Devanil da Ressaca* (PSD \u2013 673), Francine Bello (PDT \u2013 638), Tiago Godinho (PRD \u2013 598), Rodrigo Moraes (PDT \u2013 592) e Valnei Galv\u00e3o* (Rep \u2013 500).<\/strong><\/p>\n\n\n\n<p><strong>POSSE NO DIA 1\u00ba<\/strong><\/p>\n\n\n\n<p><strong>A cerim\u00f4nia de posse dos eleitos ser\u00e1 realizada no dia 1\u00ba de janeiro \u00e0s 10h, no Centro Cultural e Esportivo de Ibi\u00fana (CCEI), situado na rua J\u00falio Gabriel Vieira, 122, no centro.<\/strong><\/p>\n\n\n\n<p><strong>O convite \u00e9 aberto \u00e0 participa\u00e7\u00e3o popular.<\/strong><\/p>\n\n\n\n<figure class=\"wp-block-image size-large\"><img loading=\"lazy\" width=\"1024\" height=\"607\" src=\"https:\/\/revistavitrineibiuna.com.br\/wp-content\/uploads\/2024\/12\/59239acb-1fd4-4f58-ad55-ad16d9744951-1024x607.jpg\" alt=\"\" class=\"wp-image-32486\" srcset=\"https:\/\/revistavitrineibiuna.com.br\/wp-content\/uploads\/2024\/12\/59239acb-1fd4-4f58-ad55-ad16d9744951-1024x607.jpg 1024w, https:\/\/revistavitrineibiuna.com.br\/wp-content\/uploads\/2024\/12\/59239acb-1fd4-4f58-ad55-ad16d9744951-300x178.jpg 300w, https:\/\/revistavitrineibiuna.com.br\/wp-content\/uploads\/2024\/12\/59239acb-1fd4-4f58-ad55-ad16d9744951-768x456.jpg 768w, https:\/\/revistavitrineibiuna.com.br\/wp-content\/uploads\/2024\/12\/59239acb-1fd4-4f58-ad55-ad16d9744951-1536x911.jpg 1536w, https:\/\/revistavitrineibiuna.com.br\/wp-content\/uploads\/2024\/12\/59239acb-1fd4-4f58-ad55-ad16d9744951.jpg 1600w\" sizes=\"(max-width: 1024px) 100vw, 1024px\" \/><\/figure>\n\n\n\n<p><strong>SASAKI E BELLO<\/strong><\/p>\n\n\n\n<p><strong>O prefeito Paulo Sasaki enviou uma mensagem que foi lida pela cerimonialista do evento. Dizia que, por ter outros compromissos agendados anteriormente, n\u00e3o poderia participar<\/strong> <strong>da solenidade e cumprimentou os eleitos. <\/strong><\/p>\n\n\n\n<p><strong>O ex-prefeito F\u00e1bio Bello, o mais influente pol\u00edtico da gest\u00e3o findante, participou ocupando um assento no piso superior da plateia<\/strong>. <strong>Sua filha, Francine Bello, \u00fanica mulher eleita, estava entre os diplomandos. <\/strong><\/p>\n","protected":false},"excerpt":{"rendered":"<p>Diplomado ontem (16) \u00e0 tarde pela Justi\u00e7a Eleitoral em sess\u00e3o solene na C\u00e2mara Municipal de Ibi\u00fana, o prefeito eleito, advogado<\/p>\n","protected":false},"author":1,"featured_media":32473,"comment_status":"open","ping_status":"open","sticky":false,"template":"","format":"standard","meta":[],"categories":[3],"tags":[],"yoast_head":"<!-- This site is optimized with the Yoast SEO plugin v15.8 - https:\/\/yoast.com\/wordpress\/plugins\/seo\/ -->\n<title>IBI\u00daNA - M\u00c1RIO PIRES CONSIDERA SUA ELEI\u00c7\u00c3O COMO &quot;VIT\u00d3RIA DO POVO&quot; - Revista Vitrine Online<\/title>\n<meta name=\"robots\" content=\"index, follow, max-snippet:-1, max-image-preview:large, max-video-preview:-1\" \/>\n<link rel=\"canonical\" href=\"http:\/\/revistavitrineibiuna.com.br\/?p=32472\" \/>\n<meta property=\"og:locale\" content=\"pt_BR\" \/>\n<meta property=\"og:type\" content=\"article\" \/>\n<meta property=\"og:title\" content=\"IBI\u00daNA - M\u00c1RIO PIRES CONSIDERA SUA ELEI\u00c7\u00c3O COMO &quot;VIT\u00d3RIA DO POVO&quot; - Revista Vitrine Online\" \/>\n<meta property=\"og:description\" content=\"Diplomado ontem (16) \u00e0 tarde pela Justi\u00e7a Eleitoral em sess\u00e3o solene na C\u00e2mara Municipal de Ibi\u00fana, o prefeito eleito, advogado\" \/>\n<meta property=\"og:url\" content=\"http:\/\/revistavitrineibiuna.com.br\/?p=32472\" \/>\n<meta property=\"og:site_name\" content=\"Revista Vitrine Online\" \/>\n<meta property=\"article:published_time\" content=\"2024-12-17T14:40:51+00:00\" \/>\n<meta property=\"article:modified_time\" content=\"2024-12-18T00:48:21+00:00\" \/>\n<meta property=\"og:image\" content=\"https:\/\/revistavitrineibiuna.com.br\/wp-content\/uploads\/2024\/12\/Mario-pires-discursa.png\" \/>\n\t<meta property=\"og:image:width\" content=\"531\" \/>\n\t<meta property=\"og:image:height\" content=\"328\" \/>\n<meta name=\"twitter:card\" content=\"summary\" \/>\n<meta name=\"twitter:label1\" content=\"Est. reading time\">\n\t<meta name=\"twitter:data1\" content=\"5 minutos\">\n<script type=\"application\/ld+json\" class=\"yoast-schema-graph\">{\"@context\":\"https:\/\/schema.org\",\"@graph\":[{\"@type\":\"WebSite\",\"@id\":\"https:\/\/revistavitrineibiuna.com.br\/#website\",\"url\":\"https:\/\/revistavitrineibiuna.com.br\/\",\"name\":\"Revista Vitrine Ibi\\u00fana\",\"description\":\"A Revista de Ibi\\u00fana e Regi\\u00e3o\",\"publisher\":{\"@id\":\"https:\/\/revistavitrineibiuna.com.br\/#\/schema\/person\/e51ef49d6d88170ea21ceabff3f73deb\"},\"potentialAction\":[{\"@type\":\"SearchAction\",\"target\":\"https:\/\/revistavitrineibiuna.com.br\/?s={search_term_string}\",\"query-input\":\"required name=search_term_string\"}],\"inLanguage\":\"pt-BR\"},{\"@type\":\"ImageObject\",\"@id\":\"http:\/\/revistavitrineibiuna.com.br\/?p=32472#primaryimage\",\"inLanguage\":\"pt-BR\",\"url\":\"https:\/\/revistavitrineibiuna.com.br\/wp-content\/uploads\/2024\/12\/Mario-pires-discursa.png\",\"width\":531,\"height\":328},{\"@type\":\"WebPage\",\"@id\":\"http:\/\/revistavitrineibiuna.com.br\/?p=32472#webpage\",\"url\":\"http:\/\/revistavitrineibiuna.com.br\/?p=32472\",\"name\":\"IBI\\u00daNA - M\\u00c1RIO PIRES CONSIDERA SUA ELEI\\u00c7\\u00c3O COMO \\\"VIT\\u00d3RIA DO POVO\\\" - Revista Vitrine Online\",\"isPartOf\":{\"@id\":\"https:\/\/revistavitrineibiuna.com.br\/#website\"},\"primaryImageOfPage\":{\"@id\":\"http:\/\/revistavitrineibiuna.com.br\/?p=32472#primaryimage\"},\"datePublished\":\"2024-12-17T14:40:51+00:00\",\"dateModified\":\"2024-12-18T00:48:21+00:00\",\"breadcrumb\":{\"@id\":\"http:\/\/revistavitrineibiuna.com.br\/?p=32472#breadcrumb\"},\"inLanguage\":\"pt-BR\",\"potentialAction\":[{\"@type\":\"ReadAction\",\"target\":[\"http:\/\/revistavitrineibiuna.com.br\/?p=32472\"]}]},{\"@type\":\"BreadcrumbList\",\"@id\":\"http:\/\/revistavitrineibiuna.com.br\/?p=32472#breadcrumb\",\"itemListElement\":[{\"@type\":\"ListItem\",\"position\":1,\"item\":{\"@type\":\"WebPage\",\"@id\":\"https:\/\/revistavitrineibiuna.com.br\/\",\"url\":\"https:\/\/revistavitrineibiuna.com.br\/\",\"name\":\"In\\u00edcio\"}},{\"@type\":\"ListItem\",\"position\":2,\"item\":{\"@type\":\"WebPage\",\"@id\":\"http:\/\/revistavitrineibiuna.com.br\/?p=32472\",\"url\":\"http:\/\/revistavitrineibiuna.com.br\/?p=32472\",\"name\":\"IBI\\u00daNA &#8211; M\\u00c1RIO PIRES CONSIDERA SUA ELEI\\u00c7\\u00c3O COMO &#8220;VIT\\u00d3RIA DO POVO&#8221;\"}}]},{\"@type\":\"Article\",\"@id\":\"http:\/\/revistavitrineibiuna.com.br\/?p=32472#article\",\"isPartOf\":{\"@id\":\"http:\/\/revistavitrineibiuna.com.br\/?p=32472#webpage\"},\"author\":{\"@id\":\"https:\/\/revistavitrineibiuna.com.br\/#\/schema\/person\/e51ef49d6d88170ea21ceabff3f73deb\"},\"headline\":\"IBI\\u00daNA &#8211; M\\u00c1RIO PIRES CONSIDERA SUA ELEI\\u00c7\\u00c3O COMO &#8220;VIT\\u00d3RIA DO POVO&#8221;\",\"datePublished\":\"2024-12-17T14:40:51+00:00\",\"dateModified\":\"2024-12-18T00:48:21+00:00\",\"mainEntityOfPage\":{\"@id\":\"http:\/\/revistavitrineibiuna.com.br\/?p=32472#webpage\"},\"commentCount\":0,\"publisher\":{\"@id\":\"https:\/\/revistavitrineibiuna.com.br\/#\/schema\/person\/e51ef49d6d88170ea21ceabff3f73deb\"},\"image\":{\"@id\":\"http:\/\/revistavitrineibiuna.com.br\/?p=32472#primaryimage\"},\"articleSection\":\"Not\\u00edcias\",\"inLanguage\":\"pt-BR\",\"potentialAction\":[{\"@type\":\"CommentAction\",\"name\":\"Comment\",\"target\":[\"http:\/\/revistavitrineibiuna.com.br\/?p=32472#respond\"]}]},{\"@type\":[\"Person\",\"Organization\"],\"@id\":\"https:\/\/revistavitrineibiuna.com.br\/#\/schema\/person\/e51ef49d6d88170ea21ceabff3f73deb\",\"name\":\"Carlos Rossini\",\"image\":{\"@type\":\"ImageObject\",\"@id\":\"https:\/\/revistavitrineibiuna.com.br\/#personlogo\",\"inLanguage\":\"pt-BR\",\"url\":\"https:\/\/secure.gravatar.com\/avatar\/4f2d0f99fac1f85c7d643f21f5c8d900?s=96&d=mm&r=g\",\"caption\":\"Carlos Rossini\"},\"logo\":{\"@id\":\"https:\/\/revistavitrineibiuna.com.br\/#personlogo\"},\"description\":\"Carlos Rossini \\u00e9 jornalista, soci\\u00f3logo, escritor e professor universit\\u00e1rio, tendo sido professor de jornalismo por vinte anos. Trabalhou em ve\\u00edculos de comunica\\u00e7\\u00e3o nas fun\\u00e7\\u00f5es de rep\\u00f3rter, redator, editor, articulista e colaborador, como Folha de S. Paulo, O Estado de S. Paulo, Di\\u00e1rio Popular, entre outros. Ao transferir a revista vitrine, vers\\u00e3o imprensa, de S\\u00e3o Paulo para Ibi\\u00fana h\\u00e1 alguns anos, iniciou uma nova experi\\u00eancia profissional, dedicando-se ao jornalismo regional, depois de cumprir uma trajet\\u00f3ria bem-sucedida na grande imprensa brasileira. Seu primeiro livro A Coragem de Comunicar foi lan\\u00e7ado na Bienal do Livro em S\\u00e3o Paulo no ano 2000, pela editora Madras.\"}]}<\/script>\n<!-- \/ Yoast SEO plugin. -->","_links":{"self":[{"href":"https:\/\/revistavitrineibiuna.com.br\/index.php?rest_route=\/wp\/v2\/posts\/32472"}],"collection":[{"href":"https:\/\/revistavitrineibiuna.com.br\/index.php?rest_route=\/wp\/v2\/posts"}],"about":[{"href":"https:\/\/revistavitrineibiuna.com.br\/index.php?rest_route=\/wp\/v2\/types\/post"}],"author":[{"embeddable":true,"href":"https:\/\/revistavitrineibiuna.com.br\/index.php?rest_route=\/wp\/v2\/users\/1"}],"replies":[{"embeddable":true,"href":"https:\/\/revistavitrineibiuna.com.br\/index.php?rest_route=%2Fwp%2Fv2%2Fcomments&post=32472"}],"version-history":[{"count":31,"href":"https:\/\/revistavitrineibiuna.com.br\/index.php?rest_route=\/wp\/v2\/posts\/32472\/revisions"}],"predecessor-version":[{"id":32521,"href":"https:\/\/revistavitrineibiuna.com.br\/index.php?rest_route=\/wp\/v2\/posts\/32472\/revisions\/32521"}],"wp:featuredmedia":[{"embeddable":true,"href":"https:\/\/revistavitrineibiuna.com.br\/index.php?rest_route=\/wp\/v2\/media\/32473"}],"wp:attachment":[{"href":"https:\/\/revistavitrineibiuna.com.br\/index.php?rest_route=%2Fwp%2Fv2%2Fmedia&parent=32472"}],"wp:term":[{"taxonomy":"category","embeddable":true,"href":"https:\/\/revistavitrineibiuna.com.br\/index.php?rest_route=%2Fwp%2Fv2%2Fcategories&post=32472"},{"taxonomy":"post_tag","embeddable":true,"href":"https:\/\/revistavitrineibiuna.com.br\/index.php?rest_route=%2Fwp%2Fv2%2Ftags&post=32472"}],"curies":[{"name":"wp","href":"https:\/\/api.w.org\/{rel}","templated":true}]}}