{"id":32522,"date":"2024-12-23T20:45:29","date_gmt":"2024-12-23T23:45:29","guid":{"rendered":"http:\/\/revistavitrineibiuna.com.br\/?p=32522"},"modified":"2024-12-23T21:11:11","modified_gmt":"2024-12-24T00:11:11","slug":"una-gastrobar-abre-suas-portas-com-musica-ao-vivo-em-tres-noites","status":"publish","type":"post","link":"https:\/\/revistavitrineibiuna.com.br\/?p=32522","title":{"rendered":"UNA GASTROBAR ABRE SUAS PORTAS COM M\u00daSICA AO VIVO EM TR\u00caS NOITES"},"content":{"rendered":"\n<p class=\"has-drop-cap\"><strong>Anote este endere\u00e7o: Rua Benjamin Constant, 286, centro Ibi\u00fana-SP. Exatamente ali foi inaugurado o Una Gastrobar, neste fim de semana. Surgiu de um projeto de quatro amigos ibiunenses com o objetivo criar um ambiente diferenciado e acolhedor para receber fam\u00edlias e amigos, com espa\u00e7o kids, num ambiente agrad\u00e1vel.<\/strong><\/p>\n\n\n\n<p><strong>Una Gastrobar abre suas portas no Natal, como um presente oferecido tanto aos ibiunenses quanto aos turistas que visitam a cidade.<\/strong><\/p>\n\n\n\n<p><strong>A inaugura\u00e7\u00e3o foi celebrada durante tr\u00eas noites musicais. Na sexta (20) se apresentaram os pagodeiros do \u201cNova Era\u201d, no s\u00e1bado (21) foi a vez do Gabriel Fernandes com can\u00e7\u00f5es de brasilidades; e no domingo Victor Ara\u00fajo animou a plateia com sertanejos. L\u00f3gico, o pessoal aproveitou para cantar junto, dan\u00e7ar e se divertir.<\/strong><\/p>\n\n\n\n<p><strong>Everton e Francine Borges e Guilherme e Fernanda Camargo, nosso quarteto idealizador da casa, trabalharam duro para oferecer um ambiente marcante com suas cores, decora\u00e7\u00e3o em homenagem \u00e0 cidade de Ibi\u00fana e a forma\u00e7\u00e3o de uma equipe que abriu 10 novos empregos na cidade, com cinco funcion\u00e1rios fixos e cinco freelancers nos finais de semana.<\/strong><\/p>\n\n\n\n<figure class=\"wp-block-image size-large\"><img loading=\"lazy\" width=\"1024\" height=\"611\" src=\"https:\/\/revistavitrineibiuna.com.br\/wp-content\/uploads\/2024\/12\/foto-da-capa-una-gastro-bar-1-1024x611.png\" alt=\"\" class=\"wp-image-32526\" srcset=\"https:\/\/revistavitrineibiuna.com.br\/wp-content\/uploads\/2024\/12\/foto-da-capa-una-gastro-bar-1-1024x611.png 1024w, https:\/\/revistavitrineibiuna.com.br\/wp-content\/uploads\/2024\/12\/foto-da-capa-una-gastro-bar-1-300x179.png 300w, https:\/\/revistavitrineibiuna.com.br\/wp-content\/uploads\/2024\/12\/foto-da-capa-una-gastro-bar-1-768x458.png 768w, https:\/\/revistavitrineibiuna.com.br\/wp-content\/uploads\/2024\/12\/foto-da-capa-una-gastro-bar-1.png 1318w\" sizes=\"(max-width: 1024px) 100vw, 1024px\" \/><figcaption>Everton (Tom) e Francine Borges; Guilherme e Fernanda Camargo<\/figcaption><\/figure>\n\n\n\n<p><strong>AMBIENTE DIFERENCIADO<\/strong><\/p>\n\n\n\n<p><strong>Francine Borges, s\u00f3cia respons\u00e1vel pelo marketing do novo restaurante bar, declarou:<\/strong><\/p>\n\n\n\n<p><strong>\u201cNossa ideia sempre foi criar um ambiente diferenciado, que atendesse \u00e0s necessidades de pessoas como n\u00f3s: um espa\u00e7o onde seja poss\u00edvel tanto curtir momentos em fam\u00edlia quanto se reunir com os amigos. Priorizamos um clima acolhedor, cheio de respeito, com uma gastronomia de alta qualidade e pre\u00e7o justo.\u201d<\/strong><\/p>\n\n\n\n<p><strong>\u201cA m\u00fasica ao vivo \u00e9 um grande destaque, trazendo vida e alegria ao ambiente. Os clientes podem relaxar e aproveitar em suas mesas ou se lan\u00e7ar na pista de dan\u00e7a. Com estilos variados, buscamos agradar a todos os gostos musicais.\u201d<\/strong><\/p>\n\n\n\n<p><strong>GASTRONOMIA<\/strong><\/p>\n\n\n\n<p><strong>\u201cNa gastronomia, nosso foco est\u00e1 em oferecer pratos saborosos e bem preparados. Desde as nossas famosas por\u00e7\u00f5es, como a til\u00e1pia fresca que agradou os clientes em cheio, &nbsp;at\u00e9 os lanches artesanais suculentos, tudo \u00e9 feito com cuidado e qualidade. Oferecemos 8 op\u00e7\u00f5es de lanches e 12 de por\u00e7\u00f5es, garantindo op\u00e7\u00f5es para todos os paladares\u201d, esclarece Borges.<\/strong><\/p>\n\n\n\n<figure class=\"wp-block-image size-large\"><img loading=\"lazy\" width=\"719\" height=\"492\" src=\"https:\/\/revistavitrineibiuna.com.br\/wp-content\/uploads\/2024\/12\/gastro-una-bar-3.png\" alt=\"\" class=\"wp-image-32528\" srcset=\"https:\/\/revistavitrineibiuna.com.br\/wp-content\/uploads\/2024\/12\/gastro-una-bar-3.png 719w, https:\/\/revistavitrineibiuna.com.br\/wp-content\/uploads\/2024\/12\/gastro-una-bar-3-300x205.png 300w, https:\/\/revistavitrineibiuna.com.br\/wp-content\/uploads\/2024\/12\/gastro-una-bar-3-130x90.png 130w\" sizes=\"(max-width: 719px) 100vw, 719px\" \/><figcaption>Noite do pagode com a casa cheia e muita alegria<\/figcaption><\/figure>\n\n\n\n<p><strong>BEBIDAS<\/strong><\/p>\n\n\n\n<p><strong>Os drinks tamb\u00e9m s\u00e3o um show \u00e0 parte, n\u00e3o apenas pelo sabor, mas pela est\u00e9tica. S\u00e3o 10 op\u00e7\u00f5es, divididas entre refrescantes, batidas e cl\u00e1ssicos. Para quem deseja algo \u00fanico, \u00e9 poss\u00edvel criar um drink personalizado com o barman. A maioria das op\u00e7\u00f5es tamb\u00e9m pode ser adaptada para vers\u00f5es sem \u00e1lcool, agradando a quem n\u00e3o bebe, mas aprecia uma bebida com visual bonito e elaborado. Nosso maior destaque \u00e9 o Una Drink [o drink da casa], uma combina\u00e7\u00e3o de gin, t\u00f4nica, lim\u00e3o, xarope de ma\u00e7\u00e3 verde e uma espuma saborizada que d\u00e1 o toque final.<\/strong><\/p>\n\n\n\n<p><strong>Para acompanhar, oferecemos chope Heineken, cervejas, refrigerantes, energ\u00e9ticos e \u00e1gua.<\/strong><\/p>\n\n\n\n<p><strong>A HIST\u00d3RIA DE IBI\u00daNA<\/strong><\/p>\n\n\n\n<p><strong>\u201cUm de nossos diferenciais s\u00e3o os pontos instagram\u00e1veis no sal\u00e3o: o muro verde com banco para fotos, a pintura art\u00edstica inspirada na represa de Itupararanga e quadros que celebram a hist\u00f3ria de Ibi\u00fana\u201d, assinala Borges. E acrescenta:<\/strong><\/p>\n\n\n\n<p><strong>\u201cNosso nome, nossas cores e cada detalhe foram pensados para valorizar a cidade que tanto amamos.\u201d<\/strong><\/p>\n\n\n\n<p><strong>CANTINHO KIDS<\/strong><\/p>\n\n\n\n<p><strong>Temos tamb\u00e9m um cantinho kids pensado especialmente para as fam\u00edlias. O espa\u00e7o \u00e9 seguro e adaptado, com mesinhas, tatames, cabana e uma parede-lousa para as crian\u00e7as soltarem a criatividade. Afinal, qual crian\u00e7a n\u00e3o adora rabiscar a parede? Enquanto isso, os pais podem aproveitar o momento de lazer com tranquilidade.<\/strong><\/p>\n\n\n\n<figure class=\"wp-block-image size-large\"><img loading=\"lazy\" width=\"708\" height=\"492\" src=\"https:\/\/revistavitrineibiuna.com.br\/wp-content\/uploads\/2024\/12\/una-gastro-bar-4.png\" alt=\"\" class=\"wp-image-32532\" srcset=\"https:\/\/revistavitrineibiuna.com.br\/wp-content\/uploads\/2024\/12\/una-gastro-bar-4.png 708w, https:\/\/revistavitrineibiuna.com.br\/wp-content\/uploads\/2024\/12\/una-gastro-bar-4-300x208.png 300w, https:\/\/revistavitrineibiuna.com.br\/wp-content\/uploads\/2024\/12\/una-gastro-bar-4-392x272.png 392w, https:\/\/revistavitrineibiuna.com.br\/wp-content\/uploads\/2024\/12\/una-gastro-bar-4-130x90.png 130w\" sizes=\"(max-width: 708px) 100vw, 708px\" \/><figcaption>Espa\u00e7o foi criado para oferecer momentos de alegria, dan\u00e7a e cantoria <\/figcaption><\/figure>\n\n\n\n<p><strong>ATENDIMENTO<\/strong><\/p>\n\n\n\n<p><strong>\u201cO atendimento \u00e9 outro ponto de aten\u00e7\u00e3o. Queremos que cada cliente tenha uma experi\u00eancia \u00fanica e agrad\u00e1vel. Nossa equipe \u00e9 treinada para oferecer o melhor servi\u00e7o. Os pedidos s\u00e3o feitos via aplicativo, reduzindo o uso de papel e agilizando o processo. Al\u00e9m disso, nossa comunica\u00e7\u00e3o interna \u00e9 facilitada pelo uso de r\u00e1dios, garantindo efici\u00eancia.\u201d<\/strong><\/p>\n\n\n\n<p><strong>UNA GASTRO BAR<\/strong><\/p>\n\n\n\n<p><strong><em>Rua Benjamin Constant, 286, centro de Ibi\u00fana<\/em><\/strong><\/p>\n\n\n\n<p><strong><em>Hor\u00e1rio de funcionamento: das 19h a  0h.<\/em><\/strong><\/p>\n\n\n\n<p><strong><em>Em dezembro estar\u00e1 fechado somente nos dias 24, 25 e 31<\/em><\/strong><\/p>\n","protected":false},"excerpt":{"rendered":"<p>Anote este endere\u00e7o: Rua Benjamin Constant, 286, centro Ibi\u00fana-SP. Exatamente ali foi inaugurado o Una Gastrobar, neste fim de semana.<\/p>\n","protected":false},"author":1,"featured_media":32523,"comment_status":"open","ping_status":"open","sticky":false,"template":"","format":"standard","meta":[],"categories":[3],"tags":[],"yoast_head":"<!-- This site is optimized with the Yoast SEO plugin v15.8 - https:\/\/yoast.com\/wordpress\/plugins\/seo\/ -->\n<title>UNA GASTROBAR ABRE SUAS PORTAS COM M\u00daSICA AO VIVO EM TR\u00caS NOITES - Revista Vitrine Online<\/title>\n<meta name=\"robots\" content=\"index, follow, max-snippet:-1, max-image-preview:large, max-video-preview:-1\" \/>\n<link rel=\"canonical\" href=\"http:\/\/revistavitrineibiuna.com.br\/?p=32522\" \/>\n<meta property=\"og:locale\" content=\"pt_BR\" \/>\n<meta property=\"og:type\" content=\"article\" \/>\n<meta property=\"og:title\" content=\"UNA GASTROBAR ABRE SUAS PORTAS COM M\u00daSICA AO VIVO EM TR\u00caS NOITES - Revista Vitrine Online\" \/>\n<meta property=\"og:description\" content=\"Anote este endere\u00e7o: Rua Benjamin Constant, 286, centro Ibi\u00fana-SP. Exatamente ali foi inaugurado o Una Gastrobar, neste fim de semana.\" \/>\n<meta property=\"og:url\" content=\"http:\/\/revistavitrineibiuna.com.br\/?p=32522\" \/>\n<meta property=\"og:site_name\" content=\"Revista Vitrine Online\" \/>\n<meta property=\"article:published_time\" content=\"2024-12-23T23:45:29+00:00\" \/>\n<meta property=\"article:modified_time\" content=\"2024-12-24T00:11:11+00:00\" \/>\n<meta property=\"og:image\" content=\"https:\/\/revistavitrineibiuna.com.br\/wp-content\/uploads\/2024\/12\/una-gastro-bar-2.png\" \/>\n\t<meta property=\"og:image:width\" content=\"1574\" \/>\n\t<meta property=\"og:image:height\" content=\"934\" \/>\n<meta name=\"twitter:card\" content=\"summary\" \/>\n<meta name=\"twitter:label1\" content=\"Est. reading time\">\n\t<meta name=\"twitter:data1\" content=\"4 minutos\">\n<script type=\"application\/ld+json\" class=\"yoast-schema-graph\">{\"@context\":\"https:\/\/schema.org\",\"@graph\":[{\"@type\":\"WebSite\",\"@id\":\"https:\/\/revistavitrineibiuna.com.br\/#website\",\"url\":\"https:\/\/revistavitrineibiuna.com.br\/\",\"name\":\"Revista Vitrine Ibi\\u00fana\",\"description\":\"A Revista de Ibi\\u00fana e Regi\\u00e3o\",\"publisher\":{\"@id\":\"https:\/\/revistavitrineibiuna.com.br\/#\/schema\/person\/e51ef49d6d88170ea21ceabff3f73deb\"},\"potentialAction\":[{\"@type\":\"SearchAction\",\"target\":\"https:\/\/revistavitrineibiuna.com.br\/?s={search_term_string}\",\"query-input\":\"required name=search_term_string\"}],\"inLanguage\":\"pt-BR\"},{\"@type\":\"ImageObject\",\"@id\":\"http:\/\/revistavitrineibiuna.com.br\/?p=32522#primaryimage\",\"inLanguage\":\"pt-BR\",\"url\":\"https:\/\/revistavitrineibiuna.com.br\/wp-content\/uploads\/2024\/12\/una-gastro-bar-2.png\",\"width\":1574,\"height\":934},{\"@type\":\"WebPage\",\"@id\":\"http:\/\/revistavitrineibiuna.com.br\/?p=32522#webpage\",\"url\":\"http:\/\/revistavitrineibiuna.com.br\/?p=32522\",\"name\":\"UNA GASTROBAR ABRE SUAS PORTAS COM M\\u00daSICA AO VIVO EM TR\\u00caS NOITES - Revista Vitrine Online\",\"isPartOf\":{\"@id\":\"https:\/\/revistavitrineibiuna.com.br\/#website\"},\"primaryImageOfPage\":{\"@id\":\"http:\/\/revistavitrineibiuna.com.br\/?p=32522#primaryimage\"},\"datePublished\":\"2024-12-23T23:45:29+00:00\",\"dateModified\":\"2024-12-24T00:11:11+00:00\",\"breadcrumb\":{\"@id\":\"http:\/\/revistavitrineibiuna.com.br\/?p=32522#breadcrumb\"},\"inLanguage\":\"pt-BR\",\"potentialAction\":[{\"@type\":\"ReadAction\",\"target\":[\"http:\/\/revistavitrineibiuna.com.br\/?p=32522\"]}]},{\"@type\":\"BreadcrumbList\",\"@id\":\"http:\/\/revistavitrineibiuna.com.br\/?p=32522#breadcrumb\",\"itemListElement\":[{\"@type\":\"ListItem\",\"position\":1,\"item\":{\"@type\":\"WebPage\",\"@id\":\"https:\/\/revistavitrineibiuna.com.br\/\",\"url\":\"https:\/\/revistavitrineibiuna.com.br\/\",\"name\":\"In\\u00edcio\"}},{\"@type\":\"ListItem\",\"position\":2,\"item\":{\"@type\":\"WebPage\",\"@id\":\"http:\/\/revistavitrineibiuna.com.br\/?p=32522\",\"url\":\"http:\/\/revistavitrineibiuna.com.br\/?p=32522\",\"name\":\"UNA GASTROBAR ABRE SUAS PORTAS COM M\\u00daSICA AO VIVO EM TR\\u00caS NOITES\"}}]},{\"@type\":\"Article\",\"@id\":\"http:\/\/revistavitrineibiuna.com.br\/?p=32522#article\",\"isPartOf\":{\"@id\":\"http:\/\/revistavitrineibiuna.com.br\/?p=32522#webpage\"},\"author\":{\"@id\":\"https:\/\/revistavitrineibiuna.com.br\/#\/schema\/person\/e51ef49d6d88170ea21ceabff3f73deb\"},\"headline\":\"UNA GASTROBAR ABRE SUAS PORTAS COM M\\u00daSICA AO VIVO EM TR\\u00caS NOITES\",\"datePublished\":\"2024-12-23T23:45:29+00:00\",\"dateModified\":\"2024-12-24T00:11:11+00:00\",\"mainEntityOfPage\":{\"@id\":\"http:\/\/revistavitrineibiuna.com.br\/?p=32522#webpage\"},\"commentCount\":0,\"publisher\":{\"@id\":\"https:\/\/revistavitrineibiuna.com.br\/#\/schema\/person\/e51ef49d6d88170ea21ceabff3f73deb\"},\"image\":{\"@id\":\"http:\/\/revistavitrineibiuna.com.br\/?p=32522#primaryimage\"},\"articleSection\":\"Not\\u00edcias\",\"inLanguage\":\"pt-BR\",\"potentialAction\":[{\"@type\":\"CommentAction\",\"name\":\"Comment\",\"target\":[\"http:\/\/revistavitrineibiuna.com.br\/?p=32522#respond\"]}]},{\"@type\":[\"Person\",\"Organization\"],\"@id\":\"https:\/\/revistavitrineibiuna.com.br\/#\/schema\/person\/e51ef49d6d88170ea21ceabff3f73deb\",\"name\":\"Carlos Rossini\",\"image\":{\"@type\":\"ImageObject\",\"@id\":\"https:\/\/revistavitrineibiuna.com.br\/#personlogo\",\"inLanguage\":\"pt-BR\",\"url\":\"https:\/\/secure.gravatar.com\/avatar\/4f2d0f99fac1f85c7d643f21f5c8d900?s=96&d=mm&r=g\",\"caption\":\"Carlos Rossini\"},\"logo\":{\"@id\":\"https:\/\/revistavitrineibiuna.com.br\/#personlogo\"},\"description\":\"Carlos Rossini \\u00e9 jornalista, soci\\u00f3logo, escritor e professor universit\\u00e1rio, tendo sido professor de jornalismo por vinte anos. Trabalhou em ve\\u00edculos de comunica\\u00e7\\u00e3o nas fun\\u00e7\\u00f5es de rep\\u00f3rter, redator, editor, articulista e colaborador, como Folha de S. Paulo, O Estado de S. Paulo, Di\\u00e1rio Popular, entre outros. Ao transferir a revista vitrine, vers\\u00e3o imprensa, de S\\u00e3o Paulo para Ibi\\u00fana h\\u00e1 alguns anos, iniciou uma nova experi\\u00eancia profissional, dedicando-se ao jornalismo regional, depois de cumprir uma trajet\\u00f3ria bem-sucedida na grande imprensa brasileira. Seu primeiro livro A Coragem de Comunicar foi lan\\u00e7ado na Bienal do Livro em S\\u00e3o Paulo no ano 2000, pela editora Madras.\"}]}<\/script>\n<!-- \/ Yoast SEO plugin. -->","_links":{"self":[{"href":"https:\/\/revistavitrineibiuna.com.br\/index.php?rest_route=\/wp\/v2\/posts\/32522"}],"collection":[{"href":"https:\/\/revistavitrineibiuna.com.br\/index.php?rest_route=\/wp\/v2\/posts"}],"about":[{"href":"https:\/\/revistavitrineibiuna.com.br\/index.php?rest_route=\/wp\/v2\/types\/post"}],"author":[{"embeddable":true,"href":"https:\/\/revistavitrineibiuna.com.br\/index.php?rest_route=\/wp\/v2\/users\/1"}],"replies":[{"embeddable":true,"href":"https:\/\/revistavitrineibiuna.com.br\/index.php?rest_route=%2Fwp%2Fv2%2Fcomments&post=32522"}],"version-history":[{"count":6,"href":"https:\/\/revistavitrineibiuna.com.br\/index.php?rest_route=\/wp\/v2\/posts\/32522\/revisions"}],"predecessor-version":[{"id":32536,"href":"https:\/\/revistavitrineibiuna.com.br\/index.php?rest_route=\/wp\/v2\/posts\/32522\/revisions\/32536"}],"wp:featuredmedia":[{"embeddable":true,"href":"https:\/\/revistavitrineibiuna.com.br\/index.php?rest_route=\/wp\/v2\/media\/32523"}],"wp:attachment":[{"href":"https:\/\/revistavitrineibiuna.com.br\/index.php?rest_route=%2Fwp%2Fv2%2Fmedia&parent=32522"}],"wp:term":[{"taxonomy":"category","embeddable":true,"href":"https:\/\/revistavitrineibiuna.com.br\/index.php?rest_route=%2Fwp%2Fv2%2Fcategories&post=32522"},{"taxonomy":"post_tag","embeddable":true,"href":"https:\/\/revistavitrineibiuna.com.br\/index.php?rest_route=%2Fwp%2Fv2%2Ftags&post=32522"}],"curies":[{"name":"wp","href":"https:\/\/api.w.org\/{rel}","templated":true}]}}