{"id":32538,"date":"2024-12-27T17:15:26","date_gmt":"2024-12-27T20:15:26","guid":{"rendered":"http:\/\/revistavitrineibiuna.com.br\/?p=32538"},"modified":"2024-12-27T17:46:45","modified_gmt":"2024-12-27T20:46:45","slug":"ibiuna-esgoto-nauseante-da-rodoviaria-continua-transbordando-na-rua","status":"publish","type":"post","link":"https:\/\/revistavitrineibiuna.com.br\/?p=32538","title":{"rendered":"IBI\u00daNA \u2013 ESGOTO NAUSEANTE DA RODOVI\u00c1RIA CONTINUA TRANSBORDANDO NA RUA"},"content":{"rendered":"\n<p class=\"has-drop-cap\"><strong>A reforma da rodovi\u00e1ria de Ibi\u00fana, obra-s\u00edmbolo da atual administra\u00e7\u00e3o municipal, cujo mandato acaba nesta ter\u00e7a-veira (31), h\u00e1 dois meses prossegue fedorenta e nauseante pelo esgoto que est\u00e1 despejando continuamente na rua.<\/strong><\/p>\n\n\n\n<p><strong>As pessoas, perplexas perguntam por que a vigil\u00e2ncia sanit\u00e1ria, \u00f3rg\u00e3o da Prefeitura, ainda n\u00e3o compareceu ao local, \u201ccomo faz com o com\u00e9rcio em geral\u201d?<\/strong><\/p>\n\n\n\n<p><strong>Hoje (27), mais uma vez, atendendo chamado dos usu\u00e1rios, vitrine online foi ao local e constatou que o esgoto continua escorrendo pela rua exalando mau cheiro e contaminando o ambiente.<\/strong><\/p>\n\n\n\n<p><strong>Esta publica\u00e7\u00e3o e sua co-irm\u00e3, TVUNA, foram os meios de comunica\u00e7\u00e3o que mais noticiaram sobre a famigerada reforma da rodovi\u00e1ria que custou a bagatela de R$ 7 milh\u00f5es, demorou 2 anos 4 meses e quatro dias para ser inaugurada, sem estar efetivamente conclu\u00edda, no dia 24 de mar\u00e7o de 2024, nas comemora\u00e7\u00f5es do 166<\/strong><strong>\u00ba anivers\u00e1rio da cidade.<\/strong><\/p>\n\n\n\n<p><strong>ENTUPIMENTO<\/strong><\/p>\n\n\n\n<p><strong>Com as obras realizadas a toque de caixa para assegurar sua inaugura\u00e7\u00e3o \u201cpol\u00edtica\u201d, esqueceram de um pormenor decisivo: verificar a situa\u00e7\u00e3o embaixo do piso se encontram as tubula\u00e7\u00f5es do esgoto&#8230;entupidas.<\/strong><\/p>\n\n\n\n<p><strong>\u00c9 oportuno, no entanto, citar os danos causados pelos usu\u00e1rios da rodovi\u00e1ria que contribuem e tamb\u00e9m criam o problema jogando nos vasos sanit\u00e1rios papel higi\u00eanico, absorventes, pinos usados de embalagens de drogas, e toda sorte de materiais que obstruem os encanamentos. &nbsp;<\/strong><\/p>\n\n\n\n<p><strong>Uma fonte credenciada nos informou que seria necess\u00e1rio trocar as tubula\u00e7\u00f5es antigas para evitar o que vem acontecendo h\u00e1 dois meses: o esgoto correndo solto na rua.<\/strong><\/p>\n\n\n\n<p><strong>Neste momento, a empresa contratada pelo secret\u00e1rio de Desenvolvimento Urbano para administrar a rodovi\u00e1ria se encontra em \u201crecesso\u201d das festas de fim de ano e n\u00e3o pudemos ouvi-la. No ato inaugural, secret\u00e1rio, em discurso, anunciou a contrata\u00e7\u00e3o da mencionada empresa assinalando que os problemas da rodovi\u00e1ria seriam prontamente resolvidos.<\/strong><\/p>\n\n\n\n<figure class=\"wp-block-image size-large\"><img loading=\"lazy\" width=\"1024\" height=\"594\" src=\"https:\/\/revistavitrineibiuna.com.br\/wp-content\/uploads\/2024\/12\/estogo-da-rodoviaria-2-1024x594.png\" alt=\"\" class=\"wp-image-32541\" srcset=\"https:\/\/revistavitrineibiuna.com.br\/wp-content\/uploads\/2024\/12\/estogo-da-rodoviaria-2-1024x594.png 1024w, https:\/\/revistavitrineibiuna.com.br\/wp-content\/uploads\/2024\/12\/estogo-da-rodoviaria-2-300x174.png 300w, https:\/\/revistavitrineibiuna.com.br\/wp-content\/uploads\/2024\/12\/estogo-da-rodoviaria-2-768x446.png 768w, https:\/\/revistavitrineibiuna.com.br\/wp-content\/uploads\/2024\/12\/estogo-da-rodoviaria-2.png 1506w\" sizes=\"(max-width: 1024px) 100vw, 1024px\" \/><figcaption>Esgoto vaza da Rodovi\u00e1ria de Ibi\u00fana dia e noite e se espalha pela rua, por onde passam muitas pessoas: suas solas de sapatos levam micro-organismos para suas casas<\/figcaption><\/figure>\n\n\n\n<p><strong>V\u00cdDEOS E NOT\u00cdCIAS<\/strong><\/p>\n\n\n\n<p><strong>Com a divulga\u00e7\u00e3o de v\u00eddeos e de not\u00edcias apontando o grave problema de polui\u00e7\u00e3o provocado pelo despejo de esgoto a c\u00e9u aberto, a empresa teria tentado resolv\u00ea-lo. Buracos foram abertos pr\u00f3ximos de onde o esgoto brota dia e noite, mas n\u00e3o se fez o reparo necess\u00e1rio.<\/strong><\/p>\n\n\n\n<figure class=\"wp-block-image size-large\"><img loading=\"lazy\" width=\"1024\" height=\"768\" src=\"https:\/\/revistavitrineibiuna.com.br\/wp-content\/uploads\/2024\/12\/9ca5834f-d0d9-4d2e-be56-2aa8485ae6a3-1024x768.jpg\" alt=\"\" class=\"wp-image-32544\" srcset=\"https:\/\/revistavitrineibiuna.com.br\/wp-content\/uploads\/2024\/12\/9ca5834f-d0d9-4d2e-be56-2aa8485ae6a3-1024x768.jpg 1024w, https:\/\/revistavitrineibiuna.com.br\/wp-content\/uploads\/2024\/12\/9ca5834f-d0d9-4d2e-be56-2aa8485ae6a3-300x225.jpg 300w, https:\/\/revistavitrineibiuna.com.br\/wp-content\/uploads\/2024\/12\/9ca5834f-d0d9-4d2e-be56-2aa8485ae6a3-768x576.jpg 768w, https:\/\/revistavitrineibiuna.com.br\/wp-content\/uploads\/2024\/12\/9ca5834f-d0d9-4d2e-be56-2aa8485ae6a3-1536x1152.jpg 1536w, https:\/\/revistavitrineibiuna.com.br\/wp-content\/uploads\/2024\/12\/9ca5834f-d0d9-4d2e-be56-2aa8485ae6a3-320x240.jpg 320w, https:\/\/revistavitrineibiuna.com.br\/wp-content\/uploads\/2024\/12\/9ca5834f-d0d9-4d2e-be56-2aa8485ae6a3.jpg 1600w\" sizes=\"(max-width: 1024px) 100vw, 1024px\" \/><figcaption>Obras na Rua Prefeito Angelino Falci (Cal\u00e7ad\u00e3o) aparentemente est\u00e3o interrompidas: comerciantes locais est\u00e3o preocupados<\/figcaption><\/figure>\n\n\n\n<p><strong>Apuramos que a Sabesp, embora esse servi\u00e7o n\u00e3o seja de sua responsabilidade e sim da administra\u00e7\u00e3o da rodovi\u00e1ria, em \u00faltima an\u00e1lise, da Prefeitura, dever\u00e1 execut\u00e1-lo no m\u00eas de janeiro.<\/strong><\/p>\n\n\n\n<p><strong>Isso implicar\u00e1 a necessidade de isolar a \u00e1rea, perfurar o solo, possivelmente incluindo \u00e1reas revestidas por concreto armado, e restri\u00e7\u00e3o \u00e0 passagem de pessoas e ve\u00edculos exatamente onde os \u00f4nibus acessam a plataforma localizada do lado onde h\u00e1 uma obra interrompida no in\u00edcio da Rua Prefeito Angelino Falci (Cal\u00e7ad\u00e3o), pr\u00f3ximo a uma das entradas do Supermercado Ibi\u00fana.<\/strong><\/p>\n\n\n\n<p><strong>DOIS ANOS DE SOFRIMENTO<\/strong><\/p>\n\n\n\n<p><strong>Vitrine online acompanhou desde o primeiro dia as obras de reforma (oficialmente revitaliza\u00e7\u00e3o) do Terminal Rodovi\u00e1rio de Ibi\u00fana, iniciadas com a demoli\u00e7\u00e3o das paredes e cobertura da constru\u00e7\u00e3o. [Os interessados podem acessar <a href=\"http:\/\/www.vitrineonlineibi\u00fana.com.br\">www.vitrineonlineibi\u00fana.com.br<\/a> e ler as not\u00edcias].<\/strong><\/p>\n\n\n\n<p><strong>\u201cPEQUENO ATRASO\u201d<\/strong><\/p>\n\n\n\n<p><strong>O que o atual prefeito considerou um \u201cpequeno atraso\u201d na conclus\u00e3o da obra demorou mais de 2 anos, com problemas relacionados aos recursos financeiros do Governo Federal, v\u00e1rias paralisa\u00e7\u00f5es, e, sobretudo, com o sofrimento imposto \u00e0 popula\u00e7\u00e3o na Rua Guarani que ficou desabrigada do sol, do frio, das chuvas e onde ocorreram epis\u00f3dios graves envolvendo sobretudo idosos.<\/strong><\/p>\n\n\n\n<p><strong>N\u00e3o menos importante, os usu\u00e1rios enfrentaram atrasos e longas esperas pelos \u00f4nibus da Via\u00e7\u00e3o Raposo Tavares que, nas f\u00e9rias escolares, reduz de tal maneira o n\u00famero de carros disponibilizados que provocou intensas reclama\u00e7\u00f5es dos usu\u00e1rios.<\/strong><\/p>\n\n\n\n<p><strong>Como se tudo isso fosse pouco, os passageiros postaram diversos v\u00eddeos mostrando o estado prec\u00e1rio dos \u00f4nibus, com bancos quebrados e muita sujeira nos encostos e assentos devido aos poeir\u00f5es que levantam das estradas.<\/strong><\/p>\n","protected":false},"excerpt":{"rendered":"<p>A reforma da rodovi\u00e1ria de Ibi\u00fana, obra-s\u00edmbolo da atual administra\u00e7\u00e3o municipal, cujo mandato acaba nesta ter\u00e7a-veira (31), h\u00e1 dois meses<\/p>\n","protected":false},"author":1,"featured_media":32539,"comment_status":"open","ping_status":"open","sticky":false,"template":"","format":"standard","meta":[],"categories":[3],"tags":[],"yoast_head":"<!-- This site is optimized with the Yoast SEO plugin v15.8 - https:\/\/yoast.com\/wordpress\/plugins\/seo\/ -->\n<title>IBI\u00daNA \u2013 ESGOTO NAUSEANTE DA RODOVI\u00c1RIA CONTINUA TRANSBORDANDO NA RUA - Revista Vitrine Online<\/title>\n<meta name=\"robots\" content=\"index, follow, max-snippet:-1, max-image-preview:large, max-video-preview:-1\" \/>\n<link rel=\"canonical\" href=\"http:\/\/revistavitrineibiuna.com.br\/?p=32538\" \/>\n<meta property=\"og:locale\" content=\"pt_BR\" \/>\n<meta property=\"og:type\" content=\"article\" \/>\n<meta property=\"og:title\" content=\"IBI\u00daNA \u2013 ESGOTO NAUSEANTE DA RODOVI\u00c1RIA CONTINUA TRANSBORDANDO NA RUA - Revista Vitrine Online\" \/>\n<meta property=\"og:description\" content=\"A reforma da rodovi\u00e1ria de Ibi\u00fana, obra-s\u00edmbolo da atual administra\u00e7\u00e3o municipal, cujo mandato acaba nesta ter\u00e7a-veira (31), h\u00e1 dois meses\" \/>\n<meta property=\"og:url\" content=\"http:\/\/revistavitrineibiuna.com.br\/?p=32538\" \/>\n<meta property=\"og:site_name\" content=\"Revista Vitrine Online\" \/>\n<meta property=\"article:published_time\" content=\"2024-12-27T20:15:26+00:00\" \/>\n<meta property=\"article:modified_time\" content=\"2024-12-27T20:46:45+00:00\" \/>\n<meta property=\"og:image\" content=\"https:\/\/revistavitrineibiuna.com.br\/wp-content\/uploads\/2024\/12\/Esgoto-da-rodoviaria-1-1024x621.png\" \/>\n\t<meta property=\"og:image:width\" content=\"1024\" \/>\n\t<meta property=\"og:image:height\" content=\"621\" \/>\n<meta name=\"twitter:card\" content=\"summary\" \/>\n<meta name=\"twitter:label1\" content=\"Est. reading time\">\n\t<meta name=\"twitter:data1\" content=\"4 minutos\">\n<script type=\"application\/ld+json\" class=\"yoast-schema-graph\">{\"@context\":\"https:\/\/schema.org\",\"@graph\":[{\"@type\":\"WebSite\",\"@id\":\"https:\/\/revistavitrineibiuna.com.br\/#website\",\"url\":\"https:\/\/revistavitrineibiuna.com.br\/\",\"name\":\"Revista Vitrine Ibi\\u00fana\",\"description\":\"A Revista de Ibi\\u00fana e Regi\\u00e3o\",\"publisher\":{\"@id\":\"https:\/\/revistavitrineibiuna.com.br\/#\/schema\/person\/e51ef49d6d88170ea21ceabff3f73deb\"},\"potentialAction\":[{\"@type\":\"SearchAction\",\"target\":\"https:\/\/revistavitrineibiuna.com.br\/?s={search_term_string}\",\"query-input\":\"required name=search_term_string\"}],\"inLanguage\":\"pt-BR\"},{\"@type\":\"ImageObject\",\"@id\":\"http:\/\/revistavitrineibiuna.com.br\/?p=32538#primaryimage\",\"inLanguage\":\"pt-BR\",\"url\":\"https:\/\/revistavitrineibiuna.com.br\/wp-content\/uploads\/2024\/12\/Esgoto-da-rodoviaria-1.png\",\"width\":1589,\"height\":963},{\"@type\":\"WebPage\",\"@id\":\"http:\/\/revistavitrineibiuna.com.br\/?p=32538#webpage\",\"url\":\"http:\/\/revistavitrineibiuna.com.br\/?p=32538\",\"name\":\"IBI\\u00daNA \\u2013 ESGOTO NAUSEANTE DA RODOVI\\u00c1RIA CONTINUA TRANSBORDANDO NA RUA - Revista Vitrine Online\",\"isPartOf\":{\"@id\":\"https:\/\/revistavitrineibiuna.com.br\/#website\"},\"primaryImageOfPage\":{\"@id\":\"http:\/\/revistavitrineibiuna.com.br\/?p=32538#primaryimage\"},\"datePublished\":\"2024-12-27T20:15:26+00:00\",\"dateModified\":\"2024-12-27T20:46:45+00:00\",\"breadcrumb\":{\"@id\":\"http:\/\/revistavitrineibiuna.com.br\/?p=32538#breadcrumb\"},\"inLanguage\":\"pt-BR\",\"potentialAction\":[{\"@type\":\"ReadAction\",\"target\":[\"http:\/\/revistavitrineibiuna.com.br\/?p=32538\"]}]},{\"@type\":\"BreadcrumbList\",\"@id\":\"http:\/\/revistavitrineibiuna.com.br\/?p=32538#breadcrumb\",\"itemListElement\":[{\"@type\":\"ListItem\",\"position\":1,\"item\":{\"@type\":\"WebPage\",\"@id\":\"https:\/\/revistavitrineibiuna.com.br\/\",\"url\":\"https:\/\/revistavitrineibiuna.com.br\/\",\"name\":\"In\\u00edcio\"}},{\"@type\":\"ListItem\",\"position\":2,\"item\":{\"@type\":\"WebPage\",\"@id\":\"http:\/\/revistavitrineibiuna.com.br\/?p=32538\",\"url\":\"http:\/\/revistavitrineibiuna.com.br\/?p=32538\",\"name\":\"IBI\\u00daNA \\u2013 ESGOTO NAUSEANTE DA RODOVI\\u00c1RIA CONTINUA TRANSBORDANDO NA RUA\"}}]},{\"@type\":\"Article\",\"@id\":\"http:\/\/revistavitrineibiuna.com.br\/?p=32538#article\",\"isPartOf\":{\"@id\":\"http:\/\/revistavitrineibiuna.com.br\/?p=32538#webpage\"},\"author\":{\"@id\":\"https:\/\/revistavitrineibiuna.com.br\/#\/schema\/person\/e51ef49d6d88170ea21ceabff3f73deb\"},\"headline\":\"IBI\\u00daNA \\u2013 ESGOTO NAUSEANTE DA RODOVI\\u00c1RIA CONTINUA TRANSBORDANDO NA RUA\",\"datePublished\":\"2024-12-27T20:15:26+00:00\",\"dateModified\":\"2024-12-27T20:46:45+00:00\",\"mainEntityOfPage\":{\"@id\":\"http:\/\/revistavitrineibiuna.com.br\/?p=32538#webpage\"},\"commentCount\":0,\"publisher\":{\"@id\":\"https:\/\/revistavitrineibiuna.com.br\/#\/schema\/person\/e51ef49d6d88170ea21ceabff3f73deb\"},\"image\":{\"@id\":\"http:\/\/revistavitrineibiuna.com.br\/?p=32538#primaryimage\"},\"articleSection\":\"Not\\u00edcias\",\"inLanguage\":\"pt-BR\",\"potentialAction\":[{\"@type\":\"CommentAction\",\"name\":\"Comment\",\"target\":[\"http:\/\/revistavitrineibiuna.com.br\/?p=32538#respond\"]}]},{\"@type\":[\"Person\",\"Organization\"],\"@id\":\"https:\/\/revistavitrineibiuna.com.br\/#\/schema\/person\/e51ef49d6d88170ea21ceabff3f73deb\",\"name\":\"Carlos Rossini\",\"image\":{\"@type\":\"ImageObject\",\"@id\":\"https:\/\/revistavitrineibiuna.com.br\/#personlogo\",\"inLanguage\":\"pt-BR\",\"url\":\"https:\/\/secure.gravatar.com\/avatar\/4f2d0f99fac1f85c7d643f21f5c8d900?s=96&d=mm&r=g\",\"caption\":\"Carlos Rossini\"},\"logo\":{\"@id\":\"https:\/\/revistavitrineibiuna.com.br\/#personlogo\"},\"description\":\"Carlos Rossini \\u00e9 jornalista, soci\\u00f3logo, escritor e professor universit\\u00e1rio, tendo sido professor de jornalismo por vinte anos. Trabalhou em ve\\u00edculos de comunica\\u00e7\\u00e3o nas fun\\u00e7\\u00f5es de rep\\u00f3rter, redator, editor, articulista e colaborador, como Folha de S. Paulo, O Estado de S. Paulo, Di\\u00e1rio Popular, entre outros. Ao transferir a revista vitrine, vers\\u00e3o imprensa, de S\\u00e3o Paulo para Ibi\\u00fana h\\u00e1 alguns anos, iniciou uma nova experi\\u00eancia profissional, dedicando-se ao jornalismo regional, depois de cumprir uma trajet\\u00f3ria bem-sucedida na grande imprensa brasileira. Seu primeiro livro A Coragem de Comunicar foi lan\\u00e7ado na Bienal do Livro em S\\u00e3o Paulo no ano 2000, pela editora Madras.\"}]}<\/script>\n<!-- \/ Yoast SEO plugin. -->","_links":{"self":[{"href":"https:\/\/revistavitrineibiuna.com.br\/index.php?rest_route=\/wp\/v2\/posts\/32538"}],"collection":[{"href":"https:\/\/revistavitrineibiuna.com.br\/index.php?rest_route=\/wp\/v2\/posts"}],"about":[{"href":"https:\/\/revistavitrineibiuna.com.br\/index.php?rest_route=\/wp\/v2\/types\/post"}],"author":[{"embeddable":true,"href":"https:\/\/revistavitrineibiuna.com.br\/index.php?rest_route=\/wp\/v2\/users\/1"}],"replies":[{"embeddable":true,"href":"https:\/\/revistavitrineibiuna.com.br\/index.php?rest_route=%2Fwp%2Fv2%2Fcomments&post=32538"}],"version-history":[{"count":8,"href":"https:\/\/revistavitrineibiuna.com.br\/index.php?rest_route=\/wp\/v2\/posts\/32538\/revisions"}],"predecessor-version":[{"id":32552,"href":"https:\/\/revistavitrineibiuna.com.br\/index.php?rest_route=\/wp\/v2\/posts\/32538\/revisions\/32552"}],"wp:featuredmedia":[{"embeddable":true,"href":"https:\/\/revistavitrineibiuna.com.br\/index.php?rest_route=\/wp\/v2\/media\/32539"}],"wp:attachment":[{"href":"https:\/\/revistavitrineibiuna.com.br\/index.php?rest_route=%2Fwp%2Fv2%2Fmedia&parent=32538"}],"wp:term":[{"taxonomy":"category","embeddable":true,"href":"https:\/\/revistavitrineibiuna.com.br\/index.php?rest_route=%2Fwp%2Fv2%2Fcategories&post=32538"},{"taxonomy":"post_tag","embeddable":true,"href":"https:\/\/revistavitrineibiuna.com.br\/index.php?rest_route=%2Fwp%2Fv2%2Ftags&post=32538"}],"curies":[{"name":"wp","href":"https:\/\/api.w.org\/{rel}","templated":true}]}}