{"id":32554,"date":"2024-12-27T22:10:23","date_gmt":"2024-12-28T01:10:23","guid":{"rendered":"http:\/\/revistavitrineibiuna.com.br\/?p=32554"},"modified":"2024-12-27T23:01:05","modified_gmt":"2024-12-28T02:01:05","slug":"ibiuna-interdicao-de-ponte-na-estrada-ibiuna-mairinque-gera-caos-na-mobilidade-publica","status":"publish","type":"post","link":"https:\/\/revistavitrineibiuna.com.br\/?p=32554","title":{"rendered":"IBI\u00daNA &#8211; INTERDI\u00c7\u00c3O DE PONTE NA ESTRADA IBI\u00daNA-MAIRINQUE GERA CAOS NA MOBILIDADE P\u00daBLICA"},"content":{"rendered":"\n<p class=\"has-drop-cap\">Por determina\u00e7\u00e3o do Minist\u00e9rio P\u00fablico do Estado de S\u00e3o Paulo, a Guarda Civil Municipal de Ibi\u00fana interditou hoje (27), por volta das 18h10, uma antiga ponte que permite a passagem de um ve\u00edculo por vez, localizada sobre a nascente do rio Sorocaba, no bairro da Cachoeira, pr\u00f3ximo ao Residencial Minha Casa Minha Vida.<\/p>\n\n\n\n<p>Essa medida resultou da falta de respostas da Prefeitura de Ibi\u00fana aos of\u00edcios encaminhados pela Justi\u00e7a e foi tomada no dia &nbsp;19 deste m\u00eas, portanto h\u00e1 8 dias.<\/p>\n\n\n\n<p>O juiz da Comarca de Ibi\u00fana determinou que o Poder Executivo local ou reforme a ponte ou construa uma nova, &nbsp;j\u00e1 que apresenta s\u00e9rios problemas estruturais e pode desabar, oferecendo riscos reais \u00e0 integridade das pessoas.<\/p>\n\n\n\n<p>Antes que isso aconte\u00e7a, a interdi\u00e7\u00e3o ao tr\u00e1fego, mesmo de pedestres continuar\u00e1 em vigor.<\/p>\n\n\n\n<p>PONTE \u00c9 MUNICIPAL<\/p>\n\n\n\n<figure class=\"wp-block-image size-large\"><img loading=\"lazy\" width=\"640\" height=\"360\" src=\"https:\/\/revistavitrineibiuna.com.br\/wp-content\/uploads\/2024\/12\/ponte-interditada-2.png\" alt=\"\" class=\"wp-image-32558\" srcset=\"https:\/\/revistavitrineibiuna.com.br\/wp-content\/uploads\/2024\/12\/ponte-interditada-2.png 640w, https:\/\/revistavitrineibiuna.com.br\/wp-content\/uploads\/2024\/12\/ponte-interditada-2-300x169.png 300w\" sizes=\"(max-width: 640px) 100vw, 640px\" \/><\/figure>\n\n\n\n<p>A Prefeitura alegou que a responsabilidade da ponte \u00e9 do governo estadual, mas este informou que cabe \u00e0 Prefeitura cuidar da ponte, que se encontra numa estrada municipal.<\/p>\n\n\n\n<p>Engenheiro da Secretaria Municipal de Obras, numa linha similar \u00e0 da Defesa Civil, deixou claro que n\u00e3o poria sua assinatura em parecer t\u00e9cnico sobre a ponte, porque n\u00e3o poderia garantir a sua integridade estrutural, j\u00e1 que admitiu que ela apresenta danos e riscos consider\u00e1veis.<\/p>\n\n\n\n<p>Diante dessa situa\u00e7\u00e3o, o juiz determinou a interdi\u00e7\u00e3o imediata da ponte, at\u00e9 que a Prefeitura providencie a reforma [com recursos pr\u00f3prios] ou construa uma nova ponte no local.<\/p>\n\n\n\n<p>No mesmo plano decis\u00f3rio, ficou estabelecido que caber\u00e1 a Prefeitura proporcionar uma alternativa \u00e0 popula\u00e7\u00e3o e usu\u00e1rios da estrada.<\/p>\n\n\n\n<figure class=\"wp-block-image size-large\"><img loading=\"lazy\" width=\"399\" height=\"406\" src=\"https:\/\/revistavitrineibiuna.com.br\/wp-content\/uploads\/2024\/12\/ponte-defeito.jpg\" alt=\"\" class=\"wp-image-32561\" srcset=\"https:\/\/revistavitrineibiuna.com.br\/wp-content\/uploads\/2024\/12\/ponte-defeito.jpg 399w, https:\/\/revistavitrineibiuna.com.br\/wp-content\/uploads\/2024\/12\/ponte-defeito-295x300.jpg 295w, https:\/\/revistavitrineibiuna.com.br\/wp-content\/uploads\/2024\/12\/ponte-defeito-65x65.jpg 65w\" sizes=\"(max-width: 399px) 100vw, 399px\" \/><figcaption>A antiga e estreita ponte apresenta v\u00e1rios e not\u00f3rios problemas em sua estrutura<\/figcaption><\/figure>\n\n\n\n<p>CAOS E DESCONFORTO<\/p>\n\n\n\n<p>Vitrine online e TVUNA divulgaram esse fato com exclusividade, com o objetivo de prestar um servi\u00e7o de utilidade p\u00fablica, sobretudo considerando a popula\u00e7\u00e3o atingida, n\u00e3o apenas de Ibi\u00fana e Mairinque, mas de toda a regi\u00e3o.<\/p>\n\n\n\n<p>Pela estrada passam \u00f4nibus, caminh\u00f5es de transporte de mercadorias, ambul\u00e2ncias que levam e trazem pacientes de Sorocaba, e s\u00e3o muitos, crian\u00e7as e adolescentes que estudam no centro de Ibi\u00fana, trabalhadores de ambas as cidades e de outras localidades, comerciantes que mant\u00eam seus empreendimentos em Mairinque, Ibi\u00fana, S\u00e3o Roque e em outras cidades.<\/p>\n\n\n\n<p>SEM ALTERNATIVA, POR ENQUANTO<\/p>\n\n\n\n<p><\/p>\n\n\n\n<p>T\u00e3o logo a not\u00edcia foi divulgada, come\u00e7aram de imediato as rea\u00e7\u00f5es populares. Algumas pessoas simplesmente se manifestaram at\u00f4nitas, sem saber o que fazer; outras perguntaram se haveria alguma alternativa para escapar da interdi\u00e7\u00e3o.<\/p>\n\n\n\n<p>Alguns coment\u00e1rios apontaram como alternativa uma estrada que recebe dois nomes [Estrada do An\u00edbal, no territ\u00f3rio ibiunense, e Estrada dos Godinhos, com entrada e sa\u00edda pela Ch\u00e1cara das Flores, j\u00e1 no munic\u00edpio de S\u00e3o Roque, pr\u00f3ximo do bairro ibiunense do Paiol Pequeno.<\/p>\n\n\n\n<p>No entanto, segundo vitrine online apurou, nesse momento essa estrada com nome duplicado est\u00e1 intransit\u00e1vel, de modo mais prec\u00e1rio depois das \u00faltimas chuvas. Nem mesmo caminh\u00f5es como se viu em postagens conseguiam subir trechos lamacentos.<\/p>\n\n\n\n<p>LONGO CAMINHO DE VOLTA<\/p>\n\n\n\n<figure class=\"wp-block-image size-large\"><img loading=\"lazy\" width=\"719\" height=\"496\" src=\"https:\/\/revistavitrineibiuna.com.br\/wp-content\/uploads\/2024\/12\/joelma-quintino-de-lima.png\" alt=\"\" class=\"wp-image-32564\" srcset=\"https:\/\/revistavitrineibiuna.com.br\/wp-content\/uploads\/2024\/12\/joelma-quintino-de-lima.png 719w, https:\/\/revistavitrineibiuna.com.br\/wp-content\/uploads\/2024\/12\/joelma-quintino-de-lima-300x207.png 300w, https:\/\/revistavitrineibiuna.com.br\/wp-content\/uploads\/2024\/12\/joelma-quintino-de-lima-130x90.png 130w\" sizes=\"(max-width: 719px) 100vw, 719px\" \/><figcaption>Gerente de uma loja no centro de Ibi\u00fana teve que fazer uma inesperada viagem para retornar a sua casa,depois de um dia de trabalho<\/figcaption><\/figure>\n\n\n\n<p>Pegos de surpresa, ent\u00e3o muitas pessoas se resignaram e tiveram que fazer uma viagem inesperada. Por exemplo: uma gerente de loja na Rua XV de Novembro, localizada na regi\u00e3o central de Ibi\u00fana, fez o seguinte trajeto:<\/p>\n\n\n\n<p>Rodovia Quintino de Lima \u2013 S\u00e3o Roque \u2013 Rodovia Raposo Tavares \u2013 Centro de Mairinque \u2013 Estrada Mairinque-Ibi\u00fana, bairro Dois C\u00f3rregos, j\u00e1 no munic\u00edpio de Ibi\u00fana, que est\u00e1 a cerca de mil metros da ponte que foi interditada.<\/p>\n\n\n\n<p>A mulher que fez esse trajeto postou v\u00eddeos se queixando do tormento imprevisto no fim de um dia de trabalho e atribuiu esse enorme desgaste \u00e0 atual administra\u00e7\u00e3o municipal, que se manteve \u201comissa\u201d diante das a\u00e7\u00f5es do Minist\u00e9rio P\u00fablico do Estado de S\u00e3o Paulol.<\/p>\n\n\n\n<p>Continuem acompanhando vitrine online e a TVUNA, que continuaremos acompanhando esse acontecimento numa \u00e9poca do ano em que as pessoas passaram o Natal e se preparam para entrar em um novo ano com esperan\u00e7a de que aconte\u00e7am coisas melhores para todos.<\/p>\n","protected":false},"excerpt":{"rendered":"<p>Por determina\u00e7\u00e3o do Minist\u00e9rio P\u00fablico do Estado de S\u00e3o Paulo, a Guarda Civil Municipal de Ibi\u00fana interditou hoje (27), por<\/p>\n","protected":false},"author":1,"featured_media":32555,"comment_status":"open","ping_status":"open","sticky":false,"template":"","format":"standard","meta":[],"categories":[3],"tags":[],"yoast_head":"<!-- This site is optimized with the Yoast SEO plugin v15.8 - https:\/\/yoast.com\/wordpress\/plugins\/seo\/ -->\n<title>IBI\u00daNA - INTERDI\u00c7\u00c3O DE PONTE NA ESTRADA IBI\u00daNA-MAIRINQUE GERA CAOS NA MOBILIDADE P\u00daBLICA - Revista Vitrine Online<\/title>\n<meta name=\"robots\" content=\"index, follow, max-snippet:-1, max-image-preview:large, max-video-preview:-1\" \/>\n<link rel=\"canonical\" href=\"http:\/\/revistavitrineibiuna.com.br\/?p=32554\" \/>\n<meta property=\"og:locale\" content=\"pt_BR\" \/>\n<meta property=\"og:type\" content=\"article\" \/>\n<meta property=\"og:title\" content=\"IBI\u00daNA - INTERDI\u00c7\u00c3O DE PONTE NA ESTRADA IBI\u00daNA-MAIRINQUE GERA CAOS NA MOBILIDADE P\u00daBLICA - Revista Vitrine Online\" \/>\n<meta property=\"og:description\" content=\"Por determina\u00e7\u00e3o do Minist\u00e9rio P\u00fablico do Estado de S\u00e3o Paulo, a Guarda Civil Municipal de Ibi\u00fana interditou hoje (27), por\" \/>\n<meta property=\"og:url\" content=\"http:\/\/revistavitrineibiuna.com.br\/?p=32554\" \/>\n<meta property=\"og:site_name\" content=\"Revista Vitrine Online\" \/>\n<meta property=\"article:published_time\" content=\"2024-12-28T01:10:23+00:00\" \/>\n<meta property=\"article:modified_time\" content=\"2024-12-28T02:01:05+00:00\" \/>\n<meta property=\"og:image\" content=\"https:\/\/revistavitrineibiuna.com.br\/wp-content\/uploads\/2024\/12\/foto-interdicao-1.png\" \/>\n\t<meta property=\"og:image:width\" content=\"743\" \/>\n\t<meta property=\"og:image:height\" content=\"472\" \/>\n<meta name=\"twitter:card\" content=\"summary\" \/>\n<meta name=\"twitter:label1\" content=\"Est. reading time\">\n\t<meta name=\"twitter:data1\" content=\"4 minutos\">\n<script type=\"application\/ld+json\" class=\"yoast-schema-graph\">{\"@context\":\"https:\/\/schema.org\",\"@graph\":[{\"@type\":\"WebSite\",\"@id\":\"https:\/\/revistavitrineibiuna.com.br\/#website\",\"url\":\"https:\/\/revistavitrineibiuna.com.br\/\",\"name\":\"Revista Vitrine Ibi\\u00fana\",\"description\":\"A Revista de Ibi\\u00fana e Regi\\u00e3o\",\"publisher\":{\"@id\":\"https:\/\/revistavitrineibiuna.com.br\/#\/schema\/person\/e51ef49d6d88170ea21ceabff3f73deb\"},\"potentialAction\":[{\"@type\":\"SearchAction\",\"target\":\"https:\/\/revistavitrineibiuna.com.br\/?s={search_term_string}\",\"query-input\":\"required name=search_term_string\"}],\"inLanguage\":\"pt-BR\"},{\"@type\":\"ImageObject\",\"@id\":\"http:\/\/revistavitrineibiuna.com.br\/?p=32554#primaryimage\",\"inLanguage\":\"pt-BR\",\"url\":\"https:\/\/revistavitrineibiuna.com.br\/wp-content\/uploads\/2024\/12\/foto-interdicao-1.png\",\"width\":743,\"height\":472},{\"@type\":\"WebPage\",\"@id\":\"http:\/\/revistavitrineibiuna.com.br\/?p=32554#webpage\",\"url\":\"http:\/\/revistavitrineibiuna.com.br\/?p=32554\",\"name\":\"IBI\\u00daNA - INTERDI\\u00c7\\u00c3O DE PONTE NA ESTRADA IBI\\u00daNA-MAIRINQUE GERA CAOS NA MOBILIDADE P\\u00daBLICA - Revista Vitrine Online\",\"isPartOf\":{\"@id\":\"https:\/\/revistavitrineibiuna.com.br\/#website\"},\"primaryImageOfPage\":{\"@id\":\"http:\/\/revistavitrineibiuna.com.br\/?p=32554#primaryimage\"},\"datePublished\":\"2024-12-28T01:10:23+00:00\",\"dateModified\":\"2024-12-28T02:01:05+00:00\",\"breadcrumb\":{\"@id\":\"http:\/\/revistavitrineibiuna.com.br\/?p=32554#breadcrumb\"},\"inLanguage\":\"pt-BR\",\"potentialAction\":[{\"@type\":\"ReadAction\",\"target\":[\"http:\/\/revistavitrineibiuna.com.br\/?p=32554\"]}]},{\"@type\":\"BreadcrumbList\",\"@id\":\"http:\/\/revistavitrineibiuna.com.br\/?p=32554#breadcrumb\",\"itemListElement\":[{\"@type\":\"ListItem\",\"position\":1,\"item\":{\"@type\":\"WebPage\",\"@id\":\"https:\/\/revistavitrineibiuna.com.br\/\",\"url\":\"https:\/\/revistavitrineibiuna.com.br\/\",\"name\":\"In\\u00edcio\"}},{\"@type\":\"ListItem\",\"position\":2,\"item\":{\"@type\":\"WebPage\",\"@id\":\"http:\/\/revistavitrineibiuna.com.br\/?p=32554\",\"url\":\"http:\/\/revistavitrineibiuna.com.br\/?p=32554\",\"name\":\"IBI\\u00daNA &#8211; INTERDI\\u00c7\\u00c3O DE PONTE NA ESTRADA IBI\\u00daNA-MAIRINQUE GERA CAOS NA MOBILIDADE P\\u00daBLICA\"}}]},{\"@type\":\"Article\",\"@id\":\"http:\/\/revistavitrineibiuna.com.br\/?p=32554#article\",\"isPartOf\":{\"@id\":\"http:\/\/revistavitrineibiuna.com.br\/?p=32554#webpage\"},\"author\":{\"@id\":\"https:\/\/revistavitrineibiuna.com.br\/#\/schema\/person\/e51ef49d6d88170ea21ceabff3f73deb\"},\"headline\":\"IBI\\u00daNA &#8211; INTERDI\\u00c7\\u00c3O DE PONTE NA ESTRADA IBI\\u00daNA-MAIRINQUE GERA CAOS NA MOBILIDADE P\\u00daBLICA\",\"datePublished\":\"2024-12-28T01:10:23+00:00\",\"dateModified\":\"2024-12-28T02:01:05+00:00\",\"mainEntityOfPage\":{\"@id\":\"http:\/\/revistavitrineibiuna.com.br\/?p=32554#webpage\"},\"commentCount\":0,\"publisher\":{\"@id\":\"https:\/\/revistavitrineibiuna.com.br\/#\/schema\/person\/e51ef49d6d88170ea21ceabff3f73deb\"},\"image\":{\"@id\":\"http:\/\/revistavitrineibiuna.com.br\/?p=32554#primaryimage\"},\"articleSection\":\"Not\\u00edcias\",\"inLanguage\":\"pt-BR\",\"potentialAction\":[{\"@type\":\"CommentAction\",\"name\":\"Comment\",\"target\":[\"http:\/\/revistavitrineibiuna.com.br\/?p=32554#respond\"]}]},{\"@type\":[\"Person\",\"Organization\"],\"@id\":\"https:\/\/revistavitrineibiuna.com.br\/#\/schema\/person\/e51ef49d6d88170ea21ceabff3f73deb\",\"name\":\"Carlos Rossini\",\"image\":{\"@type\":\"ImageObject\",\"@id\":\"https:\/\/revistavitrineibiuna.com.br\/#personlogo\",\"inLanguage\":\"pt-BR\",\"url\":\"https:\/\/secure.gravatar.com\/avatar\/4f2d0f99fac1f85c7d643f21f5c8d900?s=96&d=mm&r=g\",\"caption\":\"Carlos Rossini\"},\"logo\":{\"@id\":\"https:\/\/revistavitrineibiuna.com.br\/#personlogo\"},\"description\":\"Carlos Rossini \\u00e9 jornalista, soci\\u00f3logo, escritor e professor universit\\u00e1rio, tendo sido professor de jornalismo por vinte anos. Trabalhou em ve\\u00edculos de comunica\\u00e7\\u00e3o nas fun\\u00e7\\u00f5es de rep\\u00f3rter, redator, editor, articulista e colaborador, como Folha de S. Paulo, O Estado de S. Paulo, Di\\u00e1rio Popular, entre outros. Ao transferir a revista vitrine, vers\\u00e3o imprensa, de S\\u00e3o Paulo para Ibi\\u00fana h\\u00e1 alguns anos, iniciou uma nova experi\\u00eancia profissional, dedicando-se ao jornalismo regional, depois de cumprir uma trajet\\u00f3ria bem-sucedida na grande imprensa brasileira. Seu primeiro livro A Coragem de Comunicar foi lan\\u00e7ado na Bienal do Livro em S\\u00e3o Paulo no ano 2000, pela editora Madras.\"}]}<\/script>\n<!-- \/ Yoast SEO plugin. -->","_links":{"self":[{"href":"https:\/\/revistavitrineibiuna.com.br\/index.php?rest_route=\/wp\/v2\/posts\/32554"}],"collection":[{"href":"https:\/\/revistavitrineibiuna.com.br\/index.php?rest_route=\/wp\/v2\/posts"}],"about":[{"href":"https:\/\/revistavitrineibiuna.com.br\/index.php?rest_route=\/wp\/v2\/types\/post"}],"author":[{"embeddable":true,"href":"https:\/\/revistavitrineibiuna.com.br\/index.php?rest_route=\/wp\/v2\/users\/1"}],"replies":[{"embeddable":true,"href":"https:\/\/revistavitrineibiuna.com.br\/index.php?rest_route=%2Fwp%2Fv2%2Fcomments&post=32554"}],"version-history":[{"count":5,"href":"https:\/\/revistavitrineibiuna.com.br\/index.php?rest_route=\/wp\/v2\/posts\/32554\/revisions"}],"predecessor-version":[{"id":32566,"href":"https:\/\/revistavitrineibiuna.com.br\/index.php?rest_route=\/wp\/v2\/posts\/32554\/revisions\/32566"}],"wp:featuredmedia":[{"embeddable":true,"href":"https:\/\/revistavitrineibiuna.com.br\/index.php?rest_route=\/wp\/v2\/media\/32555"}],"wp:attachment":[{"href":"https:\/\/revistavitrineibiuna.com.br\/index.php?rest_route=%2Fwp%2Fv2%2Fmedia&parent=32554"}],"wp:term":[{"taxonomy":"category","embeddable":true,"href":"https:\/\/revistavitrineibiuna.com.br\/index.php?rest_route=%2Fwp%2Fv2%2Fcategories&post=32554"},{"taxonomy":"post_tag","embeddable":true,"href":"https:\/\/revistavitrineibiuna.com.br\/index.php?rest_route=%2Fwp%2Fv2%2Ftags&post=32554"}],"curies":[{"name":"wp","href":"https:\/\/api.w.org\/{rel}","templated":true}]}}