{"id":32567,"date":"2024-12-28T15:29:31","date_gmt":"2024-12-28T18:29:31","guid":{"rendered":"http:\/\/revistavitrineibiuna.com.br\/?p=32567"},"modified":"2024-12-28T16:40:37","modified_gmt":"2024-12-28T19:40:37","slug":"ponte-interditada-populacao-quer-atitude-urgente-da-prefeitura","status":"publish","type":"post","link":"https:\/\/revistavitrineibiuna.com.br\/?p=32567","title":{"rendered":"PONTE INTERDITADA \u2013 POPULA\u00c7\u00c3O QUER ATITUDE URGENTE DA PREFEITURA"},"content":{"rendered":"\n<p class=\"has-drop-cap\"><strong>O atual prefeito de Ibi\u00fana, que deixa o cargo nesta ter\u00e7a-feira (31), at\u00e9 o momento em que essa reda\u00e7\u00e3o est\u00e1 sendo elaborada, ao contr\u00e1rio de situa\u00e7\u00f5es anteriores, nas quais se preocupava em repelir \u201cmilhares de fake news\u201d, ainda n\u00e3o se pronunciou a respeito da interdI\u00e7\u00e3o da ponte sobre o Rio Sorocaba, na estrada que liga Ibi\u00fana ao munic\u00edpio de Mairinque.<\/strong><\/p>\n\n\n\n<p><strong>Como se recorda, a interdi\u00e7\u00e3o, determinada pelo Minist\u00e9rio P\u00fablico do Estado de S\u00e3o Paulo, foi efetuada pela Guarda Civil Municipal por volta das 18h10 de ontem (27), pegando toda a popula\u00e7\u00e3o de surpresa e tornando um caos a mobilidade vi\u00e1ria em toda a regi\u00e3o.<\/strong><\/p>\n\n\n\n<p><strong>A decis\u00e3o foi comunicada \u00e0 Prefeitura no dia 19 de dezembro, depois que as autoridades judici\u00e1rias n\u00e3o obtiveram retorno das autoridades municipais sobre as provid\u00eancias a serem tomadas, uma vez que, segundo constatado, a referida ponte est\u00e1 com sua estrutura comprometida e pode desabar, pondo em perigo a vida das pessoas.<\/strong><\/p>\n\n\n\n<p><strong>COMUNICADO<\/strong><\/p>\n\n\n\n<p><strong>A Prefeitura se limitou a publicar um comunicado no Instagram intitulado \u201cALERTA\u201d em que informa o que todos j\u00e1 sabiam, que a ponte fora interditada e que \u201cest\u00e1 proibida a travessia de carros e pedestres\u201d.<\/strong><\/p>\n\n\n\n<p><strong>Ap\u00f3s pedir \u201caten\u00e7\u00e3o e cuidado a todos os usu\u00e1rios da rodovia Ibi\u00fana\/Mairinque\u201d, declara que \u201cno momento \u00e9 poss\u00edvel utilizar o caminho pelo bairro de Dois C\u00f3rregos\u201d. Esse caminho, na realidade \u00e9 a Estrada do An\u00edbal<\/strong>, ou Estrada da Serraria do An\u00edbal.<\/p>\n\n\n\n<p><strong>A DURA REALIDADE<\/strong><\/p>\n\n\n\n<figure class=\"wp-block-image size-large\"><img loading=\"lazy\" width=\"716\" height=\"480\" src=\"https:\/\/revistavitrineibiuna.com.br\/wp-content\/uploads\/2024\/12\/estrada-alternativa.png\" alt=\"\" class=\"wp-image-32570\" srcset=\"https:\/\/revistavitrineibiuna.com.br\/wp-content\/uploads\/2024\/12\/estrada-alternativa.png 716w, https:\/\/revistavitrineibiuna.com.br\/wp-content\/uploads\/2024\/12\/estrada-alternativa-300x201.png 300w\" sizes=\"(max-width: 716px) 100vw, 716px\" \/><figcaption>Eis a condi\u00e7\u00e3o da estrada apontada como &#8220;caminho&#8221; (alternativo) pela Prefeireura<\/figcaption><\/figure>\n\n\n\n<p><strong>Vitrine online e a TVUNA fizeram uma divulga\u00e7\u00e3o intensa sobre a interdi\u00e7\u00e3o como presta\u00e7\u00e3o de servi\u00e7o de utilidade p\u00fablica que foram captadas por milhares de pessoas, que se mostraram indignadas com o fato que continua gerando grande desconforto aos usu\u00e1rios da estrada.<\/strong><\/p>\n\n\n\n<p><strong>Aparentemente a autoridade municipal n\u00e3o observou os inumer\u00e1veis coment\u00e1rios e cr\u00edticas dirigidas a ela, bem como n\u00e3o ter\u00e1 visto que a situa\u00e7\u00e3o da estrada indicada como op\u00e7\u00e3o, no lado ibiunense [no territ\u00f3rio de S\u00e3o Roque o nome muda para Estrada dos Godinhos], est\u00e1 intransit\u00e1vel, at\u00e9 mesmo para ve\u00edculos de grande porte, devido \u00e0 sua condi\u00e7\u00e3o prec\u00e1ria agravada com as chuvas recentes.<\/strong><\/p>\n\n\n\n<p><strong>A popula\u00e7\u00e3o, sobretudo os habitantes do bairro de Dois C\u00f3rregos, quer que a Prefeitura tome provid\u00eancias urgentes para dar condi\u00e7\u00f5es de trafegabilidade na chamada Estrada do An\u00edbal, com o uso de m\u00e1quinas e coloca\u00e7\u00e3o de pedras pelo menos nas \u00e1reas mais cr\u00edticas, onde at\u00e9 caminh\u00f5es ficaram encalhados.<\/strong><\/p>\n\n\n\n<p><strong>Vitrine online apurou que uma parcela da popula\u00e7\u00e3o n\u00e3o acredita que, nesta altura, a Prefeitura tome essa medida importante para minorar o sofrimento dos usu\u00e1rios da estrada, lembrando a condi\u00e7\u00e3o de tantas outras vias que se encontram na mesma situa\u00e7\u00e3o prec\u00e1ria.<\/strong><\/p>\n\n\n\n<p><strong>De qualquer forma, torcemos para que esta not\u00edcia sensibilize as autoridades municipais para que assumam essa responsabilidade e, num ato de respeito aos cidad\u00e3os, &nbsp;atenda seu pedido de contar com uma estrada alternativa em melhores condi\u00e7\u00f5es. (C.R.)<\/strong><\/p>\n","protected":false},"excerpt":{"rendered":"<p>O atual prefeito de Ibi\u00fana, que deixa o cargo nesta ter\u00e7a-feira (31), at\u00e9 o momento em que essa reda\u00e7\u00e3o est\u00e1<\/p>\n","protected":false},"author":1,"featured_media":32568,"comment_status":"open","ping_status":"open","sticky":false,"template":"","format":"standard","meta":[],"categories":[3],"tags":[],"yoast_head":"<!-- This site is optimized with the Yoast SEO plugin v15.8 - https:\/\/yoast.com\/wordpress\/plugins\/seo\/ -->\n<title>PONTE INTERDITADA \u2013 POPULA\u00c7\u00c3O QUER ATITUDE URGENTE DA PREFEITURA - Revista Vitrine Online<\/title>\n<meta name=\"robots\" content=\"index, follow, max-snippet:-1, max-image-preview:large, max-video-preview:-1\" \/>\n<link rel=\"canonical\" href=\"http:\/\/revistavitrineibiuna.com.br\/?p=32567\" \/>\n<meta property=\"og:locale\" content=\"pt_BR\" \/>\n<meta property=\"og:type\" content=\"article\" \/>\n<meta property=\"og:title\" content=\"PONTE INTERDITADA \u2013 POPULA\u00c7\u00c3O QUER ATITUDE URGENTE DA PREFEITURA - Revista Vitrine Online\" \/>\n<meta property=\"og:description\" content=\"O atual prefeito de Ibi\u00fana, que deixa o cargo nesta ter\u00e7a-feira (31), at\u00e9 o momento em que essa reda\u00e7\u00e3o est\u00e1\" \/>\n<meta property=\"og:url\" content=\"http:\/\/revistavitrineibiuna.com.br\/?p=32567\" \/>\n<meta property=\"og:site_name\" content=\"Revista Vitrine Online\" \/>\n<meta property=\"article:published_time\" content=\"2024-12-28T18:29:31+00:00\" \/>\n<meta property=\"article:modified_time\" content=\"2024-12-28T19:40:37+00:00\" \/>\n<meta property=\"og:image\" content=\"https:\/\/revistavitrineibiuna.com.br\/wp-content\/uploads\/2024\/12\/interdicao-na-estrada-da-cachoeira-1024x620.png\" \/>\n\t<meta property=\"og:image:width\" content=\"1024\" \/>\n\t<meta property=\"og:image:height\" content=\"620\" \/>\n<meta name=\"twitter:card\" content=\"summary\" \/>\n<meta name=\"twitter:label1\" content=\"Est. reading time\">\n\t<meta name=\"twitter:data1\" content=\"3 minutos\">\n<script type=\"application\/ld+json\" class=\"yoast-schema-graph\">{\"@context\":\"https:\/\/schema.org\",\"@graph\":[{\"@type\":\"WebSite\",\"@id\":\"https:\/\/revistavitrineibiuna.com.br\/#website\",\"url\":\"https:\/\/revistavitrineibiuna.com.br\/\",\"name\":\"Revista Vitrine Ibi\\u00fana\",\"description\":\"A Revista de Ibi\\u00fana e Regi\\u00e3o\",\"publisher\":{\"@id\":\"https:\/\/revistavitrineibiuna.com.br\/#\/schema\/person\/e51ef49d6d88170ea21ceabff3f73deb\"},\"potentialAction\":[{\"@type\":\"SearchAction\",\"target\":\"https:\/\/revistavitrineibiuna.com.br\/?s={search_term_string}\",\"query-input\":\"required name=search_term_string\"}],\"inLanguage\":\"pt-BR\"},{\"@type\":\"ImageObject\",\"@id\":\"http:\/\/revistavitrineibiuna.com.br\/?p=32567#primaryimage\",\"inLanguage\":\"pt-BR\",\"url\":\"https:\/\/revistavitrineibiuna.com.br\/wp-content\/uploads\/2024\/12\/interdicao-na-estrada-da-cachoeira.png\",\"width\":1528,\"height\":925},{\"@type\":\"WebPage\",\"@id\":\"http:\/\/revistavitrineibiuna.com.br\/?p=32567#webpage\",\"url\":\"http:\/\/revistavitrineibiuna.com.br\/?p=32567\",\"name\":\"PONTE INTERDITADA \\u2013 POPULA\\u00c7\\u00c3O QUER ATITUDE URGENTE DA PREFEITURA - Revista Vitrine Online\",\"isPartOf\":{\"@id\":\"https:\/\/revistavitrineibiuna.com.br\/#website\"},\"primaryImageOfPage\":{\"@id\":\"http:\/\/revistavitrineibiuna.com.br\/?p=32567#primaryimage\"},\"datePublished\":\"2024-12-28T18:29:31+00:00\",\"dateModified\":\"2024-12-28T19:40:37+00:00\",\"breadcrumb\":{\"@id\":\"http:\/\/revistavitrineibiuna.com.br\/?p=32567#breadcrumb\"},\"inLanguage\":\"pt-BR\",\"potentialAction\":[{\"@type\":\"ReadAction\",\"target\":[\"http:\/\/revistavitrineibiuna.com.br\/?p=32567\"]}]},{\"@type\":\"BreadcrumbList\",\"@id\":\"http:\/\/revistavitrineibiuna.com.br\/?p=32567#breadcrumb\",\"itemListElement\":[{\"@type\":\"ListItem\",\"position\":1,\"item\":{\"@type\":\"WebPage\",\"@id\":\"https:\/\/revistavitrineibiuna.com.br\/\",\"url\":\"https:\/\/revistavitrineibiuna.com.br\/\",\"name\":\"In\\u00edcio\"}},{\"@type\":\"ListItem\",\"position\":2,\"item\":{\"@type\":\"WebPage\",\"@id\":\"http:\/\/revistavitrineibiuna.com.br\/?p=32567\",\"url\":\"http:\/\/revistavitrineibiuna.com.br\/?p=32567\",\"name\":\"PONTE INTERDITADA \\u2013 POPULA\\u00c7\\u00c3O QUER ATITUDE URGENTE DA PREFEITURA\"}}]},{\"@type\":\"Article\",\"@id\":\"http:\/\/revistavitrineibiuna.com.br\/?p=32567#article\",\"isPartOf\":{\"@id\":\"http:\/\/revistavitrineibiuna.com.br\/?p=32567#webpage\"},\"author\":{\"@id\":\"https:\/\/revistavitrineibiuna.com.br\/#\/schema\/person\/e51ef49d6d88170ea21ceabff3f73deb\"},\"headline\":\"PONTE INTERDITADA \\u2013 POPULA\\u00c7\\u00c3O QUER ATITUDE URGENTE DA PREFEITURA\",\"datePublished\":\"2024-12-28T18:29:31+00:00\",\"dateModified\":\"2024-12-28T19:40:37+00:00\",\"mainEntityOfPage\":{\"@id\":\"http:\/\/revistavitrineibiuna.com.br\/?p=32567#webpage\"},\"commentCount\":0,\"publisher\":{\"@id\":\"https:\/\/revistavitrineibiuna.com.br\/#\/schema\/person\/e51ef49d6d88170ea21ceabff3f73deb\"},\"image\":{\"@id\":\"http:\/\/revistavitrineibiuna.com.br\/?p=32567#primaryimage\"},\"articleSection\":\"Not\\u00edcias\",\"inLanguage\":\"pt-BR\",\"potentialAction\":[{\"@type\":\"CommentAction\",\"name\":\"Comment\",\"target\":[\"http:\/\/revistavitrineibiuna.com.br\/?p=32567#respond\"]}]},{\"@type\":[\"Person\",\"Organization\"],\"@id\":\"https:\/\/revistavitrineibiuna.com.br\/#\/schema\/person\/e51ef49d6d88170ea21ceabff3f73deb\",\"name\":\"Carlos Rossini\",\"image\":{\"@type\":\"ImageObject\",\"@id\":\"https:\/\/revistavitrineibiuna.com.br\/#personlogo\",\"inLanguage\":\"pt-BR\",\"url\":\"https:\/\/secure.gravatar.com\/avatar\/4f2d0f99fac1f85c7d643f21f5c8d900?s=96&d=mm&r=g\",\"caption\":\"Carlos Rossini\"},\"logo\":{\"@id\":\"https:\/\/revistavitrineibiuna.com.br\/#personlogo\"},\"description\":\"Carlos Rossini \\u00e9 jornalista, soci\\u00f3logo, escritor e professor universit\\u00e1rio, tendo sido professor de jornalismo por vinte anos. Trabalhou em ve\\u00edculos de comunica\\u00e7\\u00e3o nas fun\\u00e7\\u00f5es de rep\\u00f3rter, redator, editor, articulista e colaborador, como Folha de S. Paulo, O Estado de S. Paulo, Di\\u00e1rio Popular, entre outros. Ao transferir a revista vitrine, vers\\u00e3o imprensa, de S\\u00e3o Paulo para Ibi\\u00fana h\\u00e1 alguns anos, iniciou uma nova experi\\u00eancia profissional, dedicando-se ao jornalismo regional, depois de cumprir uma trajet\\u00f3ria bem-sucedida na grande imprensa brasileira. Seu primeiro livro A Coragem de Comunicar foi lan\\u00e7ado na Bienal do Livro em S\\u00e3o Paulo no ano 2000, pela editora Madras.\"}]}<\/script>\n<!-- \/ Yoast SEO plugin. -->","_links":{"self":[{"href":"https:\/\/revistavitrineibiuna.com.br\/index.php?rest_route=\/wp\/v2\/posts\/32567"}],"collection":[{"href":"https:\/\/revistavitrineibiuna.com.br\/index.php?rest_route=\/wp\/v2\/posts"}],"about":[{"href":"https:\/\/revistavitrineibiuna.com.br\/index.php?rest_route=\/wp\/v2\/types\/post"}],"author":[{"embeddable":true,"href":"https:\/\/revistavitrineibiuna.com.br\/index.php?rest_route=\/wp\/v2\/users\/1"}],"replies":[{"embeddable":true,"href":"https:\/\/revistavitrineibiuna.com.br\/index.php?rest_route=%2Fwp%2Fv2%2Fcomments&post=32567"}],"version-history":[{"count":4,"href":"https:\/\/revistavitrineibiuna.com.br\/index.php?rest_route=\/wp\/v2\/posts\/32567\/revisions"}],"predecessor-version":[{"id":32575,"href":"https:\/\/revistavitrineibiuna.com.br\/index.php?rest_route=\/wp\/v2\/posts\/32567\/revisions\/32575"}],"wp:featuredmedia":[{"embeddable":true,"href":"https:\/\/revistavitrineibiuna.com.br\/index.php?rest_route=\/wp\/v2\/media\/32568"}],"wp:attachment":[{"href":"https:\/\/revistavitrineibiuna.com.br\/index.php?rest_route=%2Fwp%2Fv2%2Fmedia&parent=32567"}],"wp:term":[{"taxonomy":"category","embeddable":true,"href":"https:\/\/revistavitrineibiuna.com.br\/index.php?rest_route=%2Fwp%2Fv2%2Fcategories&post=32567"},{"taxonomy":"post_tag","embeddable":true,"href":"https:\/\/revistavitrineibiuna.com.br\/index.php?rest_route=%2Fwp%2Fv2%2Ftags&post=32567"}],"curies":[{"name":"wp","href":"https:\/\/api.w.org\/{rel}","templated":true}]}}