{"id":32577,"date":"2024-12-29T16:32:47","date_gmt":"2024-12-29T19:32:47","guid":{"rendered":"http:\/\/revistavitrineibiuna.com.br\/?p=32577"},"modified":"2024-12-29T17:25:21","modified_gmt":"2024-12-29T20:25:21","slug":"ibiuna-conselho-tutelar-realizou-960-atendimentos-e-8-acolhimentos-em-2024","status":"publish","type":"post","link":"https:\/\/revistavitrineibiuna.com.br\/?p=32577","title":{"rendered":"IBI\u00daNA \u2013 CONSELHO TUTELAR REALIZOU 960 ATENDIMENTOS E 8 ACOLHIMENTOS EM 2024"},"content":{"rendered":"\n<p class=\"has-drop-cap\"><strong>O Conselho Tutelar de Ibi\u00fana, integrado por cinco mulheres, apresentou balan\u00e7o de sua atua\u00e7\u00e3o em 2024.<\/strong><\/p>\n\n\n\n<p><strong>Ao todo, foram realizados 960 atendimentos e oito casos de acolhimento, um processo de receber e cuidar de crian\u00e7as que, por diversos motivos, est\u00e3o em situa\u00e7\u00f5es que envolvem sua seguran\u00e7a, bem-estar ou desenvolvimento. Pode incluir crian\u00e7as retiradas de lares abusivos, negligentes ou incapazes de prover cuidados adequados.<\/strong><\/p>\n\n\n\n<p><strong>Segundo o relato, o ano foi marcado por in\u00fameros desafios, especialmente relacionados ao fortalecimento da rela\u00e7\u00e3o entre o Conselho Tutelar e os demais \u00f3rg\u00e3os da rede de prote\u00e7\u00e3o, como escolas e servi\u00e7os de sa\u00fade.<\/strong><\/p>\n\n\n\n<p><strong>Um dos grandes \u00eaxitos foi a reconquista da confian\u00e7a da educa\u00e7\u00e3o em rela\u00e7\u00e3o \u00e0s den\u00fancias feitas ao Conselho Tutelar, o que demonstra um avan\u00e7o significativo na parceria e comunica\u00e7\u00e3o com essa \u00e1rea essencial.<\/strong><\/p>\n\n\n\n<p><strong>DESAFIOS DE 2025<\/strong><\/p>\n\n\n\n<p><strong>As conselheiras preveem para o ano que se inicia nesta quarta-feira os seguintes desafios:<\/strong><\/p>\n\n\n\n<p><strong>1. Fortalecer a Rede de Prote\u00e7\u00e3o;<\/strong><\/p>\n\n\n\n<p><strong>2. Garantir maior integra\u00e7\u00e3o entre as institui\u00e7\u00f5es respons\u00e1veis pelo cuidado e prote\u00e7\u00e3o de crian\u00e7as e adolescentes;<\/strong><\/p>\n\n\n\n<p><strong>3. Promover capacita\u00e7\u00f5es e encontros para alinhamento de estrat\u00e9gias e troca de informa\u00e7\u00f5es;<\/strong><\/p>\n\n\n\n<p><strong>4. Ampliar o suporte e agilidade aos atendimentos;<\/strong><\/p>\n\n\n\n<p><strong>5. Buscar recursos e suporte t\u00e9cnico que permitam maior efici\u00eancia nas respostas \u00e0s demandas;<\/strong><\/p>\n\n\n\n<p><strong>6. Desenvolver protocolos que garantam atendimentos mais r\u00e1pidos e eficazes.<\/strong><\/p>\n\n\n\n<p><strong>O compromisso de toda a equipe ser\u00e1 trabalhar de forma ainda mais integrada, com foco no bem-estar e na garantia de direitos das crian\u00e7as e adolescentes de Ibi\u00fana. A uni\u00e3o de esfor\u00e7os ser\u00e1 essencial para enfrentar os desafios e construir uma rede de prote\u00e7\u00e3o s\u00f3lida e funcional.<\/strong><\/p>\n\n\n\n<p><strong>CT E INSTITIUI\u00c7\u00d5ES EDUCACIONAIS<\/strong><\/p>\n\n\n\n<p><strong>Outro objetivo do CT ser\u00e1 reconquistar a confian\u00e7a da educa\u00e7\u00e3o nesse contexto significa restabelecer ou fortalecer a rela\u00e7\u00e3o de credibilidade e coopera\u00e7\u00e3o entre o Conselho Tutelar e as institui\u00e7\u00f5es educacionais. Isto porque &nbsp;se observou que havia um distanciamento ou falta de confian\u00e7a nas a\u00e7\u00f5es e no papel do Conselho.<\/strong><\/p>\n\n\n\n<p><strong>O Conselho, ouvido por vitrine online, real\u00e7ou que est\u00e1 disposto a colaborar diretamente com a educa\u00e7\u00e3o e com a comunidade. \u201cEssa reconquista \u00e9 essencial para garantir que os direitos das crian\u00e7as e adolescentes sejam respeitados e protegidos, fortalecendo a rede de apoio entre educa\u00e7\u00e3o, fam\u00edlias e Conselho Tutelar.\u201d<\/strong><\/p>\n\n\n\n<p><strong>CONSELHEIRAS<\/strong><\/p>\n\n\n\n<p><strong>O Conselho Tutelar de Ibi\u00fana \u00e9 integrado por: Camila Leite; Elisangela Marmelo; Fl\u00e1via Pereira;&nbsp; Jaciara Soares e Marcia Matos.<\/strong><\/p>\n\n\n\n<p><strong>CONTATO<\/strong><\/p>\n\n\n\n<p><strong>O Conselho Tutelar de Ibi\u00fana funciona na Rua Zico Soares, 230, de segunda \u00e0 sexta-feira das 8h \u00e0s 17h. <\/strong><\/p>\n\n\n\n<p><strong>Telefone\/WhatSapp (15) 3248-2761 [atende 24h] \u2013 E-mail: conselhotutelar@ibiuna.sp.gov.br<\/strong><\/p>\n\n\n\n<p><strong>Existe ainda o Disque 100 &#8211; e as liga\u00e7\u00f5es s\u00e3o gratuitas<\/strong><\/p>\n\n\n\n<p><\/p>\n","protected":false},"excerpt":{"rendered":"<p>O Conselho Tutelar de Ibi\u00fana, integrado por cinco mulheres, apresentou balan\u00e7o de sua atua\u00e7\u00e3o em 2024. Ao todo, foram realizados<\/p>\n","protected":false},"author":1,"featured_media":32578,"comment_status":"open","ping_status":"open","sticky":false,"template":"","format":"standard","meta":[],"categories":[3],"tags":[],"yoast_head":"<!-- This site is optimized with the Yoast SEO plugin v15.8 - https:\/\/yoast.com\/wordpress\/plugins\/seo\/ -->\n<title>IBI\u00daNA \u2013 CONSELHO TUTELAR REALIZOU 960 ATENDIMENTOS E 8 ACOLHIMENTOS EM 2024 - Revista Vitrine Online<\/title>\n<meta name=\"robots\" content=\"index, follow, max-snippet:-1, max-image-preview:large, max-video-preview:-1\" \/>\n<link rel=\"canonical\" href=\"http:\/\/revistavitrineibiuna.com.br\/?p=32577\" \/>\n<meta property=\"og:locale\" content=\"pt_BR\" \/>\n<meta property=\"og:type\" content=\"article\" \/>\n<meta property=\"og:title\" content=\"IBI\u00daNA \u2013 CONSELHO TUTELAR REALIZOU 960 ATENDIMENTOS E 8 ACOLHIMENTOS EM 2024 - Revista Vitrine Online\" \/>\n<meta property=\"og:description\" content=\"O Conselho Tutelar de Ibi\u00fana, integrado por cinco mulheres, apresentou balan\u00e7o de sua atua\u00e7\u00e3o em 2024. Ao todo, foram realizados\" \/>\n<meta property=\"og:url\" content=\"http:\/\/revistavitrineibiuna.com.br\/?p=32577\" \/>\n<meta property=\"og:site_name\" content=\"Revista Vitrine Online\" \/>\n<meta property=\"article:published_time\" content=\"2024-12-29T19:32:47+00:00\" \/>\n<meta property=\"article:modified_time\" content=\"2024-12-29T20:25:21+00:00\" \/>\n<meta property=\"og:image\" content=\"https:\/\/revistavitrineibiuna.com.br\/wp-content\/uploads\/2024\/12\/Conselheiras-tutelares.png\" \/>\n\t<meta property=\"og:image:width\" content=\"741\" \/>\n\t<meta property=\"og:image:height\" content=\"528\" \/>\n<meta name=\"twitter:card\" content=\"summary\" \/>\n<meta name=\"twitter:label1\" content=\"Est. reading time\">\n\t<meta name=\"twitter:data1\" content=\"2 minutos\">\n<script type=\"application\/ld+json\" class=\"yoast-schema-graph\">{\"@context\":\"https:\/\/schema.org\",\"@graph\":[{\"@type\":\"WebSite\",\"@id\":\"https:\/\/revistavitrineibiuna.com.br\/#website\",\"url\":\"https:\/\/revistavitrineibiuna.com.br\/\",\"name\":\"Revista Vitrine Ibi\\u00fana\",\"description\":\"A Revista de Ibi\\u00fana e Regi\\u00e3o\",\"publisher\":{\"@id\":\"https:\/\/revistavitrineibiuna.com.br\/#\/schema\/person\/e51ef49d6d88170ea21ceabff3f73deb\"},\"potentialAction\":[{\"@type\":\"SearchAction\",\"target\":\"https:\/\/revistavitrineibiuna.com.br\/?s={search_term_string}\",\"query-input\":\"required name=search_term_string\"}],\"inLanguage\":\"pt-BR\"},{\"@type\":\"ImageObject\",\"@id\":\"http:\/\/revistavitrineibiuna.com.br\/?p=32577#primaryimage\",\"inLanguage\":\"pt-BR\",\"url\":\"https:\/\/revistavitrineibiuna.com.br\/wp-content\/uploads\/2024\/12\/Conselheiras-tutelares.png\",\"width\":741,\"height\":528},{\"@type\":\"WebPage\",\"@id\":\"http:\/\/revistavitrineibiuna.com.br\/?p=32577#webpage\",\"url\":\"http:\/\/revistavitrineibiuna.com.br\/?p=32577\",\"name\":\"IBI\\u00daNA \\u2013 CONSELHO TUTELAR REALIZOU 960 ATENDIMENTOS E 8 ACOLHIMENTOS EM 2024 - Revista Vitrine Online\",\"isPartOf\":{\"@id\":\"https:\/\/revistavitrineibiuna.com.br\/#website\"},\"primaryImageOfPage\":{\"@id\":\"http:\/\/revistavitrineibiuna.com.br\/?p=32577#primaryimage\"},\"datePublished\":\"2024-12-29T19:32:47+00:00\",\"dateModified\":\"2024-12-29T20:25:21+00:00\",\"breadcrumb\":{\"@id\":\"http:\/\/revistavitrineibiuna.com.br\/?p=32577#breadcrumb\"},\"inLanguage\":\"pt-BR\",\"potentialAction\":[{\"@type\":\"ReadAction\",\"target\":[\"http:\/\/revistavitrineibiuna.com.br\/?p=32577\"]}]},{\"@type\":\"BreadcrumbList\",\"@id\":\"http:\/\/revistavitrineibiuna.com.br\/?p=32577#breadcrumb\",\"itemListElement\":[{\"@type\":\"ListItem\",\"position\":1,\"item\":{\"@type\":\"WebPage\",\"@id\":\"https:\/\/revistavitrineibiuna.com.br\/\",\"url\":\"https:\/\/revistavitrineibiuna.com.br\/\",\"name\":\"In\\u00edcio\"}},{\"@type\":\"ListItem\",\"position\":2,\"item\":{\"@type\":\"WebPage\",\"@id\":\"http:\/\/revistavitrineibiuna.com.br\/?p=32577\",\"url\":\"http:\/\/revistavitrineibiuna.com.br\/?p=32577\",\"name\":\"IBI\\u00daNA \\u2013 CONSELHO TUTELAR REALIZOU 960 ATENDIMENTOS E 8 ACOLHIMENTOS EM 2024\"}}]},{\"@type\":\"Article\",\"@id\":\"http:\/\/revistavitrineibiuna.com.br\/?p=32577#article\",\"isPartOf\":{\"@id\":\"http:\/\/revistavitrineibiuna.com.br\/?p=32577#webpage\"},\"author\":{\"@id\":\"https:\/\/revistavitrineibiuna.com.br\/#\/schema\/person\/e51ef49d6d88170ea21ceabff3f73deb\"},\"headline\":\"IBI\\u00daNA \\u2013 CONSELHO TUTELAR REALIZOU 960 ATENDIMENTOS E 8 ACOLHIMENTOS EM 2024\",\"datePublished\":\"2024-12-29T19:32:47+00:00\",\"dateModified\":\"2024-12-29T20:25:21+00:00\",\"mainEntityOfPage\":{\"@id\":\"http:\/\/revistavitrineibiuna.com.br\/?p=32577#webpage\"},\"commentCount\":0,\"publisher\":{\"@id\":\"https:\/\/revistavitrineibiuna.com.br\/#\/schema\/person\/e51ef49d6d88170ea21ceabff3f73deb\"},\"image\":{\"@id\":\"http:\/\/revistavitrineibiuna.com.br\/?p=32577#primaryimage\"},\"articleSection\":\"Not\\u00edcias\",\"inLanguage\":\"pt-BR\",\"potentialAction\":[{\"@type\":\"CommentAction\",\"name\":\"Comment\",\"target\":[\"http:\/\/revistavitrineibiuna.com.br\/?p=32577#respond\"]}]},{\"@type\":[\"Person\",\"Organization\"],\"@id\":\"https:\/\/revistavitrineibiuna.com.br\/#\/schema\/person\/e51ef49d6d88170ea21ceabff3f73deb\",\"name\":\"Carlos Rossini\",\"image\":{\"@type\":\"ImageObject\",\"@id\":\"https:\/\/revistavitrineibiuna.com.br\/#personlogo\",\"inLanguage\":\"pt-BR\",\"url\":\"https:\/\/secure.gravatar.com\/avatar\/4f2d0f99fac1f85c7d643f21f5c8d900?s=96&d=mm&r=g\",\"caption\":\"Carlos Rossini\"},\"logo\":{\"@id\":\"https:\/\/revistavitrineibiuna.com.br\/#personlogo\"},\"description\":\"Carlos Rossini \\u00e9 jornalista, soci\\u00f3logo, escritor e professor universit\\u00e1rio, tendo sido professor de jornalismo por vinte anos. Trabalhou em ve\\u00edculos de comunica\\u00e7\\u00e3o nas fun\\u00e7\\u00f5es de rep\\u00f3rter, redator, editor, articulista e colaborador, como Folha de S. Paulo, O Estado de S. Paulo, Di\\u00e1rio Popular, entre outros. Ao transferir a revista vitrine, vers\\u00e3o imprensa, de S\\u00e3o Paulo para Ibi\\u00fana h\\u00e1 alguns anos, iniciou uma nova experi\\u00eancia profissional, dedicando-se ao jornalismo regional, depois de cumprir uma trajet\\u00f3ria bem-sucedida na grande imprensa brasileira. Seu primeiro livro A Coragem de Comunicar foi lan\\u00e7ado na Bienal do Livro em S\\u00e3o Paulo no ano 2000, pela editora Madras.\"}]}<\/script>\n<!-- \/ Yoast SEO plugin. -->","_links":{"self":[{"href":"https:\/\/revistavitrineibiuna.com.br\/index.php?rest_route=\/wp\/v2\/posts\/32577"}],"collection":[{"href":"https:\/\/revistavitrineibiuna.com.br\/index.php?rest_route=\/wp\/v2\/posts"}],"about":[{"href":"https:\/\/revistavitrineibiuna.com.br\/index.php?rest_route=\/wp\/v2\/types\/post"}],"author":[{"embeddable":true,"href":"https:\/\/revistavitrineibiuna.com.br\/index.php?rest_route=\/wp\/v2\/users\/1"}],"replies":[{"embeddable":true,"href":"https:\/\/revistavitrineibiuna.com.br\/index.php?rest_route=%2Fwp%2Fv2%2Fcomments&post=32577"}],"version-history":[{"count":6,"href":"https:\/\/revistavitrineibiuna.com.br\/index.php?rest_route=\/wp\/v2\/posts\/32577\/revisions"}],"predecessor-version":[{"id":32587,"href":"https:\/\/revistavitrineibiuna.com.br\/index.php?rest_route=\/wp\/v2\/posts\/32577\/revisions\/32587"}],"wp:featuredmedia":[{"embeddable":true,"href":"https:\/\/revistavitrineibiuna.com.br\/index.php?rest_route=\/wp\/v2\/media\/32578"}],"wp:attachment":[{"href":"https:\/\/revistavitrineibiuna.com.br\/index.php?rest_route=%2Fwp%2Fv2%2Fmedia&parent=32577"}],"wp:term":[{"taxonomy":"category","embeddable":true,"href":"https:\/\/revistavitrineibiuna.com.br\/index.php?rest_route=%2Fwp%2Fv2%2Fcategories&post=32577"},{"taxonomy":"post_tag","embeddable":true,"href":"https:\/\/revistavitrineibiuna.com.br\/index.php?rest_route=%2Fwp%2Fv2%2Ftags&post=32577"}],"curies":[{"name":"wp","href":"https:\/\/api.w.org\/{rel}","templated":true}]}}