{"id":32588,"date":"2024-12-30T00:00:02","date_gmt":"2024-12-30T03:00:02","guid":{"rendered":"http:\/\/revistavitrineibiuna.com.br\/?p=32588"},"modified":"2024-12-30T00:00:05","modified_gmt":"2024-12-30T03:00:05","slug":"ibiuna-faltam-2-880-minutos-para-a-cidade-ter-um-novo-prefeito","status":"publish","type":"post","link":"https:\/\/revistavitrineibiuna.com.br\/?p=32588","title":{"rendered":"IBI\u00daNA \u2013 FALTAM 2.880 MINUTOS PARA A CIDADE TER UM NOVO PREFEITO"},"content":{"rendered":"\n<p class=\"has-drop-cap\"><strong>Car\u00edssimos leitores e leitoras, este texto foi conclu\u00eddo \u00e0 zero hora [0h], isto \u00e9, no in\u00edcio de um novo dia que \u00e9 exatamente esta segunda-feira, 30 de dezembro de 2024.<\/strong><\/p>\n\n\n\n<p><strong>Portanto, faltam 2.880 minutos para terminar o mandato do atual prefeito de Ibi\u00fana, agricultor Paulo Kenji Sasaki, 55, (PL). Foram quatro anos de governo.<\/strong><\/p>\n\n\n\n<p><strong>Sasaki foi eleito em 2020 obtendo 14.014 votos<\/strong><\/p>\n\n\n\n<p><strong>Quando chegarmos \u00e0 zero hora [0h], desta quarta-feira, dia 1\u00ba de janeiro de 2025, na marca do primeiro segundo, j\u00e1 estaremos no tempo do novo governante.<\/strong><\/p>\n\n\n\n<p><strong>Em solenidade agendada para as 9h30, no Centro Cultural e Esportivo de Ibi\u00fana [CCEI], no centro da cidade, com muitos convidados,<\/strong> <strong>o advogado M\u00e1rio Pires de Oliveira Filho, 47, (Republicanos) assume o comando do Poder Executivo e, junto com ele, igualmente tomam posse os 15 vereadores, que comp\u00f5em o parlamento ibiunense.<\/strong><\/p>\n\n\n\n<p><strong>Pires foi eleito em 2024 com 21.661 votos.<\/strong><\/p>\n\n\n\n<p><strong>Assim como realizou uma pesquisa de inten\u00e7\u00e3o de votos bem-sucedida nas elei\u00e7\u00f5es de 6 de outubro de 2024, vitrine online, para n\u00e3o perder a musculatura profissional, sempre orienta suas pautas considerando a opini\u00e3o p\u00fablica como ela \u00e9.<\/strong><\/p>\n\n\n\n<p><strong>\u00c9 importante saber o que o povo pensa, sente e se comporta, assim como compreender suas necessidades em todo o cen\u00e1rio de sua exist\u00eancia em uma cidade, como \u00e9 nosso caso.<\/strong><\/p>\n\n\n\n<p><strong>Com rela\u00e7\u00e3o ao governo cujo mandado est\u00e1 nos finalmentes, pelo sim, pelo n\u00e3o, nada mais lhe resta a fazer. O tempo de que dispunha para governar acabou e, exatamente por esse fato, pode [e deve] ser avaliado. Essa iniciativa \u00e9 importante porque socializa a possibilidade de as pessoas evolu\u00edrem na maneira de perceberem a realidade como ela \u00e9, e n\u00e3o como querem que ela seja vista.<\/strong><\/p>\n\n\n\n<p><strong>VITRINE ONLINE PERGUNTA<\/strong><\/p>\n\n\n\n<p><strong>Assim, decidimos perguntar:<\/strong><\/p>\n\n\n\n<p><strong>Considerando o comportamento, as atitudes, os resultados pr\u00e1ticos de suas medidas nas \u00e1reas de presta\u00e7\u00e3o de servi\u00e7os \u00e0 popula\u00e7\u00e3o e da realiza\u00e7\u00e3o de obras,<\/strong><\/p>\n\n\n\n<p><strong>\u201cCOMO VOC\u00ca AVALIA O DESEMPENHO DESSE GOVERNO?\u201d<\/strong><\/p>\n\n\n\n<p><strong>Embora seja este um modo simples e singelo de conhecer os sentimentos dos leitores-cidad\u00e3os, \u00e9 uma forma de respeit\u00e1-los, quer individual ou coletivamente, pois cada per\u00edodo de um governo dura quatro anos preciosos de uma vida, sem direito a retorno cronol\u00f3gico. &nbsp;<\/strong><\/p>\n\n\n\n<p><strong>Essa mesma indaga\u00e7\u00e3o faremos em 2028, quando o novo prefeito concluir seu mandato. Afinal, o que vale \u00e9 o que fica de cada gestor na mem\u00f3ria dos cidad\u00e3os, que s\u00e3o os destinat\u00e1rios dos atos dos pol\u00edticos na condi\u00e7\u00e3o de servidores da comunidade.<\/strong><\/p>\n\n\n\n<p><strong>Assim, poderemos reconhecer se um governo foi bom ou ruim para o povo.<\/strong><\/p>\n","protected":false},"excerpt":{"rendered":"<p>Car\u00edssimos leitores e leitoras, este texto foi conclu\u00eddo \u00e0 zero hora [0h], isto \u00e9, no in\u00edcio de um novo dia<\/p>\n","protected":false},"author":1,"featured_media":32589,"comment_status":"open","ping_status":"open","sticky":false,"template":"","format":"standard","meta":[],"categories":[3],"tags":[],"yoast_head":"<!-- This site is optimized with the Yoast SEO plugin v15.8 - https:\/\/yoast.com\/wordpress\/plugins\/seo\/ -->\n<title>IBI\u00daNA \u2013 FALTAM 2.880 MINUTOS PARA A CIDADE TER UM NOVO PREFEITO - Revista Vitrine Online<\/title>\n<meta name=\"robots\" content=\"index, follow, max-snippet:-1, max-image-preview:large, max-video-preview:-1\" \/>\n<link rel=\"canonical\" href=\"http:\/\/revistavitrineibiuna.com.br\/?p=32588\" \/>\n<meta property=\"og:locale\" content=\"pt_BR\" \/>\n<meta property=\"og:type\" content=\"article\" \/>\n<meta property=\"og:title\" content=\"IBI\u00daNA \u2013 FALTAM 2.880 MINUTOS PARA A CIDADE TER UM NOVO PREFEITO - Revista Vitrine Online\" \/>\n<meta property=\"og:description\" content=\"Car\u00edssimos leitores e leitoras, este texto foi conclu\u00eddo \u00e0 zero hora [0h], isto \u00e9, no in\u00edcio de um novo dia\" \/>\n<meta property=\"og:url\" content=\"http:\/\/revistavitrineibiuna.com.br\/?p=32588\" \/>\n<meta property=\"og:site_name\" content=\"Revista Vitrine Online\" \/>\n<meta property=\"article:published_time\" content=\"2024-12-30T03:00:02+00:00\" \/>\n<meta property=\"article:modified_time\" content=\"2024-12-30T03:00:05+00:00\" \/>\n<meta property=\"og:image\" content=\"https:\/\/revistavitrineibiuna.com.br\/wp-content\/uploads\/2024\/12\/fim-de-governo-de-Sasaki.png\" \/>\n\t<meta property=\"og:image:width\" content=\"1190\" \/>\n\t<meta property=\"og:image:height\" content=\"798\" \/>\n<meta name=\"twitter:card\" content=\"summary\" \/>\n<meta name=\"twitter:label1\" content=\"Est. reading time\">\n\t<meta name=\"twitter:data1\" content=\"2 minutos\">\n<script type=\"application\/ld+json\" class=\"yoast-schema-graph\">{\"@context\":\"https:\/\/schema.org\",\"@graph\":[{\"@type\":\"WebSite\",\"@id\":\"https:\/\/revistavitrineibiuna.com.br\/#website\",\"url\":\"https:\/\/revistavitrineibiuna.com.br\/\",\"name\":\"Revista Vitrine Ibi\\u00fana\",\"description\":\"A Revista de Ibi\\u00fana e Regi\\u00e3o\",\"publisher\":{\"@id\":\"https:\/\/revistavitrineibiuna.com.br\/#\/schema\/person\/e51ef49d6d88170ea21ceabff3f73deb\"},\"potentialAction\":[{\"@type\":\"SearchAction\",\"target\":\"https:\/\/revistavitrineibiuna.com.br\/?s={search_term_string}\",\"query-input\":\"required name=search_term_string\"}],\"inLanguage\":\"pt-BR\"},{\"@type\":\"ImageObject\",\"@id\":\"http:\/\/revistavitrineibiuna.com.br\/?p=32588#primaryimage\",\"inLanguage\":\"pt-BR\",\"url\":\"https:\/\/revistavitrineibiuna.com.br\/wp-content\/uploads\/2024\/12\/fim-de-governo-de-Sasaki.png\",\"width\":1190,\"height\":798},{\"@type\":\"WebPage\",\"@id\":\"http:\/\/revistavitrineibiuna.com.br\/?p=32588#webpage\",\"url\":\"http:\/\/revistavitrineibiuna.com.br\/?p=32588\",\"name\":\"IBI\\u00daNA \\u2013 FALTAM 2.880 MINUTOS PARA A CIDADE TER UM NOVO PREFEITO - Revista Vitrine Online\",\"isPartOf\":{\"@id\":\"https:\/\/revistavitrineibiuna.com.br\/#website\"},\"primaryImageOfPage\":{\"@id\":\"http:\/\/revistavitrineibiuna.com.br\/?p=32588#primaryimage\"},\"datePublished\":\"2024-12-30T03:00:02+00:00\",\"dateModified\":\"2024-12-30T03:00:05+00:00\",\"breadcrumb\":{\"@id\":\"http:\/\/revistavitrineibiuna.com.br\/?p=32588#breadcrumb\"},\"inLanguage\":\"pt-BR\",\"potentialAction\":[{\"@type\":\"ReadAction\",\"target\":[\"http:\/\/revistavitrineibiuna.com.br\/?p=32588\"]}]},{\"@type\":\"BreadcrumbList\",\"@id\":\"http:\/\/revistavitrineibiuna.com.br\/?p=32588#breadcrumb\",\"itemListElement\":[{\"@type\":\"ListItem\",\"position\":1,\"item\":{\"@type\":\"WebPage\",\"@id\":\"https:\/\/revistavitrineibiuna.com.br\/\",\"url\":\"https:\/\/revistavitrineibiuna.com.br\/\",\"name\":\"In\\u00edcio\"}},{\"@type\":\"ListItem\",\"position\":2,\"item\":{\"@type\":\"WebPage\",\"@id\":\"http:\/\/revistavitrineibiuna.com.br\/?p=32588\",\"url\":\"http:\/\/revistavitrineibiuna.com.br\/?p=32588\",\"name\":\"IBI\\u00daNA \\u2013 FALTAM 2.880 MINUTOS PARA A CIDADE TER UM NOVO PREFEITO\"}}]},{\"@type\":\"Article\",\"@id\":\"http:\/\/revistavitrineibiuna.com.br\/?p=32588#article\",\"isPartOf\":{\"@id\":\"http:\/\/revistavitrineibiuna.com.br\/?p=32588#webpage\"},\"author\":{\"@id\":\"https:\/\/revistavitrineibiuna.com.br\/#\/schema\/person\/e51ef49d6d88170ea21ceabff3f73deb\"},\"headline\":\"IBI\\u00daNA \\u2013 FALTAM 2.880 MINUTOS PARA A CIDADE TER UM NOVO PREFEITO\",\"datePublished\":\"2024-12-30T03:00:02+00:00\",\"dateModified\":\"2024-12-30T03:00:05+00:00\",\"mainEntityOfPage\":{\"@id\":\"http:\/\/revistavitrineibiuna.com.br\/?p=32588#webpage\"},\"commentCount\":0,\"publisher\":{\"@id\":\"https:\/\/revistavitrineibiuna.com.br\/#\/schema\/person\/e51ef49d6d88170ea21ceabff3f73deb\"},\"image\":{\"@id\":\"http:\/\/revistavitrineibiuna.com.br\/?p=32588#primaryimage\"},\"articleSection\":\"Not\\u00edcias\",\"inLanguage\":\"pt-BR\",\"potentialAction\":[{\"@type\":\"CommentAction\",\"name\":\"Comment\",\"target\":[\"http:\/\/revistavitrineibiuna.com.br\/?p=32588#respond\"]}]},{\"@type\":[\"Person\",\"Organization\"],\"@id\":\"https:\/\/revistavitrineibiuna.com.br\/#\/schema\/person\/e51ef49d6d88170ea21ceabff3f73deb\",\"name\":\"Carlos Rossini\",\"image\":{\"@type\":\"ImageObject\",\"@id\":\"https:\/\/revistavitrineibiuna.com.br\/#personlogo\",\"inLanguage\":\"pt-BR\",\"url\":\"https:\/\/secure.gravatar.com\/avatar\/4f2d0f99fac1f85c7d643f21f5c8d900?s=96&d=mm&r=g\",\"caption\":\"Carlos Rossini\"},\"logo\":{\"@id\":\"https:\/\/revistavitrineibiuna.com.br\/#personlogo\"},\"description\":\"Carlos Rossini \\u00e9 jornalista, soci\\u00f3logo, escritor e professor universit\\u00e1rio, tendo sido professor de jornalismo por vinte anos. Trabalhou em ve\\u00edculos de comunica\\u00e7\\u00e3o nas fun\\u00e7\\u00f5es de rep\\u00f3rter, redator, editor, articulista e colaborador, como Folha de S. Paulo, O Estado de S. Paulo, Di\\u00e1rio Popular, entre outros. Ao transferir a revista vitrine, vers\\u00e3o imprensa, de S\\u00e3o Paulo para Ibi\\u00fana h\\u00e1 alguns anos, iniciou uma nova experi\\u00eancia profissional, dedicando-se ao jornalismo regional, depois de cumprir uma trajet\\u00f3ria bem-sucedida na grande imprensa brasileira. Seu primeiro livro A Coragem de Comunicar foi lan\\u00e7ado na Bienal do Livro em S\\u00e3o Paulo no ano 2000, pela editora Madras.\"}]}<\/script>\n<!-- \/ Yoast SEO plugin. -->","_links":{"self":[{"href":"https:\/\/revistavitrineibiuna.com.br\/index.php?rest_route=\/wp\/v2\/posts\/32588"}],"collection":[{"href":"https:\/\/revistavitrineibiuna.com.br\/index.php?rest_route=\/wp\/v2\/posts"}],"about":[{"href":"https:\/\/revistavitrineibiuna.com.br\/index.php?rest_route=\/wp\/v2\/types\/post"}],"author":[{"embeddable":true,"href":"https:\/\/revistavitrineibiuna.com.br\/index.php?rest_route=\/wp\/v2\/users\/1"}],"replies":[{"embeddable":true,"href":"https:\/\/revistavitrineibiuna.com.br\/index.php?rest_route=%2Fwp%2Fv2%2Fcomments&post=32588"}],"version-history":[{"count":1,"href":"https:\/\/revistavitrineibiuna.com.br\/index.php?rest_route=\/wp\/v2\/posts\/32588\/revisions"}],"predecessor-version":[{"id":32590,"href":"https:\/\/revistavitrineibiuna.com.br\/index.php?rest_route=\/wp\/v2\/posts\/32588\/revisions\/32590"}],"wp:featuredmedia":[{"embeddable":true,"href":"https:\/\/revistavitrineibiuna.com.br\/index.php?rest_route=\/wp\/v2\/media\/32589"}],"wp:attachment":[{"href":"https:\/\/revistavitrineibiuna.com.br\/index.php?rest_route=%2Fwp%2Fv2%2Fmedia&parent=32588"}],"wp:term":[{"taxonomy":"category","embeddable":true,"href":"https:\/\/revistavitrineibiuna.com.br\/index.php?rest_route=%2Fwp%2Fv2%2Fcategories&post=32588"},{"taxonomy":"post_tag","embeddable":true,"href":"https:\/\/revistavitrineibiuna.com.br\/index.php?rest_route=%2Fwp%2Fv2%2Ftags&post=32588"}],"curies":[{"name":"wp","href":"https:\/\/api.w.org\/{rel}","templated":true}]}}