{"id":32595,"date":"2024-12-31T21:06:43","date_gmt":"2025-01-01T00:06:43","guid":{"rendered":"http:\/\/revistavitrineibiuna.com.br\/?p=32595"},"modified":"2025-01-01T01:05:53","modified_gmt":"2025-01-01T04:05:53","slug":"1-1-2025-ibiuna-comeca-o-ano-com-esperanca-no-novo-governo-municipal","status":"publish","type":"post","link":"https:\/\/revistavitrineibiuna.com.br\/?p=32595","title":{"rendered":"1\/1\/2025 &#8211; IBI\u00daNA COME\u00c7A O ANO COM ESPERAN\u00c7A NO NOVO GOVERNO MUNICIPAL"},"content":{"rendered":"\n<p class=\"has-drop-cap\"><strong>A EXCLAMA\u00c7\u00c3O que aparece na imagem reproduzida acima, sobre a fachada do Pa\u00e7o Municipal de Ibi\u00fana, fotografada num s\u00e1bado ensolarado de novembro de 2024, traduz um oce\u00e2nico sentimento observado em uma pesquisa (*) de inten\u00e7\u00e3o eleitoral manifestado por larga parcela da popula\u00e7\u00e3o ibiunense.<\/strong><\/p>\n\n\n\n<p><strong>TAL SENTIMENTO se revelou notadamente depois que resultado do pleito foi anunciado oficialmente pela Justi\u00e7a Eleitoral, causando uma ruidosa manifesta\u00e7\u00e3o de j\u00fabilo pela multid\u00e3o que se encontrava diante do Cart\u00f3rio Eleitoral localizado na [<em>naquele momento interditada ao tr\u00e1fego<\/em>] avenida Maria de La Farina Milani, no centro da cidade.<\/strong><\/p>\n\n\n\n<p><strong>A PROP\u00d3SITO, e confirmando a hip\u00f3tese destas linhas, a verdade revelada foi uma vit\u00f3ria consagradora de M\u00e1rio Pires (Republicanos) por 21.661 votos, em n\u00fameros a maior de todas na hist\u00f3ria eleitoral do munic\u00edpio.<\/strong> <\/p>\n\n\n\n<p><strong>Hoje, 1\u00ba de janeiro de 2025, ele assume o Poder Executivo pelos pr\u00f3ximos quatro anos para um mandato que se estender\u00e1 at\u00e9 2028, ao lado do vice-prefeito e ex-vereador Naldo Firmino (PRD).<\/strong><\/p>\n\n\n\n<p><strong>AS COISAS parecem fazer sentido quando se leva em conta a religiosidade do povo ibiunense em um not\u00e1vel h\u00e1bito cultural de manifesta\u00e7\u00e3o de f\u00e9. \u00c9 muito frequente se ouvir, no final de um di\u00e1logo interpessoal, a exclama\u00e7\u00e3o: \u201cDeus aben\u00e7oe!\u201d.<\/strong><\/p>\n\n\n\n<p><strong>DESSE MODO, a evoca\u00e7\u00e3o de Deus \u00e9 um fato not\u00e1vel e cotidiano no comportamento das pessoas, que vivem estados mentais povoados por uma multid\u00e3o de sentimentos e de necessidades. Portanto, como se pode compreender, h\u00e1 momentos decisivos em que Deus se torna a \u00fanica esperan\u00e7a. Assim, h\u00e1 uma hora de pedir a gra\u00e7a e, outra, para demonstrar gratid\u00e3o por t\u00ea-la recebido.<\/strong><\/p>\n\n\n\n<p><strong>NA PESQUISA mencionada, com apura\u00e7\u00e3o de dados pelo m\u00e9todo estimulado, foram ouvidas presencialmente centenas de pessoas moradoras na regi\u00e3o central e em quase a totalidade das dezenas de bairros rurais.<\/strong><\/p>\n\n\n\n<p><strong>O FOCO PRINCIPAL foi precisamente descobrir os sentimentos e as necessidades de mulheres e homens aptos a votarem no dia 6 de outubro e, logicamente, as inten\u00e7\u00f5es de votos para este ou aquele entre os cinco candidatos a prefeito que concorreram nas \u00faltimas elei\u00e7\u00f5es.<\/strong><\/p>\n\n\n\n<p><strong>A PESQUISA REVELOU uma batelada de descontentamento e reprova\u00e7\u00e3o do povo em rela\u00e7\u00e3o \u00e0 gest\u00e3o que terminou no dia 31 de dezembro de 2024.<\/strong><\/p>\n\n\n\n<p><strong>POR QUEST\u00c3O de eleg\u00e2ncia verbal, n\u00e3o reproduzimos aqui express\u00f5es iradas, dirigidas aos mais poderosos personagens do gabinete governamental que deixaram suas salas, mas n\u00e3o apagaram a luz da mem\u00f3ria de suas condutas, como se observa em centenas de coment\u00e1rios nas redes sociais.<\/strong><\/p>\n\n\n\n<p><strong>MESMO APREENSIVAS com eventuais e temidos resultados indesej\u00e1veis, as pessoas demonstraram uma f\u00e9 na mudan\u00e7a pelo voto, comprovando o despertar do senso cr\u00edtico do povo, flagrado como obviedade.<\/strong><\/p>\n\n\n\n<p><strong>NO CONTEXTO desse cen\u00e1rio foi poss\u00edvel perceber nitidamente a robusta expectativa de uma mudan\u00e7a que, afinal, aconteceu de fato, como se as pessoas tivessem despertado para uma realidade que precisava ser enfrentada.<\/strong><\/p>\n\n\n\n<p><strong>SUPOSTAMENTE, ter\u00e1 acontecido o que o te\u00f3logo e fil\u00f3sofo M\u00e1rio S\u00e9rgio Cortella declarou em uma de suas palestras recheadas de sabedoria:<\/strong><\/p>\n\n\n\n<p><strong>\u201cSe n\u00f3s n\u00e3o nos acomodarmos e nos juntarmos, somos capazes de mudar uma situa\u00e7\u00e3o, pois n\u00e3o h\u00e1 mal que sempre dure e bem que nunca acabe. Para que isso aconte\u00e7a, temos, sim, que ter o desejo e partirmos para a a\u00e7\u00e3o.\u201d E a\u00e7\u00e3o \u00e9 o motor de toda mudan\u00e7a.<\/strong><\/p>\n\n\n\n<p><strong>\u201cGRA\u00c7AS A DEUS, temos um novo governo!\u201d \u2013 Esta frase foi ouvida, com sutil varia\u00e7\u00e3o subentendo-se \u2018teremos\u2019, incont\u00e1veis vezes na voz dos ibiunenses, depois de anunciados os resultados das apura\u00e7\u00f5es dos votos.&nbsp;<\/strong><\/p>\n\n\n\n<p><strong>ELA REPRESENTA a vontade e a esperan\u00e7a de que o vasto munic\u00edpio de Ibi\u00fana ter\u00e1 oportunidade de se despojar da estressante mem\u00f3ria de pr\u00e1ticas pol\u00edticas nefastas, para dar lugar \u00e0 poss\u00edvel felicidade por meio de um humilde reconhecimento das autoridades [incluindo os vereadores] dessa necessidade humana essencial.<\/strong><\/p>\n\n\n\n<p><strong>ASSIM, cada criatura passa a ser percebida e tratada como ente sagrado, por que \u00e9 cria\u00e7\u00e3o do Criador. E n\u00e3o como instrumento para atender a interesses pessoais de poder e enriquecimento por meio de subtra\u00e7\u00f5es que ficam imunes \u00e0s boas pr\u00e1ticas universais das ci\u00eancias cont\u00e1beis.<\/strong><\/p>\n\n\n\n<p><strong>HOJE, quando as chaves da porta envidra\u00e7ada do Pa\u00e7o Municipal forem entregues \u00e0s autoridades eleitas, Ibi\u00fana ter\u00e1 a oportunidade de come\u00e7ar a escrever um novo cap\u00edtulo de sua hist\u00f3ria. Que seja escrito de modo a combater vigorosamente o motivo da desilus\u00e3o demonstrada h\u00e1 d\u00e9cadas pelo povo em rela\u00e7\u00e3o aos v\u00edcios tradicionais que geram avers\u00e3o aos pol\u00edticos e \u00e0 pol\u00edtica, numa percep\u00e7\u00e3o invertida do papel da pol\u00edtica, criada na Gr\u00e9cia no s\u00e9culo VII a.C. com o objetivo de organizar a vida em comunidade.<\/strong><\/p>\n\n\n\n<p><strong>QUER ACREDITEM, quer n\u00e3o, pol\u00edtica \u00e9 uma inven\u00e7\u00e3o humana para promover a felicidade das pessoas.<\/strong><\/p>\n\n\n\n<p><strong>A IMPRESS\u00c3O GERAL, no entanto, n\u00e3o \u00e9 isso que aparenta na maior parte do tempo, porque os homens costumam trope\u00e7ar nas pr\u00f3prias trilhas que abrem e se confundir e se perder no interior dos labirintos por onde se movem inseguros sem o mitol\u00f3gico fio de Ariadne.<\/strong><\/p>\n\n\n\n<p><strong>SEU PAPEL amplo tamb\u00e9m pode ser entendido como modelo e fundamento para o equil\u00edbrio da conviv\u00eancia social, com a atribui\u00e7\u00e3o de responsabilidades a institui\u00e7\u00f5es cuja fun\u00e7\u00e3o \u00e9 atender, na melhor das formas, aos interesses e necessidades tanto dos indiv\u00edduos <em>per se<\/em> quanto da coletividade.<\/strong><\/p>\n\n\n\n<p><strong>A EXPECTATIVA das melhorias a serem entregues ao povo n\u00e3o deve, no entanto, se deter apenas naquele que foi eleito e de sua equipe de auxiliares diretos, mas ser compartilhada por todos os atores sociais [homens e mulheres] com suas cotas de corresponsabilidade.<\/strong><\/p>\n\n\n\n<p><strong>GOVERNAR UMA CIDADE n\u00e3o depende de bola de cristal ou de varinhas m\u00e1gicas, e sim de uma humilde capacidade de observar com espanto a realidade como ela \u00e9, as pessoas como elas s\u00e3o, respeitar seus direitos fundamentais, cuidar de suas necessidades, e tomar atitudes baseadas em valores consagrados por uma longa hist\u00f3ria no processo de civiliza\u00e7\u00e3o cujo objetivo central \u00e9 <em>humanizar<\/em> a humanidade. Por que n\u00e3o, humanizar a cidade?<\/strong><\/p>\n\n\n\n<p><strong>EM SUMA, um governante novo tem que ousar ser diferente e buscar solu\u00e7\u00f5es criativas para quest\u00f5es persistentes que permanecem intocadas um longo tempo e se naturalizam como obst\u00e1culos intranspon\u00edveis. Repetir \u201cf\u00f3rmulas\u201d in\u00f3cuas e obsoletas ser\u00e1 pura perda de tempo e tempo tem tudo a ver com a vida real de um povo.&nbsp;<\/strong><\/p>\n\n\n\n<p><strong>Em rela\u00e7\u00e3o a fatos, a temporalidade tamb\u00e9m diz respeito \u00e0 sa\u00fade p\u00fablica, aos meios de locomo\u00e7\u00e3o, \u00e0 estrutura vi\u00e1ria, \u00e0 educa\u00e7\u00e3o, ao meio ambiente, \u00e0 seguran\u00e7a dos indiv\u00edduos, \u00e0 transpar\u00eancia dos atos oficiais, ao comportamento \u00e9tico e moral, ao bem-estar e felicidade dos cidad\u00e3os.<\/strong><\/p>\n\n\n\n<p><strong>SERIA DEMASIADO, assim entendemos, exigir de bra\u00e7os cruzados que apenas um homem fa\u00e7a o que depende de todos, ou pelo menos de muitos. Ou como diz o povo: \u201cUma andorinha s\u00f3, n\u00e3o faz ver\u00e3o!\u201d<\/strong><\/p>\n\n\n\n<p><strong>MAS, JUNTOS, podemos construir nova hist\u00f3ria de Ibi\u00fana venturosa, aben\u00e7oada e pr\u00f3spera.<\/strong><\/p>\n\n\n\n<p><strong>AFINAL, dito de modo simples, n\u00e3o seriam esses os sentimentos e necessidades que est\u00e3o presentes dentro de cada um de n\u00f3s?<\/strong><\/p>\n\n\n\n<p><strong>A COMUNICA\u00c7\u00c3O EFICAZ com transpar\u00eancia e clareza nas informa\u00e7\u00f5es, certamente ser\u00e1 um dos aspectos decisivos que dar\u00e3o sustenta\u00e7\u00e3o a passos bem-sucedidos da nova administra\u00e7\u00e3o. Isso porque a expectativa ansiosa por resultados r\u00e1pidos gerada na mente da popula\u00e7\u00e3o precisar\u00e1 de esclarecimentos inteligentes e sens\u00edveis, uma vez que n\u00e3o se pode ignorar que, ao menos o grupo pol\u00edtico, que foi defenestrado do poder, poder\u00e1 procurar at\u00e9 pelos em ovos para desmerecer e minar a trajet\u00f3ria dos vitoriosos.<\/strong><\/p>\n\n\n\n<p><strong>\u00c9 PRECISO COMPREENDER que os novos administradores ter\u00e3o primeiro que conhecer a realidade da heran\u00e7a recebida e, ao mesmo tempo, \u201ccolocar a casa em ordem\u201d, a fim de desenharem um mapa que permita estabelecer um plano de a\u00e7\u00e3o imediato de a\u00e7\u00f5es priorit\u00e1rias para desobstruir o funil de quest\u00f5es prementes, como a quest\u00e3o da d\u00edvida p\u00fablica. Afinal, a escassez de recursos desidrata o funcionamento e a efici\u00eancia da gest\u00e3o p\u00fablica.<\/strong><\/p>\n\n\n\n<figure class=\"wp-block-image size-large\"><img loading=\"lazy\" width=\"1024\" height=\"712\" src=\"https:\/\/revistavitrineibiuna.com.br\/wp-content\/uploads\/2024\/12\/mario-e-naldo-1024x712.png\" alt=\"\" class=\"wp-image-32599\" srcset=\"https:\/\/revistavitrineibiuna.com.br\/wp-content\/uploads\/2024\/12\/mario-e-naldo-1024x712.png 1024w, https:\/\/revistavitrineibiuna.com.br\/wp-content\/uploads\/2024\/12\/mario-e-naldo-300x209.png 300w, https:\/\/revistavitrineibiuna.com.br\/wp-content\/uploads\/2024\/12\/mario-e-naldo-768x534.png 768w, https:\/\/revistavitrineibiuna.com.br\/wp-content\/uploads\/2024\/12\/mario-e-naldo-1536x1068.png 1536w, https:\/\/revistavitrineibiuna.com.br\/wp-content\/uploads\/2024\/12\/mario-e-naldo-392x272.png 392w, https:\/\/revistavitrineibiuna.com.br\/wp-content\/uploads\/2024\/12\/mario-e-naldo-130x90.png 130w, https:\/\/revistavitrineibiuna.com.br\/wp-content\/uploads\/2024\/12\/mario-e-naldo.png 1590w\" sizes=\"(max-width: 1024px) 100vw, 1024px\" \/><figcaption>Ao final da entrevista para a TVUNA e vitrine online novo prefeito e vice, un\u00edssonos: &#8220;Dias melhores vir\u00e3o!&#8221;<\/figcaption><\/figure>\n\n\n\n<p><strong>EM ENTREVISTA \u00c0 TVUNA e vitrine online, logo ap\u00f3s serem diplomados em solenidade na C\u00e2mara Municipal, no dia 16 de dezembro, M\u00e1rio Pires e o vice-prefeito eleito, Naldo Firmino, respondendo \u00e0 expectativa geral, declamaram com a mesma entona\u00e7\u00e3o vibrante:<\/strong><\/p>\n\n\n\n<p><strong>\u201cDias melhores vir\u00e3o!\u201d<\/strong><\/p>\n\n\n\n<p><strong>E \u00e9 exatamente essa predi\u00e7\u00e3o que renova a esperan\u00e7a do povo. A nossa expectativa, como profissionais da imprensa, \u00e9 que possamos publicar alv\u00edssaras, termo de origem \u00e1rabe que significa \u2018boas not\u00edcias\u2019.<\/strong><\/p>\n\n\n\n<p><strong>Ali\u00e1s, a palavra esperan\u00e7a vem do latim e se traduz como \u2018confian\u00e7a em algo positivo\u2019. (C.R.) &nbsp;<\/strong><\/p>\n\n\n\n<p><strong><em>(*) Pesquisa nos moldes do jornalismo investigativo realizada por vitrine online e TVUNA<\/em><\/strong><\/p>\n","protected":false},"excerpt":{"rendered":"<p>A EXCLAMA\u00c7\u00c3O que aparece na imagem reproduzida acima, sobre a fachada do Pa\u00e7o Municipal de Ibi\u00fana, fotografada num s\u00e1bado ensolarado<\/p>\n","protected":false},"author":1,"featured_media":32596,"comment_status":"open","ping_status":"open","sticky":false,"template":"","format":"standard","meta":[],"categories":[3],"tags":[],"yoast_head":"<!-- This site is optimized with the Yoast SEO plugin v15.8 - https:\/\/yoast.com\/wordpress\/plugins\/seo\/ -->\n<title>1\/1\/2025 - IBI\u00daNA COME\u00c7A O ANO COM ESPERAN\u00c7A NO NOVO GOVERNO MUNICIPAL - Revista Vitrine Online<\/title>\n<meta name=\"robots\" content=\"index, follow, max-snippet:-1, max-image-preview:large, max-video-preview:-1\" \/>\n<link rel=\"canonical\" href=\"http:\/\/revistavitrineibiuna.com.br\/?p=32595\" \/>\n<meta property=\"og:locale\" content=\"pt_BR\" \/>\n<meta property=\"og:type\" content=\"article\" \/>\n<meta property=\"og:title\" content=\"1\/1\/2025 - IBI\u00daNA COME\u00c7A O ANO COM ESPERAN\u00c7A NO NOVO GOVERNO MUNICIPAL - Revista Vitrine Online\" \/>\n<meta property=\"og:description\" content=\"A EXCLAMA\u00c7\u00c3O que aparece na imagem reproduzida acima, sobre a fachada do Pa\u00e7o Municipal de Ibi\u00fana, fotografada num s\u00e1bado ensolarado\" \/>\n<meta property=\"og:url\" content=\"http:\/\/revistavitrineibiuna.com.br\/?p=32595\" \/>\n<meta property=\"og:site_name\" content=\"Revista Vitrine Online\" \/>\n<meta property=\"article:published_time\" content=\"2025-01-01T00:06:43+00:00\" \/>\n<meta property=\"article:modified_time\" content=\"2025-01-01T04:05:53+00:00\" \/>\n<meta property=\"og:image\" content=\"https:\/\/revistavitrineibiuna.com.br\/wp-content\/uploads\/2024\/12\/GRACAS-A-DEUS-TRES.png\" \/>\n\t<meta property=\"og:image:width\" content=\"1394\" \/>\n\t<meta property=\"og:image:height\" content=\"761\" \/>\n<meta name=\"twitter:card\" content=\"summary\" \/>\n<meta name=\"twitter:label1\" content=\"Est. reading time\">\n\t<meta name=\"twitter:data1\" content=\"7 minutos\">\n<script type=\"application\/ld+json\" class=\"yoast-schema-graph\">{\"@context\":\"https:\/\/schema.org\",\"@graph\":[{\"@type\":\"WebSite\",\"@id\":\"https:\/\/revistavitrineibiuna.com.br\/#website\",\"url\":\"https:\/\/revistavitrineibiuna.com.br\/\",\"name\":\"Revista Vitrine Ibi\\u00fana\",\"description\":\"A Revista de Ibi\\u00fana e Regi\\u00e3o\",\"publisher\":{\"@id\":\"https:\/\/revistavitrineibiuna.com.br\/#\/schema\/person\/e51ef49d6d88170ea21ceabff3f73deb\"},\"potentialAction\":[{\"@type\":\"SearchAction\",\"target\":\"https:\/\/revistavitrineibiuna.com.br\/?s={search_term_string}\",\"query-input\":\"required name=search_term_string\"}],\"inLanguage\":\"pt-BR\"},{\"@type\":\"ImageObject\",\"@id\":\"http:\/\/revistavitrineibiuna.com.br\/?p=32595#primaryimage\",\"inLanguage\":\"pt-BR\",\"url\":\"https:\/\/revistavitrineibiuna.com.br\/wp-content\/uploads\/2024\/12\/GRACAS-A-DEUS-TRES.png\",\"width\":1394,\"height\":761},{\"@type\":\"WebPage\",\"@id\":\"http:\/\/revistavitrineibiuna.com.br\/?p=32595#webpage\",\"url\":\"http:\/\/revistavitrineibiuna.com.br\/?p=32595\",\"name\":\"1\/1\/2025 - IBI\\u00daNA COME\\u00c7A O ANO COM ESPERAN\\u00c7A NO NOVO GOVERNO MUNICIPAL - Revista Vitrine Online\",\"isPartOf\":{\"@id\":\"https:\/\/revistavitrineibiuna.com.br\/#website\"},\"primaryImageOfPage\":{\"@id\":\"http:\/\/revistavitrineibiuna.com.br\/?p=32595#primaryimage\"},\"datePublished\":\"2025-01-01T00:06:43+00:00\",\"dateModified\":\"2025-01-01T04:05:53+00:00\",\"breadcrumb\":{\"@id\":\"http:\/\/revistavitrineibiuna.com.br\/?p=32595#breadcrumb\"},\"inLanguage\":\"pt-BR\",\"potentialAction\":[{\"@type\":\"ReadAction\",\"target\":[\"http:\/\/revistavitrineibiuna.com.br\/?p=32595\"]}]},{\"@type\":\"BreadcrumbList\",\"@id\":\"http:\/\/revistavitrineibiuna.com.br\/?p=32595#breadcrumb\",\"itemListElement\":[{\"@type\":\"ListItem\",\"position\":1,\"item\":{\"@type\":\"WebPage\",\"@id\":\"https:\/\/revistavitrineibiuna.com.br\/\",\"url\":\"https:\/\/revistavitrineibiuna.com.br\/\",\"name\":\"In\\u00edcio\"}},{\"@type\":\"ListItem\",\"position\":2,\"item\":{\"@type\":\"WebPage\",\"@id\":\"http:\/\/revistavitrineibiuna.com.br\/?p=32595\",\"url\":\"http:\/\/revistavitrineibiuna.com.br\/?p=32595\",\"name\":\"1\/1\/2025 &#8211; IBI\\u00daNA COME\\u00c7A O ANO COM ESPERAN\\u00c7A NO NOVO GOVERNO MUNICIPAL\"}}]},{\"@type\":\"Article\",\"@id\":\"http:\/\/revistavitrineibiuna.com.br\/?p=32595#article\",\"isPartOf\":{\"@id\":\"http:\/\/revistavitrineibiuna.com.br\/?p=32595#webpage\"},\"author\":{\"@id\":\"https:\/\/revistavitrineibiuna.com.br\/#\/schema\/person\/e51ef49d6d88170ea21ceabff3f73deb\"},\"headline\":\"1\/1\/2025 &#8211; IBI\\u00daNA COME\\u00c7A O ANO COM ESPERAN\\u00c7A NO NOVO GOVERNO MUNICIPAL\",\"datePublished\":\"2025-01-01T00:06:43+00:00\",\"dateModified\":\"2025-01-01T04:05:53+00:00\",\"mainEntityOfPage\":{\"@id\":\"http:\/\/revistavitrineibiuna.com.br\/?p=32595#webpage\"},\"commentCount\":0,\"publisher\":{\"@id\":\"https:\/\/revistavitrineibiuna.com.br\/#\/schema\/person\/e51ef49d6d88170ea21ceabff3f73deb\"},\"image\":{\"@id\":\"http:\/\/revistavitrineibiuna.com.br\/?p=32595#primaryimage\"},\"articleSection\":\"Not\\u00edcias\",\"inLanguage\":\"pt-BR\",\"potentialAction\":[{\"@type\":\"CommentAction\",\"name\":\"Comment\",\"target\":[\"http:\/\/revistavitrineibiuna.com.br\/?p=32595#respond\"]}]},{\"@type\":[\"Person\",\"Organization\"],\"@id\":\"https:\/\/revistavitrineibiuna.com.br\/#\/schema\/person\/e51ef49d6d88170ea21ceabff3f73deb\",\"name\":\"Carlos Rossini\",\"image\":{\"@type\":\"ImageObject\",\"@id\":\"https:\/\/revistavitrineibiuna.com.br\/#personlogo\",\"inLanguage\":\"pt-BR\",\"url\":\"https:\/\/secure.gravatar.com\/avatar\/4f2d0f99fac1f85c7d643f21f5c8d900?s=96&d=mm&r=g\",\"caption\":\"Carlos Rossini\"},\"logo\":{\"@id\":\"https:\/\/revistavitrineibiuna.com.br\/#personlogo\"},\"description\":\"Carlos Rossini \\u00e9 jornalista, soci\\u00f3logo, escritor e professor universit\\u00e1rio, tendo sido professor de jornalismo por vinte anos. Trabalhou em ve\\u00edculos de comunica\\u00e7\\u00e3o nas fun\\u00e7\\u00f5es de rep\\u00f3rter, redator, editor, articulista e colaborador, como Folha de S. Paulo, O Estado de S. Paulo, Di\\u00e1rio Popular, entre outros. Ao transferir a revista vitrine, vers\\u00e3o imprensa, de S\\u00e3o Paulo para Ibi\\u00fana h\\u00e1 alguns anos, iniciou uma nova experi\\u00eancia profissional, dedicando-se ao jornalismo regional, depois de cumprir uma trajet\\u00f3ria bem-sucedida na grande imprensa brasileira. Seu primeiro livro A Coragem de Comunicar foi lan\\u00e7ado na Bienal do Livro em S\\u00e3o Paulo no ano 2000, pela editora Madras.\"}]}<\/script>\n<!-- \/ Yoast SEO plugin. -->","_links":{"self":[{"href":"https:\/\/revistavitrineibiuna.com.br\/index.php?rest_route=\/wp\/v2\/posts\/32595"}],"collection":[{"href":"https:\/\/revistavitrineibiuna.com.br\/index.php?rest_route=\/wp\/v2\/posts"}],"about":[{"href":"https:\/\/revistavitrineibiuna.com.br\/index.php?rest_route=\/wp\/v2\/types\/post"}],"author":[{"embeddable":true,"href":"https:\/\/revistavitrineibiuna.com.br\/index.php?rest_route=\/wp\/v2\/users\/1"}],"replies":[{"embeddable":true,"href":"https:\/\/revistavitrineibiuna.com.br\/index.php?rest_route=%2Fwp%2Fv2%2Fcomments&post=32595"}],"version-history":[{"count":7,"href":"https:\/\/revistavitrineibiuna.com.br\/index.php?rest_route=\/wp\/v2\/posts\/32595\/revisions"}],"predecessor-version":[{"id":32606,"href":"https:\/\/revistavitrineibiuna.com.br\/index.php?rest_route=\/wp\/v2\/posts\/32595\/revisions\/32606"}],"wp:featuredmedia":[{"embeddable":true,"href":"https:\/\/revistavitrineibiuna.com.br\/index.php?rest_route=\/wp\/v2\/media\/32596"}],"wp:attachment":[{"href":"https:\/\/revistavitrineibiuna.com.br\/index.php?rest_route=%2Fwp%2Fv2%2Fmedia&parent=32595"}],"wp:term":[{"taxonomy":"category","embeddable":true,"href":"https:\/\/revistavitrineibiuna.com.br\/index.php?rest_route=%2Fwp%2Fv2%2Fcategories&post=32595"},{"taxonomy":"post_tag","embeddable":true,"href":"https:\/\/revistavitrineibiuna.com.br\/index.php?rest_route=%2Fwp%2Fv2%2Ftags&post=32595"}],"curies":[{"name":"wp","href":"https:\/\/api.w.org\/{rel}","templated":true}]}}