{"id":32607,"date":"2025-01-01T23:47:18","date_gmt":"2025-01-02T02:47:18","guid":{"rendered":"http:\/\/revistavitrineibiuna.com.br\/?p=32607"},"modified":"2025-01-02T08:07:29","modified_gmt":"2025-01-02T11:07:29","slug":"ibiuna-posse-do-novo-prefeito-faz-a-cidade-vibrar-de-emocao","status":"publish","type":"post","link":"https:\/\/revistavitrineibiuna.com.br\/?p=32607","title":{"rendered":"IBI\u00daNA \u2013 POSSE DO NOVO PREFEITO EMOCIONA A CIDADE"},"content":{"rendered":"\n<p class=\"has-drop-cap\"><strong>A vibrante multid\u00e3o que lotou o maior sal\u00e3o de eventos da cidade de Ibi\u00fana e se aglomerou na frente do Pa\u00e7o Municipal foi a maior manifesta\u00e7\u00e3o de apre\u00e7o, apoio e ratifica\u00e7\u00e3o da esperan\u00e7a no governo do prefeito de Ibi\u00fana, advogado M\u00e1rio Pires.<\/strong><\/p>\n\n\n\n<p><strong>O rito de passagem do antigo para o novo governo municipal durou cerca de cinco horas e se realizou ontem (1\u00ba), com in\u00edcio previsto para as 9h30, no Centro Cultural e Esportivo de Ibi\u00fana \u2013 CCEI.<\/strong><\/p>\n\n\n\n<p><strong>Na sequ\u00eancia, o prefeito recebeu as chaves da cidade das m\u00e3os do representante da seguran\u00e7a p\u00fablica, GCM Apolo Rolim. A cena final foi uma ben\u00e7\u00e3o e aspers\u00e3o de \u00e1gua benta no gabinete pelo p\u00e1roco da Igreja de Nossa Senhora das Dores, F\u00e1bio Ros\u00e1rio dos Santos.<\/strong><\/p>\n\n\n\n<p><strong>SURPRESAS E L\u00c1GRIMAS<\/strong><\/p>\n\n\n\n<p><strong>A emo\u00e7\u00e3o foi o fio condutor no ambiente humano das cerim\u00f4nias. Dois fatos surpreenderam os cidad\u00e3os. O primeiro foi a chegada de M\u00e1rio Pires sobre uma mula, portando a bandeira da cidade, acompanhado de um grupo de tropeiros, para marcar uma tradi\u00e7\u00e3o que \u201cmoldou a hist\u00f3ria da cidade\u201d.<\/strong><\/p>\n\n\n\n<p><strong>A segunda surpresa foi a chegada do novo prefeito ao Pa\u00e7o Municipal, acompanhado de sua mulher, Roberta Castanho, e o filho, Pedro, em um fusquinha azul, modelo 1977, com o sinal de t\u00e1xi sobre o teto, numa tocante homenagem ao seu pai, M\u00e1rio Pires. Foi num ve\u00edculo similar que seu pai, um taxista, fez a sua \u00faltima viagem, por ter sido morto por assaltantes, durante seu trabalho.<\/strong><\/p>\n\n\n\n<p><strong>M\u00e1rio estava ansioso, naturalmente, e foi \u00e0s l\u00e1grimas algumas vezes, mesmo, como se observou, fizesse um not\u00e1vel esfor\u00e7o para manter-se no controle da situa\u00e7\u00e3o. Uma delas ocorreu quando fez a leitura do compromisso assumido no cargo [estava ao lado de sua mulher no palco da solenidade]:<\/strong><\/p>\n\n\n\n<p><strong>\u201cPrometo exercer, com dedica\u00e7\u00e3o e lealdade, o meu mandato, respeitando a lei e promovendo o bem-estar do munic\u00edpio.\u201d<\/strong><\/p>\n\n\n\n<figure class=\"wp-block-image size-large\"><img loading=\"lazy\" width=\"1024\" height=\"653\" src=\"https:\/\/revistavitrineibiuna.com.br\/wp-content\/uploads\/2025\/01\/posse-do-Mario-2-1024x653.png\" alt=\"\" class=\"wp-image-32610\" srcset=\"https:\/\/revistavitrineibiuna.com.br\/wp-content\/uploads\/2025\/01\/posse-do-Mario-2-1024x653.png 1024w, https:\/\/revistavitrineibiuna.com.br\/wp-content\/uploads\/2025\/01\/posse-do-Mario-2-300x191.png 300w, https:\/\/revistavitrineibiuna.com.br\/wp-content\/uploads\/2025\/01\/posse-do-Mario-2-768x490.png 768w, https:\/\/revistavitrineibiuna.com.br\/wp-content\/uploads\/2025\/01\/posse-do-Mario-2.png 1416w\" sizes=\"(max-width: 1024px) 100vw, 1024px\" \/><figcaption>A mesa formada para a cerim\u00f4nia de posse dos novos prefeito, vice e quinze vereaedores<\/figcaption><\/figure>\n\n\n\n<figure class=\"wp-block-image size-large\"><img loading=\"lazy\" width=\"1024\" height=\"621\" src=\"https:\/\/revistavitrineibiuna.com.br\/wp-content\/uploads\/2025\/01\/posse-do-mario-7-1024x621.png\" alt=\"\" class=\"wp-image-32620\" srcset=\"https:\/\/revistavitrineibiuna.com.br\/wp-content\/uploads\/2025\/01\/posse-do-mario-7-1024x621.png 1024w, https:\/\/revistavitrineibiuna.com.br\/wp-content\/uploads\/2025\/01\/posse-do-mario-7-300x182.png 300w, https:\/\/revistavitrineibiuna.com.br\/wp-content\/uploads\/2025\/01\/posse-do-mario-7-768x466.png 768w, https:\/\/revistavitrineibiuna.com.br\/wp-content\/uploads\/2025\/01\/posse-do-mario-7-1536x932.png 1536w, https:\/\/revistavitrineibiuna.com.br\/wp-content\/uploads\/2025\/01\/posse-do-mario-7.png 1600w\" sizes=\"(max-width: 1024px) 100vw, 1024px\" \/><\/figure>\n\n\n\n<p><strong>Tamb\u00e9m se emocionou visivelmente quando discursaram na porta do Pa\u00e7o Municipal o pastor evang\u00e9lico Abel Domingues e o padre da Igreja Matriz de Ibi\u00fana, F\u00e1bio Ros\u00e1rio dos Santos.<\/strong><\/p>\n\n\n\n<p><strong>Ambos, com diferentes palavras, ressaltaram a esperan\u00e7a depositada no novo prefeito e manifestaram que dar\u00e3o todo o seu apoio para que esse novo governo cumpra a promessa de trabalhar pelo bem-estar e felicidade do povo.<\/strong><\/p>\n\n\n\n<p><strong>POVO CHORA DE ALEGRIA<\/strong><\/p>\n\n\n\n<p><strong>Tamb\u00e9m houve muitas pessoas que choraram de alegria, tanto no sal\u00e3o onde se realizou a cerim\u00f4nia de posse, com not\u00e1vel vibra\u00e7\u00e3o das pessoas, quanto defronte o Pa\u00e7o Municipal, abra\u00e7ando fortemente M\u00e1rio Pires hipotecando solidariedade e confian\u00e7a em seu governo.<\/strong><\/p>\n\n\n\n<figure class=\"wp-block-image size-large\"><img loading=\"lazy\" width=\"1024\" height=\"627\" src=\"https:\/\/revistavitrineibiuna.com.br\/wp-content\/uploads\/2025\/01\/Posse-de-Mario-pires-4-1024x627.png\" alt=\"\" class=\"wp-image-32623\" srcset=\"https:\/\/revistavitrineibiuna.com.br\/wp-content\/uploads\/2025\/01\/Posse-de-Mario-pires-4-1024x627.png 1024w, https:\/\/revistavitrineibiuna.com.br\/wp-content\/uploads\/2025\/01\/Posse-de-Mario-pires-4-300x184.png 300w, https:\/\/revistavitrineibiuna.com.br\/wp-content\/uploads\/2025\/01\/Posse-de-Mario-pires-4-768x471.png 768w, https:\/\/revistavitrineibiuna.com.br\/wp-content\/uploads\/2025\/01\/Posse-de-Mario-pires-4-1536x941.png 1536w, https:\/\/revistavitrineibiuna.com.br\/wp-content\/uploads\/2025\/01\/Posse-de-Mario-pires-4.png 1570w\" sizes=\"(max-width: 1024px) 100vw, 1024px\" \/><figcaption>M\u00e1rio Pires viveu um dia de grandes emo\u00e7\u00f5es, como a multid\u00e3o que prestigiou a sua posse<\/figcaption><\/figure>\n\n\n\n<p><strong>GRANDES DESAFIOS<\/strong><\/p>\n\n\n\n<p><strong>Houve hasteamento das bandeiras do Estado de S\u00e3o Paulo, do Brasil e de Ibi\u00fana, passagem do comando da Guarda Municipal e a entrega das chaves, com execu\u00e7\u00e3o do Hino Nacional, \u201cNoiva Azul\u201d, do municipio e m\u00fasica religiosa.<\/strong><\/p>\n\n\n\n<p><strong>Fizeram breves discursos na ocasi\u00e3o M\u00e1rio Pires e o vice-prefeito Naldo Firmino. Ambos deixaram claro que v\u00e3o enfrentar grandes desafios, que o povo precisa compreender que as conquistas n\u00e3o ser\u00e3o feitas do dia para a noite, mas que est\u00e3o acostumados ao trabalho duro desde suas inf\u00e2ncias em Ibi\u00fana.<\/strong><\/p>\n\n\n\n<figure class=\"wp-block-image size-large\"><img loading=\"lazy\" width=\"1024\" height=\"622\" src=\"https:\/\/revistavitrineibiuna.com.br\/wp-content\/uploads\/2025\/01\/Posse-de-Mario-Pires-3-1024x622.png\" alt=\"\" class=\"wp-image-32626\" srcset=\"https:\/\/revistavitrineibiuna.com.br\/wp-content\/uploads\/2025\/01\/Posse-de-Mario-Pires-3-1024x622.png 1024w, https:\/\/revistavitrineibiuna.com.br\/wp-content\/uploads\/2025\/01\/Posse-de-Mario-Pires-3-300x182.png 300w, https:\/\/revistavitrineibiuna.com.br\/wp-content\/uploads\/2025\/01\/Posse-de-Mario-Pires-3-768x467.png 768w, https:\/\/revistavitrineibiuna.com.br\/wp-content\/uploads\/2025\/01\/Posse-de-Mario-Pires-3-1536x933.png 1536w, https:\/\/revistavitrineibiuna.com.br\/wp-content\/uploads\/2025\/01\/Posse-de-Mario-Pires-3.png 1600w\" sizes=\"(max-width: 1024px) 100vw, 1024px\" \/><figcaption>Pastor Abel Domingues, primeira-dama Roberta Castanho, prefeito M\u00e1rio Pires; padre Ros\u00e1rio F\u00e1bio dos Santos; vice-prefeito Naldo Firmino; segunda-dama M\u00e1rcia Firmino<\/figcaption><\/figure>\n\n\n\n<p><strong>OLHAR PARA A FRENTE<\/strong><\/p>\n\n\n\n<p><strong>Em entrevista \u00e0 TVUNA, que veiculou diversos flashes ao vivo da ceri\u00f4nia de posse, para permitir que as pessoas que n\u00e3o estavam naquele local pudessem acompanhar a solenidade de suas casas, M\u00e1rio Pires, j\u00e1 no seu gabinete, reiterou que est\u00e1 preparado para enfrentar os desafios, que n\u00e3o pretende ficar preso aos problemas e sim olhar para frente:<\/strong><\/p>\n\n\n\n<p><strong>\u201cCostumo dizer que o parabrisa \u00e9 maior que o retrovisor que \u00e9 para a gente olhar para frente.\u201d<\/strong><\/p>\n\n\n\n<figure class=\"wp-block-image size-large\"><img loading=\"lazy\" width=\"1024\" height=\"768\" src=\"https:\/\/revistavitrineibiuna.com.br\/wp-content\/uploads\/2025\/01\/4d7f5532-488d-42d1-8ae8-46c4e61a84a1-1024x768.jpg\" alt=\"\" class=\"wp-image-32629\" srcset=\"https:\/\/revistavitrineibiuna.com.br\/wp-content\/uploads\/2025\/01\/4d7f5532-488d-42d1-8ae8-46c4e61a84a1-1024x768.jpg 1024w, https:\/\/revistavitrineibiuna.com.br\/wp-content\/uploads\/2025\/01\/4d7f5532-488d-42d1-8ae8-46c4e61a84a1-300x225.jpg 300w, https:\/\/revistavitrineibiuna.com.br\/wp-content\/uploads\/2025\/01\/4d7f5532-488d-42d1-8ae8-46c4e61a84a1-768x576.jpg 768w, https:\/\/revistavitrineibiuna.com.br\/wp-content\/uploads\/2025\/01\/4d7f5532-488d-42d1-8ae8-46c4e61a84a1-1536x1152.jpg 1536w, https:\/\/revistavitrineibiuna.com.br\/wp-content\/uploads\/2025\/01\/4d7f5532-488d-42d1-8ae8-46c4e61a84a1-320x240.jpg 320w, https:\/\/revistavitrineibiuna.com.br\/wp-content\/uploads\/2025\/01\/4d7f5532-488d-42d1-8ae8-46c4e61a84a1.jpg 1600w\" sizes=\"(max-width: 1024px) 100vw, 1024px\" \/><figcaption>Padre Ros\u00e1rio faz ora\u00e7\u00e3o de ben\u00e7\u00e3o ao gabinete e, em seguida, asperge \u00e1gua benta no local de trabalho do novo prefeito<\/figcaption><\/figure>\n\n\n\n<p><strong>ALTO-ASTRAL<\/strong><\/p>\n\n\n\n<p><strong>Durante todo o transcorrer de ambas as cerim\u00f4nias, o que se percebeu foi um not\u00f3rio e contagiante alto-astral de centenas de pessoas, alegres, felizes, esperan\u00e7osas, que raramente se viu em eventos dessa natureza no passado.<\/strong><\/p>\n\n\n\n<p><strong>C\u00c2MARA ELEGE MESA DIRETORA<\/strong><\/p>\n\n\n\n<p><strong>Ap\u00f3s os depoimentos de cada um dos vereadores empossados, eles elegeram a Mesa Diretora da C\u00e2mara para o exerc\u00edcio de 2025, que ficou assim composta:<\/strong><\/p>\n\n\n\n<p><strong>Presidente, Paulinho Dias;<\/strong><\/p>\n\n\n\n<p><strong>1\u00ba vice-presidente, Dito da Guarda;<\/strong><\/p>\n\n\n\n<p><strong>2\u00ba vice-presidente, Tiago Godinho;<\/strong><\/p>\n\n\n\n<p><strong>1\u00ba secret\u00e1rio, Abel do Cupim;<\/strong><\/p>\n\n\n\n<p><strong>2<\/strong><strong>\u00b0 secret\u00e1rio, Rodrigo de Moraes.<\/strong><\/p>\n\n\n\n<p><strong>A primeira sess\u00e3o ordin\u00e1ria da C\u00e2mara Municipal de Ibi\u00fana deve ocorrer na primeira ter\u00e7a-feira de fevereiro, dia 4.<\/strong><\/p>\n\n\n\n<p><strong>No entanto, poder\u00e1 haver sess\u00f5es extraordin\u00e1rias em janeiro se forem convocadas pelo chefe do Executivo.<\/strong><\/p>\n\n\n\n<figure class=\"wp-block-image size-large\"><img loading=\"lazy\" width=\"679\" height=\"371\" src=\"https:\/\/revistavitrineibiuna.com.br\/wp-content\/uploads\/2025\/01\/posse-9.png\" alt=\"\" class=\"wp-image-32632\" srcset=\"https:\/\/revistavitrineibiuna.com.br\/wp-content\/uploads\/2025\/01\/posse-9.png 679w, https:\/\/revistavitrineibiuna.com.br\/wp-content\/uploads\/2025\/01\/posse-9-300x164.png 300w\" sizes=\"(max-width: 679px) 100vw, 679px\" \/><figcaption>Os quinze vereadores empossados: Devanil, Francine, Tiago, Lucas, Adailton, Paulo Dias, Dito da Guarda, Pururuca, Abel, Carlinhos, Valnei, Rodrigo Moraes, Rodrigo Lima, Lucas Pires e Charles Guimar\u00e3es<\/figcaption><\/figure>\n\n\n\n<figure class=\"wp-block-image size-large\"><img loading=\"lazy\" width=\"720\" height=\"505\" src=\"https:\/\/revistavitrineibiuna.com.br\/wp-content\/uploads\/2025\/01\/Posse-do-mario-6.png\" alt=\"\" class=\"wp-image-32635\" srcset=\"https:\/\/revistavitrineibiuna.com.br\/wp-content\/uploads\/2025\/01\/Posse-do-mario-6.png 720w, https:\/\/revistavitrineibiuna.com.br\/wp-content\/uploads\/2025\/01\/Posse-do-mario-6-300x210.png 300w, https:\/\/revistavitrineibiuna.com.br\/wp-content\/uploads\/2025\/01\/Posse-do-mario-6-130x90.png 130w\" sizes=\"(max-width: 720px) 100vw, 720px\" \/><figcaption>Surpresa pela tradi\u00e7\u00e3o: novo prefeito chega montado em mula com um grupo de tropeiros ibiunenses<\/figcaption><\/figure>\n\n\n\n<figure class=\"wp-block-image size-large\"><img loading=\"lazy\" width=\"1024\" height=\"714\" src=\"https:\/\/revistavitrineibiuna.com.br\/wp-content\/uploads\/2025\/01\/Posse-do-Mario-pires-5-1024x714.png\" alt=\"\" class=\"wp-image-32637\" srcset=\"https:\/\/revistavitrineibiuna.com.br\/wp-content\/uploads\/2025\/01\/Posse-do-Mario-pires-5-1024x714.png 1024w, https:\/\/revistavitrineibiuna.com.br\/wp-content\/uploads\/2025\/01\/Posse-do-Mario-pires-5-300x209.png 300w, https:\/\/revistavitrineibiuna.com.br\/wp-content\/uploads\/2025\/01\/Posse-do-Mario-pires-5-768x535.png 768w, https:\/\/revistavitrineibiuna.com.br\/wp-content\/uploads\/2025\/01\/Posse-do-Mario-pires-5-392x272.png 392w, https:\/\/revistavitrineibiuna.com.br\/wp-content\/uploads\/2025\/01\/Posse-do-Mario-pires-5-130x90.png 130w, https:\/\/revistavitrineibiuna.com.br\/wp-content\/uploads\/2025\/01\/Posse-do-Mario-pires-5.png 1438w\" sizes=\"(max-width: 1024px) 100vw, 1024px\" \/><figcaption>M\u00e1rio Pires ao lado da m\u00e3e, Maria No\u00eamia de Oliveira, e do fusca azul 1977, em homenagem ao pai que era taxista e foi assassinado quando exercia essa profiss\u00e3o em Ibi\u00fana<\/figcaption><\/figure>\n","protected":false},"excerpt":{"rendered":"<p>A vibrante multid\u00e3o que lotou o maior sal\u00e3o de eventos da cidade de Ibi\u00fana e se aglomerou na frente do<\/p>\n","protected":false},"author":1,"featured_media":32608,"comment_status":"open","ping_status":"open","sticky":false,"template":"","format":"standard","meta":[],"categories":[3],"tags":[],"yoast_head":"<!-- This site is optimized with the Yoast SEO plugin v15.8 - https:\/\/yoast.com\/wordpress\/plugins\/seo\/ -->\n<title>IBI\u00daNA \u2013 POSSE DO NOVO PREFEITO EMOCIONA A CIDADE - Revista Vitrine Online<\/title>\n<meta name=\"robots\" content=\"index, follow, max-snippet:-1, max-image-preview:large, max-video-preview:-1\" \/>\n<link rel=\"canonical\" href=\"http:\/\/revistavitrineibiuna.com.br\/?p=32607\" \/>\n<meta property=\"og:locale\" content=\"pt_BR\" \/>\n<meta property=\"og:type\" content=\"article\" \/>\n<meta property=\"og:title\" content=\"IBI\u00daNA \u2013 POSSE DO NOVO PREFEITO EMOCIONA A CIDADE - Revista Vitrine Online\" \/>\n<meta property=\"og:description\" content=\"A vibrante multid\u00e3o que lotou o maior sal\u00e3o de eventos da cidade de Ibi\u00fana e se aglomerou na frente do\" \/>\n<meta property=\"og:url\" content=\"http:\/\/revistavitrineibiuna.com.br\/?p=32607\" \/>\n<meta property=\"og:site_name\" content=\"Revista Vitrine Online\" \/>\n<meta property=\"article:published_time\" content=\"2025-01-02T02:47:18+00:00\" \/>\n<meta property=\"article:modified_time\" content=\"2025-01-02T11:07:29+00:00\" \/>\n<meta property=\"og:image\" content=\"https:\/\/revistavitrineibiuna.com.br\/wp-content\/uploads\/2025\/01\/Posse-do-Mario-1-1024x570.png\" \/>\n\t<meta property=\"og:image:width\" content=\"1024\" \/>\n\t<meta property=\"og:image:height\" content=\"570\" \/>\n<meta name=\"twitter:card\" content=\"summary\" \/>\n<meta name=\"twitter:label1\" content=\"Est. reading time\">\n\t<meta name=\"twitter:data1\" content=\"6 minutos\">\n<script type=\"application\/ld+json\" class=\"yoast-schema-graph\">{\"@context\":\"https:\/\/schema.org\",\"@graph\":[{\"@type\":\"WebSite\",\"@id\":\"https:\/\/revistavitrineibiuna.com.br\/#website\",\"url\":\"https:\/\/revistavitrineibiuna.com.br\/\",\"name\":\"Revista Vitrine Ibi\\u00fana\",\"description\":\"A Revista de Ibi\\u00fana e Regi\\u00e3o\",\"publisher\":{\"@id\":\"https:\/\/revistavitrineibiuna.com.br\/#\/schema\/person\/e51ef49d6d88170ea21ceabff3f73deb\"},\"potentialAction\":[{\"@type\":\"SearchAction\",\"target\":\"https:\/\/revistavitrineibiuna.com.br\/?s={search_term_string}\",\"query-input\":\"required name=search_term_string\"}],\"inLanguage\":\"pt-BR\"},{\"@type\":\"ImageObject\",\"@id\":\"http:\/\/revistavitrineibiuna.com.br\/?p=32607#primaryimage\",\"inLanguage\":\"pt-BR\",\"url\":\"https:\/\/revistavitrineibiuna.com.br\/wp-content\/uploads\/2025\/01\/Posse-do-Mario-1.png\",\"width\":1561,\"height\":869},{\"@type\":\"WebPage\",\"@id\":\"http:\/\/revistavitrineibiuna.com.br\/?p=32607#webpage\",\"url\":\"http:\/\/revistavitrineibiuna.com.br\/?p=32607\",\"name\":\"IBI\\u00daNA \\u2013 POSSE DO NOVO PREFEITO EMOCIONA A CIDADE - Revista Vitrine Online\",\"isPartOf\":{\"@id\":\"https:\/\/revistavitrineibiuna.com.br\/#website\"},\"primaryImageOfPage\":{\"@id\":\"http:\/\/revistavitrineibiuna.com.br\/?p=32607#primaryimage\"},\"datePublished\":\"2025-01-02T02:47:18+00:00\",\"dateModified\":\"2025-01-02T11:07:29+00:00\",\"breadcrumb\":{\"@id\":\"http:\/\/revistavitrineibiuna.com.br\/?p=32607#breadcrumb\"},\"inLanguage\":\"pt-BR\",\"potentialAction\":[{\"@type\":\"ReadAction\",\"target\":[\"http:\/\/revistavitrineibiuna.com.br\/?p=32607\"]}]},{\"@type\":\"BreadcrumbList\",\"@id\":\"http:\/\/revistavitrineibiuna.com.br\/?p=32607#breadcrumb\",\"itemListElement\":[{\"@type\":\"ListItem\",\"position\":1,\"item\":{\"@type\":\"WebPage\",\"@id\":\"https:\/\/revistavitrineibiuna.com.br\/\",\"url\":\"https:\/\/revistavitrineibiuna.com.br\/\",\"name\":\"In\\u00edcio\"}},{\"@type\":\"ListItem\",\"position\":2,\"item\":{\"@type\":\"WebPage\",\"@id\":\"http:\/\/revistavitrineibiuna.com.br\/?p=32607\",\"url\":\"http:\/\/revistavitrineibiuna.com.br\/?p=32607\",\"name\":\"IBI\\u00daNA \\u2013 POSSE DO NOVO PREFEITO EMOCIONA A CIDADE\"}}]},{\"@type\":\"Article\",\"@id\":\"http:\/\/revistavitrineibiuna.com.br\/?p=32607#article\",\"isPartOf\":{\"@id\":\"http:\/\/revistavitrineibiuna.com.br\/?p=32607#webpage\"},\"author\":{\"@id\":\"https:\/\/revistavitrineibiuna.com.br\/#\/schema\/person\/e51ef49d6d88170ea21ceabff3f73deb\"},\"headline\":\"IBI\\u00daNA \\u2013 POSSE DO NOVO PREFEITO EMOCIONA A CIDADE\",\"datePublished\":\"2025-01-02T02:47:18+00:00\",\"dateModified\":\"2025-01-02T11:07:29+00:00\",\"mainEntityOfPage\":{\"@id\":\"http:\/\/revistavitrineibiuna.com.br\/?p=32607#webpage\"},\"commentCount\":0,\"publisher\":{\"@id\":\"https:\/\/revistavitrineibiuna.com.br\/#\/schema\/person\/e51ef49d6d88170ea21ceabff3f73deb\"},\"image\":{\"@id\":\"http:\/\/revistavitrineibiuna.com.br\/?p=32607#primaryimage\"},\"articleSection\":\"Not\\u00edcias\",\"inLanguage\":\"pt-BR\",\"potentialAction\":[{\"@type\":\"CommentAction\",\"name\":\"Comment\",\"target\":[\"http:\/\/revistavitrineibiuna.com.br\/?p=32607#respond\"]}]},{\"@type\":[\"Person\",\"Organization\"],\"@id\":\"https:\/\/revistavitrineibiuna.com.br\/#\/schema\/person\/e51ef49d6d88170ea21ceabff3f73deb\",\"name\":\"Carlos Rossini\",\"image\":{\"@type\":\"ImageObject\",\"@id\":\"https:\/\/revistavitrineibiuna.com.br\/#personlogo\",\"inLanguage\":\"pt-BR\",\"url\":\"https:\/\/secure.gravatar.com\/avatar\/4f2d0f99fac1f85c7d643f21f5c8d900?s=96&d=mm&r=g\",\"caption\":\"Carlos Rossini\"},\"logo\":{\"@id\":\"https:\/\/revistavitrineibiuna.com.br\/#personlogo\"},\"description\":\"Carlos Rossini \\u00e9 jornalista, soci\\u00f3logo, escritor e professor universit\\u00e1rio, tendo sido professor de jornalismo por vinte anos. Trabalhou em ve\\u00edculos de comunica\\u00e7\\u00e3o nas fun\\u00e7\\u00f5es de rep\\u00f3rter, redator, editor, articulista e colaborador, como Folha de S. Paulo, O Estado de S. Paulo, Di\\u00e1rio Popular, entre outros. Ao transferir a revista vitrine, vers\\u00e3o imprensa, de S\\u00e3o Paulo para Ibi\\u00fana h\\u00e1 alguns anos, iniciou uma nova experi\\u00eancia profissional, dedicando-se ao jornalismo regional, depois de cumprir uma trajet\\u00f3ria bem-sucedida na grande imprensa brasileira. Seu primeiro livro A Coragem de Comunicar foi lan\\u00e7ado na Bienal do Livro em S\\u00e3o Paulo no ano 2000, pela editora Madras.\"}]}<\/script>\n<!-- \/ Yoast SEO plugin. -->","_links":{"self":[{"href":"https:\/\/revistavitrineibiuna.com.br\/index.php?rest_route=\/wp\/v2\/posts\/32607"}],"collection":[{"href":"https:\/\/revistavitrineibiuna.com.br\/index.php?rest_route=\/wp\/v2\/posts"}],"about":[{"href":"https:\/\/revistavitrineibiuna.com.br\/index.php?rest_route=\/wp\/v2\/types\/post"}],"author":[{"embeddable":true,"href":"https:\/\/revistavitrineibiuna.com.br\/index.php?rest_route=\/wp\/v2\/users\/1"}],"replies":[{"embeddable":true,"href":"https:\/\/revistavitrineibiuna.com.br\/index.php?rest_route=%2Fwp%2Fv2%2Fcomments&post=32607"}],"version-history":[{"count":24,"href":"https:\/\/revistavitrineibiuna.com.br\/index.php?rest_route=\/wp\/v2\/posts\/32607\/revisions"}],"predecessor-version":[{"id":32653,"href":"https:\/\/revistavitrineibiuna.com.br\/index.php?rest_route=\/wp\/v2\/posts\/32607\/revisions\/32653"}],"wp:featuredmedia":[{"embeddable":true,"href":"https:\/\/revistavitrineibiuna.com.br\/index.php?rest_route=\/wp\/v2\/media\/32608"}],"wp:attachment":[{"href":"https:\/\/revistavitrineibiuna.com.br\/index.php?rest_route=%2Fwp%2Fv2%2Fmedia&parent=32607"}],"wp:term":[{"taxonomy":"category","embeddable":true,"href":"https:\/\/revistavitrineibiuna.com.br\/index.php?rest_route=%2Fwp%2Fv2%2Fcategories&post=32607"},{"taxonomy":"post_tag","embeddable":true,"href":"https:\/\/revistavitrineibiuna.com.br\/index.php?rest_route=%2Fwp%2Fv2%2Ftags&post=32607"}],"curies":[{"name":"wp","href":"https:\/\/api.w.org\/{rel}","templated":true}]}}