{"id":32654,"date":"2025-01-03T00:41:47","date_gmt":"2025-01-03T03:41:47","guid":{"rendered":"http:\/\/revistavitrineibiuna.com.br\/?p=32654"},"modified":"2025-01-03T00:41:49","modified_gmt":"2025-01-03T03:41:49","slug":"ibiuna-prefeito-vistoria-hospital-municipal-e-constata-varias-deficiencias","status":"publish","type":"post","link":"https:\/\/revistavitrineibiuna.com.br\/?p=32654","title":{"rendered":"IBI\u00daNA \u2013 PREFEITO VISTORIA HOSPITAL MUNICIPAL E CONSTATA V\u00c1RIAS DEFICI\u00caNCIAS"},"content":{"rendered":"\n<p class=\"has-drop-cap\"><strong>Ontem (2), no primeiro dia de trabalho ap\u00f3s tomar posse, depois de permanecer durante todo o dia na Prefeitura, \u201corganizando documentos\u201d, por volta das 18h, o prefeito M\u00e1rio Pires fez uma vistoria de 3h30 no Hospital Municipal de Ibi\u00fana.<\/strong><\/p>\n\n\n\n<p><strong>Ali, onde permaneceu at\u00e9 ap\u00f3s \u00e0s 22 horas, ouviu a dire\u00e7\u00e3o&nbsp; e funcion\u00e1rios do hospital, constatou uma s\u00e9rie de defici\u00eancias, que pretende corrigir \u201co mais r\u00e1pido poss\u00edvel\u201d.<\/strong><\/p>\n\n\n\n<p><strong>Pires estava acompanhado do vice-prefeito Naldo Firmino e do m\u00e9dico veterin\u00e1rio Caio Cezar Rocha Dolfini, 35, natural de Mairinque, mas residente em Vargem Grande Paulista.<\/strong><\/p>\n\n\n\n<p><strong>Dolfini \u00e9 o virtual novo secret\u00e1rio da Sa\u00fade de Ibi\u00fana.<\/strong><\/p>\n\n\n\n<p><strong>Durante sua fala em um v\u00eddeo postado logo ap\u00f3s a visita ao hospital, o novo prefeito declarou que Dolfini \u201cvai nos dar uma ajuda na Secretaria da Sa\u00fade\u201d.<\/strong><\/p>\n\n\n\n<p><strong>\u201cMUITAS COISAS DEFICIT\u00c1RIAS\u201d<\/strong><\/p>\n\n\n\n<p><strong>Logo ap\u00f3s pronunciar breves palavras, o prefeito perguntou ao vice-prefeito que impress\u00e3o tinha tido da visita e do que observou. Naldo Firminou respondeu:<\/strong><\/p>\n\n\n\n<p><strong>\u201c\u00c9 muito importante a nossa vinda aqui, lembrando que hoje a responsabilidade \u00e9 nossa, na verdade desde o dia 1\u00ba. &nbsp;<\/strong><\/p>\n\n\n\n<p><strong>\u201cO que vimos l\u00e1 dentro s\u00e3o muitas coisas deficit\u00e1rias, como aus\u00eancia de insumos, e a partir de agora temos de correr atr\u00e1s, vamos trabalhar muito para solucionar o mais r\u00e1pido poss\u00edvel.\u201d<\/strong><\/p>\n\n\n\n<p><strong>\u201cUMA LISTA ENORME\u201d<\/strong><\/p>\n\n\n\n<p><strong>M\u00e1rio Pires afirmou ter sa\u00eddo do hospital com \u201cuma lista enorme\u201d de quest\u00f5es a serem enfrentadas e, para a popula\u00e7\u00e3o ter uma base para saber o que est\u00e1 acontecendo, declarou: \u201cO laborat\u00f3rio n\u00e3o pode fazer an\u00e1lises por falta de reagentes, faltam frascos coletores e, al\u00e9m de outros materiais, e medicamentos\u201d.<\/strong><\/p>\n","protected":false},"excerpt":{"rendered":"<p>Ontem (2), no primeiro dia de trabalho ap\u00f3s tomar posse, depois de permanecer durante todo o dia na Prefeitura, \u201corganizando<\/p>\n","protected":false},"author":1,"featured_media":32655,"comment_status":"open","ping_status":"open","sticky":false,"template":"","format":"standard","meta":[],"categories":[3],"tags":[],"yoast_head":"<!-- This site is optimized with the Yoast SEO plugin v15.8 - https:\/\/yoast.com\/wordpress\/plugins\/seo\/ -->\n<title>IBI\u00daNA \u2013 PREFEITO VISTORIA HOSPITAL MUNICIPAL E CONSTATA V\u00c1RIAS DEFICI\u00caNCIAS - Revista Vitrine Online<\/title>\n<meta name=\"robots\" content=\"index, follow, max-snippet:-1, max-image-preview:large, max-video-preview:-1\" \/>\n<link rel=\"canonical\" href=\"http:\/\/revistavitrineibiuna.com.br\/?p=32654\" \/>\n<meta property=\"og:locale\" content=\"pt_BR\" \/>\n<meta property=\"og:type\" content=\"article\" \/>\n<meta property=\"og:title\" content=\"IBI\u00daNA \u2013 PREFEITO VISTORIA HOSPITAL MUNICIPAL E CONSTATA V\u00c1RIAS DEFICI\u00caNCIAS - Revista Vitrine Online\" \/>\n<meta property=\"og:description\" content=\"Ontem (2), no primeiro dia de trabalho ap\u00f3s tomar posse, depois de permanecer durante todo o dia na Prefeitura, \u201corganizando\" \/>\n<meta property=\"og:url\" content=\"http:\/\/revistavitrineibiuna.com.br\/?p=32654\" \/>\n<meta property=\"og:site_name\" content=\"Revista Vitrine Online\" \/>\n<meta property=\"article:published_time\" content=\"2025-01-03T03:41:47+00:00\" \/>\n<meta property=\"article:modified_time\" content=\"2025-01-03T03:41:49+00:00\" \/>\n<meta property=\"og:image\" content=\"https:\/\/revistavitrineibiuna.com.br\/wp-content\/uploads\/2025\/01\/mario-no-hospital-2.1.2024.png\" \/>\n\t<meta property=\"og:image:width\" content=\"852\" \/>\n\t<meta property=\"og:image:height\" content=\"591\" \/>\n<meta name=\"twitter:card\" content=\"summary\" \/>\n<meta name=\"twitter:label1\" content=\"Est. reading time\">\n\t<meta name=\"twitter:data1\" content=\"2 minutos\">\n<script type=\"application\/ld+json\" class=\"yoast-schema-graph\">{\"@context\":\"https:\/\/schema.org\",\"@graph\":[{\"@type\":\"WebSite\",\"@id\":\"https:\/\/revistavitrineibiuna.com.br\/#website\",\"url\":\"https:\/\/revistavitrineibiuna.com.br\/\",\"name\":\"Revista Vitrine Ibi\\u00fana\",\"description\":\"A Revista de Ibi\\u00fana e Regi\\u00e3o\",\"publisher\":{\"@id\":\"https:\/\/revistavitrineibiuna.com.br\/#\/schema\/person\/e51ef49d6d88170ea21ceabff3f73deb\"},\"potentialAction\":[{\"@type\":\"SearchAction\",\"target\":\"https:\/\/revistavitrineibiuna.com.br\/?s={search_term_string}\",\"query-input\":\"required name=search_term_string\"}],\"inLanguage\":\"pt-BR\"},{\"@type\":\"ImageObject\",\"@id\":\"http:\/\/revistavitrineibiuna.com.br\/?p=32654#primaryimage\",\"inLanguage\":\"pt-BR\",\"url\":\"https:\/\/revistavitrineibiuna.com.br\/wp-content\/uploads\/2025\/01\/mario-no-hospital-2.1.2024.png\",\"width\":852,\"height\":591},{\"@type\":\"WebPage\",\"@id\":\"http:\/\/revistavitrineibiuna.com.br\/?p=32654#webpage\",\"url\":\"http:\/\/revistavitrineibiuna.com.br\/?p=32654\",\"name\":\"IBI\\u00daNA \\u2013 PREFEITO VISTORIA HOSPITAL MUNICIPAL E CONSTATA V\\u00c1RIAS DEFICI\\u00caNCIAS - Revista Vitrine Online\",\"isPartOf\":{\"@id\":\"https:\/\/revistavitrineibiuna.com.br\/#website\"},\"primaryImageOfPage\":{\"@id\":\"http:\/\/revistavitrineibiuna.com.br\/?p=32654#primaryimage\"},\"datePublished\":\"2025-01-03T03:41:47+00:00\",\"dateModified\":\"2025-01-03T03:41:49+00:00\",\"breadcrumb\":{\"@id\":\"http:\/\/revistavitrineibiuna.com.br\/?p=32654#breadcrumb\"},\"inLanguage\":\"pt-BR\",\"potentialAction\":[{\"@type\":\"ReadAction\",\"target\":[\"http:\/\/revistavitrineibiuna.com.br\/?p=32654\"]}]},{\"@type\":\"BreadcrumbList\",\"@id\":\"http:\/\/revistavitrineibiuna.com.br\/?p=32654#breadcrumb\",\"itemListElement\":[{\"@type\":\"ListItem\",\"position\":1,\"item\":{\"@type\":\"WebPage\",\"@id\":\"https:\/\/revistavitrineibiuna.com.br\/\",\"url\":\"https:\/\/revistavitrineibiuna.com.br\/\",\"name\":\"In\\u00edcio\"}},{\"@type\":\"ListItem\",\"position\":2,\"item\":{\"@type\":\"WebPage\",\"@id\":\"http:\/\/revistavitrineibiuna.com.br\/?p=32654\",\"url\":\"http:\/\/revistavitrineibiuna.com.br\/?p=32654\",\"name\":\"IBI\\u00daNA \\u2013 PREFEITO VISTORIA HOSPITAL MUNICIPAL E CONSTATA V\\u00c1RIAS DEFICI\\u00caNCIAS\"}}]},{\"@type\":\"Article\",\"@id\":\"http:\/\/revistavitrineibiuna.com.br\/?p=32654#article\",\"isPartOf\":{\"@id\":\"http:\/\/revistavitrineibiuna.com.br\/?p=32654#webpage\"},\"author\":{\"@id\":\"https:\/\/revistavitrineibiuna.com.br\/#\/schema\/person\/e51ef49d6d88170ea21ceabff3f73deb\"},\"headline\":\"IBI\\u00daNA \\u2013 PREFEITO VISTORIA HOSPITAL MUNICIPAL E CONSTATA V\\u00c1RIAS DEFICI\\u00caNCIAS\",\"datePublished\":\"2025-01-03T03:41:47+00:00\",\"dateModified\":\"2025-01-03T03:41:49+00:00\",\"mainEntityOfPage\":{\"@id\":\"http:\/\/revistavitrineibiuna.com.br\/?p=32654#webpage\"},\"commentCount\":0,\"publisher\":{\"@id\":\"https:\/\/revistavitrineibiuna.com.br\/#\/schema\/person\/e51ef49d6d88170ea21ceabff3f73deb\"},\"image\":{\"@id\":\"http:\/\/revistavitrineibiuna.com.br\/?p=32654#primaryimage\"},\"articleSection\":\"Not\\u00edcias\",\"inLanguage\":\"pt-BR\",\"potentialAction\":[{\"@type\":\"CommentAction\",\"name\":\"Comment\",\"target\":[\"http:\/\/revistavitrineibiuna.com.br\/?p=32654#respond\"]}]},{\"@type\":[\"Person\",\"Organization\"],\"@id\":\"https:\/\/revistavitrineibiuna.com.br\/#\/schema\/person\/e51ef49d6d88170ea21ceabff3f73deb\",\"name\":\"Carlos Rossini\",\"image\":{\"@type\":\"ImageObject\",\"@id\":\"https:\/\/revistavitrineibiuna.com.br\/#personlogo\",\"inLanguage\":\"pt-BR\",\"url\":\"https:\/\/secure.gravatar.com\/avatar\/4f2d0f99fac1f85c7d643f21f5c8d900?s=96&d=mm&r=g\",\"caption\":\"Carlos Rossini\"},\"logo\":{\"@id\":\"https:\/\/revistavitrineibiuna.com.br\/#personlogo\"},\"description\":\"Carlos Rossini \\u00e9 jornalista, soci\\u00f3logo, escritor e professor universit\\u00e1rio, tendo sido professor de jornalismo por vinte anos. Trabalhou em ve\\u00edculos de comunica\\u00e7\\u00e3o nas fun\\u00e7\\u00f5es de rep\\u00f3rter, redator, editor, articulista e colaborador, como Folha de S. Paulo, O Estado de S. Paulo, Di\\u00e1rio Popular, entre outros. Ao transferir a revista vitrine, vers\\u00e3o imprensa, de S\\u00e3o Paulo para Ibi\\u00fana h\\u00e1 alguns anos, iniciou uma nova experi\\u00eancia profissional, dedicando-se ao jornalismo regional, depois de cumprir uma trajet\\u00f3ria bem-sucedida na grande imprensa brasileira. Seu primeiro livro A Coragem de Comunicar foi lan\\u00e7ado na Bienal do Livro em S\\u00e3o Paulo no ano 2000, pela editora Madras.\"}]}<\/script>\n<!-- \/ Yoast SEO plugin. -->","_links":{"self":[{"href":"https:\/\/revistavitrineibiuna.com.br\/index.php?rest_route=\/wp\/v2\/posts\/32654"}],"collection":[{"href":"https:\/\/revistavitrineibiuna.com.br\/index.php?rest_route=\/wp\/v2\/posts"}],"about":[{"href":"https:\/\/revistavitrineibiuna.com.br\/index.php?rest_route=\/wp\/v2\/types\/post"}],"author":[{"embeddable":true,"href":"https:\/\/revistavitrineibiuna.com.br\/index.php?rest_route=\/wp\/v2\/users\/1"}],"replies":[{"embeddable":true,"href":"https:\/\/revistavitrineibiuna.com.br\/index.php?rest_route=%2Fwp%2Fv2%2Fcomments&post=32654"}],"version-history":[{"count":1,"href":"https:\/\/revistavitrineibiuna.com.br\/index.php?rest_route=\/wp\/v2\/posts\/32654\/revisions"}],"predecessor-version":[{"id":32656,"href":"https:\/\/revistavitrineibiuna.com.br\/index.php?rest_route=\/wp\/v2\/posts\/32654\/revisions\/32656"}],"wp:featuredmedia":[{"embeddable":true,"href":"https:\/\/revistavitrineibiuna.com.br\/index.php?rest_route=\/wp\/v2\/media\/32655"}],"wp:attachment":[{"href":"https:\/\/revistavitrineibiuna.com.br\/index.php?rest_route=%2Fwp%2Fv2%2Fmedia&parent=32654"}],"wp:term":[{"taxonomy":"category","embeddable":true,"href":"https:\/\/revistavitrineibiuna.com.br\/index.php?rest_route=%2Fwp%2Fv2%2Fcategories&post=32654"},{"taxonomy":"post_tag","embeddable":true,"href":"https:\/\/revistavitrineibiuna.com.br\/index.php?rest_route=%2Fwp%2Fv2%2Ftags&post=32654"}],"curies":[{"name":"wp","href":"https:\/\/api.w.org\/{rel}","templated":true}]}}