{"id":32663,"date":"2025-01-03T17:58:51","date_gmt":"2025-01-03T20:58:51","guid":{"rendered":"http:\/\/revistavitrineibiuna.com.br\/?p=32663"},"modified":"2025-01-04T04:16:12","modified_gmt":"2025-01-04T07:16:12","slug":"ibiuna-prefeito-exonera-156-funcionarios-veja-a-repercussao","status":"publish","type":"post","link":"https:\/\/revistavitrineibiuna.com.br\/?p=32663","title":{"rendered":"IBI\u00daNA \u2013 PREFEITO EXONERA 156 FUNCION\u00c1RIOS; VEJA A REPERCUSS\u00c3O"},"content":{"rendered":"\n<p class=\"has-drop-cap\"><strong>Por meio da portaria n\u00ba 16.636, publicada no dia 2.1.2024, no Imprensa Oficial do Municipio de Ibi\u00fana, o prefeito M\u00e1rio Pires exonerou 156 funcion\u00e1rios da Prefeitura<\/strong>.<\/p>\n\n\n\n<p><strong>Essa medida \u00e9 comum nas trocas de comando do Poder Executivo, j\u00e1 que naturalmente o novo gestor precisa contar com as pessoas de seu agrupamento pol\u00edtico e que gozam de sua confian\u00e7a, especialmente os secret\u00e1rios que ocupam cargo no alto escal\u00e3o.<\/strong><\/p>\n\n\n\n<p><strong>\u00c9 dessa forma que habitualmente o novo governante obt\u00e9m as condi\u00e7\u00f5es indispens\u00e1veis para estruturar o organismo do seu mandato, de acordo com os objetivos estabelecidos em seu plano de a\u00e7\u00e3o anunciado \u00e0 popula\u00e7\u00e3o durante a campanha eleitoral.<\/strong><\/p>\n\n\n\n<p><strong>A decis\u00e3o do novo prefeito abrangeu todos os comissionados n\u00e3o concursados. No caso dos servidores concursados, eles foram exonerados somente dos cargos em comiss\u00e3o, perdendo um adicional sobre os sal\u00e1rios que vinham recebendo, mas continuam servidores da prefeitura.<\/strong><\/p>\n\n\n\n<p><strong>Alguns comissionados, no entanto, foram mantidos nos cargos tendo em vista as fun\u00e7\u00f5es que exercem em suas respectivas \u00e1reas, nos servi\u00e7os p\u00fablicos continuados, em suma, para que n\u00e3o haja interrup\u00e7\u00e3o dos trabalhos.<\/strong><\/p>\n\n\n\n<p><strong>Esse foi o caso de Agenor Pereira de Camargo, secret\u00e1rio de Rendas Internas, que foi convidado a assumir tamb\u00e9m a Secretaria das Finan\u00e7as<\/strong>, <strong>acumulando as duas fun\u00e7\u00f5es.<\/strong><\/p>\n\n\n\n<p><strong>REPERCUSS\u00c3O<\/strong><\/p>\n\n\n\n<p><strong>Vitrine publicou ontem (2) uma breve nota em sua p\u00e1gina no Facebook anunciando as exonera\u00e7\u00f5es havidas, que atingiu milhares de visualiza\u00e7\u00f5es e coment\u00e1rios, como costuma acontecer, pessoas que aplaudiram a medida, como necess\u00e1ria para acabar com \u201co cabide de emprego\u201d. Outras, mais pessimistas, escreveram que apenas haver\u00e1 uma troca de personagens, mas essa possibilidade somente poder\u00e1 ser confirmada no andamento da carruagem do novo gestor do munic\u00edpio.<\/strong><\/p>\n\n\n\n<p><strong>At\u00e9 o momento, o novo prefeito somente confirmou publicamente apenas dois nomes para compor sua secretaria: Sebasti\u00e3o Latarullo (Educa\u00e7\u00e3o) e Cl\u00e1udia Prestes (Secretaria dos Direitos da Pessoa com Defici\u00eancia).<\/strong><\/p>\n\n\n\n<p><strong>Outros nomes j\u00e1 est\u00e3o cogitados, mas ser\u00e1 preciso esperar o an\u00fancio oficial do prefeito.<\/strong><\/p>\n\n\n\n<p><strong>N\u00e3o faltaram aqueles que, mesmo sem apontar os casos publicamente, estabeleceram rela\u00e7\u00f5es entre alguns nomes de funcion\u00e1rios e seus v\u00ednculos com pessoas influentes politicamente.<\/strong><\/p>\n\n\n\n<p><strong>Alguns lembraram que as exonera\u00e7\u00f5es deveriam ser feitas pelo governo anterior, deixando assim o caminho livre para o novo mandat\u00e1rio. \u201cMas seria esperar demais de um governo que ter\u00e1 feito uma transi\u00e7\u00e3o \u2018incorreta\u2019, como declarou o novo chefe do Executivo em entrevista \u00e0 TVUNA, em seu gabinete, no dia de sua posse\u201d, disse um leitor de vitrine online.<\/strong><\/p>\n\n\n\n<p><strong>RELA\u00c7\u00c3O DOS EXONERADOS<\/strong><\/p>\n\n\n\n<figure class=\"wp-block-image size-large\"><img loading=\"lazy\" width=\"461\" height=\"1024\" src=\"http:\/\/revistavitrineibiuna.com.br\/wp-content\/uploads\/2025\/01\/exoneracoes-1-461x1024.jpg\" alt=\"\" class=\"wp-image-32674\" srcset=\"https:\/\/revistavitrineibiuna.com.br\/wp-content\/uploads\/2025\/01\/exoneracoes-1-461x1024.jpg 461w, https:\/\/revistavitrineibiuna.com.br\/wp-content\/uploads\/2025\/01\/exoneracoes-1-135x300.jpg 135w, https:\/\/revistavitrineibiuna.com.br\/wp-content\/uploads\/2025\/01\/exoneracoes-1-691x1536.jpg 691w, https:\/\/revistavitrineibiuna.com.br\/wp-content\/uploads\/2025\/01\/exoneracoes-1.jpg 720w\" sizes=\"(max-width: 461px) 100vw, 461px\" \/><\/figure>\n\n\n\n<figure class=\"wp-block-image size-large\"><img loading=\"lazy\" width=\"461\" height=\"1024\" src=\"http:\/\/revistavitrineibiuna.com.br\/wp-content\/uploads\/2025\/01\/exoneracoes-2-461x1024.jpg\" alt=\"\" class=\"wp-image-32675\" srcset=\"https:\/\/revistavitrineibiuna.com.br\/wp-content\/uploads\/2025\/01\/exoneracoes-2-461x1024.jpg 461w, https:\/\/revistavitrineibiuna.com.br\/wp-content\/uploads\/2025\/01\/exoneracoes-2-135x300.jpg 135w, https:\/\/revistavitrineibiuna.com.br\/wp-content\/uploads\/2025\/01\/exoneracoes-2-691x1536.jpg 691w, https:\/\/revistavitrineibiuna.com.br\/wp-content\/uploads\/2025\/01\/exoneracoes-2.jpg 720w\" sizes=\"(max-width: 461px) 100vw, 461px\" \/><\/figure>\n\n\n\n<figure class=\"wp-block-image size-large\"><img loading=\"lazy\" width=\"461\" height=\"1024\" src=\"http:\/\/revistavitrineibiuna.com.br\/wp-content\/uploads\/2025\/01\/exoneracoes-3-461x1024.jpg\" alt=\"\" class=\"wp-image-32676\" srcset=\"https:\/\/revistavitrineibiuna.com.br\/wp-content\/uploads\/2025\/01\/exoneracoes-3-461x1024.jpg 461w, https:\/\/revistavitrineibiuna.com.br\/wp-content\/uploads\/2025\/01\/exoneracoes-3-135x300.jpg 135w, https:\/\/revistavitrineibiuna.com.br\/wp-content\/uploads\/2025\/01\/exoneracoes-3-691x1536.jpg 691w, https:\/\/revistavitrineibiuna.com.br\/wp-content\/uploads\/2025\/01\/exoneracoes-3.jpg 720w\" sizes=\"(max-width: 461px) 100vw, 461px\" \/><\/figure>\n","protected":false},"excerpt":{"rendered":"<p>Por meio da portaria n\u00ba 16.636, publicada no dia 2.1.2024, no Imprensa Oficial do Municipio de Ibi\u00fana, o prefeito M\u00e1rio<\/p>\n","protected":false},"author":1,"featured_media":32679,"comment_status":"open","ping_status":"open","sticky":false,"template":"","format":"standard","meta":[],"categories":[3],"tags":[],"yoast_head":"<!-- This site is optimized with the Yoast SEO plugin v15.8 - https:\/\/yoast.com\/wordpress\/plugins\/seo\/ -->\n<title>IBI\u00daNA \u2013 PREFEITO EXONERA 156 FUNCION\u00c1RIOS; VEJA A REPERCUSS\u00c3O - Revista Vitrine Online<\/title>\n<meta name=\"robots\" content=\"index, follow, max-snippet:-1, max-image-preview:large, max-video-preview:-1\" \/>\n<link rel=\"canonical\" href=\"http:\/\/revistavitrineibiuna.com.br\/?p=32663\" \/>\n<meta property=\"og:locale\" content=\"pt_BR\" \/>\n<meta property=\"og:type\" content=\"article\" \/>\n<meta property=\"og:title\" content=\"IBI\u00daNA \u2013 PREFEITO EXONERA 156 FUNCION\u00c1RIOS; VEJA A REPERCUSS\u00c3O - Revista Vitrine Online\" \/>\n<meta property=\"og:description\" content=\"Por meio da portaria n\u00ba 16.636, publicada no dia 2.1.2024, no Imprensa Oficial do Municipio de Ibi\u00fana, o prefeito M\u00e1rio\" \/>\n<meta property=\"og:url\" content=\"http:\/\/revistavitrineibiuna.com.br\/?p=32663\" \/>\n<meta property=\"og:site_name\" content=\"Revista Vitrine Online\" \/>\n<meta property=\"article:published_time\" content=\"2025-01-03T20:58:51+00:00\" \/>\n<meta property=\"article:modified_time\" content=\"2025-01-04T07:16:12+00:00\" \/>\n<meta property=\"og:image\" content=\"https:\/\/revistavitrineibiuna.com.br\/wp-content\/uploads\/2025\/01\/c854f45b-ddb1-429d-a6d3-276232fb3a0a.jpg\" \/>\n\t<meta property=\"og:image:width\" content=\"1600\" \/>\n\t<meta property=\"og:image:height\" content=\"1200\" \/>\n<meta name=\"twitter:card\" content=\"summary\" \/>\n<meta name=\"twitter:label1\" content=\"Est. reading time\">\n\t<meta name=\"twitter:data1\" content=\"3 minutos\">\n<script type=\"application\/ld+json\" class=\"yoast-schema-graph\">{\"@context\":\"https:\/\/schema.org\",\"@graph\":[{\"@type\":\"WebSite\",\"@id\":\"https:\/\/revistavitrineibiuna.com.br\/#website\",\"url\":\"https:\/\/revistavitrineibiuna.com.br\/\",\"name\":\"Revista Vitrine Ibi\\u00fana\",\"description\":\"A Revista de Ibi\\u00fana e Regi\\u00e3o\",\"publisher\":{\"@id\":\"https:\/\/revistavitrineibiuna.com.br\/#\/schema\/person\/e51ef49d6d88170ea21ceabff3f73deb\"},\"potentialAction\":[{\"@type\":\"SearchAction\",\"target\":\"https:\/\/revistavitrineibiuna.com.br\/?s={search_term_string}\",\"query-input\":\"required name=search_term_string\"}],\"inLanguage\":\"pt-BR\"},{\"@type\":\"ImageObject\",\"@id\":\"http:\/\/revistavitrineibiuna.com.br\/?p=32663#primaryimage\",\"inLanguage\":\"pt-BR\",\"url\":\"https:\/\/revistavitrineibiuna.com.br\/wp-content\/uploads\/2025\/01\/c854f45b-ddb1-429d-a6d3-276232fb3a0a.jpg\",\"width\":1600,\"height\":1200},{\"@type\":\"WebPage\",\"@id\":\"http:\/\/revistavitrineibiuna.com.br\/?p=32663#webpage\",\"url\":\"http:\/\/revistavitrineibiuna.com.br\/?p=32663\",\"name\":\"IBI\\u00daNA \\u2013 PREFEITO EXONERA 156 FUNCION\\u00c1RIOS; VEJA A REPERCUSS\\u00c3O - Revista Vitrine Online\",\"isPartOf\":{\"@id\":\"https:\/\/revistavitrineibiuna.com.br\/#website\"},\"primaryImageOfPage\":{\"@id\":\"http:\/\/revistavitrineibiuna.com.br\/?p=32663#primaryimage\"},\"datePublished\":\"2025-01-03T20:58:51+00:00\",\"dateModified\":\"2025-01-04T07:16:12+00:00\",\"breadcrumb\":{\"@id\":\"http:\/\/revistavitrineibiuna.com.br\/?p=32663#breadcrumb\"},\"inLanguage\":\"pt-BR\",\"potentialAction\":[{\"@type\":\"ReadAction\",\"target\":[\"http:\/\/revistavitrineibiuna.com.br\/?p=32663\"]}]},{\"@type\":\"BreadcrumbList\",\"@id\":\"http:\/\/revistavitrineibiuna.com.br\/?p=32663#breadcrumb\",\"itemListElement\":[{\"@type\":\"ListItem\",\"position\":1,\"item\":{\"@type\":\"WebPage\",\"@id\":\"https:\/\/revistavitrineibiuna.com.br\/\",\"url\":\"https:\/\/revistavitrineibiuna.com.br\/\",\"name\":\"In\\u00edcio\"}},{\"@type\":\"ListItem\",\"position\":2,\"item\":{\"@type\":\"WebPage\",\"@id\":\"http:\/\/revistavitrineibiuna.com.br\/?p=32663\",\"url\":\"http:\/\/revistavitrineibiuna.com.br\/?p=32663\",\"name\":\"IBI\\u00daNA \\u2013 PREFEITO EXONERA 156 FUNCION\\u00c1RIOS; VEJA A REPERCUSS\\u00c3O\"}}]},{\"@type\":\"Article\",\"@id\":\"http:\/\/revistavitrineibiuna.com.br\/?p=32663#article\",\"isPartOf\":{\"@id\":\"http:\/\/revistavitrineibiuna.com.br\/?p=32663#webpage\"},\"author\":{\"@id\":\"https:\/\/revistavitrineibiuna.com.br\/#\/schema\/person\/e51ef49d6d88170ea21ceabff3f73deb\"},\"headline\":\"IBI\\u00daNA \\u2013 PREFEITO EXONERA 156 FUNCION\\u00c1RIOS; VEJA A REPERCUSS\\u00c3O\",\"datePublished\":\"2025-01-03T20:58:51+00:00\",\"dateModified\":\"2025-01-04T07:16:12+00:00\",\"mainEntityOfPage\":{\"@id\":\"http:\/\/revistavitrineibiuna.com.br\/?p=32663#webpage\"},\"commentCount\":0,\"publisher\":{\"@id\":\"https:\/\/revistavitrineibiuna.com.br\/#\/schema\/person\/e51ef49d6d88170ea21ceabff3f73deb\"},\"image\":{\"@id\":\"http:\/\/revistavitrineibiuna.com.br\/?p=32663#primaryimage\"},\"articleSection\":\"Not\\u00edcias\",\"inLanguage\":\"pt-BR\",\"potentialAction\":[{\"@type\":\"CommentAction\",\"name\":\"Comment\",\"target\":[\"http:\/\/revistavitrineibiuna.com.br\/?p=32663#respond\"]}]},{\"@type\":[\"Person\",\"Organization\"],\"@id\":\"https:\/\/revistavitrineibiuna.com.br\/#\/schema\/person\/e51ef49d6d88170ea21ceabff3f73deb\",\"name\":\"Carlos Rossini\",\"image\":{\"@type\":\"ImageObject\",\"@id\":\"https:\/\/revistavitrineibiuna.com.br\/#personlogo\",\"inLanguage\":\"pt-BR\",\"url\":\"https:\/\/secure.gravatar.com\/avatar\/4f2d0f99fac1f85c7d643f21f5c8d900?s=96&d=mm&r=g\",\"caption\":\"Carlos Rossini\"},\"logo\":{\"@id\":\"https:\/\/revistavitrineibiuna.com.br\/#personlogo\"},\"description\":\"Carlos Rossini \\u00e9 jornalista, soci\\u00f3logo, escritor e professor universit\\u00e1rio, tendo sido professor de jornalismo por vinte anos. Trabalhou em ve\\u00edculos de comunica\\u00e7\\u00e3o nas fun\\u00e7\\u00f5es de rep\\u00f3rter, redator, editor, articulista e colaborador, como Folha de S. Paulo, O Estado de S. Paulo, Di\\u00e1rio Popular, entre outros. Ao transferir a revista vitrine, vers\\u00e3o imprensa, de S\\u00e3o Paulo para Ibi\\u00fana h\\u00e1 alguns anos, iniciou uma nova experi\\u00eancia profissional, dedicando-se ao jornalismo regional, depois de cumprir uma trajet\\u00f3ria bem-sucedida na grande imprensa brasileira. Seu primeiro livro A Coragem de Comunicar foi lan\\u00e7ado na Bienal do Livro em S\\u00e3o Paulo no ano 2000, pela editora Madras.\"}]}<\/script>\n<!-- \/ Yoast SEO plugin. -->","_links":{"self":[{"href":"https:\/\/revistavitrineibiuna.com.br\/index.php?rest_route=\/wp\/v2\/posts\/32663"}],"collection":[{"href":"https:\/\/revistavitrineibiuna.com.br\/index.php?rest_route=\/wp\/v2\/posts"}],"about":[{"href":"https:\/\/revistavitrineibiuna.com.br\/index.php?rest_route=\/wp\/v2\/types\/post"}],"author":[{"embeddable":true,"href":"https:\/\/revistavitrineibiuna.com.br\/index.php?rest_route=\/wp\/v2\/users\/1"}],"replies":[{"embeddable":true,"href":"https:\/\/revistavitrineibiuna.com.br\/index.php?rest_route=%2Fwp%2Fv2%2Fcomments&post=32663"}],"version-history":[{"count":7,"href":"https:\/\/revistavitrineibiuna.com.br\/index.php?rest_route=\/wp\/v2\/posts\/32663\/revisions"}],"predecessor-version":[{"id":32682,"href":"https:\/\/revistavitrineibiuna.com.br\/index.php?rest_route=\/wp\/v2\/posts\/32663\/revisions\/32682"}],"wp:featuredmedia":[{"embeddable":true,"href":"https:\/\/revistavitrineibiuna.com.br\/index.php?rest_route=\/wp\/v2\/media\/32679"}],"wp:attachment":[{"href":"https:\/\/revistavitrineibiuna.com.br\/index.php?rest_route=%2Fwp%2Fv2%2Fmedia&parent=32663"}],"wp:term":[{"taxonomy":"category","embeddable":true,"href":"https:\/\/revistavitrineibiuna.com.br\/index.php?rest_route=%2Fwp%2Fv2%2Fcategories&post=32663"},{"taxonomy":"post_tag","embeddable":true,"href":"https:\/\/revistavitrineibiuna.com.br\/index.php?rest_route=%2Fwp%2Fv2%2Ftags&post=32663"}],"curies":[{"name":"wp","href":"https:\/\/api.w.org\/{rel}","templated":true}]}}