{"id":32684,"date":"2025-01-04T20:18:59","date_gmt":"2025-01-04T23:18:59","guid":{"rendered":"http:\/\/revistavitrineibiuna.com.br\/?p=32684"},"modified":"2025-01-04T20:19:00","modified_gmt":"2025-01-04T23:19:00","slug":"janeiro-branco-o-que-fazer-pela-saude-mental-agora-e-sempre","status":"publish","type":"post","link":"https:\/\/revistavitrineibiuna.com.br\/?p=32684","title":{"rendered":"JANEIRO BRANCO \u2013 \u201cO QUE FAZER PELA SA\u00daDE MENTAL AGORA E SEMPRE?\u201d"},"content":{"rendered":"\n<p class=\"has-drop-cap\"><strong>Esse \u00e9 o tema da Campanha Janeiro Branco de 2025.<\/strong><\/p>\n\n\n\n<p><strong>Trata-se de um movimento brasileiro sobre sa\u00fade mentalque h\u00e1 mais de uma d\u00e9cada convida a sociedade para refletir, dialogar e agir em prol do bem-estar emocional.<\/strong><\/p>\n\n\n\n<p><strong>Essa campanha coincide com o primeiro m\u00eas do ano para ser um momento em que as pessoas criam planos e promessas, nem sempre cumpridas, diga-se de passagem, mas um fator n\u00e3o pode ser esquecido: prometer e cumprir metas para melhorar a sa\u00fade, tanto f\u00edsica quanto mental.<\/strong><\/p>\n\n\n\n<p><strong>PRIORIDADE COLETIVA<\/strong><\/p>\n\n\n\n<p><strong>A iniciativa foi criada em 2014 pelo psic\u00f3logo, palestrante e escritor mineiro Leonardo Abrah\u00e3o. Hoje, a campanha \u00e9 um marco no calend\u00e1rio brasileiro e, desde 2023, \u00e9 reconhecida oficialmente como lei federal.<\/strong><\/p>\n\n\n\n<p><strong>Todo ano h\u00e1 um tema. O de 2025 \u00e9 \u201cO que fazer pela sa\u00fade mental agora e sempre?\u201d. A ideia \u00e9 fazer com que pessoas, fam\u00edlias, empresas e institui\u00e7\u00f5es p\u00fablicas e privadas apoiem a\u00e7\u00f5es concretas que estimulem a valoriza\u00e7\u00e3o da sa\u00fade mental como prioridade coletiva.<\/strong><\/p>\n\n\n\n<p><strong>Palestras, rodas de conversa, oficinas, caminhadas, corridas e eventos culturais est\u00e3o previstos em diversas cidades do pa\u00eds, reunindo psic\u00f3logos, psiquiatras, assistentes sociais, enfermeiros, educadores, gestores, l\u00edderes comunit\u00e1rios, m\u00eddias e a popula\u00e7\u00e3o em geral.<\/strong><\/p>\n\n\n\n<p><strong>PERIGO<\/strong><\/p>\n\n\n\n<p><strong>Cristiano Nabuco, psic\u00f3logo especialista em depend\u00eancia tecnol\u00f3gica, enumera alguns sinais de que a sa\u00fade mental corre perigo e faz uma observa\u00e7\u00e3o.<\/strong><\/p>\n\n\n\n<p><strong>&#8220;Consumo excessivo de \u00e1lcool, comprar de maneira demasiada, enfim, sempre que eu saio do meu ponto de equil\u00edbrio, isso pode ser um forte indicador de que algo n\u00e3o vai bem. Os profissionais de sa\u00fade que s\u00e3o treinados para ajudar n\u00e3o v\u00e3o chegar e dizer como deve viver melhor a sua vida, a vida \u00e9 sua. O que ele vai fazer? Ele vai provocar reflex\u00f5es que muitas vezes tem esse fator de cura.&#8221;<\/strong><\/p>\n\n\n\n<p><strong>Cristiano alerta que &#8211; quando as sensa\u00e7\u00f5es e sentimentos mudam &#8211; pode ser sinal de que \u00e9 preciso procurar um profissional.<\/strong><\/p>\n\n\n\n<p><strong>SINTOMAS DE ALERTA<\/strong><\/p>\n\n\n\n<p><strong>&#8220;Primeiro: sensa\u00e7\u00e3o constante de cansa\u00e7o ou esgotamento emocional. Segundo: dificuldade de se concentrar como antes. Dificuldade de ter satisfa\u00e7\u00e3o em coisas que eram muito agrad\u00e1veis. Um outro elemento envolve altera\u00e7\u00f5es no sono: ins\u00f4nia, quando n\u00e3o se consegue dormir ou excesso de sono, e quest\u00f5es ligadas ao apetite.&#8221;<\/strong><\/p>\n\n\n\n<p><strong>Quem quiser apoiar a campanha pode fazer o download gratuito de folders, cartazes, banners, faixas, bottons, cartilhas e panfletos no site oficial do Movimento Janeiro Branco. Os materiais v\u00eam com orienta\u00e7\u00f5es did\u00e1ticas e acess\u00edveis sobre sa\u00fade mental.<\/strong><\/p>\n\n\n\n<p><strong><em>Vitrine online com Ag\u00eancia Brasil EBC \u2013 Empresa Brasileira de Comunica\u00e7\u00e3o<\/em><\/strong><\/p>\n","protected":false},"excerpt":{"rendered":"<p>Esse \u00e9 o tema da Campanha Janeiro Branco de 2025. Trata-se de um movimento brasileiro sobre sa\u00fade mentalque h\u00e1 mais<\/p>\n","protected":false},"author":1,"featured_media":32685,"comment_status":"open","ping_status":"open","sticky":false,"template":"","format":"standard","meta":[],"categories":[3],"tags":[],"yoast_head":"<!-- This site is optimized with the Yoast SEO plugin v15.8 - https:\/\/yoast.com\/wordpress\/plugins\/seo\/ -->\n<title>JANEIRO BRANCO \u2013 \u201cO QUE FAZER PELA SA\u00daDE MENTAL AGORA E SEMPRE?\u201d - Revista Vitrine Online<\/title>\n<meta name=\"robots\" content=\"index, follow, max-snippet:-1, max-image-preview:large, max-video-preview:-1\" \/>\n<link rel=\"canonical\" href=\"http:\/\/revistavitrineibiuna.com.br\/?p=32684\" \/>\n<meta property=\"og:locale\" content=\"pt_BR\" \/>\n<meta property=\"og:type\" content=\"article\" \/>\n<meta property=\"og:title\" content=\"JANEIRO BRANCO \u2013 \u201cO QUE FAZER PELA SA\u00daDE MENTAL AGORA E SEMPRE?\u201d - Revista Vitrine Online\" \/>\n<meta property=\"og:description\" content=\"Esse \u00e9 o tema da Campanha Janeiro Branco de 2025. Trata-se de um movimento brasileiro sobre sa\u00fade mentalque h\u00e1 mais\" \/>\n<meta property=\"og:url\" content=\"http:\/\/revistavitrineibiuna.com.br\/?p=32684\" \/>\n<meta property=\"og:site_name\" content=\"Revista Vitrine Online\" \/>\n<meta property=\"article:published_time\" content=\"2025-01-04T23:18:59+00:00\" \/>\n<meta property=\"article:modified_time\" content=\"2025-01-04T23:19:00+00:00\" \/>\n<meta property=\"og:image\" content=\"https:\/\/revistavitrineibiuna.com.br\/wp-content\/uploads\/2025\/01\/foto-janeiro-branco.png\" \/>\n\t<meta property=\"og:image:width\" content=\"1170\" \/>\n\t<meta property=\"og:image:height\" content=\"700\" \/>\n<meta name=\"twitter:card\" content=\"summary\" \/>\n<meta name=\"twitter:label1\" content=\"Est. reading time\">\n\t<meta name=\"twitter:data1\" content=\"2 minutos\">\n<script type=\"application\/ld+json\" class=\"yoast-schema-graph\">{\"@context\":\"https:\/\/schema.org\",\"@graph\":[{\"@type\":\"WebSite\",\"@id\":\"https:\/\/revistavitrineibiuna.com.br\/#website\",\"url\":\"https:\/\/revistavitrineibiuna.com.br\/\",\"name\":\"Revista Vitrine Ibi\\u00fana\",\"description\":\"A Revista de Ibi\\u00fana e Regi\\u00e3o\",\"publisher\":{\"@id\":\"https:\/\/revistavitrineibiuna.com.br\/#\/schema\/person\/e51ef49d6d88170ea21ceabff3f73deb\"},\"potentialAction\":[{\"@type\":\"SearchAction\",\"target\":\"https:\/\/revistavitrineibiuna.com.br\/?s={search_term_string}\",\"query-input\":\"required name=search_term_string\"}],\"inLanguage\":\"pt-BR\"},{\"@type\":\"ImageObject\",\"@id\":\"http:\/\/revistavitrineibiuna.com.br\/?p=32684#primaryimage\",\"inLanguage\":\"pt-BR\",\"url\":\"https:\/\/revistavitrineibiuna.com.br\/wp-content\/uploads\/2025\/01\/foto-janeiro-branco.png\",\"width\":1170,\"height\":700},{\"@type\":\"WebPage\",\"@id\":\"http:\/\/revistavitrineibiuna.com.br\/?p=32684#webpage\",\"url\":\"http:\/\/revistavitrineibiuna.com.br\/?p=32684\",\"name\":\"JANEIRO BRANCO \\u2013 \\u201cO QUE FAZER PELA SA\\u00daDE MENTAL AGORA E SEMPRE?\\u201d - Revista Vitrine Online\",\"isPartOf\":{\"@id\":\"https:\/\/revistavitrineibiuna.com.br\/#website\"},\"primaryImageOfPage\":{\"@id\":\"http:\/\/revistavitrineibiuna.com.br\/?p=32684#primaryimage\"},\"datePublished\":\"2025-01-04T23:18:59+00:00\",\"dateModified\":\"2025-01-04T23:19:00+00:00\",\"breadcrumb\":{\"@id\":\"http:\/\/revistavitrineibiuna.com.br\/?p=32684#breadcrumb\"},\"inLanguage\":\"pt-BR\",\"potentialAction\":[{\"@type\":\"ReadAction\",\"target\":[\"http:\/\/revistavitrineibiuna.com.br\/?p=32684\"]}]},{\"@type\":\"BreadcrumbList\",\"@id\":\"http:\/\/revistavitrineibiuna.com.br\/?p=32684#breadcrumb\",\"itemListElement\":[{\"@type\":\"ListItem\",\"position\":1,\"item\":{\"@type\":\"WebPage\",\"@id\":\"https:\/\/revistavitrineibiuna.com.br\/\",\"url\":\"https:\/\/revistavitrineibiuna.com.br\/\",\"name\":\"In\\u00edcio\"}},{\"@type\":\"ListItem\",\"position\":2,\"item\":{\"@type\":\"WebPage\",\"@id\":\"http:\/\/revistavitrineibiuna.com.br\/?p=32684\",\"url\":\"http:\/\/revistavitrineibiuna.com.br\/?p=32684\",\"name\":\"JANEIRO BRANCO \\u2013 \\u201cO QUE FAZER PELA SA\\u00daDE MENTAL AGORA E SEMPRE?\\u201d\"}}]},{\"@type\":\"Article\",\"@id\":\"http:\/\/revistavitrineibiuna.com.br\/?p=32684#article\",\"isPartOf\":{\"@id\":\"http:\/\/revistavitrineibiuna.com.br\/?p=32684#webpage\"},\"author\":{\"@id\":\"https:\/\/revistavitrineibiuna.com.br\/#\/schema\/person\/e51ef49d6d88170ea21ceabff3f73deb\"},\"headline\":\"JANEIRO BRANCO \\u2013 \\u201cO QUE FAZER PELA SA\\u00daDE MENTAL AGORA E SEMPRE?\\u201d\",\"datePublished\":\"2025-01-04T23:18:59+00:00\",\"dateModified\":\"2025-01-04T23:19:00+00:00\",\"mainEntityOfPage\":{\"@id\":\"http:\/\/revistavitrineibiuna.com.br\/?p=32684#webpage\"},\"commentCount\":0,\"publisher\":{\"@id\":\"https:\/\/revistavitrineibiuna.com.br\/#\/schema\/person\/e51ef49d6d88170ea21ceabff3f73deb\"},\"image\":{\"@id\":\"http:\/\/revistavitrineibiuna.com.br\/?p=32684#primaryimage\"},\"articleSection\":\"Not\\u00edcias\",\"inLanguage\":\"pt-BR\",\"potentialAction\":[{\"@type\":\"CommentAction\",\"name\":\"Comment\",\"target\":[\"http:\/\/revistavitrineibiuna.com.br\/?p=32684#respond\"]}]},{\"@type\":[\"Person\",\"Organization\"],\"@id\":\"https:\/\/revistavitrineibiuna.com.br\/#\/schema\/person\/e51ef49d6d88170ea21ceabff3f73deb\",\"name\":\"Carlos Rossini\",\"image\":{\"@type\":\"ImageObject\",\"@id\":\"https:\/\/revistavitrineibiuna.com.br\/#personlogo\",\"inLanguage\":\"pt-BR\",\"url\":\"https:\/\/secure.gravatar.com\/avatar\/4f2d0f99fac1f85c7d643f21f5c8d900?s=96&d=mm&r=g\",\"caption\":\"Carlos Rossini\"},\"logo\":{\"@id\":\"https:\/\/revistavitrineibiuna.com.br\/#personlogo\"},\"description\":\"Carlos Rossini \\u00e9 jornalista, soci\\u00f3logo, escritor e professor universit\\u00e1rio, tendo sido professor de jornalismo por vinte anos. Trabalhou em ve\\u00edculos de comunica\\u00e7\\u00e3o nas fun\\u00e7\\u00f5es de rep\\u00f3rter, redator, editor, articulista e colaborador, como Folha de S. Paulo, O Estado de S. Paulo, Di\\u00e1rio Popular, entre outros. Ao transferir a revista vitrine, vers\\u00e3o imprensa, de S\\u00e3o Paulo para Ibi\\u00fana h\\u00e1 alguns anos, iniciou uma nova experi\\u00eancia profissional, dedicando-se ao jornalismo regional, depois de cumprir uma trajet\\u00f3ria bem-sucedida na grande imprensa brasileira. Seu primeiro livro A Coragem de Comunicar foi lan\\u00e7ado na Bienal do Livro em S\\u00e3o Paulo no ano 2000, pela editora Madras.\"}]}<\/script>\n<!-- \/ Yoast SEO plugin. -->","_links":{"self":[{"href":"https:\/\/revistavitrineibiuna.com.br\/index.php?rest_route=\/wp\/v2\/posts\/32684"}],"collection":[{"href":"https:\/\/revistavitrineibiuna.com.br\/index.php?rest_route=\/wp\/v2\/posts"}],"about":[{"href":"https:\/\/revistavitrineibiuna.com.br\/index.php?rest_route=\/wp\/v2\/types\/post"}],"author":[{"embeddable":true,"href":"https:\/\/revistavitrineibiuna.com.br\/index.php?rest_route=\/wp\/v2\/users\/1"}],"replies":[{"embeddable":true,"href":"https:\/\/revistavitrineibiuna.com.br\/index.php?rest_route=%2Fwp%2Fv2%2Fcomments&post=32684"}],"version-history":[{"count":1,"href":"https:\/\/revistavitrineibiuna.com.br\/index.php?rest_route=\/wp\/v2\/posts\/32684\/revisions"}],"predecessor-version":[{"id":32686,"href":"https:\/\/revistavitrineibiuna.com.br\/index.php?rest_route=\/wp\/v2\/posts\/32684\/revisions\/32686"}],"wp:featuredmedia":[{"embeddable":true,"href":"https:\/\/revistavitrineibiuna.com.br\/index.php?rest_route=\/wp\/v2\/media\/32685"}],"wp:attachment":[{"href":"https:\/\/revistavitrineibiuna.com.br\/index.php?rest_route=%2Fwp%2Fv2%2Fmedia&parent=32684"}],"wp:term":[{"taxonomy":"category","embeddable":true,"href":"https:\/\/revistavitrineibiuna.com.br\/index.php?rest_route=%2Fwp%2Fv2%2Fcategories&post=32684"},{"taxonomy":"post_tag","embeddable":true,"href":"https:\/\/revistavitrineibiuna.com.br\/index.php?rest_route=%2Fwp%2Fv2%2Ftags&post=32684"}],"curies":[{"name":"wp","href":"https:\/\/api.w.org\/{rel}","templated":true}]}}