{"id":32687,"date":"2025-01-06T13:11:44","date_gmt":"2025-01-06T16:11:44","guid":{"rendered":"http:\/\/revistavitrineibiuna.com.br\/?p=32687"},"modified":"2025-01-06T13:13:56","modified_gmt":"2025-01-06T16:13:56","slug":"no-mundo-acelerado-parar-se-tornou-uma-necessidade-vital","status":"publish","type":"post","link":"https:\/\/revistavitrineibiuna.com.br\/?p=32687","title":{"rendered":"NO MUNDO ACELERADO, \u2018PARAR\u2019 SE TORNOU UMA NECESSIDADE VITAL"},"content":{"rendered":"\n<p class=\"has-drop-cap\"><strong>H\u00e1 atividades humanas que precisam da rotina, isto \u00e9, da repeti\u00e7\u00e3o para que as coisas se comprovem, funcionem e, tamb\u00e9m, sobretudo, at\u00e9 mesmo possibilitem aprimoramentos no que se vem fazendo.<\/strong><\/p>\n\n\n\n<p><strong>Mas, h\u00e1 uma vers\u00e3o da rotina que chega a ser nefasta e at\u00e9 mesmo \u201cmortal\u201d, quando se considera o funcionamento saud\u00e1vel da mente humana.<\/strong><\/p>\n\n\n\n<p><strong>Quero aqui compartilhar uma releitura que estou fazendo do livro \u201cA Essencial Arte de Parar\u201d, escrito pelo psicoterapeuta norte-americano David Kundtz, que atua na \u00e1rea de recursos humanos, administra\u00e7\u00e3o do estresse e sa\u00fade emocional.<\/strong><\/p>\n\n\n\n<p><strong>Em suma, sua tese \u00e9: voc\u00ea precisa parar, seja por alguns segundos, algumas horas, dias, semanas ou meses, conforme o grau da vertigem causada por conta da velocidade alucinante que a exist\u00eancia imp\u00f5e cada vez mais aos indiv\u00edduos.<\/strong><\/p>\n\n\n\n<p><strong>Veja uma pergunta sintom\u00e1tica do tema central do livro:<\/strong><\/p>\n\n\n\n<p><strong>\u201cVoc\u00ea anda estressado, exausto, disperso, com a sensa\u00e7\u00e3o de estar carregando o mundo nas costas e n\u00e3o consegue dar conta do recado?\u201d<\/strong><\/p>\n\n\n\n<p><strong>O combate a esse problema est\u00e1 relacionado com o seguinte panorama em torno da palavra \u201cDemais\u201d: \u201cH\u00e1 coisas demais para fazer, distra\u00e7\u00f5es demais, barulho demais, coisas demais exigindo nossa aten\u00e7\u00e3o, ou, para muitos de n\u00f3s, oportunidades demais e escolhas demais.\u201d<\/strong><\/p>\n\n\n\n<p><strong>O livro, em suas duzentas e tantas p\u00e1ginas, d\u00e1 v\u00e1rias dicas para que voc\u00ea possa se perceber, saber quem voc\u00ea \u00e9 o que voc\u00ea pretende para a sua vida. Nada mal, n\u00e9?<\/strong><\/p>\n\n\n\n<p><strong>Parar, o autor explica, n\u00e3o \u00e9 n\u00e3o fazer nada. \u201cN\u00e3o fazer nada [<em>neste contexto<\/em>] \u00e9 de fato fazer algo muito importante. \u00c9 permitir que a vida aconte\u00e7a \u2013 a sua vida.\u201d<\/strong><\/p>\n\n\n\n<p><strong>N\u00e3o fazer nada \u00e9 algo muito profundo. Seu prop\u00f3sito \u00e9 fazer com que voc\u00ea se torne mais totalmente desperto e saiba quem voc\u00ea \u00e9. Aparentemente, atingir essa compreens\u00e3o na pr\u00e1tica \u00e9 tornar-se apto a viver a sua pr\u00f3pria vida, libertando-se do t\u00e9dio, que tem l\u00e1 sua fama ruim, mas que pode ser o ponto de partida para uma mudan\u00e7a de comportamento.<\/strong><\/p>\n\n\n\n<p><strong>Bem, seria inadequado enfeixar tantas p\u00e1ginas em algumas poucas linhas e o melhor a fazer, neste caso, para quem se interessar, \u00e9 ir direto ao autor, navegando pelas p\u00e1ginas do seu livro, da Editora Sextante.<\/strong><\/p>\n\n\n\n<p><strong>AS PALAVRAS<\/strong><\/p>\n\n\n\n<p><strong>Em suma, o livro est\u00e1 destinado a dar um jeito na chamada rotina, uma palavra de origem francesa que significa \u201crota\u201d, \u201ccaminho\u201d, que seguimos habitualmente, por isso mesmo diz respeito a \u201ctrilha batida\u201d, que deixa marcas no ch\u00e3o.<\/strong><\/p>\n\n\n\n<p><strong>Rotina, j\u00e1 ressalvamos, \u00e9 importante para a\u00e7\u00f5es respons\u00e1veis e forma organizada de viver, mas tem, no sentido amplo e gen\u00e9rico, a peculiaridade de se fazer as coisas sempre da mesma maneira, maquinal ou inconscientemente, e isso cobra um pre\u00e7o emocional das pessoas.<\/strong><\/p>\n\n\n\n<p><strong>Para se ter uma ideia do problema causado pela repeti\u00e7\u00e3o de h\u00e1bitos, imagine se n\u00e3o existissem ritos de passagem, como Natal e R\u00e9veilon! Carnaval, f\u00e9rias, viagens, praias, passeios, contato com a natureza, museus, visitas a parentes, jogos, campeonatos, amigos, terapeutas, restaurantes, cinema, teatro e, at\u00e9 mesmo, as grandes m\u00eddias massivas com seus programas de entretenimento, pra\u00e7as, jardins, rios, lagos, florestas, montanhas.<\/strong><\/p>\n\n\n\n<p><strong>Mas, voltando ao nosso autor de \u201cA Essencial Arte de Parar\u201d, essa \u201cparada\u201d, ativa, na verdade, pode acontecer no sof\u00e1 da sala de sua casa, no jardim, no seu quarto, como um modo contemplativo, um olhar profundo para si mesmo.<\/strong><\/p>\n\n\n\n<p><strong>O autor esclarece a origem latina do termo \u201ccontempla\u00e7\u00e3o\u201d, como um tempo intensivo passado no templo para tomar consci\u00eancia dos sinais e press\u00e1gios [possibilidades futuras] dos tempos.<\/strong><\/p>\n\n\n\n<p><strong>Parar \u201cajuda a saber o que voc\u00ea quer realizar e como voc\u00ea quer se comportar. D\u00e1 a voc\u00ea tempo para ser, n\u00e3o apenas fazer\u201d.<\/strong><\/p>\n\n\n\n<p><strong>Na realidade estamos viciados em fazer e em ter, n\u00e3o \u00e9 mesmo? (C.R.)<\/strong><\/p>\n","protected":false},"excerpt":{"rendered":"<p>H\u00e1 atividades humanas que precisam da rotina, isto \u00e9, da repeti\u00e7\u00e3o para que as coisas se comprovem, funcionem e, tamb\u00e9m,<\/p>\n","protected":false},"author":1,"featured_media":32688,"comment_status":"open","ping_status":"open","sticky":false,"template":"","format":"standard","meta":[],"categories":[3],"tags":[],"yoast_head":"<!-- This site is optimized with the Yoast SEO plugin v15.8 - https:\/\/yoast.com\/wordpress\/plugins\/seo\/ -->\n<title>NO MUNDO ACELERADO, \u2018PARAR\u2019 SE TORNOU UMA NECESSIDADE VITAL - Revista Vitrine Online<\/title>\n<meta name=\"robots\" content=\"index, follow, max-snippet:-1, max-image-preview:large, max-video-preview:-1\" \/>\n<link rel=\"canonical\" href=\"http:\/\/revistavitrineibiuna.com.br\/?p=32687\" \/>\n<meta property=\"og:locale\" content=\"pt_BR\" \/>\n<meta property=\"og:type\" content=\"article\" \/>\n<meta property=\"og:title\" content=\"NO MUNDO ACELERADO, \u2018PARAR\u2019 SE TORNOU UMA NECESSIDADE VITAL - Revista Vitrine Online\" \/>\n<meta property=\"og:description\" content=\"H\u00e1 atividades humanas que precisam da rotina, isto \u00e9, da repeti\u00e7\u00e3o para que as coisas se comprovem, funcionem e, tamb\u00e9m,\" \/>\n<meta property=\"og:url\" content=\"http:\/\/revistavitrineibiuna.com.br\/?p=32687\" \/>\n<meta property=\"og:site_name\" content=\"Revista Vitrine Online\" \/>\n<meta property=\"article:published_time\" content=\"2025-01-06T16:11:44+00:00\" \/>\n<meta property=\"article:modified_time\" content=\"2025-01-06T16:13:56+00:00\" \/>\n<meta property=\"og:image\" content=\"https:\/\/revistavitrineibiuna.com.br\/wp-content\/uploads\/2025\/01\/foto-parara-homem-na-praia.png\" \/>\n\t<meta property=\"og:image:width\" content=\"1189\" \/>\n\t<meta property=\"og:image:height\" content=\"752\" \/>\n<meta name=\"twitter:card\" content=\"summary\" \/>\n<meta name=\"twitter:label1\" content=\"Est. reading time\">\n\t<meta name=\"twitter:data1\" content=\"3 minutos\">\n<script type=\"application\/ld+json\" class=\"yoast-schema-graph\">{\"@context\":\"https:\/\/schema.org\",\"@graph\":[{\"@type\":\"WebSite\",\"@id\":\"https:\/\/revistavitrineibiuna.com.br\/#website\",\"url\":\"https:\/\/revistavitrineibiuna.com.br\/\",\"name\":\"Revista Vitrine Ibi\\u00fana\",\"description\":\"A Revista de Ibi\\u00fana e Regi\\u00e3o\",\"publisher\":{\"@id\":\"https:\/\/revistavitrineibiuna.com.br\/#\/schema\/person\/e51ef49d6d88170ea21ceabff3f73deb\"},\"potentialAction\":[{\"@type\":\"SearchAction\",\"target\":\"https:\/\/revistavitrineibiuna.com.br\/?s={search_term_string}\",\"query-input\":\"required name=search_term_string\"}],\"inLanguage\":\"pt-BR\"},{\"@type\":\"ImageObject\",\"@id\":\"http:\/\/revistavitrineibiuna.com.br\/?p=32687#primaryimage\",\"inLanguage\":\"pt-BR\",\"url\":\"https:\/\/revistavitrineibiuna.com.br\/wp-content\/uploads\/2025\/01\/foto-parara-homem-na-praia.png\",\"width\":1189,\"height\":752},{\"@type\":\"WebPage\",\"@id\":\"http:\/\/revistavitrineibiuna.com.br\/?p=32687#webpage\",\"url\":\"http:\/\/revistavitrineibiuna.com.br\/?p=32687\",\"name\":\"NO MUNDO ACELERADO, \\u2018PARAR\\u2019 SE TORNOU UMA NECESSIDADE VITAL - Revista Vitrine Online\",\"isPartOf\":{\"@id\":\"https:\/\/revistavitrineibiuna.com.br\/#website\"},\"primaryImageOfPage\":{\"@id\":\"http:\/\/revistavitrineibiuna.com.br\/?p=32687#primaryimage\"},\"datePublished\":\"2025-01-06T16:11:44+00:00\",\"dateModified\":\"2025-01-06T16:13:56+00:00\",\"breadcrumb\":{\"@id\":\"http:\/\/revistavitrineibiuna.com.br\/?p=32687#breadcrumb\"},\"inLanguage\":\"pt-BR\",\"potentialAction\":[{\"@type\":\"ReadAction\",\"target\":[\"http:\/\/revistavitrineibiuna.com.br\/?p=32687\"]}]},{\"@type\":\"BreadcrumbList\",\"@id\":\"http:\/\/revistavitrineibiuna.com.br\/?p=32687#breadcrumb\",\"itemListElement\":[{\"@type\":\"ListItem\",\"position\":1,\"item\":{\"@type\":\"WebPage\",\"@id\":\"https:\/\/revistavitrineibiuna.com.br\/\",\"url\":\"https:\/\/revistavitrineibiuna.com.br\/\",\"name\":\"In\\u00edcio\"}},{\"@type\":\"ListItem\",\"position\":2,\"item\":{\"@type\":\"WebPage\",\"@id\":\"http:\/\/revistavitrineibiuna.com.br\/?p=32687\",\"url\":\"http:\/\/revistavitrineibiuna.com.br\/?p=32687\",\"name\":\"NO MUNDO ACELERADO, \\u2018PARAR\\u2019 SE TORNOU UMA NECESSIDADE VITAL\"}}]},{\"@type\":\"Article\",\"@id\":\"http:\/\/revistavitrineibiuna.com.br\/?p=32687#article\",\"isPartOf\":{\"@id\":\"http:\/\/revistavitrineibiuna.com.br\/?p=32687#webpage\"},\"author\":{\"@id\":\"https:\/\/revistavitrineibiuna.com.br\/#\/schema\/person\/e51ef49d6d88170ea21ceabff3f73deb\"},\"headline\":\"NO MUNDO ACELERADO, \\u2018PARAR\\u2019 SE TORNOU UMA NECESSIDADE VITAL\",\"datePublished\":\"2025-01-06T16:11:44+00:00\",\"dateModified\":\"2025-01-06T16:13:56+00:00\",\"mainEntityOfPage\":{\"@id\":\"http:\/\/revistavitrineibiuna.com.br\/?p=32687#webpage\"},\"commentCount\":0,\"publisher\":{\"@id\":\"https:\/\/revistavitrineibiuna.com.br\/#\/schema\/person\/e51ef49d6d88170ea21ceabff3f73deb\"},\"image\":{\"@id\":\"http:\/\/revistavitrineibiuna.com.br\/?p=32687#primaryimage\"},\"articleSection\":\"Not\\u00edcias\",\"inLanguage\":\"pt-BR\",\"potentialAction\":[{\"@type\":\"CommentAction\",\"name\":\"Comment\",\"target\":[\"http:\/\/revistavitrineibiuna.com.br\/?p=32687#respond\"]}]},{\"@type\":[\"Person\",\"Organization\"],\"@id\":\"https:\/\/revistavitrineibiuna.com.br\/#\/schema\/person\/e51ef49d6d88170ea21ceabff3f73deb\",\"name\":\"Carlos Rossini\",\"image\":{\"@type\":\"ImageObject\",\"@id\":\"https:\/\/revistavitrineibiuna.com.br\/#personlogo\",\"inLanguage\":\"pt-BR\",\"url\":\"https:\/\/secure.gravatar.com\/avatar\/4f2d0f99fac1f85c7d643f21f5c8d900?s=96&d=mm&r=g\",\"caption\":\"Carlos Rossini\"},\"logo\":{\"@id\":\"https:\/\/revistavitrineibiuna.com.br\/#personlogo\"},\"description\":\"Carlos Rossini \\u00e9 jornalista, soci\\u00f3logo, escritor e professor universit\\u00e1rio, tendo sido professor de jornalismo por vinte anos. Trabalhou em ve\\u00edculos de comunica\\u00e7\\u00e3o nas fun\\u00e7\\u00f5es de rep\\u00f3rter, redator, editor, articulista e colaborador, como Folha de S. Paulo, O Estado de S. Paulo, Di\\u00e1rio Popular, entre outros. Ao transferir a revista vitrine, vers\\u00e3o imprensa, de S\\u00e3o Paulo para Ibi\\u00fana h\\u00e1 alguns anos, iniciou uma nova experi\\u00eancia profissional, dedicando-se ao jornalismo regional, depois de cumprir uma trajet\\u00f3ria bem-sucedida na grande imprensa brasileira. Seu primeiro livro A Coragem de Comunicar foi lan\\u00e7ado na Bienal do Livro em S\\u00e3o Paulo no ano 2000, pela editora Madras.\"}]}<\/script>\n<!-- \/ Yoast SEO plugin. -->","_links":{"self":[{"href":"https:\/\/revistavitrineibiuna.com.br\/index.php?rest_route=\/wp\/v2\/posts\/32687"}],"collection":[{"href":"https:\/\/revistavitrineibiuna.com.br\/index.php?rest_route=\/wp\/v2\/posts"}],"about":[{"href":"https:\/\/revistavitrineibiuna.com.br\/index.php?rest_route=\/wp\/v2\/types\/post"}],"author":[{"embeddable":true,"href":"https:\/\/revistavitrineibiuna.com.br\/index.php?rest_route=\/wp\/v2\/users\/1"}],"replies":[{"embeddable":true,"href":"https:\/\/revistavitrineibiuna.com.br\/index.php?rest_route=%2Fwp%2Fv2%2Fcomments&post=32687"}],"version-history":[{"count":1,"href":"https:\/\/revistavitrineibiuna.com.br\/index.php?rest_route=\/wp\/v2\/posts\/32687\/revisions"}],"predecessor-version":[{"id":32689,"href":"https:\/\/revistavitrineibiuna.com.br\/index.php?rest_route=\/wp\/v2\/posts\/32687\/revisions\/32689"}],"wp:featuredmedia":[{"embeddable":true,"href":"https:\/\/revistavitrineibiuna.com.br\/index.php?rest_route=\/wp\/v2\/media\/32688"}],"wp:attachment":[{"href":"https:\/\/revistavitrineibiuna.com.br\/index.php?rest_route=%2Fwp%2Fv2%2Fmedia&parent=32687"}],"wp:term":[{"taxonomy":"category","embeddable":true,"href":"https:\/\/revistavitrineibiuna.com.br\/index.php?rest_route=%2Fwp%2Fv2%2Fcategories&post=32687"},{"taxonomy":"post_tag","embeddable":true,"href":"https:\/\/revistavitrineibiuna.com.br\/index.php?rest_route=%2Fwp%2Fv2%2Ftags&post=32687"}],"curies":[{"name":"wp","href":"https:\/\/api.w.org\/{rel}","templated":true}]}}