{"id":32690,"date":"2025-01-06T18:32:03","date_gmt":"2025-01-06T21:32:03","guid":{"rendered":"http:\/\/revistavitrineibiuna.com.br\/?p=32690"},"modified":"2025-01-06T18:55:49","modified_gmt":"2025-01-06T21:55:49","slug":"ibiuna-mario-pires-explica-esforco-para-reabrir-ponte-ibiuna-mairinque","status":"publish","type":"post","link":"https:\/\/revistavitrineibiuna.com.br\/?p=32690","title":{"rendered":"IBI\u00daNA \u2013 M\u00c1RIO PIRES EXPLICA ESFOR\u00c7O PARA REABRIR PONTE IBI\u00daNA-MAIRINQUE"},"content":{"rendered":"\n<p class=\"has-drop-cap\"><strong>O prefeito M\u00e1rio Pires, de Ibi\u00fana, esteve na manh\u00e3 de hoje (6) no Pal\u00e1cio dos Bandeirantes e na sede do Departamento de Estradas de Rodagem \u2013 DER, em S\u00e3o Paulo, em busca de apoio para equacionar os problemas decorrentes da interdi\u00e7\u00e3o da ponte que liga Ibi\u00fana a Mairinque.<\/strong><\/p>\n\n\n\n<p><strong>Por determina\u00e7\u00e3o do Minist\u00e9rio P\u00fablico do Estado de S\u00e3o Paulo, comarca de Ibi\u00fana, a Guarda Civil Municipal interditou a ponte no in\u00edcio da noite de 27 de dezembro, isolando bairros de Ibi\u00fana ao centro da cidade, bem como impedindo o tr\u00e2nsito entre as duas cidades.<\/strong><\/p>\n\n\n\n<p><strong>Essa medida, como se recorda, foi adotada pela Justi\u00e7a a fim de garantir a integridade f\u00edsica das pessoas que circulam pela estrada, j\u00e1 que houve den\u00fancia de que a ponte corre o risco de desabar.<\/strong><\/p>\n\n\n\n<p><strong>Como as autoridades municipais [a ponte se encontra numa estrada municipal] de Ibi\u00fana n\u00e3o reagiram \u00e0s indaga\u00e7\u00f5es da Justi\u00e7a, esta, ent\u00e3o, determinou seu fechamento, acarretando sacrif\u00edcios aos usu\u00e1rios de toda a regi\u00e3o.<\/strong><\/p>\n\n\n\n<p><strong>TR\u00caS FASES<\/strong><\/p>\n\n\n\n<p><strong>Ap\u00f3s contatar o subsecret\u00e1rio de Conv\u00eanios com Munic\u00edpios paulistas, Carlos Takahashi, no Pal\u00e1cio dos Bandeirantes e, depois, as autoridades do DER, Pires, por meio de um v\u00eddeo, fez a seguinte declara\u00e7\u00e3o:<\/strong><\/p>\n\n\n\n<p><strong>\u201cFalando da ponte ibi\u00fana Mairinque em tr\u00eas fases. Fase 1: Viemos hoje, segunda-feira (6) ao Pal\u00e1cio do Governo e, em seguida ao DER,&nbsp; onde conseguimos um apoio t\u00e9cnico para nos ajudar na quest\u00e3o da ponte.<\/strong><\/p>\n\n\n\n<p><strong>O DER ainda nesta quinta-feira far\u00e1 um laudo t\u00e9cnico de apoio \u00e1 Prefeitura de ibi\u00fana na quest\u00e3o da estrutura da ponte.<\/strong><\/p>\n\n\n\n<p><strong>\u201cCom esse laudo, n\u00f3s vamos dar inicio \u00e0 Fase 2. Vamos agendar uma audi\u00eancia com o juiz e o promotor [<em>da Comarca de Ibi\u00fana]<\/em> para que possamos flexibilizar, provar que a ponte n\u00e3o vai cair, que n\u00e3o corre risco, embora seja monitorada, para que a gente consiga a volta do tr\u00e2nsito de pedestres e carros pequenos e m\u00e9dios.<\/strong><\/p>\n\n\n\n<p><strong>Fase 3: Ap\u00f3s isso, \u00e9 obvio, com um projeto em m\u00e3os, como n\u00e3o h\u00e1 recursos, pois os prefeitos anteriores n\u00e3o fizeram previs\u00e3o or\u00e7ament\u00e1ria, n\u00f3s vamos fazer o m\u00e1ximo esfor\u00e7o atrav\u00e9s da Defesa Civil do estado e de emendas parlamentares, para que a gente possa, mesmo n\u00e3o tendo or\u00e7amento, ir atr\u00e1s dessa ponte que liga ibi\u00fana a Mairinque e afeta os bairros da regi\u00e3o.<\/strong><\/p>\n\n\n\n<p><strong>Ent\u00e3o, com essas tr\u00eas fases [<em>implementadas<\/em>], a gente vai voltar a ter tranquilidade no tr\u00e2nsito entre ibi\u00fana e Mainrique e os bairros vizinhos.\u201d<\/strong><\/p>\n","protected":false},"excerpt":{"rendered":"<p>O prefeito M\u00e1rio Pires, de Ibi\u00fana, esteve na manh\u00e3 de hoje (6) no Pal\u00e1cio dos Bandeirantes e na sede do<\/p>\n","protected":false},"author":1,"featured_media":32691,"comment_status":"open","ping_status":"open","sticky":false,"template":"","format":"standard","meta":[],"categories":[3],"tags":[],"yoast_head":"<!-- This site is optimized with the Yoast SEO plugin v15.8 - https:\/\/yoast.com\/wordpress\/plugins\/seo\/ -->\n<title>IBI\u00daNA \u2013 M\u00c1RIO PIRES EXPLICA ESFOR\u00c7O PARA REABRIR PONTE IBI\u00daNA-MAIRINQUE - Revista Vitrine Online<\/title>\n<meta name=\"robots\" content=\"index, follow, max-snippet:-1, max-image-preview:large, max-video-preview:-1\" \/>\n<link rel=\"canonical\" href=\"http:\/\/revistavitrineibiuna.com.br\/?p=32690\" \/>\n<meta property=\"og:locale\" content=\"pt_BR\" \/>\n<meta property=\"og:type\" content=\"article\" \/>\n<meta property=\"og:title\" content=\"IBI\u00daNA \u2013 M\u00c1RIO PIRES EXPLICA ESFOR\u00c7O PARA REABRIR PONTE IBI\u00daNA-MAIRINQUE - Revista Vitrine Online\" \/>\n<meta property=\"og:description\" content=\"O prefeito M\u00e1rio Pires, de Ibi\u00fana, esteve na manh\u00e3 de hoje (6) no Pal\u00e1cio dos Bandeirantes e na sede do\" \/>\n<meta property=\"og:url\" content=\"http:\/\/revistavitrineibiuna.com.br\/?p=32690\" \/>\n<meta property=\"og:site_name\" content=\"Revista Vitrine Online\" \/>\n<meta property=\"article:published_time\" content=\"2025-01-06T21:32:03+00:00\" \/>\n<meta property=\"article:modified_time\" content=\"2025-01-06T21:55:49+00:00\" \/>\n<meta property=\"og:image\" content=\"https:\/\/revistavitrineibiuna.com.br\/wp-content\/uploads\/2025\/01\/Pires-no-Palacio-dos-Bandeirantes-6.1.2025.png\" \/>\n\t<meta property=\"og:image:width\" content=\"716\" \/>\n\t<meta property=\"og:image:height\" content=\"461\" \/>\n<meta name=\"twitter:card\" content=\"summary\" \/>\n<meta name=\"twitter:label1\" content=\"Est. reading time\">\n\t<meta name=\"twitter:data1\" content=\"2 minutos\">\n<script type=\"application\/ld+json\" class=\"yoast-schema-graph\">{\"@context\":\"https:\/\/schema.org\",\"@graph\":[{\"@type\":\"WebSite\",\"@id\":\"https:\/\/revistavitrineibiuna.com.br\/#website\",\"url\":\"https:\/\/revistavitrineibiuna.com.br\/\",\"name\":\"Revista Vitrine Ibi\\u00fana\",\"description\":\"A Revista de Ibi\\u00fana e Regi\\u00e3o\",\"publisher\":{\"@id\":\"https:\/\/revistavitrineibiuna.com.br\/#\/schema\/person\/e51ef49d6d88170ea21ceabff3f73deb\"},\"potentialAction\":[{\"@type\":\"SearchAction\",\"target\":\"https:\/\/revistavitrineibiuna.com.br\/?s={search_term_string}\",\"query-input\":\"required name=search_term_string\"}],\"inLanguage\":\"pt-BR\"},{\"@type\":\"ImageObject\",\"@id\":\"http:\/\/revistavitrineibiuna.com.br\/?p=32690#primaryimage\",\"inLanguage\":\"pt-BR\",\"url\":\"https:\/\/revistavitrineibiuna.com.br\/wp-content\/uploads\/2025\/01\/Pires-no-Palacio-dos-Bandeirantes-6.1.2025.png\",\"width\":716,\"height\":461},{\"@type\":\"WebPage\",\"@id\":\"http:\/\/revistavitrineibiuna.com.br\/?p=32690#webpage\",\"url\":\"http:\/\/revistavitrineibiuna.com.br\/?p=32690\",\"name\":\"IBI\\u00daNA \\u2013 M\\u00c1RIO PIRES EXPLICA ESFOR\\u00c7O PARA REABRIR PONTE IBI\\u00daNA-MAIRINQUE - Revista Vitrine Online\",\"isPartOf\":{\"@id\":\"https:\/\/revistavitrineibiuna.com.br\/#website\"},\"primaryImageOfPage\":{\"@id\":\"http:\/\/revistavitrineibiuna.com.br\/?p=32690#primaryimage\"},\"datePublished\":\"2025-01-06T21:32:03+00:00\",\"dateModified\":\"2025-01-06T21:55:49+00:00\",\"breadcrumb\":{\"@id\":\"http:\/\/revistavitrineibiuna.com.br\/?p=32690#breadcrumb\"},\"inLanguage\":\"pt-BR\",\"potentialAction\":[{\"@type\":\"ReadAction\",\"target\":[\"http:\/\/revistavitrineibiuna.com.br\/?p=32690\"]}]},{\"@type\":\"BreadcrumbList\",\"@id\":\"http:\/\/revistavitrineibiuna.com.br\/?p=32690#breadcrumb\",\"itemListElement\":[{\"@type\":\"ListItem\",\"position\":1,\"item\":{\"@type\":\"WebPage\",\"@id\":\"https:\/\/revistavitrineibiuna.com.br\/\",\"url\":\"https:\/\/revistavitrineibiuna.com.br\/\",\"name\":\"In\\u00edcio\"}},{\"@type\":\"ListItem\",\"position\":2,\"item\":{\"@type\":\"WebPage\",\"@id\":\"http:\/\/revistavitrineibiuna.com.br\/?p=32690\",\"url\":\"http:\/\/revistavitrineibiuna.com.br\/?p=32690\",\"name\":\"IBI\\u00daNA \\u2013 M\\u00c1RIO PIRES EXPLICA ESFOR\\u00c7O PARA REABRIR PONTE IBI\\u00daNA-MAIRINQUE\"}}]},{\"@type\":\"Article\",\"@id\":\"http:\/\/revistavitrineibiuna.com.br\/?p=32690#article\",\"isPartOf\":{\"@id\":\"http:\/\/revistavitrineibiuna.com.br\/?p=32690#webpage\"},\"author\":{\"@id\":\"https:\/\/revistavitrineibiuna.com.br\/#\/schema\/person\/e51ef49d6d88170ea21ceabff3f73deb\"},\"headline\":\"IBI\\u00daNA \\u2013 M\\u00c1RIO PIRES EXPLICA ESFOR\\u00c7O PARA REABRIR PONTE IBI\\u00daNA-MAIRINQUE\",\"datePublished\":\"2025-01-06T21:32:03+00:00\",\"dateModified\":\"2025-01-06T21:55:49+00:00\",\"mainEntityOfPage\":{\"@id\":\"http:\/\/revistavitrineibiuna.com.br\/?p=32690#webpage\"},\"commentCount\":0,\"publisher\":{\"@id\":\"https:\/\/revistavitrineibiuna.com.br\/#\/schema\/person\/e51ef49d6d88170ea21ceabff3f73deb\"},\"image\":{\"@id\":\"http:\/\/revistavitrineibiuna.com.br\/?p=32690#primaryimage\"},\"articleSection\":\"Not\\u00edcias\",\"inLanguage\":\"pt-BR\",\"potentialAction\":[{\"@type\":\"CommentAction\",\"name\":\"Comment\",\"target\":[\"http:\/\/revistavitrineibiuna.com.br\/?p=32690#respond\"]}]},{\"@type\":[\"Person\",\"Organization\"],\"@id\":\"https:\/\/revistavitrineibiuna.com.br\/#\/schema\/person\/e51ef49d6d88170ea21ceabff3f73deb\",\"name\":\"Carlos Rossini\",\"image\":{\"@type\":\"ImageObject\",\"@id\":\"https:\/\/revistavitrineibiuna.com.br\/#personlogo\",\"inLanguage\":\"pt-BR\",\"url\":\"https:\/\/secure.gravatar.com\/avatar\/4f2d0f99fac1f85c7d643f21f5c8d900?s=96&d=mm&r=g\",\"caption\":\"Carlos Rossini\"},\"logo\":{\"@id\":\"https:\/\/revistavitrineibiuna.com.br\/#personlogo\"},\"description\":\"Carlos Rossini \\u00e9 jornalista, soci\\u00f3logo, escritor e professor universit\\u00e1rio, tendo sido professor de jornalismo por vinte anos. Trabalhou em ve\\u00edculos de comunica\\u00e7\\u00e3o nas fun\\u00e7\\u00f5es de rep\\u00f3rter, redator, editor, articulista e colaborador, como Folha de S. Paulo, O Estado de S. Paulo, Di\\u00e1rio Popular, entre outros. Ao transferir a revista vitrine, vers\\u00e3o imprensa, de S\\u00e3o Paulo para Ibi\\u00fana h\\u00e1 alguns anos, iniciou uma nova experi\\u00eancia profissional, dedicando-se ao jornalismo regional, depois de cumprir uma trajet\\u00f3ria bem-sucedida na grande imprensa brasileira. Seu primeiro livro A Coragem de Comunicar foi lan\\u00e7ado na Bienal do Livro em S\\u00e3o Paulo no ano 2000, pela editora Madras.\"}]}<\/script>\n<!-- \/ Yoast SEO plugin. -->","_links":{"self":[{"href":"https:\/\/revistavitrineibiuna.com.br\/index.php?rest_route=\/wp\/v2\/posts\/32690"}],"collection":[{"href":"https:\/\/revistavitrineibiuna.com.br\/index.php?rest_route=\/wp\/v2\/posts"}],"about":[{"href":"https:\/\/revistavitrineibiuna.com.br\/index.php?rest_route=\/wp\/v2\/types\/post"}],"author":[{"embeddable":true,"href":"https:\/\/revistavitrineibiuna.com.br\/index.php?rest_route=\/wp\/v2\/users\/1"}],"replies":[{"embeddable":true,"href":"https:\/\/revistavitrineibiuna.com.br\/index.php?rest_route=%2Fwp%2Fv2%2Fcomments&post=32690"}],"version-history":[{"count":8,"href":"https:\/\/revistavitrineibiuna.com.br\/index.php?rest_route=\/wp\/v2\/posts\/32690\/revisions"}],"predecessor-version":[{"id":32701,"href":"https:\/\/revistavitrineibiuna.com.br\/index.php?rest_route=\/wp\/v2\/posts\/32690\/revisions\/32701"}],"wp:featuredmedia":[{"embeddable":true,"href":"https:\/\/revistavitrineibiuna.com.br\/index.php?rest_route=\/wp\/v2\/media\/32691"}],"wp:attachment":[{"href":"https:\/\/revistavitrineibiuna.com.br\/index.php?rest_route=%2Fwp%2Fv2%2Fmedia&parent=32690"}],"wp:term":[{"taxonomy":"category","embeddable":true,"href":"https:\/\/revistavitrineibiuna.com.br\/index.php?rest_route=%2Fwp%2Fv2%2Fcategories&post=32690"},{"taxonomy":"post_tag","embeddable":true,"href":"https:\/\/revistavitrineibiuna.com.br\/index.php?rest_route=%2Fwp%2Fv2%2Ftags&post=32690"}],"curies":[{"name":"wp","href":"https:\/\/api.w.org\/{rel}","templated":true}]}}