{"id":32702,"date":"2025-01-07T22:33:49","date_gmt":"2025-01-08T01:33:49","guid":{"rendered":"http:\/\/revistavitrineibiuna.com.br\/?p=32702"},"modified":"2025-01-07T23:20:02","modified_gmt":"2025-01-08T02:20:02","slug":"ibiuna-populacao-aprova-atuacao-rapida-sobre-ponte-interditada-solucao-ideal-vai-demorar","status":"publish","type":"post","link":"https:\/\/revistavitrineibiuna.com.br\/?p=32702","title":{"rendered":"IBI\u00daNA \u2013 POPULA\u00c7\u00c3O APROVA ATUA\u00c7\u00c3O R\u00c1PIDA SOBRE PONTE INTERDITADA; SOLU\u00c7\u00c3O IDEAL VAI DEMORAR"},"content":{"rendered":"\n<p class=\"has-drop-cap\"><strong>A rapidez e a estrat\u00e9gia adotadas pelo novo prefeito de Ibi\u00fana, M\u00e1rio Pires, em rela\u00e7\u00e3o a uma das heran\u00e7as tortas recebidas de governos anteriores \u2013 a interdi\u00e7\u00e3o da ponte na estrada municipal que liga Ibi\u00fana a Mairinque \u2013 causou uma impress\u00e3o positiva na popula\u00e7\u00e3o ibiunense e da regi\u00e3o.<\/strong><\/p>\n\n\n\n<p><strong>A transpar\u00eancia nas informa\u00e7\u00f5es foi decisiva para a aprova\u00e7\u00e3o popular.<\/strong><\/p>\n\n\n\n<p><strong>Da mesma forma como se apresentaram durante a campanha eleitoral, M\u00e1rio Pires e o vice-prefeito Naldo Firmino se dividiram para enfrentar essa situa\u00e7\u00e3o emergencial em conjunto.<\/strong><\/p>\n\n\n\n<p><strong>Enquanto Pires realizou contatos com o governo estadual, Firmino cuidou para que a Estrada que liga o bairro Dois C\u00f3rregos \u00e0 rodovia Quintino de Lima, a mais pr\u00f3xima alternativa de tr\u00e1fego entre Ibi\u00fana e Mairinque, recebesse melhorias.<\/strong><\/p>\n\n\n\n<p><strong>Naldo confirmou hoje (7)\u00e0 vitrine online que 80% recebeu camada de pedras, no trecho pertencente a Ibi\u00fana, tendo sido feitos alguns alargamentos da pista de terra pontuais. Ao todo essa estrada tem 12 km de extens\u00e3o.<\/strong><\/p>\n\n\n\n<p><strong>Na segunda-feira (6) o prefeito foi ao Pal\u00e1cio dos Bandeirantes e em seguida ao Departamento de Estradas de Rodagem pedir apoio do governo estadual para emitir um laudo t\u00e9cnico sobre a efetiva situa\u00e7\u00e3o da ponte.<\/strong><\/p>\n\n\n\n<p><strong>O prop\u00f3sito do chefe do Executivo \u00e9 apresentar ao Minist\u00e9rio P\u00fablico de S\u00e3o Paulo [Comarca de Ibi\u00fana] um laudo para obter a libera\u00e7\u00e3o [\u201cflexibiliza\u00e7\u00e3o\u201d] parcial da ponte, para passagem de carros leves, motos e pedestres, partindo do principio que n\u00e3o h\u00e1 risco de desabamento. Posteriormente, o objetivo \u00e9 conseguir &nbsp;verba do governo estadual (embora a ponte esteja localizada numa estrada municipal) e emendas parlamentares para a constru\u00e7\u00e3o de uma nova ponte.<\/strong><\/p>\n\n\n\n<figure class=\"wp-block-image size-large\"><img loading=\"lazy\" width=\"1024\" height=\"771\" src=\"https:\/\/revistavitrineibiuna.com.br\/wp-content\/uploads\/2025\/01\/e18b1391-24fb-4fa7-8497-6d0a88d7336b-1024x771.jpg\" alt=\"\" class=\"wp-image-32705\" srcset=\"https:\/\/revistavitrineibiuna.com.br\/wp-content\/uploads\/2025\/01\/e18b1391-24fb-4fa7-8497-6d0a88d7336b-1024x771.jpg 1024w, https:\/\/revistavitrineibiuna.com.br\/wp-content\/uploads\/2025\/01\/e18b1391-24fb-4fa7-8497-6d0a88d7336b-300x226.jpg 300w, https:\/\/revistavitrineibiuna.com.br\/wp-content\/uploads\/2025\/01\/e18b1391-24fb-4fa7-8497-6d0a88d7336b-768x578.jpg 768w, https:\/\/revistavitrineibiuna.com.br\/wp-content\/uploads\/2025\/01\/e18b1391-24fb-4fa7-8497-6d0a88d7336b-1536x1156.jpg 1536w, https:\/\/revistavitrineibiuna.com.br\/wp-content\/uploads\/2025\/01\/e18b1391-24fb-4fa7-8497-6d0a88d7336b-320x240.jpg 320w, https:\/\/revistavitrineibiuna.com.br\/wp-content\/uploads\/2025\/01\/e18b1391-24fb-4fa7-8497-6d0a88d7336b.jpg 1600w\" sizes=\"(max-width: 1024px) 100vw, 1024px\" \/><figcaption>A CCR instalou barreiras de seguran\u00e7a new jersey em ambas as entradas da ponte sobre o Rio Sorocaba, em Ibi\u00fana<\/figcaption><\/figure>\n\n\n\n<p><strong>A solu\u00e7\u00e3o ideal, no entanto, dever\u00e1 demorar devido \u00e0s exig\u00eancias de tr\u00e2mites de natureza t\u00e9cnica, elabora\u00e7\u00e3o de laudos estruturais rigorosos, exig\u00eancias judiciais e obten\u00e7\u00e3o de recursos financeiros.<\/strong><\/p>\n\n\n\n<p><strong>Deixou claro que governos anteriores n\u00e3o destinaram recursos para reforma ou constru\u00e7\u00e3o de uma nova ponte que fica sobre o Rio Sorocaba.<\/strong><\/p>\n\n\n\n<p><strong>Ficou acordado que o DER dever\u00e1 analisar a quest\u00e3o da ponte nesta quinta-feira (9)<\/strong><\/p>\n\n\n\n<p><strong>M\u00e1rio Pires dividiu as provid\u00eancias que tomou em tr\u00eas fases [leia mat\u00e9ria completa em vitrine online sob o t\u00edtulo \u201cIBI\u00daNA \u2013 M\u00c1RIO PIRES EXPLICA ESFOR\u00c7O PARA REABRIR PONTE IBI\u00daNA-MAIRINQUE\u201d (<a href=\"http:\/\/www.revistavitrineibi\u00fana.com.br\">www.revistavitrineibi\u00fana.com.br<\/a>).<\/strong><\/p>\n\n\n\n<p><strong>Como vitrine online a TVUNA v\u00eam noticiando, a interdi\u00e7\u00e3o implantada no in\u00edcio da noite de 27 de dezembro, por determina\u00e7\u00e3o pelo Minist\u00e9rio P\u00fablico de S\u00e3o Paulo, teve como justificativa den\u00fancias de risco de desabamento da ponte.<\/strong><\/p>\n\n\n\n<p><strong>A interdi\u00e7\u00e3o afetou [e confinua afetando] imediatamente milhares de pessoas, incluindo o isolamento de bairros ibiunenses, como Dois C\u00f3rregos.<\/strong><\/p>\n\n\n\n<p><strong>A medida judicial ocorreu tendo em vista que governos anteriores, desde 2019 at\u00e9 o final de 2024, n\u00e3o terem respondido \u00e0s indaga\u00e7\u00f5es e requisitos sobre provid\u00eancias a serem tomadas das autoridades municipais para prevenir a integridade f\u00edsica dos usu\u00e1rios da estrada.<\/strong><\/p>\n\n\n\n<p><strong>ALTERNATIVAS<\/strong><\/p>\n\n\n\n<p><strong>\u00c0 popula\u00e7\u00e3o [incluindo trabalhadores, pacientes m\u00e9dicos ou hospitalares, consumidores em busca de fazer compras, as crian\u00e7as est\u00e3o de f\u00e9rias, sen\u00e3o seriam tamb\u00e9m afetadas diariamente, prestadores de servi\u00e7os e entregadores de produtos, entre outros] restou tr\u00eas alternativas de locomo\u00e7\u00e3o, todas improv\u00e1veis para se locomoverem para a cidade de Ibi\u00fana ou Mairinque e regi\u00e3o.<\/strong><\/p>\n\n\n\n<p><strong>UM \u2013 Ou utilizar, a partir do bairro Dois C\u00f3rregos, a precar\u00edssima Estrada do An\u00edbal, no territ\u00f3rio ibiunense; o nome muda para Estrada dos Godinhos [ambos os trechos com um total de 12km], at\u00e9 chegar no Vale das Flores, j\u00e1 na Rodovia Quintino de Lima.<\/strong><\/p>\n\n\n\n<p><strong>Esse trajeto em situa\u00e7\u00e3o normal [sem chuva, por exemplo] \u00e9 feito em cerca de 20-25 minutos. Serve para quem vai para o centro de Ibi\u00fana ou se dirige para o bairro Dois C\u00f3rregos e Estrada que liga Ibi\u00fana a Mairinque.<\/strong><\/p>\n\n\n\n<figure class=\"wp-block-image size-large\"><img loading=\"lazy\" width=\"715\" height=\"460\" src=\"https:\/\/revistavitrineibiuna.com.br\/wp-content\/uploads\/2025\/01\/foto-estrada-alternativa-1.png\" alt=\"\" class=\"wp-image-32718\" srcset=\"https:\/\/revistavitrineibiuna.com.br\/wp-content\/uploads\/2025\/01\/foto-estrada-alternativa-1.png 715w, https:\/\/revistavitrineibiuna.com.br\/wp-content\/uploads\/2025\/01\/foto-estrada-alternativa-1-300x193.png 300w\" sizes=\"(max-width: 715px) 100vw, 715px\" \/><figcaption>Este \u00e9 um trecho da estrada do An\u00edbal, no territ\u00f3rio ibiunense. Imagem do leitor.<\/figcaption><\/figure>\n\n\n\n<p><strong>DOIS \u2013 A segunda alternativa \u00e9 pegar a Estrada Ibi\u00fana-Mairinque, entrar \u00e0 direita em dire\u00e7\u00e3o \u00e0 Fazenda Angolana at\u00e9 chegar \u00e0 Rodovia Quintino de Lima, em S\u00e3o Roque, para ir para o centro de Ibi\u00fana ou vice-versa. Esse percurso \u00e9 de &nbsp;cerca de 25 km.<\/strong><\/p>\n\n\n\n<p><strong>TR\u00caS \u2013 A terceira alternativa \u00e9 a mais longa e demorada e o percurso chega a 40 km. Toma-se a estrada que liga Ibi\u00fana a Mairinque, da\u00ed via Raposo Tavares, Rodovia Quintino de Lima para chegar a Ibi\u00fana. Em geral, esse percuso tem demorado em m\u00e9dia 40 minutos.<\/strong><\/p>\n\n\n\n<p><strong>CURIOSIDADES<\/strong><\/p>\n\n\n\n<p><strong>A ponte interditada foi constru\u00edda h\u00e1 cerca de 100 anos e, por isso, revela a compet\u00eancia da engenharia praticada na mesma \u2013\u00e9poca em que foi constru\u00edda a barragem de Itupararanga, onde se instalou uma usina de energia el\u00e9trica, explorada pela CBA, atualmente Votorantim Energia.<\/strong><\/p>\n\n\n\n<p><strong>Com apenas uma pista estreita que d\u00e1 passagem para apenas um ve\u00edculo por vez, vem heroicamente suportando tr\u00e2nsito pesado de carretas, bitrens, caminh\u00f5es, \u00f4nibus e tratores agr\u00edcolas de grande porte.<\/strong><\/p>\n\n\n\n<p><strong>No dia 10 de junho de 2021, tanto a prefeitura de Mairinque quanto a de Ibi\u00fana interditaram a ponte para ve\u00edculos pesados, em decorr\u00eancia de um trator agr\u00edcola gigantesco ter ficado \u201centalado\u201d entre os guarda-corpos da ponte.<\/strong><\/p>\n\n\n\n<figure class=\"wp-block-image size-large\"><img loading=\"lazy\" width=\"735\" height=\"421\" src=\"https:\/\/revistavitrineibiuna.com.br\/wp-content\/uploads\/2025\/01\/foto-alternativa-4.png\" alt=\"\" class=\"wp-image-32708\" srcset=\"https:\/\/revistavitrineibiuna.com.br\/wp-content\/uploads\/2025\/01\/foto-alternativa-4.png 735w, https:\/\/revistavitrineibiuna.com.br\/wp-content\/uploads\/2025\/01\/foto-alternativa-4-300x172.png 300w\" sizes=\"(max-width: 735px) 100vw, 735px\" \/><figcaption>Em junho de 2021 a ponte tamb\u00e9m teve que ser interditada para ve\u00edculos pesados; um enorme trator agr\u00edcola ficou &#8220;intalado&#8221; <\/figcaption><\/figure>\n\n\n\n<p><strong>O trecho ibiunense da estrada Ibi\u00fana-Mairinque \u00e9 uma estrada municipal e \u00e9 denominada Estrada Angelino Soares Campos; j\u00e1 o trecho no territ\u00f3rio mairinquense se chama Rodovia Kotaro Iwamoto, \u00e9 estadual.<\/strong><\/p>\n","protected":false},"excerpt":{"rendered":"<p>A rapidez e a estrat\u00e9gia adotadas pelo novo prefeito de Ibi\u00fana, M\u00e1rio Pires, em rela\u00e7\u00e3o a uma das heran\u00e7as tortas<\/p>\n","protected":false},"author":1,"featured_media":32703,"comment_status":"open","ping_status":"open","sticky":false,"template":"","format":"standard","meta":[],"categories":[3],"tags":[],"yoast_head":"<!-- This site is optimized with the Yoast SEO plugin v15.8 - https:\/\/yoast.com\/wordpress\/plugins\/seo\/ -->\n<title>IBI\u00daNA \u2013 POPULA\u00c7\u00c3O APROVA ATUA\u00c7\u00c3O R\u00c1PIDA SOBRE PONTE INTERDITADA; SOLU\u00c7\u00c3O IDEAL VAI DEMORAR - Revista Vitrine Online<\/title>\n<meta name=\"robots\" content=\"index, follow, max-snippet:-1, max-image-preview:large, max-video-preview:-1\" \/>\n<link rel=\"canonical\" href=\"https:\/\/revistavitrineibiuna.com.br\/?p=32702\" \/>\n<meta property=\"og:locale\" content=\"pt_BR\" \/>\n<meta property=\"og:type\" content=\"article\" \/>\n<meta property=\"og:title\" content=\"IBI\u00daNA \u2013 POPULA\u00c7\u00c3O APROVA ATUA\u00c7\u00c3O R\u00c1PIDA SOBRE PONTE INTERDITADA; SOLU\u00c7\u00c3O IDEAL VAI DEMORAR - Revista Vitrine Online\" \/>\n<meta property=\"og:description\" content=\"A rapidez e a estrat\u00e9gia adotadas pelo novo prefeito de Ibi\u00fana, M\u00e1rio Pires, em rela\u00e7\u00e3o a uma das heran\u00e7as tortas\" \/>\n<meta property=\"og:url\" content=\"https:\/\/revistavitrineibiuna.com.br\/?p=32702\" \/>\n<meta property=\"og:site_name\" content=\"Revista Vitrine Online\" \/>\n<meta property=\"article:published_time\" content=\"2025-01-08T01:33:49+00:00\" \/>\n<meta property=\"article:modified_time\" content=\"2025-01-08T02:20:02+00:00\" \/>\n<meta property=\"og:image\" content=\"https:\/\/revistavitrineibiuna.com.br\/wp-content\/uploads\/2025\/01\/foto-alternativa-2.png\" \/>\n\t<meta property=\"og:image:width\" content=\"716\" \/>\n\t<meta property=\"og:image:height\" content=\"403\" \/>\n<meta name=\"twitter:card\" content=\"summary\" \/>\n<meta name=\"twitter:label1\" content=\"Est. reading time\">\n\t<meta name=\"twitter:data1\" content=\"5 minutos\">\n<script type=\"application\/ld+json\" class=\"yoast-schema-graph\">{\"@context\":\"https:\/\/schema.org\",\"@graph\":[{\"@type\":\"WebSite\",\"@id\":\"https:\/\/revistavitrineibiuna.com.br\/#website\",\"url\":\"https:\/\/revistavitrineibiuna.com.br\/\",\"name\":\"Revista Vitrine Ibi\\u00fana\",\"description\":\"A Revista de Ibi\\u00fana e Regi\\u00e3o\",\"publisher\":{\"@id\":\"https:\/\/revistavitrineibiuna.com.br\/#\/schema\/person\/e51ef49d6d88170ea21ceabff3f73deb\"},\"potentialAction\":[{\"@type\":\"SearchAction\",\"target\":\"https:\/\/revistavitrineibiuna.com.br\/?s={search_term_string}\",\"query-input\":\"required name=search_term_string\"}],\"inLanguage\":\"pt-BR\"},{\"@type\":\"ImageObject\",\"@id\":\"https:\/\/revistavitrineibiuna.com.br\/?p=32702#primaryimage\",\"inLanguage\":\"pt-BR\",\"url\":\"https:\/\/revistavitrineibiuna.com.br\/wp-content\/uploads\/2025\/01\/foto-alternativa-2.png\",\"width\":716,\"height\":403},{\"@type\":\"WebPage\",\"@id\":\"https:\/\/revistavitrineibiuna.com.br\/?p=32702#webpage\",\"url\":\"https:\/\/revistavitrineibiuna.com.br\/?p=32702\",\"name\":\"IBI\\u00daNA \\u2013 POPULA\\u00c7\\u00c3O APROVA ATUA\\u00c7\\u00c3O R\\u00c1PIDA SOBRE PONTE INTERDITADA; SOLU\\u00c7\\u00c3O IDEAL VAI DEMORAR - Revista Vitrine Online\",\"isPartOf\":{\"@id\":\"https:\/\/revistavitrineibiuna.com.br\/#website\"},\"primaryImageOfPage\":{\"@id\":\"https:\/\/revistavitrineibiuna.com.br\/?p=32702#primaryimage\"},\"datePublished\":\"2025-01-08T01:33:49+00:00\",\"dateModified\":\"2025-01-08T02:20:02+00:00\",\"breadcrumb\":{\"@id\":\"https:\/\/revistavitrineibiuna.com.br\/?p=32702#breadcrumb\"},\"inLanguage\":\"pt-BR\",\"potentialAction\":[{\"@type\":\"ReadAction\",\"target\":[\"https:\/\/revistavitrineibiuna.com.br\/?p=32702\"]}]},{\"@type\":\"BreadcrumbList\",\"@id\":\"https:\/\/revistavitrineibiuna.com.br\/?p=32702#breadcrumb\",\"itemListElement\":[{\"@type\":\"ListItem\",\"position\":1,\"item\":{\"@type\":\"WebPage\",\"@id\":\"https:\/\/revistavitrineibiuna.com.br\/\",\"url\":\"https:\/\/revistavitrineibiuna.com.br\/\",\"name\":\"In\\u00edcio\"}},{\"@type\":\"ListItem\",\"position\":2,\"item\":{\"@type\":\"WebPage\",\"@id\":\"https:\/\/revistavitrineibiuna.com.br\/?p=32702\",\"url\":\"https:\/\/revistavitrineibiuna.com.br\/?p=32702\",\"name\":\"IBI\\u00daNA \\u2013 POPULA\\u00c7\\u00c3O APROVA ATUA\\u00c7\\u00c3O R\\u00c1PIDA SOBRE PONTE INTERDITADA; SOLU\\u00c7\\u00c3O IDEAL VAI DEMORAR\"}}]},{\"@type\":\"Article\",\"@id\":\"https:\/\/revistavitrineibiuna.com.br\/?p=32702#article\",\"isPartOf\":{\"@id\":\"https:\/\/revistavitrineibiuna.com.br\/?p=32702#webpage\"},\"author\":{\"@id\":\"https:\/\/revistavitrineibiuna.com.br\/#\/schema\/person\/e51ef49d6d88170ea21ceabff3f73deb\"},\"headline\":\"IBI\\u00daNA \\u2013 POPULA\\u00c7\\u00c3O APROVA ATUA\\u00c7\\u00c3O R\\u00c1PIDA SOBRE PONTE INTERDITADA; SOLU\\u00c7\\u00c3O IDEAL VAI DEMORAR\",\"datePublished\":\"2025-01-08T01:33:49+00:00\",\"dateModified\":\"2025-01-08T02:20:02+00:00\",\"mainEntityOfPage\":{\"@id\":\"https:\/\/revistavitrineibiuna.com.br\/?p=32702#webpage\"},\"commentCount\":0,\"publisher\":{\"@id\":\"https:\/\/revistavitrineibiuna.com.br\/#\/schema\/person\/e51ef49d6d88170ea21ceabff3f73deb\"},\"image\":{\"@id\":\"https:\/\/revistavitrineibiuna.com.br\/?p=32702#primaryimage\"},\"articleSection\":\"Not\\u00edcias\",\"inLanguage\":\"pt-BR\",\"potentialAction\":[{\"@type\":\"CommentAction\",\"name\":\"Comment\",\"target\":[\"https:\/\/revistavitrineibiuna.com.br\/?p=32702#respond\"]}]},{\"@type\":[\"Person\",\"Organization\"],\"@id\":\"https:\/\/revistavitrineibiuna.com.br\/#\/schema\/person\/e51ef49d6d88170ea21ceabff3f73deb\",\"name\":\"Carlos Rossini\",\"image\":{\"@type\":\"ImageObject\",\"@id\":\"https:\/\/revistavitrineibiuna.com.br\/#personlogo\",\"inLanguage\":\"pt-BR\",\"url\":\"https:\/\/secure.gravatar.com\/avatar\/4f2d0f99fac1f85c7d643f21f5c8d900?s=96&d=mm&r=g\",\"caption\":\"Carlos Rossini\"},\"logo\":{\"@id\":\"https:\/\/revistavitrineibiuna.com.br\/#personlogo\"},\"description\":\"Carlos Rossini \\u00e9 jornalista, soci\\u00f3logo, escritor e professor universit\\u00e1rio, tendo sido professor de jornalismo por vinte anos. Trabalhou em ve\\u00edculos de comunica\\u00e7\\u00e3o nas fun\\u00e7\\u00f5es de rep\\u00f3rter, redator, editor, articulista e colaborador, como Folha de S. Paulo, O Estado de S. Paulo, Di\\u00e1rio Popular, entre outros. Ao transferir a revista vitrine, vers\\u00e3o imprensa, de S\\u00e3o Paulo para Ibi\\u00fana h\\u00e1 alguns anos, iniciou uma nova experi\\u00eancia profissional, dedicando-se ao jornalismo regional, depois de cumprir uma trajet\\u00f3ria bem-sucedida na grande imprensa brasileira. Seu primeiro livro A Coragem de Comunicar foi lan\\u00e7ado na Bienal do Livro em S\\u00e3o Paulo no ano 2000, pela editora Madras.\"}]}<\/script>\n<!-- \/ Yoast SEO plugin. -->","_links":{"self":[{"href":"https:\/\/revistavitrineibiuna.com.br\/index.php?rest_route=\/wp\/v2\/posts\/32702"}],"collection":[{"href":"https:\/\/revistavitrineibiuna.com.br\/index.php?rest_route=\/wp\/v2\/posts"}],"about":[{"href":"https:\/\/revistavitrineibiuna.com.br\/index.php?rest_route=\/wp\/v2\/types\/post"}],"author":[{"embeddable":true,"href":"https:\/\/revistavitrineibiuna.com.br\/index.php?rest_route=\/wp\/v2\/users\/1"}],"replies":[{"embeddable":true,"href":"https:\/\/revistavitrineibiuna.com.br\/index.php?rest_route=%2Fwp%2Fv2%2Fcomments&post=32702"}],"version-history":[{"count":10,"href":"https:\/\/revistavitrineibiuna.com.br\/index.php?rest_route=\/wp\/v2\/posts\/32702\/revisions"}],"predecessor-version":[{"id":32720,"href":"https:\/\/revistavitrineibiuna.com.br\/index.php?rest_route=\/wp\/v2\/posts\/32702\/revisions\/32720"}],"wp:featuredmedia":[{"embeddable":true,"href":"https:\/\/revistavitrineibiuna.com.br\/index.php?rest_route=\/wp\/v2\/media\/32703"}],"wp:attachment":[{"href":"https:\/\/revistavitrineibiuna.com.br\/index.php?rest_route=%2Fwp%2Fv2%2Fmedia&parent=32702"}],"wp:term":[{"taxonomy":"category","embeddable":true,"href":"https:\/\/revistavitrineibiuna.com.br\/index.php?rest_route=%2Fwp%2Fv2%2Fcategories&post=32702"},{"taxonomy":"post_tag","embeddable":true,"href":"https:\/\/revistavitrineibiuna.com.br\/index.php?rest_route=%2Fwp%2Fv2%2Ftags&post=32702"}],"curies":[{"name":"wp","href":"https:\/\/api.w.org\/{rel}","templated":true}]}}