{"id":32721,"date":"2025-01-08T19:23:36","date_gmt":"2025-01-08T22:23:36","guid":{"rendered":"http:\/\/revistavitrineibiuna.com.br\/?p=32721"},"modified":"2025-01-08T19:57:39","modified_gmt":"2025-01-08T22:57:39","slug":"ibiuna-novo-prefeito-revela-estilo-surpreendente","status":"publish","type":"post","link":"https:\/\/revistavitrineibiuna.com.br\/?p=32721","title":{"rendered":"IBI\u00daNA \u2013 NOVO PREFEITO REVELA ESTILO SURPREENDENTE"},"content":{"rendered":"\n<p class=\"has-drop-cap\"><strong>Pelo andar inicial da carruagem, o novo prefeito de Ibi\u00fana, advogado M\u00e1rio Pires, revela um estilo de governo surpreendente. A come\u00e7ar de sua elei\u00e7\u00e3o que bateu o recorde pelo n\u00famero de votos hist\u00f3ricos recebidos.<\/strong><\/p>\n\n\n\n<p><strong>Na sequ\u00eancia, no dia da solenidade de posse, apareceu montado em cima de uma mula, portando a bandeira de Ibi\u00fana, e seguido por um grupo de tropeiros, com o objetivo de homenagear uma tradi\u00e7\u00e3o cultural no munic\u00edpio.<\/strong><\/p>\n\n\n\n<p><strong>Ap\u00f3s terminada a cerim\u00f4nia, foi receber as chaves da prefeitura em um fusquinha azul modelo 1977, para reverenciar seu pai hom\u00f4nimo, que era taxista e acabou sendo v\u00edtima fatal de assaltantes durante seu trabalho, quando ele n\u00e3o havia nascido.<\/strong><\/p>\n\n\n\n<p><strong>Agora, mais uma vez, surpreende destilando gota a gota os nomes do seu secretariado, supostamente para avaliar a receptividade dos nomes escolhidos.<\/strong><\/p>\n\n\n\n<p><strong>Talvez, por isso, publica junto com a fotografia de cada um deles uma biografia laudat\u00f3ria, enaltecendo suas qualifica\u00e7\u00f5es profissionais, visando, com isso, corroborar a aprova\u00e7\u00e3o de suas escolhas.<\/strong><\/p>\n\n\n\n<p><strong>Antes, havia anunciado que n\u00e3o tinha pressa de formar seu quadro de auxiliares diretos, pois tinha que lidar com outras prioridades, como o atendimento no Hospital Municipal e transporte p\u00fablico.<\/strong><\/p>\n\n\n\n<p><strong>Mas, teve que fazer um atalho porque ele pr\u00f3prio foi surpreendido com a interdi\u00e7\u00e3o de uma ponte estreita que liga Ibi\u00fana a Mairinque, que est\u00e1 dando grande dor de cabe\u00e7a para a popula\u00e7\u00e3o.<\/strong> <strong>A interdi\u00e7\u00e3o foi determinada pela Justi\u00e7a por n\u00e3o ter recebido resposta de governos anteriores a questionamentos sobre riscos de a ponte vir a desabar.<\/strong><\/p>\n\n\n\n<p><strong>Tamb\u00e9m teve que agir r\u00e1pido indo vistoriar o Hospital Municipal que apresenta uma situa\u00e7\u00e3o de problemas cr\u00f4nicos, onde teria constatado a falta de insumos, como materiais para realiza\u00e7\u00e3o de an\u00e1lises laboratoriais e at\u00e9 mesmo medicamentos, como mencionou por meio de um v\u00eddeo gravado na porta do hospital.<\/strong><\/p>\n\n\n\n<p><strong>Por enquanto, aparentemente, ainda n\u00e3o se manifestou sobre o terr\u00edvel  e mef\u00edtico vazamento de esgoto que perdura h\u00e1 mais de dois meses no Terminal Rodovi\u00e1rio. Durante a reforma, que durou dois anos,  quatro meses e quatro dias, teriam esquecido de verificar a condi\u00e7\u00e3o e substituir as antigas tubula\u00e7\u00f5es no subsolo.<\/strong><\/p>\n\n\n\n<p><strong>Tendo em vista seu noviciado no cargo, \u00e9 presum\u00edvel que esteja em intensas atividades por ter, ao mesmo tempo, de montar sua equipe e enfrentar problemas agudos, de ordem administrativa e financeira, e lidar com pessoas que possam estar \u201cmagoadas\u201d, por eventualmente se sentirem<\/strong> <strong>frustradas em suas expectativas<\/strong>. <\/p>\n\n\n\n<p><strong>\u00c9 compreens\u00edvel que precisa de tempo para se sentir seguro e iniciar efetivamente o governo propriamente dito, que prometeu \u00e0 popula\u00e7\u00e3o durante sua campanha, na qual deu grande destaque \u00e0 quest\u00e3o de transpar\u00eancia nas informa\u00e7\u00f5es \u00e0 popula\u00e7\u00e3o.<\/strong><\/p>\n\n\n\n<p><strong>A grande surpresa, todos esperam, \u00e9 que realize um bom governo para o qual recebeu 21.661 votos. Vitrine online e a TVUNA torcem para que seu governo acerte e trilhe o caminho marcado por uma ineg\u00e1vel esperan\u00e7a popular em sua gest\u00e3o.(C.R.)<\/strong><\/p>\n","protected":false},"excerpt":{"rendered":"<p>Pelo andar inicial da carruagem, o novo prefeito de Ibi\u00fana, advogado M\u00e1rio Pires, revela um estilo de governo surpreendente. A<\/p>\n","protected":false},"author":1,"featured_media":32722,"comment_status":"open","ping_status":"open","sticky":false,"template":"","format":"standard","meta":[],"categories":[3],"tags":[],"yoast_head":"<!-- This site is optimized with the Yoast SEO plugin v15.8 - https:\/\/yoast.com\/wordpress\/plugins\/seo\/ -->\n<title>IBI\u00daNA \u2013 NOVO PREFEITO REVELA ESTILO SURPREENDENTE - Revista Vitrine Online<\/title>\n<meta name=\"robots\" content=\"index, follow, max-snippet:-1, max-image-preview:large, max-video-preview:-1\" \/>\n<link rel=\"canonical\" href=\"http:\/\/revistavitrineibiuna.com.br\/?p=32721\" \/>\n<meta property=\"og:locale\" content=\"pt_BR\" \/>\n<meta property=\"og:type\" content=\"article\" \/>\n<meta property=\"og:title\" content=\"IBI\u00daNA \u2013 NOVO PREFEITO REVELA ESTILO SURPREENDENTE - Revista Vitrine Online\" \/>\n<meta property=\"og:description\" content=\"Pelo andar inicial da carruagem, o novo prefeito de Ibi\u00fana, advogado M\u00e1rio Pires, revela um estilo de governo surpreendente. A\" \/>\n<meta property=\"og:url\" content=\"http:\/\/revistavitrineibiuna.com.br\/?p=32721\" \/>\n<meta property=\"og:site_name\" content=\"Revista Vitrine Online\" \/>\n<meta property=\"article:published_time\" content=\"2025-01-08T22:23:36+00:00\" \/>\n<meta property=\"article:modified_time\" content=\"2025-01-08T22:57:39+00:00\" \/>\n<meta property=\"og:image\" content=\"https:\/\/revistavitrineibiuna.com.br\/wp-content\/uploads\/2025\/01\/mario-surpreendente.png\" \/>\n\t<meta property=\"og:image:width\" content=\"1460\" \/>\n\t<meta property=\"og:image:height\" content=\"941\" \/>\n<meta name=\"twitter:card\" content=\"summary\" \/>\n<meta name=\"twitter:label1\" content=\"Est. reading time\">\n\t<meta name=\"twitter:data1\" content=\"3 minutos\">\n<script type=\"application\/ld+json\" class=\"yoast-schema-graph\">{\"@context\":\"https:\/\/schema.org\",\"@graph\":[{\"@type\":\"WebSite\",\"@id\":\"https:\/\/revistavitrineibiuna.com.br\/#website\",\"url\":\"https:\/\/revistavitrineibiuna.com.br\/\",\"name\":\"Revista Vitrine Ibi\\u00fana\",\"description\":\"A Revista de Ibi\\u00fana e Regi\\u00e3o\",\"publisher\":{\"@id\":\"https:\/\/revistavitrineibiuna.com.br\/#\/schema\/person\/e51ef49d6d88170ea21ceabff3f73deb\"},\"potentialAction\":[{\"@type\":\"SearchAction\",\"target\":\"https:\/\/revistavitrineibiuna.com.br\/?s={search_term_string}\",\"query-input\":\"required name=search_term_string\"}],\"inLanguage\":\"pt-BR\"},{\"@type\":\"ImageObject\",\"@id\":\"http:\/\/revistavitrineibiuna.com.br\/?p=32721#primaryimage\",\"inLanguage\":\"pt-BR\",\"url\":\"https:\/\/revistavitrineibiuna.com.br\/wp-content\/uploads\/2025\/01\/mario-surpreendente.png\",\"width\":1460,\"height\":941},{\"@type\":\"WebPage\",\"@id\":\"http:\/\/revistavitrineibiuna.com.br\/?p=32721#webpage\",\"url\":\"http:\/\/revistavitrineibiuna.com.br\/?p=32721\",\"name\":\"IBI\\u00daNA \\u2013 NOVO PREFEITO REVELA ESTILO SURPREENDENTE - Revista Vitrine Online\",\"isPartOf\":{\"@id\":\"https:\/\/revistavitrineibiuna.com.br\/#website\"},\"primaryImageOfPage\":{\"@id\":\"http:\/\/revistavitrineibiuna.com.br\/?p=32721#primaryimage\"},\"datePublished\":\"2025-01-08T22:23:36+00:00\",\"dateModified\":\"2025-01-08T22:57:39+00:00\",\"breadcrumb\":{\"@id\":\"http:\/\/revistavitrineibiuna.com.br\/?p=32721#breadcrumb\"},\"inLanguage\":\"pt-BR\",\"potentialAction\":[{\"@type\":\"ReadAction\",\"target\":[\"http:\/\/revistavitrineibiuna.com.br\/?p=32721\"]}]},{\"@type\":\"BreadcrumbList\",\"@id\":\"http:\/\/revistavitrineibiuna.com.br\/?p=32721#breadcrumb\",\"itemListElement\":[{\"@type\":\"ListItem\",\"position\":1,\"item\":{\"@type\":\"WebPage\",\"@id\":\"https:\/\/revistavitrineibiuna.com.br\/\",\"url\":\"https:\/\/revistavitrineibiuna.com.br\/\",\"name\":\"In\\u00edcio\"}},{\"@type\":\"ListItem\",\"position\":2,\"item\":{\"@type\":\"WebPage\",\"@id\":\"http:\/\/revistavitrineibiuna.com.br\/?p=32721\",\"url\":\"http:\/\/revistavitrineibiuna.com.br\/?p=32721\",\"name\":\"IBI\\u00daNA \\u2013 NOVO PREFEITO REVELA ESTILO SURPREENDENTE\"}}]},{\"@type\":\"Article\",\"@id\":\"http:\/\/revistavitrineibiuna.com.br\/?p=32721#article\",\"isPartOf\":{\"@id\":\"http:\/\/revistavitrineibiuna.com.br\/?p=32721#webpage\"},\"author\":{\"@id\":\"https:\/\/revistavitrineibiuna.com.br\/#\/schema\/person\/e51ef49d6d88170ea21ceabff3f73deb\"},\"headline\":\"IBI\\u00daNA \\u2013 NOVO PREFEITO REVELA ESTILO SURPREENDENTE\",\"datePublished\":\"2025-01-08T22:23:36+00:00\",\"dateModified\":\"2025-01-08T22:57:39+00:00\",\"mainEntityOfPage\":{\"@id\":\"http:\/\/revistavitrineibiuna.com.br\/?p=32721#webpage\"},\"commentCount\":0,\"publisher\":{\"@id\":\"https:\/\/revistavitrineibiuna.com.br\/#\/schema\/person\/e51ef49d6d88170ea21ceabff3f73deb\"},\"image\":{\"@id\":\"http:\/\/revistavitrineibiuna.com.br\/?p=32721#primaryimage\"},\"articleSection\":\"Not\\u00edcias\",\"inLanguage\":\"pt-BR\",\"potentialAction\":[{\"@type\":\"CommentAction\",\"name\":\"Comment\",\"target\":[\"http:\/\/revistavitrineibiuna.com.br\/?p=32721#respond\"]}]},{\"@type\":[\"Person\",\"Organization\"],\"@id\":\"https:\/\/revistavitrineibiuna.com.br\/#\/schema\/person\/e51ef49d6d88170ea21ceabff3f73deb\",\"name\":\"Carlos Rossini\",\"image\":{\"@type\":\"ImageObject\",\"@id\":\"https:\/\/revistavitrineibiuna.com.br\/#personlogo\",\"inLanguage\":\"pt-BR\",\"url\":\"https:\/\/secure.gravatar.com\/avatar\/4f2d0f99fac1f85c7d643f21f5c8d900?s=96&d=mm&r=g\",\"caption\":\"Carlos Rossini\"},\"logo\":{\"@id\":\"https:\/\/revistavitrineibiuna.com.br\/#personlogo\"},\"description\":\"Carlos Rossini \\u00e9 jornalista, soci\\u00f3logo, escritor e professor universit\\u00e1rio, tendo sido professor de jornalismo por vinte anos. Trabalhou em ve\\u00edculos de comunica\\u00e7\\u00e3o nas fun\\u00e7\\u00f5es de rep\\u00f3rter, redator, editor, articulista e colaborador, como Folha de S. Paulo, O Estado de S. Paulo, Di\\u00e1rio Popular, entre outros. Ao transferir a revista vitrine, vers\\u00e3o imprensa, de S\\u00e3o Paulo para Ibi\\u00fana h\\u00e1 alguns anos, iniciou uma nova experi\\u00eancia profissional, dedicando-se ao jornalismo regional, depois de cumprir uma trajet\\u00f3ria bem-sucedida na grande imprensa brasileira. Seu primeiro livro A Coragem de Comunicar foi lan\\u00e7ado na Bienal do Livro em S\\u00e3o Paulo no ano 2000, pela editora Madras.\"}]}<\/script>\n<!-- \/ Yoast SEO plugin. -->","_links":{"self":[{"href":"https:\/\/revistavitrineibiuna.com.br\/index.php?rest_route=\/wp\/v2\/posts\/32721"}],"collection":[{"href":"https:\/\/revistavitrineibiuna.com.br\/index.php?rest_route=\/wp\/v2\/posts"}],"about":[{"href":"https:\/\/revistavitrineibiuna.com.br\/index.php?rest_route=\/wp\/v2\/types\/post"}],"author":[{"embeddable":true,"href":"https:\/\/revistavitrineibiuna.com.br\/index.php?rest_route=\/wp\/v2\/users\/1"}],"replies":[{"embeddable":true,"href":"https:\/\/revistavitrineibiuna.com.br\/index.php?rest_route=%2Fwp%2Fv2%2Fcomments&post=32721"}],"version-history":[{"count":8,"href":"https:\/\/revistavitrineibiuna.com.br\/index.php?rest_route=\/wp\/v2\/posts\/32721\/revisions"}],"predecessor-version":[{"id":32735,"href":"https:\/\/revistavitrineibiuna.com.br\/index.php?rest_route=\/wp\/v2\/posts\/32721\/revisions\/32735"}],"wp:featuredmedia":[{"embeddable":true,"href":"https:\/\/revistavitrineibiuna.com.br\/index.php?rest_route=\/wp\/v2\/media\/32722"}],"wp:attachment":[{"href":"https:\/\/revistavitrineibiuna.com.br\/index.php?rest_route=%2Fwp%2Fv2%2Fmedia&parent=32721"}],"wp:term":[{"taxonomy":"category","embeddable":true,"href":"https:\/\/revistavitrineibiuna.com.br\/index.php?rest_route=%2Fwp%2Fv2%2Fcategories&post=32721"},{"taxonomy":"post_tag","embeddable":true,"href":"https:\/\/revistavitrineibiuna.com.br\/index.php?rest_route=%2Fwp%2Fv2%2Ftags&post=32721"}],"curies":[{"name":"wp","href":"https:\/\/api.w.org\/{rel}","templated":true}]}}