{"id":32736,"date":"2025-01-09T20:47:39","date_gmt":"2025-01-09T23:47:39","guid":{"rendered":"http:\/\/revistavitrineibiuna.com.br\/?p=32736"},"modified":"2025-01-09T21:13:56","modified_gmt":"2025-01-10T00:13:56","slug":"ibiuna-prefeitura-nao-tem-dinheiro-para-fazer-os-pagamentos-dos-servidores","status":"publish","type":"post","link":"https:\/\/revistavitrineibiuna.com.br\/?p=32736","title":{"rendered":"IBI\u00daNA \u2013 PREFEITURA N\u00c3O TEM DINHEIRO PARA FAZER OS PAGAMENTOS DOS SERVIDORES"},"content":{"rendered":"\n<p class=\"has-drop-cap\"><strong>O prefeito e o vice-prefeito de Ibi\u00fana, M\u00e1rio Pires e Naldo Firmino, anunciaram hoje (9), por meio de um v\u00eddeo, que a prefeitura n\u00e3o tem recursos para pagar o sal\u00e1rio dos servidores municipais relativo a dezembro\/2024, que teria que ser efetuado no in\u00edcio de janeiro.<\/strong><\/p>\n\n\n\n<p><strong>\u201cInfelizmente, a gest\u00e3o passada n\u00e3o deixou nada provisionado, ou seja, estamos sem recursos para pagar os sal\u00e1rios. E n\u00e3o \u00e9 s\u00f3 isso. Ficamos sem acesso a todos os bancos e a gente precisa resolver isso ontem\u201d, afirmou M\u00e1rio Pires.<\/strong><\/p>\n\n\n\n<p><strong>\u201cCASA BAGUN\u00c7ADA\u201d<\/strong><\/p>\n\n\n\n<p><strong>Naldo Firmino anunciou que \u201co caos financeiro \u00e9 muito grande\u201d. E deu um recado a toda a popula\u00e7\u00e3o ibiunense:<\/strong><\/p>\n\n\n\n<p><strong>\u201cFiquem muito tranquilos, sabemos muito bem o que estamos fazendo. A casa estava muito bagun\u00e7ada, mas com muita maturidade e equil\u00edbrio estamos organizado as coisas.\u201d<\/strong><\/p>\n\n\n\n<p><strong>\u2018TENTANDO JUNTAR DINHEIRO\u2019<\/strong><\/p>\n\n\n\n<p><strong>O prefeito informou que contaram muito com a colabora\u00e7\u00e3o das ag\u00eancias banc\u00e1rias, \u201ce tendo acesso \u00e0s informa\u00e7\u00f5es nos deparamos com a informa\u00e7\u00e3o de que n\u00e3o tem dinheiro\u201d, assinalando:<\/strong><\/p>\n\n\n\n<p><strong>\u201cN\u00f3s estamos tentando juntar o que tem [<em>de dinheiro<\/em>] e aguardar amanh\u00e3 o repasse do FPM Fundo de Participa\u00e7\u00e3o dos Municipios \u2013 que vem do governo federal, para juntar tudo e ver o que poderemos fazer.\u201d<\/strong><\/p>\n\n\n\n<p><strong>\u201cInfelizmente a not\u00edcia n\u00e3o \u00e9 boa. A gente vai ter que fracionar o pagamento da folha do m\u00eas de janeiro.\u201d<\/strong><\/p>\n\n\n\n<p><strong>\u201cAmanh\u00e3, do meio do dia para a tarde, a gente vai emitir uma nota oficial explicando detalhadamente como vai ser o escalonamento desse pagamento\u201d, explicou M\u00e1rio Pires.<\/strong><\/p>\n\n\n\n<p><strong>Vitrine online apurou que nesta sexta-feira (10) dever\u00e3o receber pagamento o pessoal da Educa\u00e7\u00e3o e os funcion\u00e1rios que ganham at\u00e9 R$ 3.000,00.<\/strong><\/p>\n\n\n\n<p><strong>\u00c9 relevante destacar que os recursos para honrar o pagamento no inicio deste m\u00eas deveria estar no caixa da Prefeitura desde de dezembro\/2024, o que n\u00e3o aconteceu.<\/strong><\/p>\n\n\n\n<p><em>Por isso, certamente, o Minist\u00e9rio P\u00fablico e o Tribunal de Contas do Estado de S\u00e3o Paulo dever\u00e3o se pronunciar futuramente sobre esse fato que afeta a vida econ\u00f4mica de milhares de pessoas em Ibi\u00fana, que dependem dos sal\u00e1rios para pagarem suas contas e manterem sua sobreviv\u00eancia imediata.<\/em><\/p>\n","protected":false},"excerpt":{"rendered":"<p>O prefeito e o vice-prefeito de Ibi\u00fana, M\u00e1rio Pires e Naldo Firmino, anunciaram hoje (9), por meio de um v\u00eddeo,<\/p>\n","protected":false},"author":1,"featured_media":32737,"comment_status":"open","ping_status":"open","sticky":false,"template":"","format":"standard","meta":[],"categories":[3],"tags":[],"yoast_head":"<!-- This site is optimized with the Yoast SEO plugin v15.8 - https:\/\/yoast.com\/wordpress\/plugins\/seo\/ -->\n<title>IBI\u00daNA \u2013 PREFEITURA N\u00c3O TEM DINHEIRO PARA FAZER OS PAGAMENTOS DOS SERVIDORES - Revista Vitrine Online<\/title>\n<meta name=\"robots\" content=\"index, follow, max-snippet:-1, max-image-preview:large, max-video-preview:-1\" \/>\n<link rel=\"canonical\" href=\"http:\/\/revistavitrineibiuna.com.br\/?p=32736\" \/>\n<meta property=\"og:locale\" content=\"pt_BR\" \/>\n<meta property=\"og:type\" content=\"article\" \/>\n<meta property=\"og:title\" content=\"IBI\u00daNA \u2013 PREFEITURA N\u00c3O TEM DINHEIRO PARA FAZER OS PAGAMENTOS DOS SERVIDORES - Revista Vitrine Online\" \/>\n<meta property=\"og:description\" content=\"O prefeito e o vice-prefeito de Ibi\u00fana, M\u00e1rio Pires e Naldo Firmino, anunciaram hoje (9), por meio de um v\u00eddeo,\" \/>\n<meta property=\"og:url\" content=\"http:\/\/revistavitrineibiuna.com.br\/?p=32736\" \/>\n<meta property=\"og:site_name\" content=\"Revista Vitrine Online\" \/>\n<meta property=\"article:published_time\" content=\"2025-01-09T23:47:39+00:00\" \/>\n<meta property=\"article:modified_time\" content=\"2025-01-10T00:13:56+00:00\" \/>\n<meta property=\"og:image\" content=\"https:\/\/revistavitrineibiuna.com.br\/wp-content\/uploads\/2025\/01\/naldo-e-mario-sem-grana.png\" \/>\n\t<meta property=\"og:image:width\" content=\"719\" \/>\n\t<meta property=\"og:image:height\" content=\"488\" \/>\n<meta name=\"twitter:card\" content=\"summary\" \/>\n<meta name=\"twitter:label1\" content=\"Est. reading time\">\n\t<meta name=\"twitter:data1\" content=\"2 minutos\">\n<script type=\"application\/ld+json\" class=\"yoast-schema-graph\">{\"@context\":\"https:\/\/schema.org\",\"@graph\":[{\"@type\":\"WebSite\",\"@id\":\"https:\/\/revistavitrineibiuna.com.br\/#website\",\"url\":\"https:\/\/revistavitrineibiuna.com.br\/\",\"name\":\"Revista Vitrine Ibi\\u00fana\",\"description\":\"A Revista de Ibi\\u00fana e Regi\\u00e3o\",\"publisher\":{\"@id\":\"https:\/\/revistavitrineibiuna.com.br\/#\/schema\/person\/e51ef49d6d88170ea21ceabff3f73deb\"},\"potentialAction\":[{\"@type\":\"SearchAction\",\"target\":\"https:\/\/revistavitrineibiuna.com.br\/?s={search_term_string}\",\"query-input\":\"required name=search_term_string\"}],\"inLanguage\":\"pt-BR\"},{\"@type\":\"ImageObject\",\"@id\":\"http:\/\/revistavitrineibiuna.com.br\/?p=32736#primaryimage\",\"inLanguage\":\"pt-BR\",\"url\":\"https:\/\/revistavitrineibiuna.com.br\/wp-content\/uploads\/2025\/01\/naldo-e-mario-sem-grana.png\",\"width\":719,\"height\":488},{\"@type\":\"WebPage\",\"@id\":\"http:\/\/revistavitrineibiuna.com.br\/?p=32736#webpage\",\"url\":\"http:\/\/revistavitrineibiuna.com.br\/?p=32736\",\"name\":\"IBI\\u00daNA \\u2013 PREFEITURA N\\u00c3O TEM DINHEIRO PARA FAZER OS PAGAMENTOS DOS SERVIDORES - Revista Vitrine Online\",\"isPartOf\":{\"@id\":\"https:\/\/revistavitrineibiuna.com.br\/#website\"},\"primaryImageOfPage\":{\"@id\":\"http:\/\/revistavitrineibiuna.com.br\/?p=32736#primaryimage\"},\"datePublished\":\"2025-01-09T23:47:39+00:00\",\"dateModified\":\"2025-01-10T00:13:56+00:00\",\"breadcrumb\":{\"@id\":\"http:\/\/revistavitrineibiuna.com.br\/?p=32736#breadcrumb\"},\"inLanguage\":\"pt-BR\",\"potentialAction\":[{\"@type\":\"ReadAction\",\"target\":[\"http:\/\/revistavitrineibiuna.com.br\/?p=32736\"]}]},{\"@type\":\"BreadcrumbList\",\"@id\":\"http:\/\/revistavitrineibiuna.com.br\/?p=32736#breadcrumb\",\"itemListElement\":[{\"@type\":\"ListItem\",\"position\":1,\"item\":{\"@type\":\"WebPage\",\"@id\":\"https:\/\/revistavitrineibiuna.com.br\/\",\"url\":\"https:\/\/revistavitrineibiuna.com.br\/\",\"name\":\"In\\u00edcio\"}},{\"@type\":\"ListItem\",\"position\":2,\"item\":{\"@type\":\"WebPage\",\"@id\":\"http:\/\/revistavitrineibiuna.com.br\/?p=32736\",\"url\":\"http:\/\/revistavitrineibiuna.com.br\/?p=32736\",\"name\":\"IBI\\u00daNA \\u2013 PREFEITURA N\\u00c3O TEM DINHEIRO PARA FAZER OS PAGAMENTOS DOS SERVIDORES\"}}]},{\"@type\":\"Article\",\"@id\":\"http:\/\/revistavitrineibiuna.com.br\/?p=32736#article\",\"isPartOf\":{\"@id\":\"http:\/\/revistavitrineibiuna.com.br\/?p=32736#webpage\"},\"author\":{\"@id\":\"https:\/\/revistavitrineibiuna.com.br\/#\/schema\/person\/e51ef49d6d88170ea21ceabff3f73deb\"},\"headline\":\"IBI\\u00daNA \\u2013 PREFEITURA N\\u00c3O TEM DINHEIRO PARA FAZER OS PAGAMENTOS DOS SERVIDORES\",\"datePublished\":\"2025-01-09T23:47:39+00:00\",\"dateModified\":\"2025-01-10T00:13:56+00:00\",\"mainEntityOfPage\":{\"@id\":\"http:\/\/revistavitrineibiuna.com.br\/?p=32736#webpage\"},\"commentCount\":0,\"publisher\":{\"@id\":\"https:\/\/revistavitrineibiuna.com.br\/#\/schema\/person\/e51ef49d6d88170ea21ceabff3f73deb\"},\"image\":{\"@id\":\"http:\/\/revistavitrineibiuna.com.br\/?p=32736#primaryimage\"},\"articleSection\":\"Not\\u00edcias\",\"inLanguage\":\"pt-BR\",\"potentialAction\":[{\"@type\":\"CommentAction\",\"name\":\"Comment\",\"target\":[\"http:\/\/revistavitrineibiuna.com.br\/?p=32736#respond\"]}]},{\"@type\":[\"Person\",\"Organization\"],\"@id\":\"https:\/\/revistavitrineibiuna.com.br\/#\/schema\/person\/e51ef49d6d88170ea21ceabff3f73deb\",\"name\":\"Carlos Rossini\",\"image\":{\"@type\":\"ImageObject\",\"@id\":\"https:\/\/revistavitrineibiuna.com.br\/#personlogo\",\"inLanguage\":\"pt-BR\",\"url\":\"https:\/\/secure.gravatar.com\/avatar\/4f2d0f99fac1f85c7d643f21f5c8d900?s=96&d=mm&r=g\",\"caption\":\"Carlos Rossini\"},\"logo\":{\"@id\":\"https:\/\/revistavitrineibiuna.com.br\/#personlogo\"},\"description\":\"Carlos Rossini \\u00e9 jornalista, soci\\u00f3logo, escritor e professor universit\\u00e1rio, tendo sido professor de jornalismo por vinte anos. Trabalhou em ve\\u00edculos de comunica\\u00e7\\u00e3o nas fun\\u00e7\\u00f5es de rep\\u00f3rter, redator, editor, articulista e colaborador, como Folha de S. Paulo, O Estado de S. Paulo, Di\\u00e1rio Popular, entre outros. Ao transferir a revista vitrine, vers\\u00e3o imprensa, de S\\u00e3o Paulo para Ibi\\u00fana h\\u00e1 alguns anos, iniciou uma nova experi\\u00eancia profissional, dedicando-se ao jornalismo regional, depois de cumprir uma trajet\\u00f3ria bem-sucedida na grande imprensa brasileira. Seu primeiro livro A Coragem de Comunicar foi lan\\u00e7ado na Bienal do Livro em S\\u00e3o Paulo no ano 2000, pela editora Madras.\"}]}<\/script>\n<!-- \/ Yoast SEO plugin. -->","_links":{"self":[{"href":"https:\/\/revistavitrineibiuna.com.br\/index.php?rest_route=\/wp\/v2\/posts\/32736"}],"collection":[{"href":"https:\/\/revistavitrineibiuna.com.br\/index.php?rest_route=\/wp\/v2\/posts"}],"about":[{"href":"https:\/\/revistavitrineibiuna.com.br\/index.php?rest_route=\/wp\/v2\/types\/post"}],"author":[{"embeddable":true,"href":"https:\/\/revistavitrineibiuna.com.br\/index.php?rest_route=\/wp\/v2\/users\/1"}],"replies":[{"embeddable":true,"href":"https:\/\/revistavitrineibiuna.com.br\/index.php?rest_route=%2Fwp%2Fv2%2Fcomments&post=32736"}],"version-history":[{"count":2,"href":"https:\/\/revistavitrineibiuna.com.br\/index.php?rest_route=\/wp\/v2\/posts\/32736\/revisions"}],"predecessor-version":[{"id":32739,"href":"https:\/\/revistavitrineibiuna.com.br\/index.php?rest_route=\/wp\/v2\/posts\/32736\/revisions\/32739"}],"wp:featuredmedia":[{"embeddable":true,"href":"https:\/\/revistavitrineibiuna.com.br\/index.php?rest_route=\/wp\/v2\/media\/32737"}],"wp:attachment":[{"href":"https:\/\/revistavitrineibiuna.com.br\/index.php?rest_route=%2Fwp%2Fv2%2Fmedia&parent=32736"}],"wp:term":[{"taxonomy":"category","embeddable":true,"href":"https:\/\/revistavitrineibiuna.com.br\/index.php?rest_route=%2Fwp%2Fv2%2Fcategories&post=32736"},{"taxonomy":"post_tag","embeddable":true,"href":"https:\/\/revistavitrineibiuna.com.br\/index.php?rest_route=%2Fwp%2Fv2%2Ftags&post=32736"}],"curies":[{"name":"wp","href":"https:\/\/api.w.org\/{rel}","templated":true}]}}