{"id":32740,"date":"2025-01-10T20:46:43","date_gmt":"2025-01-10T23:46:43","guid":{"rendered":"http:\/\/revistavitrineibiuna.com.br\/?p=32740"},"modified":"2025-01-10T22:20:01","modified_gmt":"2025-01-11T01:20:01","slug":"crea-sp-nomeia-eng-morador-em-ibiuna-para-periciar-ponte-interditada","status":"publish","type":"post","link":"https:\/\/revistavitrineibiuna.com.br\/?p=32740","title":{"rendered":"CREA-SP NOMEIA ENG\u00b0 MORADOR EM IBI\u00daNA PARA PERICIAR PONTE INTERDITADA"},"content":{"rendered":"\n<p class=\"has-drop-cap\"><strong>O Conselho Regional de Engenharia e Agronomia do Estado de S\u00e3o Paulo \u2013 CREA-SP nomeou hoje (10) o engenheiro civil Marcelo Zambardino, que \u00e9 inspetor da C\u00e2mara de Engenharia, e morador em Ibi\u00fana, para periciar e emitir laudo t\u00e9cnico sobre as condi\u00e7\u00f5es da ponte que liga Ibi\u00fana a Mairinque.<\/strong><\/p>\n\n\n\n<p><strong>O laudo, conforme as normas t\u00e9cnicas vigentes, dever\u00e1 ser conclu\u00eddo at\u00e9 \u00e0s 16h dia 14, pr\u00f3xima ter\u00e7a-feira, quando ser\u00e1 entregue ao prefeito M\u00e1rio Pires.<\/strong><\/p>\n\n\n\n<p><strong>Essa ponte que permite a passagem de um ve\u00edculo por vez, constru\u00edda h\u00e1 mais de cem anos, foi interditada completamente por ordem do Minist\u00e9rio P\u00fablico do Estado de S\u00e3o Paulo no come\u00e7o da noite do dia 27 de dezembro, ao aceitar den\u00fancia sobre risco dela vir a desabar<\/strong>, <strong>e n\u00e3o ter obtido nenhuma resposta do governo anterior ao seus requerimentos sobre essa quest\u00e3o.<\/strong> <\/p>\n\n\n\n<p><strong>Hoje mesmo o CREA-SP enviou of\u00edcio \u00e0 Prefeitura de Ibi\u00fana notificando sobre a nomea\u00e7\u00e3o de Marcelo Zambardino, atendendo \u00e0 solicita\u00e7\u00e3o da pr\u00f3pria municipalidade, que pretende recorrer ao Minist\u00e9rio P\u00fablico reivindicando a abertura da ponte para passagem controlada para ve\u00edculos leves, motocicletas e pedestres, sob o argumento de que a ponte n\u00e3o oferece risco de vir a desabar, at\u00e9 que seja constru\u00edda uma nova ponte.<\/strong><\/p>\n\n\n\n<p><strong>O prefeito municipal tamb\u00e9m esteve no Pal\u00e1cio dos Bandeirantes para pedir ajuda do governo estadual na resolu\u00e7\u00e3o desse problema e tamb\u00e9m no Departamento de Estradas de Rodagem \u2013 DER onde tamb\u00e9m solicitou a realiza\u00e7\u00e3o de per\u00edcia t\u00e9cnica sobre a seguran\u00e7a da ponte.<\/strong><\/p>\n\n\n\n<p><strong>Essas provid\u00eancias foram tomadas devido ao caos decorrente da interdi\u00e7\u00e3o, que est\u00e1 afetando  e transtornando a vida de milhares de pessoas que moram em bairros que ficaram isolados ou precisam se locomover para outras cidades da regi\u00e3o.<\/strong><\/p>\n\n\n\n<p><strong>NORMAS T\u00c9CNICAS<\/strong><\/p>\n\n\n\n<p><strong>O engenheiro Marcelo Zanbardino \u00e9 uma das pessoas que foram afetadas diretamente com a interdi\u00e7\u00e3o da ponte, pois ele reside no bairro Dois C\u00f3rregos, que se situa al\u00e9m da ponte, que a utilizava v\u00e1rias vezes diariamente<\/strong>.<\/p>\n\n\n\n<p><strong>Ele mesmo, na condi\u00e7\u00e3o de especialista, vem observando e registrando as condi\u00e7\u00f5es da ponte pelo menos desde 2021, tendo feito um pormenorizado registro fotogr\u00e1fico comparativo durante todo esse per\u00edodo.<\/strong> <strong>Uma de suas constata\u00e7\u00f5es \u00e9 o deslocamento lateral da ponte devido \u00e0 passagem de ve\u00edculos extremamente pesados<\/strong>, <strong>em algum momento,<\/strong> <strong>com dimens\u00f5es que at\u00e9 mesmo excederam a largura da ponte.<\/strong><\/p>\n\n\n\n<p><strong>A nomea\u00e7\u00e3o de Zambardino foi feita pelo engenheiro Andr\u00e9 Martinelli Agunzi, chefe de equipe \u2013 UGI [Unidade de Gest\u00e3o de Inspetoria] Sorocaba, respons\u00e1vel pela regi\u00e3o.<\/strong><\/p>\n","protected":false},"excerpt":{"rendered":"<p>O Conselho Regional de Engenharia e Agronomia do Estado de S\u00e3o Paulo \u2013 CREA-SP nomeou hoje (10) o engenheiro civil<\/p>\n","protected":false},"author":1,"featured_media":32741,"comment_status":"open","ping_status":"open","sticky":false,"template":"","format":"standard","meta":[],"categories":[3],"tags":[],"yoast_head":"<!-- This site is optimized with the Yoast SEO plugin v15.8 - https:\/\/yoast.com\/wordpress\/plugins\/seo\/ -->\n<title>CREA-SP NOMEIA ENG\u00b0 MORADOR EM IBI\u00daNA PARA PERICIAR PONTE INTERDITADA - Revista Vitrine Online<\/title>\n<meta name=\"robots\" content=\"index, follow, max-snippet:-1, max-image-preview:large, max-video-preview:-1\" \/>\n<link rel=\"canonical\" href=\"http:\/\/revistavitrineibiuna.com.br\/?p=32740\" \/>\n<meta property=\"og:locale\" content=\"pt_BR\" \/>\n<meta property=\"og:type\" content=\"article\" \/>\n<meta property=\"og:title\" content=\"CREA-SP NOMEIA ENG\u00b0 MORADOR EM IBI\u00daNA PARA PERICIAR PONTE INTERDITADA - Revista Vitrine Online\" \/>\n<meta property=\"og:description\" content=\"O Conselho Regional de Engenharia e Agronomia do Estado de S\u00e3o Paulo \u2013 CREA-SP nomeou hoje (10) o engenheiro civil\" \/>\n<meta property=\"og:url\" content=\"http:\/\/revistavitrineibiuna.com.br\/?p=32740\" \/>\n<meta property=\"og:site_name\" content=\"Revista Vitrine Online\" \/>\n<meta property=\"article:published_time\" content=\"2025-01-10T23:46:43+00:00\" \/>\n<meta property=\"article:modified_time\" content=\"2025-01-11T01:20:01+00:00\" \/>\n<meta property=\"og:image\" content=\"https:\/\/revistavitrineibiuna.com.br\/wp-content\/uploads\/2025\/01\/marcelo-zambardino-na-ponte.png\" \/>\n\t<meta property=\"og:image:width\" content=\"1199\" \/>\n\t<meta property=\"og:image:height\" content=\"784\" \/>\n<meta name=\"twitter:card\" content=\"summary\" \/>\n<meta name=\"twitter:label1\" content=\"Est. reading time\">\n\t<meta name=\"twitter:data1\" content=\"2 minutos\">\n<script type=\"application\/ld+json\" class=\"yoast-schema-graph\">{\"@context\":\"https:\/\/schema.org\",\"@graph\":[{\"@type\":\"WebSite\",\"@id\":\"https:\/\/revistavitrineibiuna.com.br\/#website\",\"url\":\"https:\/\/revistavitrineibiuna.com.br\/\",\"name\":\"Revista Vitrine Ibi\\u00fana\",\"description\":\"A Revista de Ibi\\u00fana e Regi\\u00e3o\",\"publisher\":{\"@id\":\"https:\/\/revistavitrineibiuna.com.br\/#\/schema\/person\/e51ef49d6d88170ea21ceabff3f73deb\"},\"potentialAction\":[{\"@type\":\"SearchAction\",\"target\":\"https:\/\/revistavitrineibiuna.com.br\/?s={search_term_string}\",\"query-input\":\"required name=search_term_string\"}],\"inLanguage\":\"pt-BR\"},{\"@type\":\"ImageObject\",\"@id\":\"http:\/\/revistavitrineibiuna.com.br\/?p=32740#primaryimage\",\"inLanguage\":\"pt-BR\",\"url\":\"https:\/\/revistavitrineibiuna.com.br\/wp-content\/uploads\/2025\/01\/marcelo-zambardino-na-ponte.png\",\"width\":1199,\"height\":784},{\"@type\":\"WebPage\",\"@id\":\"http:\/\/revistavitrineibiuna.com.br\/?p=32740#webpage\",\"url\":\"http:\/\/revistavitrineibiuna.com.br\/?p=32740\",\"name\":\"CREA-SP NOMEIA ENG\\u00b0 MORADOR EM IBI\\u00daNA PARA PERICIAR PONTE INTERDITADA - Revista Vitrine Online\",\"isPartOf\":{\"@id\":\"https:\/\/revistavitrineibiuna.com.br\/#website\"},\"primaryImageOfPage\":{\"@id\":\"http:\/\/revistavitrineibiuna.com.br\/?p=32740#primaryimage\"},\"datePublished\":\"2025-01-10T23:46:43+00:00\",\"dateModified\":\"2025-01-11T01:20:01+00:00\",\"breadcrumb\":{\"@id\":\"http:\/\/revistavitrineibiuna.com.br\/?p=32740#breadcrumb\"},\"inLanguage\":\"pt-BR\",\"potentialAction\":[{\"@type\":\"ReadAction\",\"target\":[\"http:\/\/revistavitrineibiuna.com.br\/?p=32740\"]}]},{\"@type\":\"BreadcrumbList\",\"@id\":\"http:\/\/revistavitrineibiuna.com.br\/?p=32740#breadcrumb\",\"itemListElement\":[{\"@type\":\"ListItem\",\"position\":1,\"item\":{\"@type\":\"WebPage\",\"@id\":\"https:\/\/revistavitrineibiuna.com.br\/\",\"url\":\"https:\/\/revistavitrineibiuna.com.br\/\",\"name\":\"In\\u00edcio\"}},{\"@type\":\"ListItem\",\"position\":2,\"item\":{\"@type\":\"WebPage\",\"@id\":\"http:\/\/revistavitrineibiuna.com.br\/?p=32740\",\"url\":\"http:\/\/revistavitrineibiuna.com.br\/?p=32740\",\"name\":\"CREA-SP NOMEIA ENG\\u00b0 MORADOR EM IBI\\u00daNA PARA PERICIAR PONTE INTERDITADA\"}}]},{\"@type\":\"Article\",\"@id\":\"http:\/\/revistavitrineibiuna.com.br\/?p=32740#article\",\"isPartOf\":{\"@id\":\"http:\/\/revistavitrineibiuna.com.br\/?p=32740#webpage\"},\"author\":{\"@id\":\"https:\/\/revistavitrineibiuna.com.br\/#\/schema\/person\/e51ef49d6d88170ea21ceabff3f73deb\"},\"headline\":\"CREA-SP NOMEIA ENG\\u00b0 MORADOR EM IBI\\u00daNA PARA PERICIAR PONTE INTERDITADA\",\"datePublished\":\"2025-01-10T23:46:43+00:00\",\"dateModified\":\"2025-01-11T01:20:01+00:00\",\"mainEntityOfPage\":{\"@id\":\"http:\/\/revistavitrineibiuna.com.br\/?p=32740#webpage\"},\"commentCount\":0,\"publisher\":{\"@id\":\"https:\/\/revistavitrineibiuna.com.br\/#\/schema\/person\/e51ef49d6d88170ea21ceabff3f73deb\"},\"image\":{\"@id\":\"http:\/\/revistavitrineibiuna.com.br\/?p=32740#primaryimage\"},\"articleSection\":\"Not\\u00edcias\",\"inLanguage\":\"pt-BR\",\"potentialAction\":[{\"@type\":\"CommentAction\",\"name\":\"Comment\",\"target\":[\"http:\/\/revistavitrineibiuna.com.br\/?p=32740#respond\"]}]},{\"@type\":[\"Person\",\"Organization\"],\"@id\":\"https:\/\/revistavitrineibiuna.com.br\/#\/schema\/person\/e51ef49d6d88170ea21ceabff3f73deb\",\"name\":\"Carlos Rossini\",\"image\":{\"@type\":\"ImageObject\",\"@id\":\"https:\/\/revistavitrineibiuna.com.br\/#personlogo\",\"inLanguage\":\"pt-BR\",\"url\":\"https:\/\/secure.gravatar.com\/avatar\/4f2d0f99fac1f85c7d643f21f5c8d900?s=96&d=mm&r=g\",\"caption\":\"Carlos Rossini\"},\"logo\":{\"@id\":\"https:\/\/revistavitrineibiuna.com.br\/#personlogo\"},\"description\":\"Carlos Rossini \\u00e9 jornalista, soci\\u00f3logo, escritor e professor universit\\u00e1rio, tendo sido professor de jornalismo por vinte anos. Trabalhou em ve\\u00edculos de comunica\\u00e7\\u00e3o nas fun\\u00e7\\u00f5es de rep\\u00f3rter, redator, editor, articulista e colaborador, como Folha de S. Paulo, O Estado de S. Paulo, Di\\u00e1rio Popular, entre outros. Ao transferir a revista vitrine, vers\\u00e3o imprensa, de S\\u00e3o Paulo para Ibi\\u00fana h\\u00e1 alguns anos, iniciou uma nova experi\\u00eancia profissional, dedicando-se ao jornalismo regional, depois de cumprir uma trajet\\u00f3ria bem-sucedida na grande imprensa brasileira. Seu primeiro livro A Coragem de Comunicar foi lan\\u00e7ado na Bienal do Livro em S\\u00e3o Paulo no ano 2000, pela editora Madras.\"}]}<\/script>\n<!-- \/ Yoast SEO plugin. -->","_links":{"self":[{"href":"https:\/\/revistavitrineibiuna.com.br\/index.php?rest_route=\/wp\/v2\/posts\/32740"}],"collection":[{"href":"https:\/\/revistavitrineibiuna.com.br\/index.php?rest_route=\/wp\/v2\/posts"}],"about":[{"href":"https:\/\/revistavitrineibiuna.com.br\/index.php?rest_route=\/wp\/v2\/types\/post"}],"author":[{"embeddable":true,"href":"https:\/\/revistavitrineibiuna.com.br\/index.php?rest_route=\/wp\/v2\/users\/1"}],"replies":[{"embeddable":true,"href":"https:\/\/revistavitrineibiuna.com.br\/index.php?rest_route=%2Fwp%2Fv2%2Fcomments&post=32740"}],"version-history":[{"count":15,"href":"https:\/\/revistavitrineibiuna.com.br\/index.php?rest_route=\/wp\/v2\/posts\/32740\/revisions"}],"predecessor-version":[{"id":32764,"href":"https:\/\/revistavitrineibiuna.com.br\/index.php?rest_route=\/wp\/v2\/posts\/32740\/revisions\/32764"}],"wp:featuredmedia":[{"embeddable":true,"href":"https:\/\/revistavitrineibiuna.com.br\/index.php?rest_route=\/wp\/v2\/media\/32741"}],"wp:attachment":[{"href":"https:\/\/revistavitrineibiuna.com.br\/index.php?rest_route=%2Fwp%2Fv2%2Fmedia&parent=32740"}],"wp:term":[{"taxonomy":"category","embeddable":true,"href":"https:\/\/revistavitrineibiuna.com.br\/index.php?rest_route=%2Fwp%2Fv2%2Fcategories&post=32740"},{"taxonomy":"post_tag","embeddable":true,"href":"https:\/\/revistavitrineibiuna.com.br\/index.php?rest_route=%2Fwp%2Fv2%2Ftags&post=32740"}],"curies":[{"name":"wp","href":"https:\/\/api.w.org\/{rel}","templated":true}]}}