{"id":32765,"date":"2025-01-11T18:48:01","date_gmt":"2025-01-11T21:48:01","guid":{"rendered":"http:\/\/revistavitrineibiuna.com.br\/?p=32765"},"modified":"2025-01-11T19:43:34","modified_gmt":"2025-01-11T22:43:34","slug":"leitura-de-domingo-sobre-politica-ignorancia-e-manipulacao","status":"publish","type":"post","link":"https:\/\/revistavitrineibiuna.com.br\/?p=32765","title":{"rendered":"LEITURA DE DOMINGO \u2013 SOBRE POL\u00cdTICA, IGNOR\u00c2NCIA E MANIPULA\u00c7\u00c3O"},"content":{"rendered":"\n<p class=\"has-drop-cap\"><strong>Manter o povo na ignor\u00e2ncia, como forma de controle e submiss\u00e3o social, tem sido um objetivo e uma pr\u00e1tica seculares de poderosos influentes.<\/strong><\/p>\n\n\n\n<p><strong>Esse fen\u00f4meno se constata em todo o planeta e constitui um desafio gigantesco para seres humanos, como o ativista libert\u00e1rio norte-americano Noam Chomsky, 96, um dos intelectuais mais respeitados no mundo.<\/strong><\/p>\n\n\n\n<p><strong>Linguista, fil\u00f3sofo e cientista pol\u00edtico, Chomsky revelou suas reflex\u00f5es sobre o que considera as 10 estrat\u00e9gias de manipula\u00e7\u00e3o massiva que se observa no mundo na atualidade.<\/strong><\/p>\n\n\n\n<p><strong>Elas ocorrem em reinados, principados, rep\u00fablicas, ditaduras, e em pa\u00edses aceitos como democratas, pois trata-se no fundo de poder de uns sobre os outros, individual ou coletivamente considerados.<\/strong><\/p>\n\n\n\n<p><strong>Bem, isso se verifica n\u00e3o apenas no oce\u00e2nico poder econ\u00f4mico de grandes corpora\u00e7\u00f5es atr\u00e1s das quais existem os seres humanos mais ricos do mundo, que decidem como devemos pensar e nos comportar por meio de ideologias que incorporam em suas condutas.<\/strong><\/p>\n\n\n\n<p><strong>N\u00e3o iremos aqui reproduzir as dez estrat\u00e9gias de manipula\u00e7\u00e3o observadas por Chomsky, mas assinalar uma ou outra que nos interessa sobre um panorama que se verifica em milhares de munic\u00edpios brasileiros, a partir do dia 1\u00ba de janeiro quando tomou posse uma legi\u00e3o de prefeitos, vice-prefeitos e vereadores.<\/strong><\/p>\n\n\n\n<p><strong>Nos parece oportuno colocar esse cen\u00e1rio sob a lupa das teses de Chomsky porque, afinal, houve a\u00ed a ocorr\u00eancia de tr\u00eas temas que deram t\u00edtulo a essa reflex\u00e3o: sobre pol\u00edtica, ignor\u00e2ncia e manipula\u00e7\u00e3o.<\/strong><\/p>\n\n\n\n<p><strong>MANIPULA\u00c7\u00c3O E INFLU\u00caNCIA<\/strong><\/p>\n\n\n\n<p><strong>Vamos combinar o significado dessas duas palavras?<\/strong><\/p>\n\n\n\n<p><strong>Manipula\u00e7\u00e3o \u00e9 o poder que uma autoridade usa em rela\u00e7\u00e3o a uma pessoa ou grupo, a fim de obter vantagens e favores.<\/strong><\/p>\n\n\n\n<p><strong>As artimanhas empregadas pelos pol\u00edticos \u00e9 um processo de manipula\u00e7\u00e3o, que, por defini\u00e7\u00e3o, n\u00e3o \u00e9 percebido pelo manipulado, seja durante as campanhas eleitorais e ap\u00f3s assumem o poder.<\/strong><\/p>\n\n\n\n<p><strong>As influ\u00eancias [poderes] exercidas sobre um ou mais indiv\u00edduos podem ter um car\u00e1ter ileg\u00edtimo, ao sugestionar e falsear a realidade.<\/strong><\/p>\n\n\n\n<p><strong>A psicologia social argumenta que a influ\u00eancia social consiste no fato de uma pessoa induzir outra a um determinado comportamento desejado pelo agente influenciador.<\/strong><\/p>\n\n\n\n<p><strong>Por outras palavras, o objetivo do agente \u00e9 obter uma mudan\u00e7a no comportamento do indiv\u00edduo alvo da influ\u00eancia.<\/strong><\/p>\n\n\n\n<p><strong>H\u00e1, obviamente, influ\u00eancia e influenciadores que agem para prover conhecimentos e atitudes saud\u00e1veis, como orienta\u00e7\u00f5es m\u00e9dicas, educacionais, nutricionais e gerar comportamentos valorizados socialmente, prestar informa\u00e7\u00f5es de utilidade p\u00fablica, etc.<\/strong><\/p>\n\n\n\n<p><strong>DISTRA\u00c7\u00c3O<\/strong><\/p>\n\n\n\n<p><strong>Veja o que diz Chomsky sobre uma das estrat\u00e9gias de manipula\u00e7\u00e3o maci\u00e7a, por meio da distra\u00e7\u00e3o:<\/strong><\/p>\n\n\n\n<p><strong>\u201cConsiste basicamente em direcionar a aten\u00e7\u00e3o do p\u00fablico para t\u00f3picos irrelevantes ou banais. Desta forma, elas mant\u00eam as mentes das pessoas ocupadas.\u201d<\/strong><\/p>\n\n\n\n<p><strong>A estrat\u00e9gia utilizada, nesse contexto, \u00e9 \u201cabarrotar\u201d a mente das pessoas de informa\u00e7\u00f5es, atualmente, sobretudo, utilizando os recursos de imagens e sons velozes, com ou sem uso da chamada Intelig\u00eancia Artificial, que t\u00eam o poder de atrair e fixar as aten\u00e7\u00f5es.<\/strong><\/p>\n\n\n\n<p><strong>APELO \u00c0S EMO\u00c7\u00d5ES<\/strong><\/p>\n\n\n\n<p><strong>As mensagens postadas pelas redes sociais n\u00e3o t\u00eam como objetivo despertar a mente reflexiva das pessoas para que elas possam interpretar a realidade com autonomia e clareza.<\/strong><\/p>\n\n\n\n<p><strong>O que se busca \u00e9 gerar emo\u00e7\u00f5es e atingir o inconsciente dos indiv\u00edduos, fisgando-os pela emo\u00e7\u00e3o.<\/strong><\/p>\n\n\n\n<p><strong>O efeito principal desse recurso \u00e9 neutralizar a capacidade cr\u00edtica das pessoas.<\/strong><\/p>\n\n\n\n<p><strong>PROMO\u00c7\u00c3O DA IGNOR\u00c2NCIA<\/strong><\/p>\n\n\n\n<p><strong>Chomsky argumenta ainda que manter as pessoas na ignor\u00e2ncia \u00e9 um dos objetivos do poder manipulat\u00f3rio. Isso significa n\u00e3o dar \u00e0s pessoas as ferramentas para que possam analisar a realidade por si mesmas, e sim faz\u00ea-las pensar pela influ\u00eancia recebida.<\/strong><\/p>\n\n\n\n<p><strong>Manter-se na ignor\u00e2ncia, ele refor\u00e7a, tamb\u00e9m \u00e9 n\u00e3o dar \u00eanfase \u00e0 educa\u00e7\u00e3o, o que abre uma lacuna entre a educa\u00e7\u00e3o privada (com tend\u00eancia elitista) e a educa\u00e7\u00e3o p\u00fablica. Ele sintetiza: \u201cAdormece a curiosidade de conhecimento e d\u00e1 pouco valor aos produtos da intelig\u00eancia.\u201d<\/strong><\/p>\n\n\n\n<p><strong>Bem, estamos no alongando demais para uma era que d\u00e1 pouco valor \u00e0 leitura e est\u00e1 hipnotizada por uma est\u00e9tica superficial constitu\u00edda por imagens demasiadamente r\u00e1pidas para permitir uma reflex\u00e3o sobre como elas pretendem nos afetar, como se f\u00f4ssemos marionetes.<\/strong><\/p>\n\n\n\n<p><strong>Se voc\u00ea for um dos raros leitores que chegaram at\u00e9 aqui, queremos reverenci\u00e1-lo porque, muito possivelmente, voc\u00ea consegue separar o joio do trigo e est\u00e1 no caminho certo de ser voc\u00ea mesmo e livre de manipula\u00e7\u00f5es e not\u00edcias falsas. E, sobretudo, do papo dos pol\u00edticos que se transformam em atores de com\u00e9dias, apesar da realidade dram\u00e1tica da condi\u00e7\u00e3o humana em sua cidade. (Carlos Rossini \u00e9 jornalista e soci\u00f3logo)<\/strong><\/p>\n\n\n\n<p><strong>_________________<\/strong><\/p>\n\n\n\n<p><strong>Nota da Reda\u00e7\u00e3o: a ilustra\u00e7\u00e3o dessa reflex\u00e3o representa o Mito da Caverna, met\u00e1fora criada pelo fil\u00f3sofo Plat\u00e3o, em que se v\u00ea uma disson\u00e2ncia [contradi\u00e7\u00e3o] entre a ignor\u00e2ncia e o conhecimento verdadeiro.<\/strong><\/p>\n","protected":false},"excerpt":{"rendered":"<p>Manter o povo na ignor\u00e2ncia, como forma de controle e submiss\u00e3o social, tem sido um objetivo e uma pr\u00e1tica seculares<\/p>\n","protected":false},"author":1,"featured_media":32766,"comment_status":"open","ping_status":"open","sticky":false,"template":"","format":"standard","meta":[],"categories":[3],"tags":[],"yoast_head":"<!-- This site is optimized with the Yoast SEO plugin v15.8 - https:\/\/yoast.com\/wordpress\/plugins\/seo\/ -->\n<title>LEITURA DE DOMINGO \u2013 SOBRE POL\u00cdTICA, IGNOR\u00c2NCIA E MANIPULA\u00c7\u00c3O - Revista Vitrine Online<\/title>\n<meta name=\"robots\" content=\"index, follow, max-snippet:-1, max-image-preview:large, max-video-preview:-1\" \/>\n<link rel=\"canonical\" href=\"http:\/\/revistavitrineibiuna.com.br\/?p=32765\" \/>\n<meta property=\"og:locale\" content=\"pt_BR\" \/>\n<meta property=\"og:type\" content=\"article\" \/>\n<meta property=\"og:title\" content=\"LEITURA DE DOMINGO \u2013 SOBRE POL\u00cdTICA, IGNOR\u00c2NCIA E MANIPULA\u00c7\u00c3O - Revista Vitrine Online\" \/>\n<meta property=\"og:description\" content=\"Manter o povo na ignor\u00e2ncia, como forma de controle e submiss\u00e3o social, tem sido um objetivo e uma pr\u00e1tica seculares\" \/>\n<meta property=\"og:url\" content=\"http:\/\/revistavitrineibiuna.com.br\/?p=32765\" \/>\n<meta property=\"og:site_name\" content=\"Revista Vitrine Online\" \/>\n<meta property=\"article:published_time\" content=\"2025-01-11T21:48:01+00:00\" \/>\n<meta property=\"article:modified_time\" content=\"2025-01-11T22:43:34+00:00\" \/>\n<meta property=\"og:image\" content=\"https:\/\/revistavitrineibiuna.com.br\/wp-content\/uploads\/2025\/01\/o-mito-da-caverna.png\" \/>\n\t<meta property=\"og:image:width\" content=\"500\" \/>\n\t<meta property=\"og:image:height\" content=\"278\" \/>\n<meta name=\"twitter:card\" content=\"summary\" \/>\n<meta name=\"twitter:label1\" content=\"Est. reading time\">\n\t<meta name=\"twitter:data1\" content=\"4 minutos\">\n<script type=\"application\/ld+json\" class=\"yoast-schema-graph\">{\"@context\":\"https:\/\/schema.org\",\"@graph\":[{\"@type\":\"WebSite\",\"@id\":\"https:\/\/revistavitrineibiuna.com.br\/#website\",\"url\":\"https:\/\/revistavitrineibiuna.com.br\/\",\"name\":\"Revista Vitrine Ibi\\u00fana\",\"description\":\"A Revista de Ibi\\u00fana e Regi\\u00e3o\",\"publisher\":{\"@id\":\"https:\/\/revistavitrineibiuna.com.br\/#\/schema\/person\/e51ef49d6d88170ea21ceabff3f73deb\"},\"potentialAction\":[{\"@type\":\"SearchAction\",\"target\":\"https:\/\/revistavitrineibiuna.com.br\/?s={search_term_string}\",\"query-input\":\"required name=search_term_string\"}],\"inLanguage\":\"pt-BR\"},{\"@type\":\"ImageObject\",\"@id\":\"http:\/\/revistavitrineibiuna.com.br\/?p=32765#primaryimage\",\"inLanguage\":\"pt-BR\",\"url\":\"https:\/\/revistavitrineibiuna.com.br\/wp-content\/uploads\/2025\/01\/o-mito-da-caverna.png\",\"width\":500,\"height\":278},{\"@type\":\"WebPage\",\"@id\":\"http:\/\/revistavitrineibiuna.com.br\/?p=32765#webpage\",\"url\":\"http:\/\/revistavitrineibiuna.com.br\/?p=32765\",\"name\":\"LEITURA DE DOMINGO \\u2013 SOBRE POL\\u00cdTICA, IGNOR\\u00c2NCIA E MANIPULA\\u00c7\\u00c3O - Revista Vitrine Online\",\"isPartOf\":{\"@id\":\"https:\/\/revistavitrineibiuna.com.br\/#website\"},\"primaryImageOfPage\":{\"@id\":\"http:\/\/revistavitrineibiuna.com.br\/?p=32765#primaryimage\"},\"datePublished\":\"2025-01-11T21:48:01+00:00\",\"dateModified\":\"2025-01-11T22:43:34+00:00\",\"breadcrumb\":{\"@id\":\"http:\/\/revistavitrineibiuna.com.br\/?p=32765#breadcrumb\"},\"inLanguage\":\"pt-BR\",\"potentialAction\":[{\"@type\":\"ReadAction\",\"target\":[\"http:\/\/revistavitrineibiuna.com.br\/?p=32765\"]}]},{\"@type\":\"BreadcrumbList\",\"@id\":\"http:\/\/revistavitrineibiuna.com.br\/?p=32765#breadcrumb\",\"itemListElement\":[{\"@type\":\"ListItem\",\"position\":1,\"item\":{\"@type\":\"WebPage\",\"@id\":\"https:\/\/revistavitrineibiuna.com.br\/\",\"url\":\"https:\/\/revistavitrineibiuna.com.br\/\",\"name\":\"In\\u00edcio\"}},{\"@type\":\"ListItem\",\"position\":2,\"item\":{\"@type\":\"WebPage\",\"@id\":\"http:\/\/revistavitrineibiuna.com.br\/?p=32765\",\"url\":\"http:\/\/revistavitrineibiuna.com.br\/?p=32765\",\"name\":\"LEITURA DE DOMINGO \\u2013 SOBRE POL\\u00cdTICA, IGNOR\\u00c2NCIA E MANIPULA\\u00c7\\u00c3O\"}}]},{\"@type\":\"Article\",\"@id\":\"http:\/\/revistavitrineibiuna.com.br\/?p=32765#article\",\"isPartOf\":{\"@id\":\"http:\/\/revistavitrineibiuna.com.br\/?p=32765#webpage\"},\"author\":{\"@id\":\"https:\/\/revistavitrineibiuna.com.br\/#\/schema\/person\/e51ef49d6d88170ea21ceabff3f73deb\"},\"headline\":\"LEITURA DE DOMINGO \\u2013 SOBRE POL\\u00cdTICA, IGNOR\\u00c2NCIA E MANIPULA\\u00c7\\u00c3O\",\"datePublished\":\"2025-01-11T21:48:01+00:00\",\"dateModified\":\"2025-01-11T22:43:34+00:00\",\"mainEntityOfPage\":{\"@id\":\"http:\/\/revistavitrineibiuna.com.br\/?p=32765#webpage\"},\"commentCount\":0,\"publisher\":{\"@id\":\"https:\/\/revistavitrineibiuna.com.br\/#\/schema\/person\/e51ef49d6d88170ea21ceabff3f73deb\"},\"image\":{\"@id\":\"http:\/\/revistavitrineibiuna.com.br\/?p=32765#primaryimage\"},\"articleSection\":\"Not\\u00edcias\",\"inLanguage\":\"pt-BR\",\"potentialAction\":[{\"@type\":\"CommentAction\",\"name\":\"Comment\",\"target\":[\"http:\/\/revistavitrineibiuna.com.br\/?p=32765#respond\"]}]},{\"@type\":[\"Person\",\"Organization\"],\"@id\":\"https:\/\/revistavitrineibiuna.com.br\/#\/schema\/person\/e51ef49d6d88170ea21ceabff3f73deb\",\"name\":\"Carlos Rossini\",\"image\":{\"@type\":\"ImageObject\",\"@id\":\"https:\/\/revistavitrineibiuna.com.br\/#personlogo\",\"inLanguage\":\"pt-BR\",\"url\":\"https:\/\/secure.gravatar.com\/avatar\/4f2d0f99fac1f85c7d643f21f5c8d900?s=96&d=mm&r=g\",\"caption\":\"Carlos Rossini\"},\"logo\":{\"@id\":\"https:\/\/revistavitrineibiuna.com.br\/#personlogo\"},\"description\":\"Carlos Rossini \\u00e9 jornalista, soci\\u00f3logo, escritor e professor universit\\u00e1rio, tendo sido professor de jornalismo por vinte anos. Trabalhou em ve\\u00edculos de comunica\\u00e7\\u00e3o nas fun\\u00e7\\u00f5es de rep\\u00f3rter, redator, editor, articulista e colaborador, como Folha de S. Paulo, O Estado de S. Paulo, Di\\u00e1rio Popular, entre outros. Ao transferir a revista vitrine, vers\\u00e3o imprensa, de S\\u00e3o Paulo para Ibi\\u00fana h\\u00e1 alguns anos, iniciou uma nova experi\\u00eancia profissional, dedicando-se ao jornalismo regional, depois de cumprir uma trajet\\u00f3ria bem-sucedida na grande imprensa brasileira. Seu primeiro livro A Coragem de Comunicar foi lan\\u00e7ado na Bienal do Livro em S\\u00e3o Paulo no ano 2000, pela editora Madras.\"}]}<\/script>\n<!-- \/ Yoast SEO plugin. -->","_links":{"self":[{"href":"https:\/\/revistavitrineibiuna.com.br\/index.php?rest_route=\/wp\/v2\/posts\/32765"}],"collection":[{"href":"https:\/\/revistavitrineibiuna.com.br\/index.php?rest_route=\/wp\/v2\/posts"}],"about":[{"href":"https:\/\/revistavitrineibiuna.com.br\/index.php?rest_route=\/wp\/v2\/types\/post"}],"author":[{"embeddable":true,"href":"https:\/\/revistavitrineibiuna.com.br\/index.php?rest_route=\/wp\/v2\/users\/1"}],"replies":[{"embeddable":true,"href":"https:\/\/revistavitrineibiuna.com.br\/index.php?rest_route=%2Fwp%2Fv2%2Fcomments&post=32765"}],"version-history":[{"count":4,"href":"https:\/\/revistavitrineibiuna.com.br\/index.php?rest_route=\/wp\/v2\/posts\/32765\/revisions"}],"predecessor-version":[{"id":32772,"href":"https:\/\/revistavitrineibiuna.com.br\/index.php?rest_route=\/wp\/v2\/posts\/32765\/revisions\/32772"}],"wp:featuredmedia":[{"embeddable":true,"href":"https:\/\/revistavitrineibiuna.com.br\/index.php?rest_route=\/wp\/v2\/media\/32766"}],"wp:attachment":[{"href":"https:\/\/revistavitrineibiuna.com.br\/index.php?rest_route=%2Fwp%2Fv2%2Fmedia&parent=32765"}],"wp:term":[{"taxonomy":"category","embeddable":true,"href":"https:\/\/revistavitrineibiuna.com.br\/index.php?rest_route=%2Fwp%2Fv2%2Fcategories&post=32765"},{"taxonomy":"post_tag","embeddable":true,"href":"https:\/\/revistavitrineibiuna.com.br\/index.php?rest_route=%2Fwp%2Fv2%2Ftags&post=32765"}],"curies":[{"name":"wp","href":"https:\/\/api.w.org\/{rel}","templated":true}]}}