{"id":32782,"date":"2025-01-13T15:11:49","date_gmt":"2025-01-13T18:11:49","guid":{"rendered":"http:\/\/revistavitrineibiuna.com.br\/?p=32782"},"modified":"2025-01-13T16:10:21","modified_gmt":"2025-01-13T19:10:21","slug":"ibiuna-conselhos-municipais-requerem-autonomia-e-transparencia","status":"publish","type":"post","link":"https:\/\/revistavitrineibiuna.com.br\/?p=32782","title":{"rendered":"IBI\u00daNA \u2013 CONSELHOS MUNICIPAIS REQUEREM AUTONOMIA E TRANSPAR\u00caNCIA"},"content":{"rendered":"\n<p class=\"has-drop-cap\"><strong>Os integrantes do Conselho Municipal de Defesa do Meio Ambiente de Ibi\u00fana \u2013 Condema est\u00e3o sendo convocados para reuni\u00e3o ordin\u00e1ria cuja pauta \u00e9 constitu\u00edda por tr\u00eas t\u00f3picos: reestrutura\u00e7\u00e3o do Conselho; discuss\u00e3o do regimento interno; e convoca\u00e7\u00e3o de novas elei\u00e7\u00f5es.<\/strong><\/p>\n\n\n\n<p><strong>A reuni\u00e3o ser\u00e1 realizada nesta quarta-feira (15), das 9h \u00e0s 11h na sede da OAB-Ibi\u00fana, na rua S\u00e9rgio Alves Leite, 70, no Residencial S\u00e3o Lucas, no centro da cidade.<\/strong><\/p>\n\n\n\n<p><strong>AUTONOMIA E TRANSPAR\u00caNCIA<\/strong><\/p>\n\n\n\n<p><strong>Esse acontecimento, de relevo para a prote\u00e7\u00e3o do meio ambiente, na \u00c1rea de Preserva\u00e7\u00e3o Ambiental que abrange a represa de Itupararanga, p\u00f5e em tela uma necessidade imperativa: a quest\u00e3o da autonomia e transpar\u00eancia dos diversos Conselhos Municipais em Ibi\u00fana.<\/strong><\/p>\n\n\n\n<p><strong>E ocorre, coincidentemente, o advento de um novo governo municipal que tem reiterado que ele ser\u00e1 marcado pela presta\u00e7\u00e3o de informa\u00e7\u00f5es \u00e0 popula\u00e7\u00e3o, com o compromisso de haver transpar\u00eancia relacionada a todas as quest\u00f5es de interesse p\u00fablico.<\/strong><\/p>\n\n\n\n<p><strong>CONTROLE E MANIPULA\u00c7\u00c3O<\/strong><\/p>\n\n\n\n<p><strong>Uma an\u00e1lise tem demonstrado uma caracter\u00edstica tradicional na forma\u00e7\u00e3o dos conselhos municipais. Na maioria dos casos se observa a ativa influ\u00eancia do Poder Executivo na forma\u00e7\u00e3o dos conselhos, provavelmente para manter a fiscaliza\u00e7\u00e3o e eventuais den\u00fancias sob controle.<\/strong><\/p>\n\n\n\n<p><strong>Nesse sentido, a forma\u00e7\u00e3o dos conselhos sofre influ\u00eancia direta, com a inclus\u00e3o de pessoas \u201cde confian\u00e7a\u201d para evitar problemas de natureza pol\u00edtica e administrativa.<\/strong><\/p>\n\n\n\n<p><strong>CONSELHEIROS DESTITU\u00cdDOS<\/strong><\/p>\n\n\n\n<p><strong>Em janeiro de 2020, para citar uma situa\u00e7\u00e3o emblem\u00e1tica, seis membros do Conselho Municipal da Sa\u00fade foram destitu\u00eddos dessa fun\u00e7\u00e3o.<\/strong><\/p>\n\n\n\n<p><strong>Eles participavam normalmente de reuni\u00f5es e assinavam as respectivas atas e foram surpreendidos pela medida que Carlos Pires Sobrinho, vice-presidente, e um dos destitu\u00eddos, considerou abusiva e arbitr\u00e1ria e que tomaria as medidas legais necess\u00e1rias \u201cpara todos serem reconduzidos ao cargo\u201d.<\/strong><\/p>\n\n\n\n<p><strong>Na \u00e9poca, em nota encaminhada a vitrine online, a Prefeitura alegava que \u201ca recomposi\u00e7\u00e3o do Conselho Municipal da Sa\u00fade \u00e9 necess\u00e1ria, uma vez que o atual quadro estava em desacordo com a Legisla\u00e7\u00e3o Vigente. Visto que o \u00f3rg\u00e3o \u00e9 consagrado pela efetiva participa\u00e7\u00e3o da Sociedade Civil Organizada, foi solicitado aos seus integrantes, em 25 de novembro de 2019, que apresentassem por escrito qual segmento representavam. Estabeleceu-se o prazo de 02 de dezembro de 2019 para que tal documenta\u00e7\u00e3o fosse protocolada\u201d.<\/strong><\/p>\n\n\n\n<p><strong>\u201cOcorre, todavia \u2013 dizia a nota \u2013 que n\u00e3o houve respeito a esse prazo. Uma vez que os membros deixaram de apontar qual seria sua representatividade no Conselho, faz-se necess\u00e1ria a recomposi\u00e7\u00e3o.\u201d<\/strong><\/p>\n\n\n\n<p><strong>OUTRA VERS\u00c3O<\/strong><\/p>\n\n\n\n<p><strong>Carlos Pires Sobrinho, no entanto, alegou que \u201co verdadeiro motivo da decis\u00e3o tomada \u00e9 n\u00e3o deix\u00e1-los apresentar as falcatruas que descobrimos nos levantamentos feitos na \u00e1rea da sa\u00fade\u201d e que essa atitude \u201cviola o Regimento Interno do Conselho Municipal de Sa\u00fade\u201d.<\/strong><\/p>\n\n\n\n<p><strong>Vale lembrar que a sa\u00fade p\u00fablica em Ibi\u00fana, representada sobretudo pelo Hospital Municipal e sua rede b\u00e1sica de sa\u00fade, historicamente complicado e alvo de in\u00fameras e cont\u00ednuas queixas da popula\u00e7\u00e3o, continua sendo o principal desafio para o novo governante.<\/strong><\/p>\n\n\n\n<p><strong>CONSELHO DA EDUCA\u00c7\u00c3O<\/strong><\/p>\n\n\n\n<p><strong>No dia 8 de fevereiro de 2023 o advogado M\u00e1rio Pires [atual prefeito], na condi\u00e7\u00e3o de presidente do CACS-Fundeb, \u00a0entrou com recurso no Minist\u00e9rio P\u00fablico pedindo que o Conselho Municipal da Educa\u00e7\u00e3o &#8211; CME, eleito para o bi\u00eanio [2023-2024], seja mantido inalterado \u201cconforme foi eleito\u201d.<\/strong><\/p>\n\n\n\n<p><strong>Essa medida foi tomada porque no dia 2 daquele m\u00eas, o Poder Executivo ibiunense, chefiado pelo agricultor Paulo Sasaki, anulou a elei\u00e7\u00e3o por meio do decreto n\u00ba 2301.<\/strong><\/p>\n\n\n\n<p><strong>Pires considerou a atitude do Executivo um \u201cabuso\u201d, j\u00e1 que partiu da presun\u00e7\u00e3o de que a elei\u00e7\u00e3o deva passar por sua \u201chomologa\u00e7\u00e3o\u201d quando, na verdade, segundo o advogado, o Conselho \u00e9 aut\u00f4nomo e \u201cn\u00e3o depende de qualquer homologa\u00e7\u00e3o (ju\u00edzo de valor) do Executivo\u201d.<\/strong><\/p>\n\n\n\n<p><strong>CONSELHO DE SEGURAN\u00c7A<\/strong><\/p>\n\n\n\n<p><strong>O Conselho Comunit\u00e1rio de Seguran\u00e7a \u2013 Conseg \u00e9 o \u00fanico a ter autonomia assegurada, uma vez que n\u00e3o se reporta ao Poder Executivo Local, e sim ao Governo Estadual mantenedor dos conselhos de seguran\u00e7a em todo o estado de S\u00e3o Paulo.<\/strong><\/p>\n\n\n\n<p><strong>ESPERAN\u00c7A<\/strong><\/p>\n\n\n\n<p><strong>A esperan\u00e7a agora \u00e9 que o novo governo municipal, que vem anunciando novos tempos para o munic\u00edpio, deixe claro a sua orienta\u00e7\u00e3o em rela\u00e7\u00e3o \u00e0 constitui\u00e7\u00e3o e funcionamento dos Conselhos Municipais, garantindo assim a credibilidade tanto dos conselhos quanto do seu governo, alvo da maior esperan\u00e7a de mudan\u00e7a, tanto na melhoria da pr\u00e1tica pol\u00edtica quanto na administra\u00e7\u00e3o da cidade.<\/strong><\/p>\n","protected":false},"excerpt":{"rendered":"<p>Os integrantes do Conselho Municipal de Defesa do Meio Ambiente de Ibi\u00fana \u2013 Condema est\u00e3o sendo convocados para reuni\u00e3o ordin\u00e1ria<\/p>\n","protected":false},"author":1,"featured_media":32783,"comment_status":"open","ping_status":"open","sticky":false,"template":"","format":"standard","meta":[],"categories":[3],"tags":[],"yoast_head":"<!-- This site is optimized with the Yoast SEO plugin v15.8 - https:\/\/yoast.com\/wordpress\/plugins\/seo\/ -->\n<title>IBI\u00daNA \u2013 CONSELHOS MUNICIPAIS REQUEREM AUTONOMIA E TRANSPAR\u00caNCIA - Revista Vitrine Online<\/title>\n<meta name=\"robots\" content=\"index, follow, max-snippet:-1, max-image-preview:large, max-video-preview:-1\" \/>\n<link rel=\"canonical\" href=\"http:\/\/revistavitrineibiuna.com.br\/?p=32782\" \/>\n<meta property=\"og:locale\" content=\"pt_BR\" \/>\n<meta property=\"og:type\" content=\"article\" \/>\n<meta property=\"og:title\" content=\"IBI\u00daNA \u2013 CONSELHOS MUNICIPAIS REQUEREM AUTONOMIA E TRANSPAR\u00caNCIA - Revista Vitrine Online\" \/>\n<meta property=\"og:description\" content=\"Os integrantes do Conselho Municipal de Defesa do Meio Ambiente de Ibi\u00fana \u2013 Condema est\u00e3o sendo convocados para reuni\u00e3o ordin\u00e1ria\" \/>\n<meta property=\"og:url\" content=\"http:\/\/revistavitrineibiuna.com.br\/?p=32782\" \/>\n<meta property=\"og:site_name\" content=\"Revista Vitrine Online\" \/>\n<meta property=\"article:published_time\" content=\"2025-01-13T18:11:49+00:00\" \/>\n<meta property=\"article:modified_time\" content=\"2025-01-13T19:10:21+00:00\" \/>\n<meta property=\"og:image\" content=\"https:\/\/revistavitrineibiuna.com.br\/wp-content\/uploads\/2025\/01\/reuniao-cacs-fundeb-novo.png\" \/>\n\t<meta property=\"og:image:width\" content=\"800\" \/>\n\t<meta property=\"og:image:height\" content=\"445\" \/>\n<meta name=\"twitter:card\" content=\"summary\" \/>\n<meta name=\"twitter:label1\" content=\"Est. reading time\">\n\t<meta name=\"twitter:data1\" content=\"4 minutos\">\n<script type=\"application\/ld+json\" class=\"yoast-schema-graph\">{\"@context\":\"https:\/\/schema.org\",\"@graph\":[{\"@type\":\"WebSite\",\"@id\":\"https:\/\/revistavitrineibiuna.com.br\/#website\",\"url\":\"https:\/\/revistavitrineibiuna.com.br\/\",\"name\":\"Revista Vitrine Ibi\\u00fana\",\"description\":\"A Revista de Ibi\\u00fana e Regi\\u00e3o\",\"publisher\":{\"@id\":\"https:\/\/revistavitrineibiuna.com.br\/#\/schema\/person\/e51ef49d6d88170ea21ceabff3f73deb\"},\"potentialAction\":[{\"@type\":\"SearchAction\",\"target\":\"https:\/\/revistavitrineibiuna.com.br\/?s={search_term_string}\",\"query-input\":\"required name=search_term_string\"}],\"inLanguage\":\"pt-BR\"},{\"@type\":\"ImageObject\",\"@id\":\"http:\/\/revistavitrineibiuna.com.br\/?p=32782#primaryimage\",\"inLanguage\":\"pt-BR\",\"url\":\"https:\/\/revistavitrineibiuna.com.br\/wp-content\/uploads\/2025\/01\/reuniao-cacs-fundeb-novo.png\",\"width\":800,\"height\":445},{\"@type\":\"WebPage\",\"@id\":\"http:\/\/revistavitrineibiuna.com.br\/?p=32782#webpage\",\"url\":\"http:\/\/revistavitrineibiuna.com.br\/?p=32782\",\"name\":\"IBI\\u00daNA \\u2013 CONSELHOS MUNICIPAIS REQUEREM AUTONOMIA E TRANSPAR\\u00caNCIA - Revista Vitrine Online\",\"isPartOf\":{\"@id\":\"https:\/\/revistavitrineibiuna.com.br\/#website\"},\"primaryImageOfPage\":{\"@id\":\"http:\/\/revistavitrineibiuna.com.br\/?p=32782#primaryimage\"},\"datePublished\":\"2025-01-13T18:11:49+00:00\",\"dateModified\":\"2025-01-13T19:10:21+00:00\",\"breadcrumb\":{\"@id\":\"http:\/\/revistavitrineibiuna.com.br\/?p=32782#breadcrumb\"},\"inLanguage\":\"pt-BR\",\"potentialAction\":[{\"@type\":\"ReadAction\",\"target\":[\"http:\/\/revistavitrineibiuna.com.br\/?p=32782\"]}]},{\"@type\":\"BreadcrumbList\",\"@id\":\"http:\/\/revistavitrineibiuna.com.br\/?p=32782#breadcrumb\",\"itemListElement\":[{\"@type\":\"ListItem\",\"position\":1,\"item\":{\"@type\":\"WebPage\",\"@id\":\"https:\/\/revistavitrineibiuna.com.br\/\",\"url\":\"https:\/\/revistavitrineibiuna.com.br\/\",\"name\":\"In\\u00edcio\"}},{\"@type\":\"ListItem\",\"position\":2,\"item\":{\"@type\":\"WebPage\",\"@id\":\"http:\/\/revistavitrineibiuna.com.br\/?p=32782\",\"url\":\"http:\/\/revistavitrineibiuna.com.br\/?p=32782\",\"name\":\"IBI\\u00daNA \\u2013 CONSELHOS MUNICIPAIS REQUEREM AUTONOMIA E TRANSPAR\\u00caNCIA\"}}]},{\"@type\":\"Article\",\"@id\":\"http:\/\/revistavitrineibiuna.com.br\/?p=32782#article\",\"isPartOf\":{\"@id\":\"http:\/\/revistavitrineibiuna.com.br\/?p=32782#webpage\"},\"author\":{\"@id\":\"https:\/\/revistavitrineibiuna.com.br\/#\/schema\/person\/e51ef49d6d88170ea21ceabff3f73deb\"},\"headline\":\"IBI\\u00daNA \\u2013 CONSELHOS MUNICIPAIS REQUEREM AUTONOMIA E TRANSPAR\\u00caNCIA\",\"datePublished\":\"2025-01-13T18:11:49+00:00\",\"dateModified\":\"2025-01-13T19:10:21+00:00\",\"mainEntityOfPage\":{\"@id\":\"http:\/\/revistavitrineibiuna.com.br\/?p=32782#webpage\"},\"commentCount\":0,\"publisher\":{\"@id\":\"https:\/\/revistavitrineibiuna.com.br\/#\/schema\/person\/e51ef49d6d88170ea21ceabff3f73deb\"},\"image\":{\"@id\":\"http:\/\/revistavitrineibiuna.com.br\/?p=32782#primaryimage\"},\"articleSection\":\"Not\\u00edcias\",\"inLanguage\":\"pt-BR\",\"potentialAction\":[{\"@type\":\"CommentAction\",\"name\":\"Comment\",\"target\":[\"http:\/\/revistavitrineibiuna.com.br\/?p=32782#respond\"]}]},{\"@type\":[\"Person\",\"Organization\"],\"@id\":\"https:\/\/revistavitrineibiuna.com.br\/#\/schema\/person\/e51ef49d6d88170ea21ceabff3f73deb\",\"name\":\"Carlos Rossini\",\"image\":{\"@type\":\"ImageObject\",\"@id\":\"https:\/\/revistavitrineibiuna.com.br\/#personlogo\",\"inLanguage\":\"pt-BR\",\"url\":\"https:\/\/secure.gravatar.com\/avatar\/4f2d0f99fac1f85c7d643f21f5c8d900?s=96&d=mm&r=g\",\"caption\":\"Carlos Rossini\"},\"logo\":{\"@id\":\"https:\/\/revistavitrineibiuna.com.br\/#personlogo\"},\"description\":\"Carlos Rossini \\u00e9 jornalista, soci\\u00f3logo, escritor e professor universit\\u00e1rio, tendo sido professor de jornalismo por vinte anos. Trabalhou em ve\\u00edculos de comunica\\u00e7\\u00e3o nas fun\\u00e7\\u00f5es de rep\\u00f3rter, redator, editor, articulista e colaborador, como Folha de S. Paulo, O Estado de S. Paulo, Di\\u00e1rio Popular, entre outros. Ao transferir a revista vitrine, vers\\u00e3o imprensa, de S\\u00e3o Paulo para Ibi\\u00fana h\\u00e1 alguns anos, iniciou uma nova experi\\u00eancia profissional, dedicando-se ao jornalismo regional, depois de cumprir uma trajet\\u00f3ria bem-sucedida na grande imprensa brasileira. Seu primeiro livro A Coragem de Comunicar foi lan\\u00e7ado na Bienal do Livro em S\\u00e3o Paulo no ano 2000, pela editora Madras.\"}]}<\/script>\n<!-- \/ Yoast SEO plugin. -->","_links":{"self":[{"href":"https:\/\/revistavitrineibiuna.com.br\/index.php?rest_route=\/wp\/v2\/posts\/32782"}],"collection":[{"href":"https:\/\/revistavitrineibiuna.com.br\/index.php?rest_route=\/wp\/v2\/posts"}],"about":[{"href":"https:\/\/revistavitrineibiuna.com.br\/index.php?rest_route=\/wp\/v2\/types\/post"}],"author":[{"embeddable":true,"href":"https:\/\/revistavitrineibiuna.com.br\/index.php?rest_route=\/wp\/v2\/users\/1"}],"replies":[{"embeddable":true,"href":"https:\/\/revistavitrineibiuna.com.br\/index.php?rest_route=%2Fwp%2Fv2%2Fcomments&post=32782"}],"version-history":[{"count":11,"href":"https:\/\/revistavitrineibiuna.com.br\/index.php?rest_route=\/wp\/v2\/posts\/32782\/revisions"}],"predecessor-version":[{"id":32795,"href":"https:\/\/revistavitrineibiuna.com.br\/index.php?rest_route=\/wp\/v2\/posts\/32782\/revisions\/32795"}],"wp:featuredmedia":[{"embeddable":true,"href":"https:\/\/revistavitrineibiuna.com.br\/index.php?rest_route=\/wp\/v2\/media\/32783"}],"wp:attachment":[{"href":"https:\/\/revistavitrineibiuna.com.br\/index.php?rest_route=%2Fwp%2Fv2%2Fmedia&parent=32782"}],"wp:term":[{"taxonomy":"category","embeddable":true,"href":"https:\/\/revistavitrineibiuna.com.br\/index.php?rest_route=%2Fwp%2Fv2%2Fcategories&post=32782"},{"taxonomy":"post_tag","embeddable":true,"href":"https:\/\/revistavitrineibiuna.com.br\/index.php?rest_route=%2Fwp%2Fv2%2Ftags&post=32782"}],"curies":[{"name":"wp","href":"https:\/\/api.w.org\/{rel}","templated":true}]}}