{"id":32796,"date":"2025-01-14T15:09:17","date_gmt":"2025-01-14T18:09:17","guid":{"rendered":"http:\/\/revistavitrineibiuna.com.br\/?p=32796"},"modified":"2025-01-14T23:25:40","modified_gmt":"2025-01-15T02:25:40","slug":"ibiuna-gcm-recupera-os-4-caminhoes-roubados-na-madrugada-de-domingo","status":"publish","type":"post","link":"https:\/\/revistavitrineibiuna.com.br\/?p=32796","title":{"rendered":"IBI\u00daNA \u2013 GCM RECUPERA OS 4 CAMINH\u00d5ES ROUBADOS NA MADRUGADA DE DOMINGO"},"content":{"rendered":"\n<p class=\"has-drop-cap\"><strong>Com base em den\u00fancia an\u00f4nima, a Guarda Municipal de Ibi\u00fana \u2013 GCM recuperou na manh\u00e3 de hoje (14) os quatro caminh\u00f5es que haviam sido roubados na madrugada do \u00faltimo domingo por seis assaltantes.<\/strong><\/p>\n\n\n\n<p><strong>EMPRESAS DE VERDURAS<\/strong><\/p>\n\n\n\n<p><strong>Tr\u00eas deles no p\u00e1tio da Solo Vivo Org\u00e2nicos, no bairro do Paiol Pequeno. Os assaltantes renderam e amarraram o vigia e levaram os caminh\u00f5es. O quarto caminh\u00e3o foi roubado em Vargem Grande da Hortella<\/strong> <strong>Verduras.<\/strong><\/p>\n\n\n\n<p><strong>LADR\u00d5ES ESCONDERAM OS CAMINH\u00d5ES<\/strong><\/p>\n\n\n\n<p><strong>Os quatro caminh\u00f5es se encontravam em um terreno deserto perto de um a\u00e7ude no bairro Sorocamirim e foram vistos por algumas pessoas que passaram ali para pescar. Elas estranharam a presen\u00e7a dos ve\u00edculos e entraram em contato com a GCM, que, imediatamente, se dirigiu ao local.<\/strong><\/p>\n\n\n\n<p><strong>GCM AGIU R\u00c1PIDO<\/strong><\/p>\n\n\n\n<p><strong>Em entrevista \u00e0 TVUNA na manh\u00e3 de hoje, em frente \u00e0 Delegacia de Pol\u00edcia, para onde foram levados os caminh\u00f5es e j\u00e1 devolvidos aos seus propriet\u00e1rios, o GCM Diego Machado, chefe de grupamento, declarou que a institui\u00e7\u00e3o j\u00e1 vinha procurando encontrar os caminh\u00f5es e, ao receber a den\u00fancia, agiu imediatamente.<\/strong><\/p>\n\n\n\n<p><strong>Para o local foram o novo comandante da GCM em Ibi\u00fana, Cesar Siqueira, Diego Machado e outros integrantes da corpora\u00e7\u00e3o. As chaves dos ve\u00edculos foram encontradas, os funcion\u00e1rios das empresas foram chamados para levar os ve\u00edculos at\u00e9 a Delegacia, na avenida S\u00e3o Sebasti\u00e3o.<\/strong><\/p>\n\n\n\n<p><strong>ESTRAT\u00c9GIA DOS ASSALTANTES<\/strong><\/p>\n\n\n\n<p><strong>Machado explicou que o fato de os caminh\u00f5es estarem \u201cescondidos\u201d naquele local \u00e9 um procedimento comum dos ladr\u00f5es que os esconde \u201cat\u00e9 esfriar as buscas\u201d para, depois, levarem para outros locais.<\/strong><\/p>\n\n\n\n<p><strong>Nenhum dos bandidos foi localizado at\u00e9 o momento.<\/strong><\/p>\n\n\n\n<p><strong>PROPRIET\u00c1RIO ELOGIA GCM<\/strong><\/p>\n\n\n\n<p><strong>O propriet\u00e1rio da Solo Vivo, Reginaldo Ant\u00f4nio,  empresa l\u00edder na produ\u00e7\u00e3o de produtos org\u00e2nicos no estado de S\u00e3o Paulo, e novo secret\u00e1rio da Agricultura de Ibi\u00fana, elogiou o empenho dos policiais da GCM em recuperar os tr\u00eas ve\u00edculos avaliados em R$ 700 mil. E assinalou:<\/strong><\/p>\n\n\n\n<p><strong>\u201cEles fizeram um trabalho com not\u00e1vel dedica\u00e7\u00e3o, profissionalismo e compet\u00eancia.\u201d<\/strong><\/p>\n","protected":false},"excerpt":{"rendered":"<p>Com base em den\u00fancia an\u00f4nima, a Guarda Municipal de Ibi\u00fana \u2013 GCM recuperou na manh\u00e3 de hoje (14) os quatro<\/p>\n","protected":false},"author":1,"featured_media":32797,"comment_status":"open","ping_status":"open","sticky":false,"template":"","format":"standard","meta":[],"categories":[3],"tags":[],"yoast_head":"<!-- This site is optimized with the Yoast SEO plugin v15.8 - https:\/\/yoast.com\/wordpress\/plugins\/seo\/ -->\n<title>IBI\u00daNA \u2013 GCM RECUPERA OS 4 CAMINH\u00d5ES ROUBADOS NA MADRUGADA DE DOMINGO - Revista Vitrine Online<\/title>\n<meta name=\"robots\" content=\"index, follow, max-snippet:-1, max-image-preview:large, max-video-preview:-1\" \/>\n<link rel=\"canonical\" href=\"http:\/\/revistavitrineibiuna.com.br\/?p=32796\" \/>\n<meta property=\"og:locale\" content=\"pt_BR\" \/>\n<meta property=\"og:type\" content=\"article\" \/>\n<meta property=\"og:title\" content=\"IBI\u00daNA \u2013 GCM RECUPERA OS 4 CAMINH\u00d5ES ROUBADOS NA MADRUGADA DE DOMINGO - Revista Vitrine Online\" \/>\n<meta property=\"og:description\" content=\"Com base em den\u00fancia an\u00f4nima, a Guarda Municipal de Ibi\u00fana \u2013 GCM recuperou na manh\u00e3 de hoje (14) os quatro\" \/>\n<meta property=\"og:url\" content=\"http:\/\/revistavitrineibiuna.com.br\/?p=32796\" \/>\n<meta property=\"og:site_name\" content=\"Revista Vitrine Online\" \/>\n<meta property=\"article:published_time\" content=\"2025-01-14T18:09:17+00:00\" \/>\n<meta property=\"article:modified_time\" content=\"2025-01-15T02:25:40+00:00\" \/>\n<meta property=\"og:image\" content=\"https:\/\/revistavitrineibiuna.com.br\/wp-content\/uploads\/2025\/01\/caminhoes-recuperados.png\" \/>\n\t<meta property=\"og:image:width\" content=\"1598\" \/>\n\t<meta property=\"og:image:height\" content=\"972\" \/>\n<meta name=\"twitter:card\" content=\"summary\" \/>\n<meta name=\"twitter:label1\" content=\"Est. reading time\">\n\t<meta name=\"twitter:data1\" content=\"2 minutos\">\n<script type=\"application\/ld+json\" class=\"yoast-schema-graph\">{\"@context\":\"https:\/\/schema.org\",\"@graph\":[{\"@type\":\"WebSite\",\"@id\":\"https:\/\/revistavitrineibiuna.com.br\/#website\",\"url\":\"https:\/\/revistavitrineibiuna.com.br\/\",\"name\":\"Revista Vitrine Ibi\\u00fana\",\"description\":\"A Revista de Ibi\\u00fana e Regi\\u00e3o\",\"publisher\":{\"@id\":\"https:\/\/revistavitrineibiuna.com.br\/#\/schema\/person\/e51ef49d6d88170ea21ceabff3f73deb\"},\"potentialAction\":[{\"@type\":\"SearchAction\",\"target\":\"https:\/\/revistavitrineibiuna.com.br\/?s={search_term_string}\",\"query-input\":\"required name=search_term_string\"}],\"inLanguage\":\"pt-BR\"},{\"@type\":\"ImageObject\",\"@id\":\"http:\/\/revistavitrineibiuna.com.br\/?p=32796#primaryimage\",\"inLanguage\":\"pt-BR\",\"url\":\"https:\/\/revistavitrineibiuna.com.br\/wp-content\/uploads\/2025\/01\/caminhoes-recuperados.png\",\"width\":1598,\"height\":972},{\"@type\":\"WebPage\",\"@id\":\"http:\/\/revistavitrineibiuna.com.br\/?p=32796#webpage\",\"url\":\"http:\/\/revistavitrineibiuna.com.br\/?p=32796\",\"name\":\"IBI\\u00daNA \\u2013 GCM RECUPERA OS 4 CAMINH\\u00d5ES ROUBADOS NA MADRUGADA DE DOMINGO - Revista Vitrine Online\",\"isPartOf\":{\"@id\":\"https:\/\/revistavitrineibiuna.com.br\/#website\"},\"primaryImageOfPage\":{\"@id\":\"http:\/\/revistavitrineibiuna.com.br\/?p=32796#primaryimage\"},\"datePublished\":\"2025-01-14T18:09:17+00:00\",\"dateModified\":\"2025-01-15T02:25:40+00:00\",\"breadcrumb\":{\"@id\":\"http:\/\/revistavitrineibiuna.com.br\/?p=32796#breadcrumb\"},\"inLanguage\":\"pt-BR\",\"potentialAction\":[{\"@type\":\"ReadAction\",\"target\":[\"http:\/\/revistavitrineibiuna.com.br\/?p=32796\"]}]},{\"@type\":\"BreadcrumbList\",\"@id\":\"http:\/\/revistavitrineibiuna.com.br\/?p=32796#breadcrumb\",\"itemListElement\":[{\"@type\":\"ListItem\",\"position\":1,\"item\":{\"@type\":\"WebPage\",\"@id\":\"https:\/\/revistavitrineibiuna.com.br\/\",\"url\":\"https:\/\/revistavitrineibiuna.com.br\/\",\"name\":\"In\\u00edcio\"}},{\"@type\":\"ListItem\",\"position\":2,\"item\":{\"@type\":\"WebPage\",\"@id\":\"http:\/\/revistavitrineibiuna.com.br\/?p=32796\",\"url\":\"http:\/\/revistavitrineibiuna.com.br\/?p=32796\",\"name\":\"IBI\\u00daNA \\u2013 GCM RECUPERA OS 4 CAMINH\\u00d5ES ROUBADOS NA MADRUGADA DE DOMINGO\"}}]},{\"@type\":\"Article\",\"@id\":\"http:\/\/revistavitrineibiuna.com.br\/?p=32796#article\",\"isPartOf\":{\"@id\":\"http:\/\/revistavitrineibiuna.com.br\/?p=32796#webpage\"},\"author\":{\"@id\":\"https:\/\/revistavitrineibiuna.com.br\/#\/schema\/person\/e51ef49d6d88170ea21ceabff3f73deb\"},\"headline\":\"IBI\\u00daNA \\u2013 GCM RECUPERA OS 4 CAMINH\\u00d5ES ROUBADOS NA MADRUGADA DE DOMINGO\",\"datePublished\":\"2025-01-14T18:09:17+00:00\",\"dateModified\":\"2025-01-15T02:25:40+00:00\",\"mainEntityOfPage\":{\"@id\":\"http:\/\/revistavitrineibiuna.com.br\/?p=32796#webpage\"},\"commentCount\":0,\"publisher\":{\"@id\":\"https:\/\/revistavitrineibiuna.com.br\/#\/schema\/person\/e51ef49d6d88170ea21ceabff3f73deb\"},\"image\":{\"@id\":\"http:\/\/revistavitrineibiuna.com.br\/?p=32796#primaryimage\"},\"articleSection\":\"Not\\u00edcias\",\"inLanguage\":\"pt-BR\",\"potentialAction\":[{\"@type\":\"CommentAction\",\"name\":\"Comment\",\"target\":[\"http:\/\/revistavitrineibiuna.com.br\/?p=32796#respond\"]}]},{\"@type\":[\"Person\",\"Organization\"],\"@id\":\"https:\/\/revistavitrineibiuna.com.br\/#\/schema\/person\/e51ef49d6d88170ea21ceabff3f73deb\",\"name\":\"Carlos Rossini\",\"image\":{\"@type\":\"ImageObject\",\"@id\":\"https:\/\/revistavitrineibiuna.com.br\/#personlogo\",\"inLanguage\":\"pt-BR\",\"url\":\"https:\/\/secure.gravatar.com\/avatar\/4f2d0f99fac1f85c7d643f21f5c8d900?s=96&d=mm&r=g\",\"caption\":\"Carlos Rossini\"},\"logo\":{\"@id\":\"https:\/\/revistavitrineibiuna.com.br\/#personlogo\"},\"description\":\"Carlos Rossini \\u00e9 jornalista, soci\\u00f3logo, escritor e professor universit\\u00e1rio, tendo sido professor de jornalismo por vinte anos. Trabalhou em ve\\u00edculos de comunica\\u00e7\\u00e3o nas fun\\u00e7\\u00f5es de rep\\u00f3rter, redator, editor, articulista e colaborador, como Folha de S. Paulo, O Estado de S. Paulo, Di\\u00e1rio Popular, entre outros. Ao transferir a revista vitrine, vers\\u00e3o imprensa, de S\\u00e3o Paulo para Ibi\\u00fana h\\u00e1 alguns anos, iniciou uma nova experi\\u00eancia profissional, dedicando-se ao jornalismo regional, depois de cumprir uma trajet\\u00f3ria bem-sucedida na grande imprensa brasileira. Seu primeiro livro A Coragem de Comunicar foi lan\\u00e7ado na Bienal do Livro em S\\u00e3o Paulo no ano 2000, pela editora Madras.\"}]}<\/script>\n<!-- \/ Yoast SEO plugin. -->","_links":{"self":[{"href":"https:\/\/revistavitrineibiuna.com.br\/index.php?rest_route=\/wp\/v2\/posts\/32796"}],"collection":[{"href":"https:\/\/revistavitrineibiuna.com.br\/index.php?rest_route=\/wp\/v2\/posts"}],"about":[{"href":"https:\/\/revistavitrineibiuna.com.br\/index.php?rest_route=\/wp\/v2\/types\/post"}],"author":[{"embeddable":true,"href":"https:\/\/revistavitrineibiuna.com.br\/index.php?rest_route=\/wp\/v2\/users\/1"}],"replies":[{"embeddable":true,"href":"https:\/\/revistavitrineibiuna.com.br\/index.php?rest_route=%2Fwp%2Fv2%2Fcomments&post=32796"}],"version-history":[{"count":10,"href":"https:\/\/revistavitrineibiuna.com.br\/index.php?rest_route=\/wp\/v2\/posts\/32796\/revisions"}],"predecessor-version":[{"id":32809,"href":"https:\/\/revistavitrineibiuna.com.br\/index.php?rest_route=\/wp\/v2\/posts\/32796\/revisions\/32809"}],"wp:featuredmedia":[{"embeddable":true,"href":"https:\/\/revistavitrineibiuna.com.br\/index.php?rest_route=\/wp\/v2\/media\/32797"}],"wp:attachment":[{"href":"https:\/\/revistavitrineibiuna.com.br\/index.php?rest_route=%2Fwp%2Fv2%2Fmedia&parent=32796"}],"wp:term":[{"taxonomy":"category","embeddable":true,"href":"https:\/\/revistavitrineibiuna.com.br\/index.php?rest_route=%2Fwp%2Fv2%2Fcategories&post=32796"},{"taxonomy":"post_tag","embeddable":true,"href":"https:\/\/revistavitrineibiuna.com.br\/index.php?rest_route=%2Fwp%2Fv2%2Ftags&post=32796"}],"curies":[{"name":"wp","href":"https:\/\/api.w.org\/{rel}","templated":true}]}}