{"id":32810,"date":"2025-01-15T22:35:31","date_gmt":"2025-01-16T01:35:31","guid":{"rendered":"http:\/\/revistavitrineibiuna.com.br\/?p=32810"},"modified":"2025-01-16T06:15:25","modified_gmt":"2025-01-16T09:15:25","slug":"ibiuna-ha-33-anos-600-familias-lutam-por-suas-terras-tomadas-pelo-estado","status":"publish","type":"post","link":"https:\/\/revistavitrineibiuna.com.br\/?p=32810","title":{"rendered":"IBI\u00daNA \u2013 H\u00c1 33 ANOS 600 FAM\u00cdLIAS LUTAM POR SUAS TERRAS TOMADAS PELO ESTADO"},"content":{"rendered":"\n<p class=\"has-drop-cap\"><strong>Um decreto assinado pelo governador do estado de S\u00e3o Paulo em 1992, r\u00edgido, injusto e desumano, pelo seus efeitos, caiu como um raio sobre as cabe\u00e7as das mais de 600 fam\u00edlias, pessoas nativas, que habitavam h\u00e1 v\u00e1rias gera\u00e7\u00f5es uma extensa \u00e1rea no munic\u00edpio de Ibi\u00fana, pr\u00f3xima \u00e0s encostas da serra do mar<\/strong>, <strong>no litoral sul paulista.<\/strong><\/p>\n\n\n\n<p><strong>Com uma simples canetada, no conforto do gabinete e distante da realidade social e econ\u00f4mica, essas fam\u00edlias, que detinham t\u00edtulo de propriedade, pagavam impostos, produziam alimentos e criavam animais para seu sustento come\u00e7aram a ser tratadas como invasoras e expulsas dessa regi\u00e3o, e suas casas demolidas impiedosamente.<\/strong><\/p>\n\n\n\n<p><strong>Esse \u00e9 o cen\u00e1rio da realidade descrita tanto pela AJA, associa\u00e7\u00e3o criada para defend\u00ea-los, quanto pelos pr\u00f3prios indiv\u00edduos diretamente afetados pelo decreto.<\/strong><\/p>\n\n\n\n<p><strong>PROTE\u00c7\u00c3O E DIREITOS FUNDAMENTAIS<\/strong><\/p>\n\n\n\n<p><strong>Nada contra criar uma \u00e1rea de prote\u00e7\u00e3o ambiental para impedir a\u00e7\u00f5es de ca\u00e7adores, predadores, palmiteiros, etc., mas desde que sejam respeitados os direitos fundamentais das fam\u00edlias que ali habitavam por longo per\u00edodo hist\u00f3rico<\/strong> <strong>e v\u00e1rias gera\u00e7\u00f5es.<\/strong><\/p>\n\n\n\n<p><strong>O referido decreto criou uma \u00e1rea de preserva\u00e7\u00e3o ambiental com 26.250,47 hectares, o Parque Estadual do Jurupar\u00e1 \u2013 PEJU, onde se encontram represas e quatro usinas de produ\u00e7\u00e3o de energia el\u00e9trica da Companhia Brasileira de Alum\u00ednio &#8211; CBA e se coleta \u00e1gua para abastecer diversas cidades da grande S\u00e3o Paulo.<\/strong><\/p>\n\n\n\n<p><strong>A maior parte dessa imensa \u00e1rea [98%] se localiza em territ\u00f3rio ibiunense, e o restante 2% no vizinho munic\u00edpio de Piedade.<\/strong><\/p>\n\n\n\n<figure class=\"wp-block-image size-large\"><img loading=\"lazy\" width=\"709\" height=\"404\" src=\"https:\/\/revistavitrineibiuna.com.br\/wp-content\/uploads\/2025\/01\/Casa-demolida-1.png\" alt=\"\" class=\"wp-image-32816\" srcset=\"https:\/\/revistavitrineibiuna.com.br\/wp-content\/uploads\/2025\/01\/Casa-demolida-1.png 709w, https:\/\/revistavitrineibiuna.com.br\/wp-content\/uploads\/2025\/01\/Casa-demolida-1-300x171.png 300w\" sizes=\"(max-width: 709px) 100vw, 709px\" \/><figcaption>V\u00e1rias casas foram demolidas, depois que seus propriet\u00e1rios foram obrigados a abandon\u00e1-las; algumas est\u00e3o encobertas pela mata<\/figcaption><\/figure>\n\n\n\n<p><strong>Solid\u00e1rios no sofrimento cruel que j\u00e1 dura trinta e tr\u00eas anos, os moradores dessa regi\u00e3o se uniram em uma associa\u00e7\u00e3o que vem bravamente buscando as autoridades para que a justi\u00e7a seja feita, em dois termos poss\u00edveis: ou os indenizem nos devidos valores ou lhes devolvam as terras e os bens [casas] destru\u00eddos pela for\u00e7a da autoridade.<\/strong><\/p>\n\n\n\n<p><strong>&#8220;A VERDADE EST\u00c1 DO NOSSO LADO&#8221;<\/strong><\/p>\n\n\n\n<p><strong>No dia 23 de setembro de 2023, vitrine online publicou entrevista com o presidente da AJA, Marcos Adelino [ele n\u00e3o pode participar da visita do dia 9, por ocasi\u00e3o da visita do deputado estadual do partido Republicanos] em que ele afirmou: &#8220;A verdade est\u00e1 do nosso lado e que Deus aben\u00e7oe nossa luta&#8221;. No dia 27, Avelino foi entrevistado pela TVUNA. <\/strong><\/p>\n\n\n\n<p><strong>Perguntado qual o maior desafio enfrentado, respondeu: &#8220;O principal desafio da comunidade \u00e9 que o Estado reconhe\u00e7a a legitimidade dos t\u00edtulos que o pr\u00f3prio Estado havia reconhecido oficialmente e reclassifique o Parque compat\u00edvel com a presen\u00e7a humana. Porque tem presen\u00e7a humana ali desde 1850. N\u00e3o adianta criar uma unidade de conserva\u00e7\u00e3o n\u00e3o levando em conta a ocupa\u00e7\u00e3o que j\u00e1 existia.&#8221;<\/strong><\/p>\n\n\n\n<figure class=\"wp-block-image size-large\"><img loading=\"lazy\" width=\"717\" height=\"470\" src=\"https:\/\/revistavitrineibiuna.com.br\/wp-content\/uploads\/2025\/01\/casa-demolida-3.png\" alt=\"\" class=\"wp-image-32818\" srcset=\"https:\/\/revistavitrineibiuna.com.br\/wp-content\/uploads\/2025\/01\/casa-demolida-3.png 717w, https:\/\/revistavitrineibiuna.com.br\/wp-content\/uploads\/2025\/01\/casa-demolida-3-300x197.png 300w\" sizes=\"(max-width: 717px) 100vw, 717px\" \/><figcaption>A imagem provoca um sentimento do que ter\u00e3o sentido as pessoas que sonharam em constru\u00ed-la e ali viver<\/figcaption><\/figure>\n\n\n\n<figure class=\"wp-block-image size-large\"><img loading=\"lazy\" width=\"717\" height=\"401\" src=\"https:\/\/revistavitrineibiuna.com.br\/wp-content\/uploads\/2025\/01\/casa-demolida-2.png\" alt=\"\" class=\"wp-image-32821\" srcset=\"https:\/\/revistavitrineibiuna.com.br\/wp-content\/uploads\/2025\/01\/casa-demolida-2.png 717w, https:\/\/revistavitrineibiuna.com.br\/wp-content\/uploads\/2025\/01\/casa-demolida-2-300x168.png 300w\" sizes=\"(max-width: 717px) 100vw, 717px\" \/><figcaption>Uma casa cujas ru\u00ednas revelam o gosto com que foi constru\u00edda e deixada ao abandono<\/figcaption><\/figure>\n\n\n\n<p><strong>UMA CAUSA JUSTA<\/strong><\/p>\n\n\n\n<p><strong>Vitrine online, a revista eletr\u00f4nica, e, mais recentemente, a TVUNA, a TV de Ibi\u00fana, por um longo per\u00edodo procuraram entender o sentido de algumas manifesta\u00e7\u00f5es daquele povo em frente ao F\u00f3rum da Comarca de Ibi\u00fana e em frente ao pr\u00e9dio da Justi\u00e7a em Sorocaba, pois a situa\u00e7\u00e3o aparece como extremamente complexa.<\/strong> <strong>Em 2021, foi criada na C\u00e2mara Municipal de Ibi\u00fana, com destacada participa\u00e7\u00e3o do ex-vereador Lino J\u00fanior, a Comiss\u00e3o Especial de Vereadores &#8212; CEV<\/strong> <strong>para apoiar a causa das fam\u00edlias. <\/strong><\/p>\n\n\n\n<p><strong>Mas, conhecendo de perto [visitamos a regi\u00e3o em duas oportunidades] decidiram encampar essa causa, exatamente pelo que ela tem de justa, humana e necess\u00e1ria.<\/strong><\/p>\n\n\n\n<p><strong>Gradualmente, compreendida a realidade dos fatos, apoiadores est\u00e3o aderindo a esse movimento em defesa dos direitos dessas fam\u00edlias que se dispersaram como uma di\u00e1spora cabocla.<\/strong><\/p>\n\n\n\n<p><strong>H\u00e1 sinais promissores de que, devidamente informado, o governador do estado de S\u00e3o Paulo, Tarc\u00edsio de Freitas, se sensibilize com a narrativa de parlamentares e assuma uma atitude que venha a estabelecer uma condi\u00e7\u00e3o de justi\u00e7a de fato e de direito.<\/strong><\/p>\n\n\n\n<figure class=\"wp-block-image size-large\"><img loading=\"lazy\" width=\"718\" height=\"471\" src=\"https:\/\/revistavitrineibiuna.com.br\/wp-content\/uploads\/2025\/01\/deputado-e-raimundo.png\" alt=\"\" class=\"wp-image-32825\" srcset=\"https:\/\/revistavitrineibiuna.com.br\/wp-content\/uploads\/2025\/01\/deputado-e-raimundo.png 718w, https:\/\/revistavitrineibiuna.com.br\/wp-content\/uploads\/2025\/01\/deputado-e-raimundo-300x197.png 300w\" sizes=\"(max-width: 718px) 100vw, 718px\" \/><figcaption>Simpatic\u00e3o e simples no jeito de falar, o deputado Vit\u00e3o do Cachorr\u00e3o aponta para uma casa demolida; ao fundo, Raimundo Costa, figura popular no bairro do Salto<\/figcaption><\/figure>\n\n\n\n<p><strong>No dia 9 de janeiro, o deputado estadual Vitor Alexandre Rodrigues, 47, [Vit\u00e3o do Cachorr\u00e3o, assim apelidado por vender cachorro quente em Sorocaba, onde foi eleito o vereador mais votado em 2020], recebido na cidade de Ibi\u00fana pela ex-secret\u00e1ria de Cultura e Turismo, Sakura Nanni, visitou e permaneceu a regi\u00e3o do Jurupar\u00e1 por v\u00e1rias horas. Com jeit\u00e3o bem popular e simples, conversou com as pessoas atingidas, e assegurou que ir\u00e1 pedir diretamente que o governador receba e ou\u00e7a os representantes dessa importante causa.<\/strong><\/p>\n\n\n\n<p><strong>O presidente do Sindicato dos Trabalhadores Rurais de Ibi\u00fana, Francisco Edivan Pereira, tamb\u00e9m acompanhou a visita e participou da reuni\u00e3o entre o deputado e a popula\u00e7\u00e3o em frente a um armaz\u00e9m do Raimundo na beira da estrada, no bairro do Salto, que conduz \u00e0 uma entrada do Parque Jurupar\u00e1 em Itaguapeva. Ele \u00e9 um dos fundadores da primeira associa\u00e7\u00e3o criada para defender as fam\u00edlias atingidas pelo decreto governamental.<\/strong><\/p>\n\n\n\n<p><strong>TVUNA e vitrine online igualmente pediram ao novo prefeito de Ibi\u00fana [tamb\u00e9m do Republicanos], M\u00e1rio Pires que agendasse uma audi\u00eancia &nbsp;entre os representantes da Associa\u00e7\u00e3o dos Moradores e Sitiantes do Jurupar\u00e1 e Adjac\u00eancias \u2013 AJA Sustent\u00e1vel e o governador. O que n\u00e3o falta \u00e9 f\u00e9 e esperan\u00e7a!<\/strong><\/p>\n\n\n\n<p><strong>UMA CAMPANHA<\/strong><\/p>\n\n\n\n<p><strong>Quem acompanha a TVUNA e vitrine online sabe que ambos os ve\u00edculos de imprensa iniciaram uma campanha, com a publica\u00e7\u00e3o de uma s\u00e9rie de not\u00edcias em defesa da popula\u00e7\u00e3o atingida.<\/strong><\/p>\n\n\n\n<p><strong>A AJA vem fazendo um trabalho de conscientiza\u00e7\u00e3o em que ficou claro que, ao inv\u00e9s de serem invasores e simples usu\u00e1rios das terras da regi\u00e3o, na verdade s\u00e3o a maior garantia de uma solu\u00e7\u00e3o sustent\u00e1vel, j\u00e1 que todos eles sabem, como j\u00e1 vinha acontecendo h\u00e1 v\u00e1rias gera\u00e7\u00f5es, que respeitar a natureza est\u00e1 diretamente ligado \u00e0 sua sobreviv\u00eancia.<\/strong><\/p>\n\n\n\n<p><strong>O tema dessa s\u00e9rie de not\u00edcias por meio de v\u00eddeos gravados na regi\u00e3o do parque \u00e9 SOS JURUPAR\u00c1 \u2013 O DIREITO \u00c0 TERRA<\/strong>.<\/p>\n\n\n\n<figure class=\"wp-block-image size-large\"><img loading=\"lazy\" width=\"1024\" height=\"576\" src=\"https:\/\/revistavitrineibiuna.com.br\/wp-content\/uploads\/2025\/01\/c662c49f-ae25-4907-8221-fdb19ece390d-1024x576.jpg\" alt=\"\" class=\"wp-image-32834\" srcset=\"https:\/\/revistavitrineibiuna.com.br\/wp-content\/uploads\/2025\/01\/c662c49f-ae25-4907-8221-fdb19ece390d-1024x576.jpg 1024w, https:\/\/revistavitrineibiuna.com.br\/wp-content\/uploads\/2025\/01\/c662c49f-ae25-4907-8221-fdb19ece390d-300x169.jpg 300w, https:\/\/revistavitrineibiuna.com.br\/wp-content\/uploads\/2025\/01\/c662c49f-ae25-4907-8221-fdb19ece390d-768x432.jpg 768w, https:\/\/revistavitrineibiuna.com.br\/wp-content\/uploads\/2025\/01\/c662c49f-ae25-4907-8221-fdb19ece390d-1536x864.jpg 1536w, https:\/\/revistavitrineibiuna.com.br\/wp-content\/uploads\/2025\/01\/c662c49f-ae25-4907-8221-fdb19ece390d.jpg 1600w\" sizes=\"(max-width: 1024px) 100vw, 1024px\" \/><\/figure>\n\n\n\n<p>A <strong>HORA DA VERDADE, pelo que se observa, depois de tanta dor e sofrimento das fam\u00edlias atingidas, parece estar chegando, raz\u00e3o por que a uni\u00e3o entre as pessoas est\u00e1 tendo um novo alento, e a esperan\u00e7a de que a justi\u00e7a se far\u00e1 parece estar cada vez mais pr\u00f3xima da realidade.<\/strong><\/p>\n\n\n\n<p><strong>Tardia, no entanto, para aqueles, que, passado tanto tempo, morreram, possivelmente tomados pela tristeza de terem perdido seus bens conseguidos e mantidos com tanto sacrif\u00edcio.<\/strong><\/p>\n\n\n\n<figure class=\"wp-block-image size-large\"><img loading=\"lazy\" width=\"717\" height=\"404\" src=\"https:\/\/revistavitrineibiuna.com.br\/wp-content\/uploads\/2025\/01\/ajuda-nois-governador.png\" alt=\"\" class=\"wp-image-32828\" srcset=\"https:\/\/revistavitrineibiuna.com.br\/wp-content\/uploads\/2025\/01\/ajuda-nois-governador.png 717w, https:\/\/revistavitrineibiuna.com.br\/wp-content\/uploads\/2025\/01\/ajuda-nois-governador-300x169.png 300w\" sizes=\"(max-width: 717px) 100vw, 717px\" \/><figcaption>No meio do povo, Vit\u00e3o do Cachorr\u00e3o puxa o coro: &#8220;Ajuda <em>n\u00f3is<\/em>, governador!&#8221;<\/figcaption><\/figure>\n\n\n\n<p><strong>Nota da Reda\u00e7\u00e3o: a foto de abertura desta not\u00edcia mostra moradores que tiveram que abandonar suas propriedades ou foram intimados a faz\u00e2-lo no Parque Estadual do Jurupar\u00e1. Identifica\u00e7\u00e3o da esquerda para a direita: Glorinha, Jo\u00e3o Francisco, Davi Cardoso, Avelina, Jandira, Raimundo, Hor\u00e1cia [97 anos].<\/strong><\/p>\n","protected":false},"excerpt":{"rendered":"<p>Um decreto assinado pelo governador do estado de S\u00e3o Paulo em 1992, r\u00edgido, injusto e desumano, pelo seus efeitos, caiu<\/p>\n","protected":false},"author":1,"featured_media":32811,"comment_status":"open","ping_status":"open","sticky":false,"template":"","format":"standard","meta":[],"categories":[3],"tags":[],"yoast_head":"<!-- This site is optimized with the Yoast SEO plugin v15.8 - https:\/\/yoast.com\/wordpress\/plugins\/seo\/ -->\n<title>IBI\u00daNA \u2013 H\u00c1 33 ANOS 600 FAM\u00cdLIAS LUTAM POR SUAS TERRAS TOMADAS PELO ESTADO - Revista Vitrine Online<\/title>\n<meta name=\"robots\" content=\"index, follow, max-snippet:-1, max-image-preview:large, max-video-preview:-1\" \/>\n<link rel=\"canonical\" href=\"https:\/\/revistavitrineibiuna.com.br\/?p=32810\" \/>\n<meta property=\"og:locale\" content=\"pt_BR\" \/>\n<meta property=\"og:type\" content=\"article\" \/>\n<meta property=\"og:title\" content=\"IBI\u00daNA \u2013 H\u00c1 33 ANOS 600 FAM\u00cdLIAS LUTAM POR SUAS TERRAS TOMADAS PELO ESTADO - Revista Vitrine Online\" \/>\n<meta property=\"og:description\" content=\"Um decreto assinado pelo governador do estado de S\u00e3o Paulo em 1992, r\u00edgido, injusto e desumano, pelo seus efeitos, caiu\" \/>\n<meta property=\"og:url\" content=\"https:\/\/revistavitrineibiuna.com.br\/?p=32810\" \/>\n<meta property=\"og:site_name\" content=\"Revista Vitrine Online\" \/>\n<meta property=\"article:published_time\" content=\"2025-01-16T01:35:31+00:00\" \/>\n<meta property=\"article:modified_time\" content=\"2025-01-16T09:15:25+00:00\" \/>\n<meta property=\"og:image\" content=\"https:\/\/revistavitrineibiuna.com.br\/wp-content\/uploads\/2025\/01\/rostos-1024x512.png\" \/>\n\t<meta property=\"og:image:width\" content=\"1024\" \/>\n\t<meta property=\"og:image:height\" content=\"512\" \/>\n<meta name=\"twitter:card\" content=\"summary\" \/>\n<meta name=\"twitter:label1\" content=\"Est. reading time\">\n\t<meta name=\"twitter:data1\" content=\"7 minutos\">\n<script type=\"application\/ld+json\" class=\"yoast-schema-graph\">{\"@context\":\"https:\/\/schema.org\",\"@graph\":[{\"@type\":\"WebSite\",\"@id\":\"https:\/\/revistavitrineibiuna.com.br\/#website\",\"url\":\"https:\/\/revistavitrineibiuna.com.br\/\",\"name\":\"Revista Vitrine Ibi\\u00fana\",\"description\":\"A Revista de Ibi\\u00fana e Regi\\u00e3o\",\"publisher\":{\"@id\":\"https:\/\/revistavitrineibiuna.com.br\/#\/schema\/person\/e51ef49d6d88170ea21ceabff3f73deb\"},\"potentialAction\":[{\"@type\":\"SearchAction\",\"target\":\"https:\/\/revistavitrineibiuna.com.br\/?s={search_term_string}\",\"query-input\":\"required name=search_term_string\"}],\"inLanguage\":\"pt-BR\"},{\"@type\":\"ImageObject\",\"@id\":\"https:\/\/revistavitrineibiuna.com.br\/?p=32810#primaryimage\",\"inLanguage\":\"pt-BR\",\"url\":\"https:\/\/revistavitrineibiuna.com.br\/wp-content\/uploads\/2025\/01\/rostos.png\",\"width\":1600,\"height\":800},{\"@type\":\"WebPage\",\"@id\":\"https:\/\/revistavitrineibiuna.com.br\/?p=32810#webpage\",\"url\":\"https:\/\/revistavitrineibiuna.com.br\/?p=32810\",\"name\":\"IBI\\u00daNA \\u2013 H\\u00c1 33 ANOS 600 FAM\\u00cdLIAS LUTAM POR SUAS TERRAS TOMADAS PELO ESTADO - Revista Vitrine Online\",\"isPartOf\":{\"@id\":\"https:\/\/revistavitrineibiuna.com.br\/#website\"},\"primaryImageOfPage\":{\"@id\":\"https:\/\/revistavitrineibiuna.com.br\/?p=32810#primaryimage\"},\"datePublished\":\"2025-01-16T01:35:31+00:00\",\"dateModified\":\"2025-01-16T09:15:25+00:00\",\"breadcrumb\":{\"@id\":\"https:\/\/revistavitrineibiuna.com.br\/?p=32810#breadcrumb\"},\"inLanguage\":\"pt-BR\",\"potentialAction\":[{\"@type\":\"ReadAction\",\"target\":[\"https:\/\/revistavitrineibiuna.com.br\/?p=32810\"]}]},{\"@type\":\"BreadcrumbList\",\"@id\":\"https:\/\/revistavitrineibiuna.com.br\/?p=32810#breadcrumb\",\"itemListElement\":[{\"@type\":\"ListItem\",\"position\":1,\"item\":{\"@type\":\"WebPage\",\"@id\":\"https:\/\/revistavitrineibiuna.com.br\/\",\"url\":\"https:\/\/revistavitrineibiuna.com.br\/\",\"name\":\"In\\u00edcio\"}},{\"@type\":\"ListItem\",\"position\":2,\"item\":{\"@type\":\"WebPage\",\"@id\":\"https:\/\/revistavitrineibiuna.com.br\/?p=32810\",\"url\":\"https:\/\/revistavitrineibiuna.com.br\/?p=32810\",\"name\":\"IBI\\u00daNA \\u2013 H\\u00c1 33 ANOS 600 FAM\\u00cdLIAS LUTAM POR SUAS TERRAS TOMADAS PELO ESTADO\"}}]},{\"@type\":\"Article\",\"@id\":\"https:\/\/revistavitrineibiuna.com.br\/?p=32810#article\",\"isPartOf\":{\"@id\":\"https:\/\/revistavitrineibiuna.com.br\/?p=32810#webpage\"},\"author\":{\"@id\":\"https:\/\/revistavitrineibiuna.com.br\/#\/schema\/person\/e51ef49d6d88170ea21ceabff3f73deb\"},\"headline\":\"IBI\\u00daNA \\u2013 H\\u00c1 33 ANOS 600 FAM\\u00cdLIAS LUTAM POR SUAS TERRAS TOMADAS PELO ESTADO\",\"datePublished\":\"2025-01-16T01:35:31+00:00\",\"dateModified\":\"2025-01-16T09:15:25+00:00\",\"mainEntityOfPage\":{\"@id\":\"https:\/\/revistavitrineibiuna.com.br\/?p=32810#webpage\"},\"commentCount\":0,\"publisher\":{\"@id\":\"https:\/\/revistavitrineibiuna.com.br\/#\/schema\/person\/e51ef49d6d88170ea21ceabff3f73deb\"},\"image\":{\"@id\":\"https:\/\/revistavitrineibiuna.com.br\/?p=32810#primaryimage\"},\"articleSection\":\"Not\\u00edcias\",\"inLanguage\":\"pt-BR\",\"potentialAction\":[{\"@type\":\"CommentAction\",\"name\":\"Comment\",\"target\":[\"https:\/\/revistavitrineibiuna.com.br\/?p=32810#respond\"]}]},{\"@type\":[\"Person\",\"Organization\"],\"@id\":\"https:\/\/revistavitrineibiuna.com.br\/#\/schema\/person\/e51ef49d6d88170ea21ceabff3f73deb\",\"name\":\"Carlos Rossini\",\"image\":{\"@type\":\"ImageObject\",\"@id\":\"https:\/\/revistavitrineibiuna.com.br\/#personlogo\",\"inLanguage\":\"pt-BR\",\"url\":\"https:\/\/secure.gravatar.com\/avatar\/4f2d0f99fac1f85c7d643f21f5c8d900?s=96&d=mm&r=g\",\"caption\":\"Carlos Rossini\"},\"logo\":{\"@id\":\"https:\/\/revistavitrineibiuna.com.br\/#personlogo\"},\"description\":\"Carlos Rossini \\u00e9 jornalista, soci\\u00f3logo, escritor e professor universit\\u00e1rio, tendo sido professor de jornalismo por vinte anos. Trabalhou em ve\\u00edculos de comunica\\u00e7\\u00e3o nas fun\\u00e7\\u00f5es de rep\\u00f3rter, redator, editor, articulista e colaborador, como Folha de S. Paulo, O Estado de S. Paulo, Di\\u00e1rio Popular, entre outros. Ao transferir a revista vitrine, vers\\u00e3o imprensa, de S\\u00e3o Paulo para Ibi\\u00fana h\\u00e1 alguns anos, iniciou uma nova experi\\u00eancia profissional, dedicando-se ao jornalismo regional, depois de cumprir uma trajet\\u00f3ria bem-sucedida na grande imprensa brasileira. Seu primeiro livro A Coragem de Comunicar foi lan\\u00e7ado na Bienal do Livro em S\\u00e3o Paulo no ano 2000, pela editora Madras.\"}]}<\/script>\n<!-- \/ Yoast SEO plugin. -->","_links":{"self":[{"href":"https:\/\/revistavitrineibiuna.com.br\/index.php?rest_route=\/wp\/v2\/posts\/32810"}],"collection":[{"href":"https:\/\/revistavitrineibiuna.com.br\/index.php?rest_route=\/wp\/v2\/posts"}],"about":[{"href":"https:\/\/revistavitrineibiuna.com.br\/index.php?rest_route=\/wp\/v2\/types\/post"}],"author":[{"embeddable":true,"href":"https:\/\/revistavitrineibiuna.com.br\/index.php?rest_route=\/wp\/v2\/users\/1"}],"replies":[{"embeddable":true,"href":"https:\/\/revistavitrineibiuna.com.br\/index.php?rest_route=%2Fwp%2Fv2%2Fcomments&post=32810"}],"version-history":[{"count":37,"href":"https:\/\/revistavitrineibiuna.com.br\/index.php?rest_route=\/wp\/v2\/posts\/32810\/revisions"}],"predecessor-version":[{"id":32874,"href":"https:\/\/revistavitrineibiuna.com.br\/index.php?rest_route=\/wp\/v2\/posts\/32810\/revisions\/32874"}],"wp:featuredmedia":[{"embeddable":true,"href":"https:\/\/revistavitrineibiuna.com.br\/index.php?rest_route=\/wp\/v2\/media\/32811"}],"wp:attachment":[{"href":"https:\/\/revistavitrineibiuna.com.br\/index.php?rest_route=%2Fwp%2Fv2%2Fmedia&parent=32810"}],"wp:term":[{"taxonomy":"category","embeddable":true,"href":"https:\/\/revistavitrineibiuna.com.br\/index.php?rest_route=%2Fwp%2Fv2%2Fcategories&post=32810"},{"taxonomy":"post_tag","embeddable":true,"href":"https:\/\/revistavitrineibiuna.com.br\/index.php?rest_route=%2Fwp%2Fv2%2Ftags&post=32810"}],"curies":[{"name":"wp","href":"https:\/\/api.w.org\/{rel}","templated":true}]}}