{"id":32875,"date":"2025-01-16T21:25:07","date_gmt":"2025-01-17T00:25:07","guid":{"rendered":"http:\/\/revistavitrineibiuna.com.br\/?p=32875"},"modified":"2025-01-16T21:58:34","modified_gmt":"2025-01-17T00:58:34","slug":"ibiuna-lamacal-na-estrada-desvio-da-ponte-interditada-aflige-usuarios","status":"publish","type":"post","link":"https:\/\/revistavitrineibiuna.com.br\/?p=32875","title":{"rendered":"IBI\u00daNA \u2013 LAMA\u00c7AL NA ESTRADA-DESVIO DA PONTE INTERDITADA AFLIGE USU\u00c1RIOS"},"content":{"rendered":"\n<p class=\"has-drop-cap\">Os tormentos provocados na vida cotidiana das pessoas, depois da interdi\u00e7\u00e3o da ponte estreita sobre o Rio Sorocaba, no dia 27 de dezembro, na estrada que liga Ibi\u00fana a Mairinque, hoje (16) se intensificaram ainda mais, devido \u00e0 ocorr\u00eancia de chuva.<\/p>\n\n\n\n<p>Coberta de lama, escorregadia, a estrada-desvio mais pr\u00f3xima da cidade de Ibi\u00fana fez com que v\u00e1rios ve\u00edculos ficassem imobilizados, ou tivessem  que ser rebocados por tratores ou, ainda, em caso de n\u00e3o terem conseguido completar subidas, parassem no caminho. At\u00e9 mesmo motociclistas tiveram que descer e empurrar seus ve\u00edculos a p\u00e9.<\/p>\n\n\n\n<p>\u201cAgora est\u00e1 pior\u201d, comentou uma moradora no bairro Dois C\u00f3rregos, depois de ver a postagem da TVUNA no storie.<\/p>\n\n\n\n<figure class=\"wp-block-image size-large\"><img loading=\"lazy\" width=\"716\" height=\"466\" src=\"https:\/\/revistavitrineibiuna.com.br\/wp-content\/uploads\/2025\/01\/LAMA-2.png\" alt=\"\" class=\"wp-image-32879\" srcset=\"https:\/\/revistavitrineibiuna.com.br\/wp-content\/uploads\/2025\/01\/LAMA-2.png 716w, https:\/\/revistavitrineibiuna.com.br\/wp-content\/uploads\/2025\/01\/LAMA-2-300x195.png 300w\" sizes=\"(max-width: 716px) 100vw, 716px\" \/><figcaption>Mesmo um carro alto e potente teve dificuldade para subir a estrada escorregadia<\/figcaption><\/figure>\n\n\n\n<p>Para algumas pessoas, a situa\u00e7\u00e3o \u00e9 ainda mais aflitiva quando envolve quest\u00e3o de sa\u00fade. Pelo menos uma pessoa se queixou que um parente precisa receber oxig\u00eanio no Hospital Municipal de Ibi\u00fana.<\/p>\n\n\n\n<p>Uma jovem que trabalha nas proximidades da avenida S\u00e3o Sebasti\u00e3o, em Ibi\u00fana, tem vindo a p\u00e9 para a cidade desde o bairro Dois C\u00f3rregos, perguntou:<\/p>\n\n\n\n<p>\u201cQuando a ponte vai ser liberada?\u201d<\/p>\n\n\n\n<figure class=\"wp-block-image size-large\"><img loading=\"lazy\" width=\"717\" height=\"486\" src=\"https:\/\/revistavitrineibiuna.com.br\/wp-content\/uploads\/2025\/01\/LAMA-4.png\" alt=\"\" class=\"wp-image-32881\" srcset=\"https:\/\/revistavitrineibiuna.com.br\/wp-content\/uploads\/2025\/01\/LAMA-4.png 717w, https:\/\/revistavitrineibiuna.com.br\/wp-content\/uploads\/2025\/01\/LAMA-4-300x203.png 300w\" sizes=\"(max-width: 717px) 100vw, 717px\" \/><figcaption>Motociclista teve que descer do ve\u00edculo e empurr\u00e1-lo por conta da subida e estrada escorregadia<\/figcaption><\/figure>\n\n\n\n<p>A prefeitura de Ibi\u00fana havia mostrado em v\u00eddeo que a estrada, j\u00e1 em condi\u00e7\u00f5es prec\u00e1rias, come\u00e7ava a receber reparos em alguns trechos com uso de tratores e coloca\u00e7\u00e3o de pedras. Ela liga o bairro de Dois C\u00f3rregos, em Ibi\u00fana, \u00e0 Rodovia Quintino de Lima, j\u00e1 em territ\u00f3rio sanroquense.<\/p>\n\n\n\n<p>Essa alternativa \u00e9 a mais pr\u00f3xima para quem segue em dire\u00e7\u00e3o ao centro de Ibi\u00fana ou vice-versa ou se dirige para a cidade de Mairinque.<\/p>\n\n\n\n<p>No trecho ibiunense ela recebe o nome de Estrada do An\u00edbal e, no de S\u00e3o Roque, Estrada dos Godinhos, com entrada e sa\u00edda pela Ch\u00e1cara das Flores, numa extens\u00e3o total de 12 km, pr\u00f3ximo ao bairro do Paiol Pequeno.<\/p>\n\n\n\n<figure class=\"wp-block-image size-large\"><img loading=\"lazy\" width=\"717\" height=\"434\" src=\"https:\/\/revistavitrineibiuna.com.br\/wp-content\/uploads\/2025\/01\/LAMA-3.png\" alt=\"\" class=\"wp-image-32885\" srcset=\"https:\/\/revistavitrineibiuna.com.br\/wp-content\/uploads\/2025\/01\/LAMA-3.png 717w, https:\/\/revistavitrineibiuna.com.br\/wp-content\/uploads\/2025\/01\/LAMA-3-300x182.png 300w\" sizes=\"(max-width: 717px) 100vw, 717px\" \/><figcaption>A companheira do motorista do fusquinha desceu e tentou orient\u00e1-lo para escapar do atolamento<\/figcaption><\/figure>\n","protected":false},"excerpt":{"rendered":"<p>Os tormentos provocados na vida cotidiana das pessoas, depois da interdi\u00e7\u00e3o da ponte estreita sobre o Rio Sorocaba, no dia<\/p>\n","protected":false},"author":1,"featured_media":32876,"comment_status":"open","ping_status":"open","sticky":false,"template":"","format":"standard","meta":[],"categories":[3],"tags":[],"yoast_head":"<!-- This site is optimized with the Yoast SEO plugin v15.8 - https:\/\/yoast.com\/wordpress\/plugins\/seo\/ -->\n<title>IBI\u00daNA \u2013 LAMA\u00c7AL NA ESTRADA-DESVIO DA PONTE INTERDITADA AFLIGE USU\u00c1RIOS - Revista Vitrine Online<\/title>\n<meta name=\"robots\" content=\"index, follow, max-snippet:-1, max-image-preview:large, max-video-preview:-1\" \/>\n<link rel=\"canonical\" href=\"https:\/\/revistavitrineibiuna.com.br\/?p=32875\" \/>\n<meta property=\"og:locale\" content=\"pt_BR\" \/>\n<meta property=\"og:type\" content=\"article\" \/>\n<meta property=\"og:title\" content=\"IBI\u00daNA \u2013 LAMA\u00c7AL NA ESTRADA-DESVIO DA PONTE INTERDITADA AFLIGE USU\u00c1RIOS - Revista Vitrine Online\" \/>\n<meta property=\"og:description\" content=\"Os tormentos provocados na vida cotidiana das pessoas, depois da interdi\u00e7\u00e3o da ponte estreita sobre o Rio Sorocaba, no dia\" \/>\n<meta property=\"og:url\" content=\"https:\/\/revistavitrineibiuna.com.br\/?p=32875\" \/>\n<meta property=\"og:site_name\" content=\"Revista Vitrine Online\" \/>\n<meta property=\"article:published_time\" content=\"2025-01-17T00:25:07+00:00\" \/>\n<meta property=\"article:modified_time\" content=\"2025-01-17T00:58:34+00:00\" \/>\n<meta property=\"og:image\" content=\"https:\/\/revistavitrineibiuna.com.br\/wp-content\/uploads\/2025\/01\/ESTRADA-LAMA-1.png\" \/>\n\t<meta property=\"og:image:width\" content=\"719\" \/>\n\t<meta property=\"og:image:height\" content=\"460\" \/>\n<meta name=\"twitter:card\" content=\"summary\" \/>\n<meta name=\"twitter:label1\" content=\"Est. reading time\">\n\t<meta name=\"twitter:data1\" content=\"3 minutos\">\n<script type=\"application\/ld+json\" class=\"yoast-schema-graph\">{\"@context\":\"https:\/\/schema.org\",\"@graph\":[{\"@type\":\"WebSite\",\"@id\":\"https:\/\/revistavitrineibiuna.com.br\/#website\",\"url\":\"https:\/\/revistavitrineibiuna.com.br\/\",\"name\":\"Revista Vitrine Ibi\\u00fana\",\"description\":\"A Revista de Ibi\\u00fana e Regi\\u00e3o\",\"publisher\":{\"@id\":\"https:\/\/revistavitrineibiuna.com.br\/#\/schema\/person\/e51ef49d6d88170ea21ceabff3f73deb\"},\"potentialAction\":[{\"@type\":\"SearchAction\",\"target\":\"https:\/\/revistavitrineibiuna.com.br\/?s={search_term_string}\",\"query-input\":\"required name=search_term_string\"}],\"inLanguage\":\"pt-BR\"},{\"@type\":\"ImageObject\",\"@id\":\"https:\/\/revistavitrineibiuna.com.br\/?p=32875#primaryimage\",\"inLanguage\":\"pt-BR\",\"url\":\"https:\/\/revistavitrineibiuna.com.br\/wp-content\/uploads\/2025\/01\/ESTRADA-LAMA-1.png\",\"width\":719,\"height\":460},{\"@type\":\"WebPage\",\"@id\":\"https:\/\/revistavitrineibiuna.com.br\/?p=32875#webpage\",\"url\":\"https:\/\/revistavitrineibiuna.com.br\/?p=32875\",\"name\":\"IBI\\u00daNA \\u2013 LAMA\\u00c7AL NA ESTRADA-DESVIO DA PONTE INTERDITADA AFLIGE USU\\u00c1RIOS - Revista Vitrine Online\",\"isPartOf\":{\"@id\":\"https:\/\/revistavitrineibiuna.com.br\/#website\"},\"primaryImageOfPage\":{\"@id\":\"https:\/\/revistavitrineibiuna.com.br\/?p=32875#primaryimage\"},\"datePublished\":\"2025-01-17T00:25:07+00:00\",\"dateModified\":\"2025-01-17T00:58:34+00:00\",\"breadcrumb\":{\"@id\":\"https:\/\/revistavitrineibiuna.com.br\/?p=32875#breadcrumb\"},\"inLanguage\":\"pt-BR\",\"potentialAction\":[{\"@type\":\"ReadAction\",\"target\":[\"https:\/\/revistavitrineibiuna.com.br\/?p=32875\"]}]},{\"@type\":\"BreadcrumbList\",\"@id\":\"https:\/\/revistavitrineibiuna.com.br\/?p=32875#breadcrumb\",\"itemListElement\":[{\"@type\":\"ListItem\",\"position\":1,\"item\":{\"@type\":\"WebPage\",\"@id\":\"https:\/\/revistavitrineibiuna.com.br\/\",\"url\":\"https:\/\/revistavitrineibiuna.com.br\/\",\"name\":\"In\\u00edcio\"}},{\"@type\":\"ListItem\",\"position\":2,\"item\":{\"@type\":\"WebPage\",\"@id\":\"https:\/\/revistavitrineibiuna.com.br\/?p=32875\",\"url\":\"https:\/\/revistavitrineibiuna.com.br\/?p=32875\",\"name\":\"IBI\\u00daNA \\u2013 LAMA\\u00c7AL NA ESTRADA-DESVIO DA PONTE INTERDITADA AFLIGE USU\\u00c1RIOS\"}}]},{\"@type\":\"Article\",\"@id\":\"https:\/\/revistavitrineibiuna.com.br\/?p=32875#article\",\"isPartOf\":{\"@id\":\"https:\/\/revistavitrineibiuna.com.br\/?p=32875#webpage\"},\"author\":{\"@id\":\"https:\/\/revistavitrineibiuna.com.br\/#\/schema\/person\/e51ef49d6d88170ea21ceabff3f73deb\"},\"headline\":\"IBI\\u00daNA \\u2013 LAMA\\u00c7AL NA ESTRADA-DESVIO DA PONTE INTERDITADA AFLIGE USU\\u00c1RIOS\",\"datePublished\":\"2025-01-17T00:25:07+00:00\",\"dateModified\":\"2025-01-17T00:58:34+00:00\",\"mainEntityOfPage\":{\"@id\":\"https:\/\/revistavitrineibiuna.com.br\/?p=32875#webpage\"},\"commentCount\":0,\"publisher\":{\"@id\":\"https:\/\/revistavitrineibiuna.com.br\/#\/schema\/person\/e51ef49d6d88170ea21ceabff3f73deb\"},\"image\":{\"@id\":\"https:\/\/revistavitrineibiuna.com.br\/?p=32875#primaryimage\"},\"articleSection\":\"Not\\u00edcias\",\"inLanguage\":\"pt-BR\",\"potentialAction\":[{\"@type\":\"CommentAction\",\"name\":\"Comment\",\"target\":[\"https:\/\/revistavitrineibiuna.com.br\/?p=32875#respond\"]}]},{\"@type\":[\"Person\",\"Organization\"],\"@id\":\"https:\/\/revistavitrineibiuna.com.br\/#\/schema\/person\/e51ef49d6d88170ea21ceabff3f73deb\",\"name\":\"Carlos Rossini\",\"image\":{\"@type\":\"ImageObject\",\"@id\":\"https:\/\/revistavitrineibiuna.com.br\/#personlogo\",\"inLanguage\":\"pt-BR\",\"url\":\"https:\/\/secure.gravatar.com\/avatar\/4f2d0f99fac1f85c7d643f21f5c8d900?s=96&d=mm&r=g\",\"caption\":\"Carlos Rossini\"},\"logo\":{\"@id\":\"https:\/\/revistavitrineibiuna.com.br\/#personlogo\"},\"description\":\"Carlos Rossini \\u00e9 jornalista, soci\\u00f3logo, escritor e professor universit\\u00e1rio, tendo sido professor de jornalismo por vinte anos. Trabalhou em ve\\u00edculos de comunica\\u00e7\\u00e3o nas fun\\u00e7\\u00f5es de rep\\u00f3rter, redator, editor, articulista e colaborador, como Folha de S. Paulo, O Estado de S. Paulo, Di\\u00e1rio Popular, entre outros. Ao transferir a revista vitrine, vers\\u00e3o imprensa, de S\\u00e3o Paulo para Ibi\\u00fana h\\u00e1 alguns anos, iniciou uma nova experi\\u00eancia profissional, dedicando-se ao jornalismo regional, depois de cumprir uma trajet\\u00f3ria bem-sucedida na grande imprensa brasileira. Seu primeiro livro A Coragem de Comunicar foi lan\\u00e7ado na Bienal do Livro em S\\u00e3o Paulo no ano 2000, pela editora Madras.\"}]}<\/script>\n<!-- \/ Yoast SEO plugin. -->","_links":{"self":[{"href":"https:\/\/revistavitrineibiuna.com.br\/index.php?rest_route=\/wp\/v2\/posts\/32875"}],"collection":[{"href":"https:\/\/revistavitrineibiuna.com.br\/index.php?rest_route=\/wp\/v2\/posts"}],"about":[{"href":"https:\/\/revistavitrineibiuna.com.br\/index.php?rest_route=\/wp\/v2\/types\/post"}],"author":[{"embeddable":true,"href":"https:\/\/revistavitrineibiuna.com.br\/index.php?rest_route=\/wp\/v2\/users\/1"}],"replies":[{"embeddable":true,"href":"https:\/\/revistavitrineibiuna.com.br\/index.php?rest_route=%2Fwp%2Fv2%2Fcomments&post=32875"}],"version-history":[{"count":5,"href":"https:\/\/revistavitrineibiuna.com.br\/index.php?rest_route=\/wp\/v2\/posts\/32875\/revisions"}],"predecessor-version":[{"id":32887,"href":"https:\/\/revistavitrineibiuna.com.br\/index.php?rest_route=\/wp\/v2\/posts\/32875\/revisions\/32887"}],"wp:featuredmedia":[{"embeddable":true,"href":"https:\/\/revistavitrineibiuna.com.br\/index.php?rest_route=\/wp\/v2\/media\/32876"}],"wp:attachment":[{"href":"https:\/\/revistavitrineibiuna.com.br\/index.php?rest_route=%2Fwp%2Fv2%2Fmedia&parent=32875"}],"wp:term":[{"taxonomy":"category","embeddable":true,"href":"https:\/\/revistavitrineibiuna.com.br\/index.php?rest_route=%2Fwp%2Fv2%2Fcategories&post=32875"},{"taxonomy":"post_tag","embeddable":true,"href":"https:\/\/revistavitrineibiuna.com.br\/index.php?rest_route=%2Fwp%2Fv2%2Ftags&post=32875"}],"curies":[{"name":"wp","href":"https:\/\/api.w.org\/{rel}","templated":true}]}}