{"id":32888,"date":"2025-01-17T19:25:14","date_gmt":"2025-01-17T22:25:14","guid":{"rendered":"http:\/\/revistavitrineibiuna.com.br\/?p=32888"},"modified":"2025-01-17T19:40:16","modified_gmt":"2025-01-17T22:40:16","slug":"ibiuna-interdicao-da-ponte-paralisou-coleta-de-lixo-em-bairro","status":"publish","type":"post","link":"https:\/\/revistavitrineibiuna.com.br\/?p=32888","title":{"rendered":"IBI\u00daNA \u2013 INTERDI\u00c7\u00c3O DA PONTE PARALISOU COLETA DE LIXO EM BAIRRO"},"content":{"rendered":"\n<p class=\"has-drop-cap\"><strong>Moradores no bairro Dois C\u00f3rregos, no munic\u00edpio de Ibi\u00fana, que ficaram isolados desde o dia 27 de dezembro, com a interdi\u00e7\u00e3o da ponte da estrada que liga Ibi\u00fana a Mairinque, informaram que a coleta de lixo naquele povoado, com cerca de 2.000 pessoas, n\u00e3o se realiza desde aquela data.<\/strong><\/p>\n\n\n\n<p><strong>\u201c\u00c9 uma quest\u00e3o de sa\u00fade p\u00fablica\u201d, disse um morador que enviou fotos de alguns pontos onde o lixo continua a acumular-se.<\/strong><\/p>\n\n\n\n<p><strong>Como se v\u00ea os problemas v\u00e3o al\u00e9m da interdi\u00e7\u00e3o do tr\u00e2nsito para todo tipo de ve\u00edculos, incluindo at\u00e9 mesmo pedestres.<\/strong><\/p>\n\n\n\n<p><strong>Conforme a TVUNA e vitrine online noticiaram ontem (16), as condi\u00e7\u00f5es da estrada-desvio mais pr\u00f3xima da ponte, denominada Estrada do An\u00edbal [no trecho ibiunense] e Estrada dos Godinhos [no trecho de S\u00e3o Roque], continuam prec\u00e1rias, apesar de a prefeitura ter jogado pedras e passado rolo compressor em alguns trechos.<\/strong><\/p>\n\n\n\n<p><strong>Com a chuva de ontem virou um lama\u00e7al que fez carros atolarem, terem dificuldade de vencer subidas e at\u00e9 motoqueiros terem que empurrar seus ve\u00edculos a p\u00e9.<\/strong><\/p>\n\n\n\n<p><strong>At\u00e9 mesmo uma picape, carregada de verduras, teve que ser rebocada por trator para poder entregar seus produtos.<\/strong><\/p>\n\n\n\n<p><strong>AGORA O LIXO<\/strong><\/p>\n\n\n\n<figure class=\"wp-block-image size-large\"><img loading=\"lazy\" width=\"760\" height=\"454\" src=\"https:\/\/revistavitrineibiuna.com.br\/wp-content\/uploads\/2025\/01\/lixo-no-dois-corregos-2.png\" alt=\"\" class=\"wp-image-32892\" srcset=\"https:\/\/revistavitrineibiuna.com.br\/wp-content\/uploads\/2025\/01\/lixo-no-dois-corregos-2.png 760w, https:\/\/revistavitrineibiuna.com.br\/wp-content\/uploads\/2025\/01\/lixo-no-dois-corregos-2-300x179.png 300w\" sizes=\"(max-width: 760px) 100vw, 760px\" \/><figcaption>Sem coleta h\u00e1 21 dias, moradores passaram a lan\u00e7ar o lixo no mato<\/figcaption><\/figure>\n\n\n\n<p><strong>Ao tomar conhecimento desse problema que se tornou vis\u00edvel, vitrine online comunicou esse fato \u00e0 Prefeitura com o objetivo de alert\u00e1-la, a fim de que tome as devidas provid\u00eancias de saneamento no bairro.<\/strong><\/p>\n\n\n\n<p><strong>Com a intensa umidade provocada pelas chuvas, aumentam os problemas decorrentes do ac\u00famulo de lixo que contribui para prolifera\u00e7\u00e3o de micr\u00f3bios, insetos e ratos.<\/strong><\/p>\n\n\n\n<p><strong>CONTATO<\/strong><\/p>\n\n\n\n<p><strong>Caso saiba ou esteja vivendo outros problemas decorrentes da interdi\u00e7\u00e3o da chamada Ponte Nova, escreva para a revista: vitrines@gmail.com<\/strong><\/p>\n","protected":false},"excerpt":{"rendered":"<p>Moradores no bairro Dois C\u00f3rregos, no munic\u00edpio de Ibi\u00fana, que ficaram isolados desde o dia 27 de dezembro, com a<\/p>\n","protected":false},"author":1,"featured_media":32889,"comment_status":"open","ping_status":"open","sticky":false,"template":"","format":"standard","meta":[],"categories":[3],"tags":[],"yoast_head":"<!-- This site is optimized with the Yoast SEO plugin v15.8 - https:\/\/yoast.com\/wordpress\/plugins\/seo\/ -->\n<title>IBI\u00daNA \u2013 INTERDI\u00c7\u00c3O DA PONTE PARALISOU COLETA DE LIXO EM BAIRRO - Revista Vitrine Online<\/title>\n<meta name=\"robots\" content=\"index, follow, max-snippet:-1, max-image-preview:large, max-video-preview:-1\" \/>\n<link rel=\"canonical\" href=\"http:\/\/revistavitrineibiuna.com.br\/?p=32888\" \/>\n<meta property=\"og:locale\" content=\"pt_BR\" \/>\n<meta property=\"og:type\" content=\"article\" \/>\n<meta property=\"og:title\" content=\"IBI\u00daNA \u2013 INTERDI\u00c7\u00c3O DA PONTE PARALISOU COLETA DE LIXO EM BAIRRO - Revista Vitrine Online\" \/>\n<meta property=\"og:description\" content=\"Moradores no bairro Dois C\u00f3rregos, no munic\u00edpio de Ibi\u00fana, que ficaram isolados desde o dia 27 de dezembro, com a\" \/>\n<meta property=\"og:url\" content=\"http:\/\/revistavitrineibiuna.com.br\/?p=32888\" \/>\n<meta property=\"og:site_name\" content=\"Revista Vitrine Online\" \/>\n<meta property=\"article:published_time\" content=\"2025-01-17T22:25:14+00:00\" \/>\n<meta property=\"article:modified_time\" content=\"2025-01-17T22:40:16+00:00\" \/>\n<meta property=\"og:image\" content=\"https:\/\/revistavitrineibiuna.com.br\/wp-content\/uploads\/2025\/01\/lixo-no-dois-corregos-1.png\" \/>\n\t<meta property=\"og:image:width\" content=\"1275\" \/>\n\t<meta property=\"og:image:height\" content=\"737\" \/>\n<meta name=\"twitter:card\" content=\"summary\" \/>\n<meta name=\"twitter:label1\" content=\"Est. reading time\">\n\t<meta name=\"twitter:data1\" content=\"2 minutos\">\n<script type=\"application\/ld+json\" class=\"yoast-schema-graph\">{\"@context\":\"https:\/\/schema.org\",\"@graph\":[{\"@type\":\"WebSite\",\"@id\":\"https:\/\/revistavitrineibiuna.com.br\/#website\",\"url\":\"https:\/\/revistavitrineibiuna.com.br\/\",\"name\":\"Revista Vitrine Ibi\\u00fana\",\"description\":\"A Revista de Ibi\\u00fana e Regi\\u00e3o\",\"publisher\":{\"@id\":\"https:\/\/revistavitrineibiuna.com.br\/#\/schema\/person\/e51ef49d6d88170ea21ceabff3f73deb\"},\"potentialAction\":[{\"@type\":\"SearchAction\",\"target\":\"https:\/\/revistavitrineibiuna.com.br\/?s={search_term_string}\",\"query-input\":\"required name=search_term_string\"}],\"inLanguage\":\"pt-BR\"},{\"@type\":\"ImageObject\",\"@id\":\"http:\/\/revistavitrineibiuna.com.br\/?p=32888#primaryimage\",\"inLanguage\":\"pt-BR\",\"url\":\"https:\/\/revistavitrineibiuna.com.br\/wp-content\/uploads\/2025\/01\/lixo-no-dois-corregos-1.png\",\"width\":1275,\"height\":737},{\"@type\":\"WebPage\",\"@id\":\"http:\/\/revistavitrineibiuna.com.br\/?p=32888#webpage\",\"url\":\"http:\/\/revistavitrineibiuna.com.br\/?p=32888\",\"name\":\"IBI\\u00daNA \\u2013 INTERDI\\u00c7\\u00c3O DA PONTE PARALISOU COLETA DE LIXO EM BAIRRO - Revista Vitrine Online\",\"isPartOf\":{\"@id\":\"https:\/\/revistavitrineibiuna.com.br\/#website\"},\"primaryImageOfPage\":{\"@id\":\"http:\/\/revistavitrineibiuna.com.br\/?p=32888#primaryimage\"},\"datePublished\":\"2025-01-17T22:25:14+00:00\",\"dateModified\":\"2025-01-17T22:40:16+00:00\",\"breadcrumb\":{\"@id\":\"http:\/\/revistavitrineibiuna.com.br\/?p=32888#breadcrumb\"},\"inLanguage\":\"pt-BR\",\"potentialAction\":[{\"@type\":\"ReadAction\",\"target\":[\"http:\/\/revistavitrineibiuna.com.br\/?p=32888\"]}]},{\"@type\":\"BreadcrumbList\",\"@id\":\"http:\/\/revistavitrineibiuna.com.br\/?p=32888#breadcrumb\",\"itemListElement\":[{\"@type\":\"ListItem\",\"position\":1,\"item\":{\"@type\":\"WebPage\",\"@id\":\"https:\/\/revistavitrineibiuna.com.br\/\",\"url\":\"https:\/\/revistavitrineibiuna.com.br\/\",\"name\":\"In\\u00edcio\"}},{\"@type\":\"ListItem\",\"position\":2,\"item\":{\"@type\":\"WebPage\",\"@id\":\"http:\/\/revistavitrineibiuna.com.br\/?p=32888\",\"url\":\"http:\/\/revistavitrineibiuna.com.br\/?p=32888\",\"name\":\"IBI\\u00daNA \\u2013 INTERDI\\u00c7\\u00c3O DA PONTE PARALISOU COLETA DE LIXO EM BAIRRO\"}}]},{\"@type\":\"Article\",\"@id\":\"http:\/\/revistavitrineibiuna.com.br\/?p=32888#article\",\"isPartOf\":{\"@id\":\"http:\/\/revistavitrineibiuna.com.br\/?p=32888#webpage\"},\"author\":{\"@id\":\"https:\/\/revistavitrineibiuna.com.br\/#\/schema\/person\/e51ef49d6d88170ea21ceabff3f73deb\"},\"headline\":\"IBI\\u00daNA \\u2013 INTERDI\\u00c7\\u00c3O DA PONTE PARALISOU COLETA DE LIXO EM BAIRRO\",\"datePublished\":\"2025-01-17T22:25:14+00:00\",\"dateModified\":\"2025-01-17T22:40:16+00:00\",\"mainEntityOfPage\":{\"@id\":\"http:\/\/revistavitrineibiuna.com.br\/?p=32888#webpage\"},\"commentCount\":0,\"publisher\":{\"@id\":\"https:\/\/revistavitrineibiuna.com.br\/#\/schema\/person\/e51ef49d6d88170ea21ceabff3f73deb\"},\"image\":{\"@id\":\"http:\/\/revistavitrineibiuna.com.br\/?p=32888#primaryimage\"},\"articleSection\":\"Not\\u00edcias\",\"inLanguage\":\"pt-BR\",\"potentialAction\":[{\"@type\":\"CommentAction\",\"name\":\"Comment\",\"target\":[\"http:\/\/revistavitrineibiuna.com.br\/?p=32888#respond\"]}]},{\"@type\":[\"Person\",\"Organization\"],\"@id\":\"https:\/\/revistavitrineibiuna.com.br\/#\/schema\/person\/e51ef49d6d88170ea21ceabff3f73deb\",\"name\":\"Carlos Rossini\",\"image\":{\"@type\":\"ImageObject\",\"@id\":\"https:\/\/revistavitrineibiuna.com.br\/#personlogo\",\"inLanguage\":\"pt-BR\",\"url\":\"https:\/\/secure.gravatar.com\/avatar\/4f2d0f99fac1f85c7d643f21f5c8d900?s=96&d=mm&r=g\",\"caption\":\"Carlos Rossini\"},\"logo\":{\"@id\":\"https:\/\/revistavitrineibiuna.com.br\/#personlogo\"},\"description\":\"Carlos Rossini \\u00e9 jornalista, soci\\u00f3logo, escritor e professor universit\\u00e1rio, tendo sido professor de jornalismo por vinte anos. Trabalhou em ve\\u00edculos de comunica\\u00e7\\u00e3o nas fun\\u00e7\\u00f5es de rep\\u00f3rter, redator, editor, articulista e colaborador, como Folha de S. Paulo, O Estado de S. Paulo, Di\\u00e1rio Popular, entre outros. Ao transferir a revista vitrine, vers\\u00e3o imprensa, de S\\u00e3o Paulo para Ibi\\u00fana h\\u00e1 alguns anos, iniciou uma nova experi\\u00eancia profissional, dedicando-se ao jornalismo regional, depois de cumprir uma trajet\\u00f3ria bem-sucedida na grande imprensa brasileira. Seu primeiro livro A Coragem de Comunicar foi lan\\u00e7ado na Bienal do Livro em S\\u00e3o Paulo no ano 2000, pela editora Madras.\"}]}<\/script>\n<!-- \/ Yoast SEO plugin. -->","_links":{"self":[{"href":"https:\/\/revistavitrineibiuna.com.br\/index.php?rest_route=\/wp\/v2\/posts\/32888"}],"collection":[{"href":"https:\/\/revistavitrineibiuna.com.br\/index.php?rest_route=\/wp\/v2\/posts"}],"about":[{"href":"https:\/\/revistavitrineibiuna.com.br\/index.php?rest_route=\/wp\/v2\/types\/post"}],"author":[{"embeddable":true,"href":"https:\/\/revistavitrineibiuna.com.br\/index.php?rest_route=\/wp\/v2\/users\/1"}],"replies":[{"embeddable":true,"href":"https:\/\/revistavitrineibiuna.com.br\/index.php?rest_route=%2Fwp%2Fv2%2Fcomments&post=32888"}],"version-history":[{"count":5,"href":"https:\/\/revistavitrineibiuna.com.br\/index.php?rest_route=\/wp\/v2\/posts\/32888\/revisions"}],"predecessor-version":[{"id":32897,"href":"https:\/\/revistavitrineibiuna.com.br\/index.php?rest_route=\/wp\/v2\/posts\/32888\/revisions\/32897"}],"wp:featuredmedia":[{"embeddable":true,"href":"https:\/\/revistavitrineibiuna.com.br\/index.php?rest_route=\/wp\/v2\/media\/32889"}],"wp:attachment":[{"href":"https:\/\/revistavitrineibiuna.com.br\/index.php?rest_route=%2Fwp%2Fv2%2Fmedia&parent=32888"}],"wp:term":[{"taxonomy":"category","embeddable":true,"href":"https:\/\/revistavitrineibiuna.com.br\/index.php?rest_route=%2Fwp%2Fv2%2Fcategories&post=32888"},{"taxonomy":"post_tag","embeddable":true,"href":"https:\/\/revistavitrineibiuna.com.br\/index.php?rest_route=%2Fwp%2Fv2%2Ftags&post=32888"}],"curies":[{"name":"wp","href":"https:\/\/api.w.org\/{rel}","templated":true}]}}