{"id":32917,"date":"2025-01-19T13:33:36","date_gmt":"2025-01-19T16:33:36","guid":{"rendered":"http:\/\/revistavitrineibiuna.com.br\/?p=32917"},"modified":"2025-01-19T16:01:18","modified_gmt":"2025-01-19T19:01:18","slug":"parque-do-jurupara-nao-mexam-com-a-minha-casinha-suplica-glorinha","status":"publish","type":"post","link":"https:\/\/revistavitrineibiuna.com.br\/?p=32917","title":{"rendered":"PARQUE DO JURUPAR\u00c1 \u2013 \u201cN\u00c3O MEXAM COM A MINHA CASINHA\u201d, SUPLICA GLORINHA"},"content":{"rendered":"\n<p class=\"has-drop-cap\"><strong>\u201cN\u00e3o mexam com a minha casinha, mesmo porque n\u00e3o tenho para onde ir. Ela \u00e9 um peda\u00e7o da minha vida. Sou nativa deste lugar, meus av\u00f3s j\u00e1 moravam aqui, assim como os meus pais.\u201d<\/strong><\/p>\n\n\n\n<p><strong>Essa fala comovente \u00e9 de Glorinha Domingues Alves, 55, moradora numa modesta casa, ainda inacabada, na estrada principal da Colina, bairro Campestre, no Parque Estadual do Jurupar\u00e1, munic\u00edpio de Ibi\u00fana.<\/strong><\/p>\n\n\n\n<p><strong>SONHO DE UMA DONA DE CASA<\/strong><\/p>\n\n\n\n<p><strong>H\u00e1 alguns anos sua casa foi marcada para ser demolida, como aconteceu com muitas outras localizadas dentro do parque [algumas at\u00e9 mesmo fora dele] criado por decreto do governo estadual em 1992 e que despejou centenas de fam\u00edlias que viviam ali, boa parte h\u00e1 mais de 150 anos.<\/strong><\/p>\n\n\n\n<p><strong>Com a ajuda de uma advogada de S\u00e3o Paulo, est\u00e1 conseguindo manter sua casa de p\u00e9 h\u00e1, pelo menos, seis anos, mas com uma sensa\u00e7\u00e3o de inseguran\u00e7a cont\u00ednua.<\/strong><\/p>\n\n\n\n<figure class=\"wp-block-image size-large\"><img loading=\"lazy\" width=\"620\" height=\"511\" src=\"http:\/\/revistavitrineibiuna.com.br\/wp-content\/uploads\/2025\/01\/casa-da-glorinha-marca-na-parede.png\" alt=\"\" class=\"wp-image-32921\" srcset=\"https:\/\/revistavitrineibiuna.com.br\/wp-content\/uploads\/2025\/01\/casa-da-glorinha-marca-na-parede.png 620w, https:\/\/revistavitrineibiuna.com.br\/wp-content\/uploads\/2025\/01\/casa-da-glorinha-marca-na-parede-300x247.png 300w\" sizes=\"(max-width: 620px) 100vw, 620px\" \/><figcaption>A parede da casa de Glorinha foi marcada G472 para ser demolida. Ela imagina que &#8220;G&#8221;seja a letra inicial do seu nome e o n\u00famero 472 revelaria a quantidade de casas marcadas para demoli\u00e7\u00e3o na \u00e1rea do Parque Estadual do Jurupar\u00e1, no mais grave problema sociai j\u00e1 ocorrido no munic\u00edpio de Ibi\u00fana e relevante no estado de S\u00e3o Paulo. Moradores lutam por justi\u00e7a h\u00e1 mais de trinta anos.<\/figcaption><\/figure>\n\n\n\n<p><strong>Seus nove filhos se mudaram para Ibi\u00fana. A m\u00e3e, para Cotia. Quando ela vai \u00e0 cidade tem que caminhar mais de oito quil\u00f4metros para conseguir uma condu\u00e7\u00e3o.<\/strong><\/p>\n\n\n\n<p><strong>Sem energia el\u00e9trica, sem abastecimento de \u00e1gua [consome \u00e1gua de uma nascente] e com uma estrada [estrada principal da Colina] prec\u00e1ria, sem \u00f4nibus, Glorinha quer que as autoridades melhorem as condi\u00e7\u00f5es do bairro; \u201cafinal, a gente \u00e9 cidad\u00e3o de Ibi\u00fana\u201d.<\/strong><\/p>\n\n\n\n<p><strong>O sonho de Glorinha \u00e9 poder reformar a sua casa, colocar piso, atualmente de terra batida, e que arrumem a estrada que frequentemente fica intransit\u00e1vel, de tantos buracos.<\/strong><\/p>\n\n\n\n<figure class=\"wp-block-image size-large\"><img loading=\"lazy\" width=\"716\" height=\"560\" src=\"http:\/\/revistavitrineibiuna.com.br\/wp-content\/uploads\/2025\/01\/parede-da-casa-da-glorinha.png\" alt=\"\" class=\"wp-image-32922\" srcset=\"https:\/\/revistavitrineibiuna.com.br\/wp-content\/uploads\/2025\/01\/parede-da-casa-da-glorinha.png 716w, https:\/\/revistavitrineibiuna.com.br\/wp-content\/uploads\/2025\/01\/parede-da-casa-da-glorinha-300x235.png 300w\" sizes=\"(max-width: 716px) 100vw, 716px\" \/><figcaption>Parede da casa de Glorinha<\/figcaption><\/figure>\n\n\n\n<figure class=\"wp-block-image size-large\"><img loading=\"lazy\" width=\"718\" height=\"760\" src=\"http:\/\/revistavitrineibiuna.com.br\/wp-content\/uploads\/2025\/01\/pia-da-casa-da-glorinha.png\" alt=\"\" class=\"wp-image-32925\" srcset=\"https:\/\/revistavitrineibiuna.com.br\/wp-content\/uploads\/2025\/01\/pia-da-casa-da-glorinha.png 718w, https:\/\/revistavitrineibiuna.com.br\/wp-content\/uploads\/2025\/01\/pia-da-casa-da-glorinha-283x300.png 283w\" sizes=\"(max-width: 718px) 100vw, 718px\" \/><figcaption>Pia da casa de Glorinha: \u00e1 \u00e1gua vem de uma nascente pr\u00f3xima<\/figcaption><\/figure>\n\n\n\n<p><strong>MUITAS FAM\u00cdLIAS FORAM EXPULSAS<\/strong><\/p>\n\n\n\n<p><strong>Ao todo mais de 600 fam\u00edlias foram atingidas pela for\u00e7a do decreto, n\u00e3o podendo mais plantar, criar animais, assim como perderam suas casas que foram demolidas, apesar de possu\u00edrem matriculas registradas em cart\u00f3rios, bem como os sitiantes possu\u00edrem t\u00edtulos de posse.<\/strong><\/p>\n\n\n\n<p><strong>A AJA \u2013 Associa\u00e7\u00e3o dos Moradores e Sitiantes do Jurupar\u00e1 e Adjac\u00eancias vem se mobilizando contra os efeitos nefastos das medidas jur\u00eddicas adotadas pelo governo estadual que, resultou, por exemplo, na expuls\u00e3o de mais de 200 fam\u00edlias que ali viviam.<\/strong><\/p>\n\n\n\n<figure class=\"wp-block-image size-large\"><img loading=\"lazy\" width=\"687\" height=\"409\" src=\"http:\/\/revistavitrineibiuna.com.br\/wp-content\/uploads\/2025\/01\/cozinha-da-casa-da-glorinha.png\" alt=\"\" class=\"wp-image-32928\" srcset=\"https:\/\/revistavitrineibiuna.com.br\/wp-content\/uploads\/2025\/01\/cozinha-da-casa-da-glorinha.png 687w, https:\/\/revistavitrineibiuna.com.br\/wp-content\/uploads\/2025\/01\/cozinha-da-casa-da-glorinha-300x179.png 300w\" sizes=\"(max-width: 687px) 100vw, 687px\" \/><figcaption>No piso de terra batida, a cozinha de Glorinha. Ela quer fazer uma melhoria em sua casa, mas vive sob o medo dela vir a ser demolida<\/figcaption><\/figure>\n\n\n\n<figure class=\"wp-block-image size-large\"><img loading=\"lazy\" width=\"717\" height=\"569\" src=\"https:\/\/revistavitrineibiuna.com.br\/wp-content\/uploads\/2025\/01\/fogao-a-lenha.png\" alt=\"\" class=\"wp-image-32942\" srcset=\"https:\/\/revistavitrineibiuna.com.br\/wp-content\/uploads\/2025\/01\/fogao-a-lenha.png 717w, https:\/\/revistavitrineibiuna.com.br\/wp-content\/uploads\/2025\/01\/fogao-a-lenha-300x238.png 300w\" sizes=\"(max-width: 717px) 100vw, 717px\" \/><figcaption>Fog\u00e3o a lenha, \u00e1gua de nascente, luz de vela&#8230;assim Glorinha toca a vida em sua casa<\/figcaption><\/figure>\n\n\n\n<p><strong>JUSTI\u00c7A FEZ VISTORIA<\/strong><\/p>\n\n\n\n<p><strong>Fruto de uma luta sem tr\u00e9gua essa quest\u00e3o que viola direitos fundamentais dessas pessoas j\u00e1 chegou ao Tribunal de Justi\u00e7a do Estado de S\u00e3o Paulo \u2013 TJSP e ao Conselho Nacional de Justi\u00e7a \u2013 CNJ.<\/strong><\/p>\n\n\n\n<p><strong>Por isso, dois ju\u00edzes de direito da Comarca de Ibi\u00fana, um veterano juiz de Sorocaba, a Defensoria P\u00fablica do Estado de S\u00e3o Paulo e dois oficiais de Justi\u00e7a de Ibi\u00fana visitaram o local na \u00faltima quinta-feira (16), para colher depoimentos de moradores. O prefeito de Ibi\u00fana tamb\u00e9m esteve presente.<\/strong><\/p>\n\n\n\n<p><strong>Caber\u00e1 ao juiz de Sorocaba fazer o relato da situa\u00e7\u00e3o observada que seguir\u00e1 para o TJSP e CNJ.<\/strong><\/p>\n\n\n\n<p><strong>AJA LAMENTA<\/strong><\/p>\n\n\n\n<p><strong>O presidente da AJA, Marcos Adelino, em contato com vitrine online, lamentou que a entidade n\u00e3o tivesse sido convidada para &nbsp;acompanhar os trabalhos e que pedir\u00e1 uma nova vistoria.<\/strong><\/p>\n\n\n\n<p><strong>Adelino informou que  representantes da AJA e o jur\u00eddico da AJA estiveram no Conselho Nacional de Justi\u00e7a, em Bras\u00edlia, por duas vezes, e que o objetivo de uma vistoria solicitada era <em>levantar \u201cos casos mais graves de reintegra\u00e7\u00e3o de posse para constatar in loco<\/em> a realidade\u201d.<\/strong><\/p>\n\n\n\n<p><strong>Dizendo-se decepcionado, o presidente da AJA pontuou: \u201cEles foram a uma comunidade tradicional no bairro dos Paulos, que \u00e9 reconhecida pelo governo\u201d.<\/strong><\/p>\n\n\n\n<p><\/p>\n\n\n\n<figure class=\"wp-block-image size-large\"><img loading=\"lazy\" width=\"720\" height=\"630\" src=\"https:\/\/revistavitrineibiuna.com.br\/wp-content\/uploads\/2025\/01\/tarcisio-de-freitas.png\" alt=\"\" class=\"wp-image-32945\" srcset=\"https:\/\/revistavitrineibiuna.com.br\/wp-content\/uploads\/2025\/01\/tarcisio-de-freitas.png 720w, https:\/\/revistavitrineibiuna.com.br\/wp-content\/uploads\/2025\/01\/tarcisio-de-freitas-300x263.png 300w\" sizes=\"(max-width: 720px) 100vw, 720px\" \/><figcaption>A solu\u00e7\u00e3o desse grave problema compete ao governador Tarc\u00edsio de Freitas, a partir do conhecimento desse grave problema social. Sua atitude poder\u00e1 marcar sua sensibilidade em rela\u00e7\u00e3o ao povo, na maioria humilde, violado em seus direitos fundamentais, por um decreto do governo estadual baixado em 1992<\/figcaption><\/figure>\n\n\n\n<p><strong><em>TVUNA e vitrine online est\u00e3o veiculando uma s\u00e9rie de not\u00edcias e de v\u00eddeos gravados no Parque Estadual do Jurupar\u00e1 e vizinhan\u00e7as, por considerar que se trata de uma quest\u00e3o de justi\u00e7a da maior import\u00e2ncia social e econ\u00f4mica, que precisa ser levada ao conhecimento da sociedade e das autoridades.<\/em><\/strong><\/p>\n\n\n\n<figure class=\"wp-block-image size-large\"><img loading=\"lazy\" width=\"1024\" height=\"576\" src=\"http:\/\/revistavitrineibiuna.com.br\/wp-content\/uploads\/2025\/01\/c662c49f-ae25-4907-8221-fdb19ece390d-1-1024x576.jpg\" alt=\"\" class=\"wp-image-32930\" srcset=\"https:\/\/revistavitrineibiuna.com.br\/wp-content\/uploads\/2025\/01\/c662c49f-ae25-4907-8221-fdb19ece390d-1-1024x576.jpg 1024w, https:\/\/revistavitrineibiuna.com.br\/wp-content\/uploads\/2025\/01\/c662c49f-ae25-4907-8221-fdb19ece390d-1-300x169.jpg 300w, https:\/\/revistavitrineibiuna.com.br\/wp-content\/uploads\/2025\/01\/c662c49f-ae25-4907-8221-fdb19ece390d-1-768x432.jpg 768w, https:\/\/revistavitrineibiuna.com.br\/wp-content\/uploads\/2025\/01\/c662c49f-ae25-4907-8221-fdb19ece390d-1-1536x864.jpg 1536w, https:\/\/revistavitrineibiuna.com.br\/wp-content\/uploads\/2025\/01\/c662c49f-ae25-4907-8221-fdb19ece390d-1.jpg 1600w\" sizes=\"(max-width: 1024px) 100vw, 1024px\" \/><figcaption>Vitrine online e a TVUNA, que j\u00e1 estiveram em duas oportunidade no Parque Estadual do Jurupar\u00e1, est\u00e3o veiculando uma serie de not\u00edcias e de v\u00eddeos com imagens captadas na regi\u00e3o.<\/figcaption><\/figure>\n\n\n\n<p>Nota da Reda\u00e7\u00e3o: as fotos reproduzidas nesta not\u00edcia foram extra\u00eddas de um v\u00eddeo feito pela sra. Glorinha Domingues, exceto a foto da parede com a marCa &#8220;G 472&#8221;, que ela nos enviou via zapp.<\/p>\n","protected":false},"excerpt":{"rendered":"<p>\u201cN\u00e3o mexam com a minha casinha, mesmo porque n\u00e3o tenho para onde ir. Ela \u00e9 um peda\u00e7o da minha vida.<\/p>\n","protected":false},"author":1,"featured_media":32918,"comment_status":"open","ping_status":"open","sticky":false,"template":"","format":"standard","meta":[],"categories":[3],"tags":[],"yoast_head":"<!-- This site is optimized with the Yoast SEO plugin v15.8 - https:\/\/yoast.com\/wordpress\/plugins\/seo\/ -->\n<title>PARQUE DO JURUPAR\u00c1 \u2013 \u201cN\u00c3O MEXAM COM A MINHA CASINHA\u201d, SUPLICA GLORINHA - Revista Vitrine Online<\/title>\n<meta name=\"robots\" content=\"index, follow, max-snippet:-1, max-image-preview:large, max-video-preview:-1\" \/>\n<link rel=\"canonical\" href=\"https:\/\/revistavitrineibiuna.com.br\/?p=32917\" \/>\n<meta property=\"og:locale\" content=\"pt_BR\" \/>\n<meta property=\"og:type\" content=\"article\" \/>\n<meta property=\"og:title\" content=\"PARQUE DO JURUPAR\u00c1 \u2013 \u201cN\u00c3O MEXAM COM A MINHA CASINHA\u201d, SUPLICA GLORINHA - Revista Vitrine Online\" \/>\n<meta property=\"og:description\" content=\"\u201cN\u00e3o mexam com a minha casinha, mesmo porque n\u00e3o tenho para onde ir. Ela \u00e9 um peda\u00e7o da minha vida.\" \/>\n<meta property=\"og:url\" content=\"https:\/\/revistavitrineibiuna.com.br\/?p=32917\" \/>\n<meta property=\"og:site_name\" content=\"Revista Vitrine Online\" \/>\n<meta property=\"article:published_time\" content=\"2025-01-19T16:33:36+00:00\" \/>\n<meta property=\"article:modified_time\" content=\"2025-01-19T19:01:18+00:00\" \/>\n<meta property=\"og:image\" content=\"https:\/\/revistavitrineibiuna.com.br\/wp-content\/uploads\/2025\/01\/glorinha-na-porta-de-sua-casa.png\" \/>\n\t<meta property=\"og:image:width\" content=\"579\" \/>\n\t<meta property=\"og:image:height\" content=\"399\" \/>\n<meta name=\"twitter:card\" content=\"summary\" \/>\n<meta name=\"twitter:label1\" content=\"Est. reading time\">\n\t<meta name=\"twitter:data1\" content=\"5 minutos\">\n<script type=\"application\/ld+json\" class=\"yoast-schema-graph\">{\"@context\":\"https:\/\/schema.org\",\"@graph\":[{\"@type\":\"WebSite\",\"@id\":\"https:\/\/revistavitrineibiuna.com.br\/#website\",\"url\":\"https:\/\/revistavitrineibiuna.com.br\/\",\"name\":\"Revista Vitrine Ibi\\u00fana\",\"description\":\"A Revista de Ibi\\u00fana e Regi\\u00e3o\",\"publisher\":{\"@id\":\"https:\/\/revistavitrineibiuna.com.br\/#\/schema\/person\/e51ef49d6d88170ea21ceabff3f73deb\"},\"potentialAction\":[{\"@type\":\"SearchAction\",\"target\":\"https:\/\/revistavitrineibiuna.com.br\/?s={search_term_string}\",\"query-input\":\"required name=search_term_string\"}],\"inLanguage\":\"pt-BR\"},{\"@type\":\"ImageObject\",\"@id\":\"https:\/\/revistavitrineibiuna.com.br\/?p=32917#primaryimage\",\"inLanguage\":\"pt-BR\",\"url\":\"https:\/\/revistavitrineibiuna.com.br\/wp-content\/uploads\/2025\/01\/glorinha-na-porta-de-sua-casa.png\",\"width\":579,\"height\":399},{\"@type\":\"WebPage\",\"@id\":\"https:\/\/revistavitrineibiuna.com.br\/?p=32917#webpage\",\"url\":\"https:\/\/revistavitrineibiuna.com.br\/?p=32917\",\"name\":\"PARQUE DO JURUPAR\\u00c1 \\u2013 \\u201cN\\u00c3O MEXAM COM A MINHA CASINHA\\u201d, SUPLICA GLORINHA - Revista Vitrine Online\",\"isPartOf\":{\"@id\":\"https:\/\/revistavitrineibiuna.com.br\/#website\"},\"primaryImageOfPage\":{\"@id\":\"https:\/\/revistavitrineibiuna.com.br\/?p=32917#primaryimage\"},\"datePublished\":\"2025-01-19T16:33:36+00:00\",\"dateModified\":\"2025-01-19T19:01:18+00:00\",\"breadcrumb\":{\"@id\":\"https:\/\/revistavitrineibiuna.com.br\/?p=32917#breadcrumb\"},\"inLanguage\":\"pt-BR\",\"potentialAction\":[{\"@type\":\"ReadAction\",\"target\":[\"https:\/\/revistavitrineibiuna.com.br\/?p=32917\"]}]},{\"@type\":\"BreadcrumbList\",\"@id\":\"https:\/\/revistavitrineibiuna.com.br\/?p=32917#breadcrumb\",\"itemListElement\":[{\"@type\":\"ListItem\",\"position\":1,\"item\":{\"@type\":\"WebPage\",\"@id\":\"https:\/\/revistavitrineibiuna.com.br\/\",\"url\":\"https:\/\/revistavitrineibiuna.com.br\/\",\"name\":\"In\\u00edcio\"}},{\"@type\":\"ListItem\",\"position\":2,\"item\":{\"@type\":\"WebPage\",\"@id\":\"https:\/\/revistavitrineibiuna.com.br\/?p=32917\",\"url\":\"https:\/\/revistavitrineibiuna.com.br\/?p=32917\",\"name\":\"PARQUE DO JURUPAR\\u00c1 \\u2013 \\u201cN\\u00c3O MEXAM COM A MINHA CASINHA\\u201d, SUPLICA GLORINHA\"}}]},{\"@type\":\"Article\",\"@id\":\"https:\/\/revistavitrineibiuna.com.br\/?p=32917#article\",\"isPartOf\":{\"@id\":\"https:\/\/revistavitrineibiuna.com.br\/?p=32917#webpage\"},\"author\":{\"@id\":\"https:\/\/revistavitrineibiuna.com.br\/#\/schema\/person\/e51ef49d6d88170ea21ceabff3f73deb\"},\"headline\":\"PARQUE DO JURUPAR\\u00c1 \\u2013 \\u201cN\\u00c3O MEXAM COM A MINHA CASINHA\\u201d, SUPLICA GLORINHA\",\"datePublished\":\"2025-01-19T16:33:36+00:00\",\"dateModified\":\"2025-01-19T19:01:18+00:00\",\"mainEntityOfPage\":{\"@id\":\"https:\/\/revistavitrineibiuna.com.br\/?p=32917#webpage\"},\"commentCount\":0,\"publisher\":{\"@id\":\"https:\/\/revistavitrineibiuna.com.br\/#\/schema\/person\/e51ef49d6d88170ea21ceabff3f73deb\"},\"image\":{\"@id\":\"https:\/\/revistavitrineibiuna.com.br\/?p=32917#primaryimage\"},\"articleSection\":\"Not\\u00edcias\",\"inLanguage\":\"pt-BR\",\"potentialAction\":[{\"@type\":\"CommentAction\",\"name\":\"Comment\",\"target\":[\"https:\/\/revistavitrineibiuna.com.br\/?p=32917#respond\"]}]},{\"@type\":[\"Person\",\"Organization\"],\"@id\":\"https:\/\/revistavitrineibiuna.com.br\/#\/schema\/person\/e51ef49d6d88170ea21ceabff3f73deb\",\"name\":\"Carlos Rossini\",\"image\":{\"@type\":\"ImageObject\",\"@id\":\"https:\/\/revistavitrineibiuna.com.br\/#personlogo\",\"inLanguage\":\"pt-BR\",\"url\":\"https:\/\/secure.gravatar.com\/avatar\/4f2d0f99fac1f85c7d643f21f5c8d900?s=96&d=mm&r=g\",\"caption\":\"Carlos Rossini\"},\"logo\":{\"@id\":\"https:\/\/revistavitrineibiuna.com.br\/#personlogo\"},\"description\":\"Carlos Rossini \\u00e9 jornalista, soci\\u00f3logo, escritor e professor universit\\u00e1rio, tendo sido professor de jornalismo por vinte anos. Trabalhou em ve\\u00edculos de comunica\\u00e7\\u00e3o nas fun\\u00e7\\u00f5es de rep\\u00f3rter, redator, editor, articulista e colaborador, como Folha de S. Paulo, O Estado de S. Paulo, Di\\u00e1rio Popular, entre outros. Ao transferir a revista vitrine, vers\\u00e3o imprensa, de S\\u00e3o Paulo para Ibi\\u00fana h\\u00e1 alguns anos, iniciou uma nova experi\\u00eancia profissional, dedicando-se ao jornalismo regional, depois de cumprir uma trajet\\u00f3ria bem-sucedida na grande imprensa brasileira. Seu primeiro livro A Coragem de Comunicar foi lan\\u00e7ado na Bienal do Livro em S\\u00e3o Paulo no ano 2000, pela editora Madras.\"}]}<\/script>\n<!-- \/ Yoast SEO plugin. -->","_links":{"self":[{"href":"https:\/\/revistavitrineibiuna.com.br\/index.php?rest_route=\/wp\/v2\/posts\/32917"}],"collection":[{"href":"https:\/\/revistavitrineibiuna.com.br\/index.php?rest_route=\/wp\/v2\/posts"}],"about":[{"href":"https:\/\/revistavitrineibiuna.com.br\/index.php?rest_route=\/wp\/v2\/types\/post"}],"author":[{"embeddable":true,"href":"https:\/\/revistavitrineibiuna.com.br\/index.php?rest_route=\/wp\/v2\/users\/1"}],"replies":[{"embeddable":true,"href":"https:\/\/revistavitrineibiuna.com.br\/index.php?rest_route=%2Fwp%2Fv2%2Fcomments&post=32917"}],"version-history":[{"count":16,"href":"https:\/\/revistavitrineibiuna.com.br\/index.php?rest_route=\/wp\/v2\/posts\/32917\/revisions"}],"predecessor-version":[{"id":32951,"href":"https:\/\/revistavitrineibiuna.com.br\/index.php?rest_route=\/wp\/v2\/posts\/32917\/revisions\/32951"}],"wp:featuredmedia":[{"embeddable":true,"href":"https:\/\/revistavitrineibiuna.com.br\/index.php?rest_route=\/wp\/v2\/media\/32918"}],"wp:attachment":[{"href":"https:\/\/revistavitrineibiuna.com.br\/index.php?rest_route=%2Fwp%2Fv2%2Fmedia&parent=32917"}],"wp:term":[{"taxonomy":"category","embeddable":true,"href":"https:\/\/revistavitrineibiuna.com.br\/index.php?rest_route=%2Fwp%2Fv2%2Fcategories&post=32917"},{"taxonomy":"post_tag","embeddable":true,"href":"https:\/\/revistavitrineibiuna.com.br\/index.php?rest_route=%2Fwp%2Fv2%2Ftags&post=32917"}],"curies":[{"name":"wp","href":"https:\/\/api.w.org\/{rel}","templated":true}]}}