{"id":32993,"date":"2025-01-21T17:13:25","date_gmt":"2025-01-21T20:13:25","guid":{"rendered":"http:\/\/revistavitrineibiuna.com.br\/?p=32993"},"modified":"2025-01-21T18:35:31","modified_gmt":"2025-01-21T21:35:31","slug":"ibiuna-justica-proibe-passagem-de-caminhoes-na-ponte-nova","status":"publish","type":"post","link":"https:\/\/revistavitrineibiuna.com.br\/?p=32993","title":{"rendered":"IBI\u00daNA \u2013 JUSTI\u00c7A PRO\u00cdBE PASSAGEM DE CAMINH\u00d5ES NA PONTE NOVA"},"content":{"rendered":"\n<p class=\"has-drop-cap\">Ouvido o Minist\u00e9rio P\u00fablico do Estado de S\u00e3o Paulo \u2013 MP-SP, o juiz da 2\u00aa Vara da Comarca de Ibi\u00fana, Dr. Wilson Henrique Santos Gomes, determinou\u00a0 \u00e0 Prefeitura de Ibi\u00fana e ao Conselho Regional de Engenharia e Agronomia do Estado de S\u00e3o Paulo \u2013 CREA-SP que apresentem \u201ccom urg\u00eancia\u201d o laudo sobre as condi\u00e7\u00f5es de seguran\u00e7a da Ponte Nova, localizada sobre o Rio Soracaba, na estrada que liga Ibi\u00fana a Mairinque.<\/p>\n\n\n\n<p>A ponte estava interditada desde o dia 27 de dezembro, provocando um caos vi\u00e1rio em toda a regi\u00e3o, e fora reaberta ao tr\u00e1fego na tarde de ontem (20).<\/p>\n\n\n\n<p>Na pr\u00e1tica, a medida pro\u00edbe a passagem de caminh\u00f5es sobre a ponte, considerando o laudo t\u00e9cnico elaborado pelo engenheiro civil Marcelo Zambardino, na condi\u00e7\u00e3o de inspetor especial Ibi\u00fana, indicado pelo CREA-SP para periciar e emitir um parecer t\u00e9cnico da ponte, que foi entregue ao prefeito municipal na tarde do dia 16.<\/p>\n\n\n\n<p><strong>Supostamente,<\/strong> <strong>a libera\u00e7\u00e3o do tr\u00e1fego na ponte autorizada pela Justi\u00e7a estava baseada no laudo fornecido pelo Departamento de Estradas de Rodagem &#8211; DER. O juiz tornou impreter\u00edvel anexar ao processo o laudo feito pelo CREA-SP, que considerou fundamental impedir a passagem a ve\u00edculos pesados<\/strong>, <strong>a fim de evitara riscos \u00e0 seguran\u00e7a p\u00fablica.<\/strong><\/p>\n\n\n\n<p><em>[Para os demais ve\u00edculos, citados abaixo a ponte continua com o tr\u00e2nsito liberado sobre a ponte<\/em>]<\/p>\n\n\n\n<p>Em s\u00edntese, o laudo concluiu que \u201ca ponte pode ser liberada ao tr\u00e1fego\u201d somente para peruas escolares, vans, caminhonetes, tratores pequenos, ve\u00edculos leves (autom\u00f3veis), motos, bicicletas e pedestres, \u201cj\u00e1 que a ponte n\u00e3o oferece risco de colapsar ou qualquer outro risco de acidente com a estrutura, se respeitado o uso operacional normal\u201d.<\/p>\n\n\n\n<p>Devido \u00e0s condi\u00e7\u00f5es estruturais observadas na ponte, Zambardino recomendou a \u201cobstru\u00e7\u00e3o [impedimento] da passagem [pela ponte] de caminh\u00f5es, carretas, m\u00e1quinas de terraplenagem e agr\u00edcolas de grande porte (colheitadeiras), com monitoramento e controle da execu\u00e7\u00e3o dessa recupera\u00e7\u00e3o, desenvolvido por empresa especializada\u201d.<\/p>\n\n\n\n<p>[<em>leia mat\u00e9ria na \u00edntegra sob o t\u00edtulo IBI\u00daNA \u2013 CREA-SP DIZ QUE PONTE PODE SER LIBERADA AO TR\u00c1FEGO \u2013 <a href=\"http:\/\/www.revistavitrineibiuna.com.br\">www.revistavitrineibiuna.com.br<\/a>]<\/em><\/p>\n\n\n\n<p>JUSTI\u00c7A CITA REVISTA VITRINE ONLINE<\/p>\n\n\n\n<p>A decis\u00e3o judicial menciona a revista vitrine online, como refer\u00eancia para a ado\u00e7\u00e3o da medida.<\/p>\n\n\n\n<figure class=\"wp-block-image size-large\"><img loading=\"lazy\" width=\"715\" height=\"920\" src=\"https:\/\/revistavitrineibiuna.com.br\/wp-content\/uploads\/2025\/01\/decisao-do-juiz.png\" alt=\"\" class=\"wp-image-32997\" srcset=\"https:\/\/revistavitrineibiuna.com.br\/wp-content\/uploads\/2025\/01\/decisao-do-juiz.png 715w, https:\/\/revistavitrineibiuna.com.br\/wp-content\/uploads\/2025\/01\/decisao-do-juiz-233x300.png 233w\" sizes=\"(max-width: 715px) 100vw, 715px\" \/><\/figure>\n","protected":false},"excerpt":{"rendered":"<p>Ouvido o Minist\u00e9rio P\u00fablico do Estado de S\u00e3o Paulo \u2013 MP-SP, o juiz da 2\u00aa Vara da Comarca de Ibi\u00fana,<\/p>\n","protected":false},"author":1,"featured_media":32994,"comment_status":"open","ping_status":"open","sticky":false,"template":"","format":"standard","meta":[],"categories":[3],"tags":[],"yoast_head":"<!-- This site is optimized with the Yoast SEO plugin v15.8 - https:\/\/yoast.com\/wordpress\/plugins\/seo\/ -->\n<title>IBI\u00daNA \u2013 JUSTI\u00c7A PRO\u00cdBE PASSAGEM DE CAMINH\u00d5ES NA PONTE NOVA - Revista Vitrine Online<\/title>\n<meta name=\"robots\" content=\"index, follow, max-snippet:-1, max-image-preview:large, max-video-preview:-1\" \/>\n<link rel=\"canonical\" href=\"http:\/\/revistavitrineibiuna.com.br\/?p=32993\" \/>\n<meta property=\"og:locale\" content=\"pt_BR\" \/>\n<meta property=\"og:type\" content=\"article\" \/>\n<meta property=\"og:title\" content=\"IBI\u00daNA \u2013 JUSTI\u00c7A PRO\u00cdBE PASSAGEM DE CAMINH\u00d5ES NA PONTE NOVA - Revista Vitrine Online\" \/>\n<meta property=\"og:description\" content=\"Ouvido o Minist\u00e9rio P\u00fablico do Estado de S\u00e3o Paulo \u2013 MP-SP, o juiz da 2\u00aa Vara da Comarca de Ibi\u00fana,\" \/>\n<meta property=\"og:url\" content=\"http:\/\/revistavitrineibiuna.com.br\/?p=32993\" \/>\n<meta property=\"og:site_name\" content=\"Revista Vitrine Online\" \/>\n<meta property=\"article:published_time\" content=\"2025-01-21T20:13:25+00:00\" \/>\n<meta property=\"article:modified_time\" content=\"2025-01-21T21:35:31+00:00\" \/>\n<meta property=\"og:image\" content=\"https:\/\/revistavitrineibiuna.com.br\/wp-content\/uploads\/2025\/01\/ponte-reaberta.png\" \/>\n\t<meta property=\"og:image:width\" content=\"604\" \/>\n\t<meta property=\"og:image:height\" content=\"396\" \/>\n<meta name=\"twitter:card\" content=\"summary\" \/>\n<meta name=\"twitter:label1\" content=\"Est. reading time\">\n\t<meta name=\"twitter:data1\" content=\"2 minutos\">\n<script type=\"application\/ld+json\" class=\"yoast-schema-graph\">{\"@context\":\"https:\/\/schema.org\",\"@graph\":[{\"@type\":\"WebSite\",\"@id\":\"https:\/\/revistavitrineibiuna.com.br\/#website\",\"url\":\"https:\/\/revistavitrineibiuna.com.br\/\",\"name\":\"Revista Vitrine Ibi\\u00fana\",\"description\":\"A Revista de Ibi\\u00fana e Regi\\u00e3o\",\"publisher\":{\"@id\":\"https:\/\/revistavitrineibiuna.com.br\/#\/schema\/person\/e51ef49d6d88170ea21ceabff3f73deb\"},\"potentialAction\":[{\"@type\":\"SearchAction\",\"target\":\"https:\/\/revistavitrineibiuna.com.br\/?s={search_term_string}\",\"query-input\":\"required name=search_term_string\"}],\"inLanguage\":\"pt-BR\"},{\"@type\":\"ImageObject\",\"@id\":\"http:\/\/revistavitrineibiuna.com.br\/?p=32993#primaryimage\",\"inLanguage\":\"pt-BR\",\"url\":\"https:\/\/revistavitrineibiuna.com.br\/wp-content\/uploads\/2025\/01\/ponte-reaberta.png\",\"width\":604,\"height\":396},{\"@type\":\"WebPage\",\"@id\":\"http:\/\/revistavitrineibiuna.com.br\/?p=32993#webpage\",\"url\":\"http:\/\/revistavitrineibiuna.com.br\/?p=32993\",\"name\":\"IBI\\u00daNA \\u2013 JUSTI\\u00c7A PRO\\u00cdBE PASSAGEM DE CAMINH\\u00d5ES NA PONTE NOVA - Revista Vitrine Online\",\"isPartOf\":{\"@id\":\"https:\/\/revistavitrineibiuna.com.br\/#website\"},\"primaryImageOfPage\":{\"@id\":\"http:\/\/revistavitrineibiuna.com.br\/?p=32993#primaryimage\"},\"datePublished\":\"2025-01-21T20:13:25+00:00\",\"dateModified\":\"2025-01-21T21:35:31+00:00\",\"breadcrumb\":{\"@id\":\"http:\/\/revistavitrineibiuna.com.br\/?p=32993#breadcrumb\"},\"inLanguage\":\"pt-BR\",\"potentialAction\":[{\"@type\":\"ReadAction\",\"target\":[\"http:\/\/revistavitrineibiuna.com.br\/?p=32993\"]}]},{\"@type\":\"BreadcrumbList\",\"@id\":\"http:\/\/revistavitrineibiuna.com.br\/?p=32993#breadcrumb\",\"itemListElement\":[{\"@type\":\"ListItem\",\"position\":1,\"item\":{\"@type\":\"WebPage\",\"@id\":\"https:\/\/revistavitrineibiuna.com.br\/\",\"url\":\"https:\/\/revistavitrineibiuna.com.br\/\",\"name\":\"In\\u00edcio\"}},{\"@type\":\"ListItem\",\"position\":2,\"item\":{\"@type\":\"WebPage\",\"@id\":\"http:\/\/revistavitrineibiuna.com.br\/?p=32993\",\"url\":\"http:\/\/revistavitrineibiuna.com.br\/?p=32993\",\"name\":\"IBI\\u00daNA \\u2013 JUSTI\\u00c7A PRO\\u00cdBE PASSAGEM DE CAMINH\\u00d5ES NA PONTE NOVA\"}}]},{\"@type\":\"Article\",\"@id\":\"http:\/\/revistavitrineibiuna.com.br\/?p=32993#article\",\"isPartOf\":{\"@id\":\"http:\/\/revistavitrineibiuna.com.br\/?p=32993#webpage\"},\"author\":{\"@id\":\"https:\/\/revistavitrineibiuna.com.br\/#\/schema\/person\/e51ef49d6d88170ea21ceabff3f73deb\"},\"headline\":\"IBI\\u00daNA \\u2013 JUSTI\\u00c7A PRO\\u00cdBE PASSAGEM DE CAMINH\\u00d5ES NA PONTE NOVA\",\"datePublished\":\"2025-01-21T20:13:25+00:00\",\"dateModified\":\"2025-01-21T21:35:31+00:00\",\"mainEntityOfPage\":{\"@id\":\"http:\/\/revistavitrineibiuna.com.br\/?p=32993#webpage\"},\"commentCount\":0,\"publisher\":{\"@id\":\"https:\/\/revistavitrineibiuna.com.br\/#\/schema\/person\/e51ef49d6d88170ea21ceabff3f73deb\"},\"image\":{\"@id\":\"http:\/\/revistavitrineibiuna.com.br\/?p=32993#primaryimage\"},\"articleSection\":\"Not\\u00edcias\",\"inLanguage\":\"pt-BR\",\"potentialAction\":[{\"@type\":\"CommentAction\",\"name\":\"Comment\",\"target\":[\"http:\/\/revistavitrineibiuna.com.br\/?p=32993#respond\"]}]},{\"@type\":[\"Person\",\"Organization\"],\"@id\":\"https:\/\/revistavitrineibiuna.com.br\/#\/schema\/person\/e51ef49d6d88170ea21ceabff3f73deb\",\"name\":\"Carlos Rossini\",\"image\":{\"@type\":\"ImageObject\",\"@id\":\"https:\/\/revistavitrineibiuna.com.br\/#personlogo\",\"inLanguage\":\"pt-BR\",\"url\":\"https:\/\/secure.gravatar.com\/avatar\/4f2d0f99fac1f85c7d643f21f5c8d900?s=96&d=mm&r=g\",\"caption\":\"Carlos Rossini\"},\"logo\":{\"@id\":\"https:\/\/revistavitrineibiuna.com.br\/#personlogo\"},\"description\":\"Carlos Rossini \\u00e9 jornalista, soci\\u00f3logo, escritor e professor universit\\u00e1rio, tendo sido professor de jornalismo por vinte anos. Trabalhou em ve\\u00edculos de comunica\\u00e7\\u00e3o nas fun\\u00e7\\u00f5es de rep\\u00f3rter, redator, editor, articulista e colaborador, como Folha de S. Paulo, O Estado de S. Paulo, Di\\u00e1rio Popular, entre outros. Ao transferir a revista vitrine, vers\\u00e3o imprensa, de S\\u00e3o Paulo para Ibi\\u00fana h\\u00e1 alguns anos, iniciou uma nova experi\\u00eancia profissional, dedicando-se ao jornalismo regional, depois de cumprir uma trajet\\u00f3ria bem-sucedida na grande imprensa brasileira. Seu primeiro livro A Coragem de Comunicar foi lan\\u00e7ado na Bienal do Livro em S\\u00e3o Paulo no ano 2000, pela editora Madras.\"}]}<\/script>\n<!-- \/ Yoast SEO plugin. -->","_links":{"self":[{"href":"https:\/\/revistavitrineibiuna.com.br\/index.php?rest_route=\/wp\/v2\/posts\/32993"}],"collection":[{"href":"https:\/\/revistavitrineibiuna.com.br\/index.php?rest_route=\/wp\/v2\/posts"}],"about":[{"href":"https:\/\/revistavitrineibiuna.com.br\/index.php?rest_route=\/wp\/v2\/types\/post"}],"author":[{"embeddable":true,"href":"https:\/\/revistavitrineibiuna.com.br\/index.php?rest_route=\/wp\/v2\/users\/1"}],"replies":[{"embeddable":true,"href":"https:\/\/revistavitrineibiuna.com.br\/index.php?rest_route=%2Fwp%2Fv2%2Fcomments&post=32993"}],"version-history":[{"count":4,"href":"https:\/\/revistavitrineibiuna.com.br\/index.php?rest_route=\/wp\/v2\/posts\/32993\/revisions"}],"predecessor-version":[{"id":33000,"href":"https:\/\/revistavitrineibiuna.com.br\/index.php?rest_route=\/wp\/v2\/posts\/32993\/revisions\/33000"}],"wp:featuredmedia":[{"embeddable":true,"href":"https:\/\/revistavitrineibiuna.com.br\/index.php?rest_route=\/wp\/v2\/media\/32994"}],"wp:attachment":[{"href":"https:\/\/revistavitrineibiuna.com.br\/index.php?rest_route=%2Fwp%2Fv2%2Fmedia&parent=32993"}],"wp:term":[{"taxonomy":"category","embeddable":true,"href":"https:\/\/revistavitrineibiuna.com.br\/index.php?rest_route=%2Fwp%2Fv2%2Fcategories&post=32993"},{"taxonomy":"post_tag","embeddable":true,"href":"https:\/\/revistavitrineibiuna.com.br\/index.php?rest_route=%2Fwp%2Fv2%2Ftags&post=32993"}],"curies":[{"name":"wp","href":"https:\/\/api.w.org\/{rel}","templated":true}]}}