{"id":33001,"date":"2025-01-22T07:38:46","date_gmt":"2025-01-22T10:38:46","guid":{"rendered":"http:\/\/revistavitrineibiuna.com.br\/?p=33001"},"modified":"2025-01-22T08:53:04","modified_gmt":"2025-01-22T11:53:04","slug":"protagonismo-de-trump-e-pos-hollywoodiano","status":"publish","type":"post","link":"https:\/\/revistavitrineibiuna.com.br\/?p=33001","title":{"rendered":"PROTAGONISMO DE TRUMP \u00c9 P\u00d3S-HOLLYWOODIANO"},"content":{"rendered":"\n<p class=\"has-drop-cap\"><strong>Ouso, daqui do meu observat\u00f3rio instalado no alto de uma arborizada colina ibiunense, dar o meu pitaco sobre o que poder\u00e1 acontecer ao planeta com a posse do presidente Donald Trump, 78, e seus rompantes verbais de extremismo autorit\u00e1rio, levando em considera\u00e7\u00e3o suas palavras e primeiros atos oficiais.<\/strong><\/p>\n\n\n\n<p><strong>Ele \u00e9 o 47\u00ba presidente dos Estados Unidos da Am\u00e9rica e tomou posse na segunda-feira (20).<\/strong><strong><\/strong><\/p>\n\n\n\n<p><strong>Pelo que observo em seus primeiros atos oficiais, ele se coloca abaixo apenas de Deus [estava ao seu lado, a primeira dama, com um estranho chap\u00e9u preto, e uma B\u00edblia na m\u00e3o?] e se transforma em soberano do universo para tornar seu \u00edmpeto uma temida cat\u00e1strofe de propor\u00e7\u00f5es jamais vistas antes pela humanidade?<\/strong><\/p>\n\n\n\n<p><strong>Para quem tem mem\u00f3ria curta da sist\u00eamica narrativa da Hist\u00f3ria, como \u00e9 o nosso caso, recordar a revolu\u00e7\u00e3o que engendrou o surgimento das Rep\u00fablicas Socialistas Sovi\u00e9ticas e a brutal crueldade praticada por Stalin que resultou na morte milh\u00f5es de pessoas, entre as quais muitas humildes, mortes produzidas pelo excesso de poder nas m\u00e3os de um \u00fanico homem, parece oportuno.<\/strong><\/p>\n\n\n\n<p><strong>E o que dizer da Alemanha, cuja popula\u00e7\u00e3o, aturdida com suas dificuldades existenciais e os medos instilados por uma propaganda praticada como lavagem cerebral, se deixou levar pela manipula\u00e7\u00e3o do poderoso Hiltler e que resultou em milh\u00f5es de mortes. E de Mussolini, na It\u00e1lia, que teve um fim horrososo?<\/strong><\/p>\n\n\n\n<p><strong>Em suma, \u00e9 triste constatar que todo um povo, pelo menos a maioria dele, n\u00e3o raro pode ser conduzido como uma manada pelas mais perversas formas de manipula\u00e7\u00e3o mental, a partir, da imposi\u00e7\u00e3o do medo generalizado, tornando as pessoas inseguras e submissas a se prostrarem diante de mentes monstruosamente necrof\u00edlicas.<\/strong><\/p>\n\n\n\n<p><strong>A primeira e a segunda guerras mundiais transformaram o mundo, n\u00e3o para gerar melhorias nas condi\u00e7\u00f5es de vida sobre a superf\u00edcie da terra, mas para marcar o mito de que o homem na ess\u00eancia \u00e9 um animal bestial ambicioso e inconsequente com as dores que afligem os outros. Quer, e, muitas vezes toma, suas posses, suas terras, suas mulheres.<\/strong><\/p>\n\n\n\n<p><strong>O que ser\u00e1 ent\u00e3o da vida de uma infinidade de pessoas que vivem e trabalham nas terras do Tio Sam, fam\u00edlias inteiras de imigrantes apavoradas com o desterro iminente? O que ser\u00e1 do clima na terra com um planeta que se esgota com a degrada\u00e7\u00e3o de sua atmosfera sufocada pela polui\u00e7\u00e3o, j\u00e1 que o objetivo \u00e9 dominar o mundo, custe o que custar?<\/strong><\/p>\n\n\n\n<p><strong>O que significa evocar Deus, se o que se tem por dentro, as verdadeiras inten\u00e7\u00f5es ocultas, \u00e9 um desejo de conquistar a qualquer pre\u00e7o, dane-se a moralidade?<\/strong><\/p>\n\n\n\n<p><strong>&nbsp;\u201cN\u00f3s n\u00e3o precisamos dos outros; os outros \u00e9 que precisam de n\u00f3s.\u201d<\/strong><\/p>\n\n\n\n<p><strong>Ele o disse publicamente. Imagine-se o quanto de arrog\u00e2ncia e poder sustentam essa afirma\u00e7\u00e3o, para provocar medo nas na\u00e7\u00f5es mais fr\u00e1geis, mas, talvez, n\u00e3o o suficiente nas poderosas, no sentido b\u00e9lico nuclear.<\/strong><\/p>\n\n\n\n<p><strong>Singelamente, podemos estar diante de um projeto megal\u00f4mano e, me permita a psicologia, narcisista, que se insere no maior dos desejos humanos \u2013 para suplantar o estigma da finitude e da morte \u2013 o desejo de poder. E a sensa\u00e7\u00e3o de prazer tempor\u00e1rio despertado por sua conquista. &nbsp;&nbsp;H\u00e1, de fato, uma teoria que justifica a aquisi\u00e7\u00e3o do poder como um dos arqu\u00e9tipos mais atraentes para os seres humanos.<\/strong><\/p>\n\n\n\n<p><strong>N\u00e3o foi por acaso que, ao se afastar de Deus, por meio da raz\u00e3o, e da natureza, esta se tornou objeto de sua domina\u00e7\u00e3o, em vez de um motivo para o estabelecimento de uma rela\u00e7\u00e3o harmoniosa porque, afinal, tudo e todos fazemos parte dela. O que acontece com a natureza naturalmente nos envolve.<\/strong><\/p>\n\n\n\n<p><strong>Mas, enfim, a esperan\u00e7a, sempre a esperan\u00e7a, reside no fato, apesar das apar\u00eancias, de que nem tudo est\u00e1 perdido. A vida inteligente no planeta, depois de zilh\u00f5es de &nbsp;voltas em torno do Sol, a Terra, Gaia, dar\u00e1 um jeito de se livrar de tantas desordens. Ser\u00e1 que isso j\u00e1 come\u00e7ou a acontecer por meio dos fen\u00f4menos clim\u00e1ticos?<\/strong><\/p>\n\n\n\n<p><strong>H\u00e1, em suma, uma intelig\u00eancia natural, silenciosa, a favor da vida. Quando uma simples formiguinha se finge de morta para se livrar de uma amea\u00e7a iminente contra a sua vida, a\u00ed est\u00e1 um princ\u00edpio que nos faz lembrar da intelig\u00eancia divina, embora todo adulto equilibrado e observador deva saber como terminam todas as hist\u00f3rias, inclusive a de homens poderosos que querem abra\u00e7ar soberanamente a eternidade, uma clara impossibilidade.<\/strong><\/p>\n\n\n\n<p><strong>Afinal, considerando a natureza da mente humana e sua extrema complexidade, muitas pessoas experientes t\u00eam doado sabedoria ao mundo para quem quiser saber e experimentar.<\/strong><\/p>\n\n\n\n<p><strong>A not\u00edcia saud\u00e1vel \u00e9 clara: \u00e9 melhor ter pensamentos bons do que pensamentos ruins e negativos. \u00c9 melhor amar do que odiar. \u00c9 melhor compreender do que n\u00e3o tolerar. E isso vale para cada um de n\u00f3s e para todos n\u00f3s.<\/strong><\/p>\n\n\n\n<p><strong>Bem, a humildade convoca este escriba para que reconsidere tudo o que foi dito antes, porque \u00e9 poss\u00edvel que Trump tenha sido protagonista do que os franceses denominam <em>mise em sc\u00e8ne<\/em>.<\/strong><\/p>\n\n\n\n<p><strong>Ou seja: ter\u00e1 se apresentado em cena, com pompa e circunst\u00e2ncia, para representar um grande espet\u00e1culo mundial p\u00f3s-hollwoodiano. Talvez se incluam a\u00ed posturas desenhadas por especialistas em marketing pol\u00edtico, para marcar simbolicamente uma forma de expressar poder simp\u00e1tica ao p\u00fablico interno, os norte-americanos, e lan\u00e7ar ao universo o desejo de reconfigurar seu hist\u00f3rico papel hegem\u00f4nico. Afinal o d\u00f3lar e o idioma ingl\u00eas t\u00eam circula\u00e7\u00e3o livre por toda a parte!<\/strong><\/p>\n\n\n\n<p><strong>A prop\u00f3sito, o ritual da posse no Capit\u00f3lio, num dia congelante, em Washington, em um luxuoso almo\u00e7o para seiscentas pessoas, personalidades ilustr\u00edssimas, como ex-presidentes, faz lembrar a import\u00e2ncia das rela\u00e7\u00f5es sociais na conten\u00e7\u00e3o de gestos extremos. Assim, esperamos! &nbsp;(Carlos Rossini \u00e9 jornalista e soci\u00f3logo) &nbsp;<\/strong><\/p>\n","protected":false},"excerpt":{"rendered":"<p>Ouso, daqui do meu observat\u00f3rio instalado no alto de uma arborizada colina ibiunense, dar o meu pitaco sobre o que<\/p>\n","protected":false},"author":1,"featured_media":33002,"comment_status":"open","ping_status":"open","sticky":false,"template":"","format":"standard","meta":[],"categories":[3],"tags":[],"yoast_head":"<!-- This site is optimized with the Yoast SEO plugin v15.8 - https:\/\/yoast.com\/wordpress\/plugins\/seo\/ -->\n<title>PROTAGONISMO DE TRUMP \u00c9 P\u00d3S-HOLLYWOODIANO - Revista Vitrine Online<\/title>\n<meta name=\"robots\" content=\"index, follow, max-snippet:-1, max-image-preview:large, max-video-preview:-1\" \/>\n<link rel=\"canonical\" href=\"http:\/\/revistavitrineibiuna.com.br\/?p=33001\" \/>\n<meta property=\"og:locale\" content=\"pt_BR\" \/>\n<meta property=\"og:type\" content=\"article\" \/>\n<meta property=\"og:title\" content=\"PROTAGONISMO DE TRUMP \u00c9 P\u00d3S-HOLLYWOODIANO - Revista Vitrine Online\" \/>\n<meta property=\"og:description\" content=\"Ouso, daqui do meu observat\u00f3rio instalado no alto de uma arborizada colina ibiunense, dar o meu pitaco sobre o que\" \/>\n<meta property=\"og:url\" content=\"http:\/\/revistavitrineibiuna.com.br\/?p=33001\" \/>\n<meta property=\"og:site_name\" content=\"Revista Vitrine Online\" \/>\n<meta property=\"article:published_time\" content=\"2025-01-22T10:38:46+00:00\" \/>\n<meta property=\"article:modified_time\" content=\"2025-01-22T11:53:04+00:00\" \/>\n<meta property=\"og:image\" content=\"https:\/\/revistavitrineibiuna.com.br\/wp-content\/uploads\/2025\/01\/trump.png\" \/>\n\t<meta property=\"og:image:width\" content=\"1377\" \/>\n\t<meta property=\"og:image:height\" content=\"917\" \/>\n<meta name=\"twitter:card\" content=\"summary\" \/>\n<meta name=\"twitter:label1\" content=\"Est. reading time\">\n\t<meta name=\"twitter:data1\" content=\"5 minutos\">\n<script type=\"application\/ld+json\" class=\"yoast-schema-graph\">{\"@context\":\"https:\/\/schema.org\",\"@graph\":[{\"@type\":\"WebSite\",\"@id\":\"https:\/\/revistavitrineibiuna.com.br\/#website\",\"url\":\"https:\/\/revistavitrineibiuna.com.br\/\",\"name\":\"Revista Vitrine Ibi\\u00fana\",\"description\":\"A Revista de Ibi\\u00fana e Regi\\u00e3o\",\"publisher\":{\"@id\":\"https:\/\/revistavitrineibiuna.com.br\/#\/schema\/person\/e51ef49d6d88170ea21ceabff3f73deb\"},\"potentialAction\":[{\"@type\":\"SearchAction\",\"target\":\"https:\/\/revistavitrineibiuna.com.br\/?s={search_term_string}\",\"query-input\":\"required name=search_term_string\"}],\"inLanguage\":\"pt-BR\"},{\"@type\":\"ImageObject\",\"@id\":\"http:\/\/revistavitrineibiuna.com.br\/?p=33001#primaryimage\",\"inLanguage\":\"pt-BR\",\"url\":\"https:\/\/revistavitrineibiuna.com.br\/wp-content\/uploads\/2025\/01\/trump.png\",\"width\":1377,\"height\":917},{\"@type\":\"WebPage\",\"@id\":\"http:\/\/revistavitrineibiuna.com.br\/?p=33001#webpage\",\"url\":\"http:\/\/revistavitrineibiuna.com.br\/?p=33001\",\"name\":\"PROTAGONISMO DE TRUMP \\u00c9 P\\u00d3S-HOLLYWOODIANO - Revista Vitrine Online\",\"isPartOf\":{\"@id\":\"https:\/\/revistavitrineibiuna.com.br\/#website\"},\"primaryImageOfPage\":{\"@id\":\"http:\/\/revistavitrineibiuna.com.br\/?p=33001#primaryimage\"},\"datePublished\":\"2025-01-22T10:38:46+00:00\",\"dateModified\":\"2025-01-22T11:53:04+00:00\",\"breadcrumb\":{\"@id\":\"http:\/\/revistavitrineibiuna.com.br\/?p=33001#breadcrumb\"},\"inLanguage\":\"pt-BR\",\"potentialAction\":[{\"@type\":\"ReadAction\",\"target\":[\"http:\/\/revistavitrineibiuna.com.br\/?p=33001\"]}]},{\"@type\":\"BreadcrumbList\",\"@id\":\"http:\/\/revistavitrineibiuna.com.br\/?p=33001#breadcrumb\",\"itemListElement\":[{\"@type\":\"ListItem\",\"position\":1,\"item\":{\"@type\":\"WebPage\",\"@id\":\"https:\/\/revistavitrineibiuna.com.br\/\",\"url\":\"https:\/\/revistavitrineibiuna.com.br\/\",\"name\":\"In\\u00edcio\"}},{\"@type\":\"ListItem\",\"position\":2,\"item\":{\"@type\":\"WebPage\",\"@id\":\"http:\/\/revistavitrineibiuna.com.br\/?p=33001\",\"url\":\"http:\/\/revistavitrineibiuna.com.br\/?p=33001\",\"name\":\"PROTAGONISMO DE TRUMP \\u00c9 P\\u00d3S-HOLLYWOODIANO\"}}]},{\"@type\":\"Article\",\"@id\":\"http:\/\/revistavitrineibiuna.com.br\/?p=33001#article\",\"isPartOf\":{\"@id\":\"http:\/\/revistavitrineibiuna.com.br\/?p=33001#webpage\"},\"author\":{\"@id\":\"https:\/\/revistavitrineibiuna.com.br\/#\/schema\/person\/e51ef49d6d88170ea21ceabff3f73deb\"},\"headline\":\"PROTAGONISMO DE TRUMP \\u00c9 P\\u00d3S-HOLLYWOODIANO\",\"datePublished\":\"2025-01-22T10:38:46+00:00\",\"dateModified\":\"2025-01-22T11:53:04+00:00\",\"mainEntityOfPage\":{\"@id\":\"http:\/\/revistavitrineibiuna.com.br\/?p=33001#webpage\"},\"commentCount\":0,\"publisher\":{\"@id\":\"https:\/\/revistavitrineibiuna.com.br\/#\/schema\/person\/e51ef49d6d88170ea21ceabff3f73deb\"},\"image\":{\"@id\":\"http:\/\/revistavitrineibiuna.com.br\/?p=33001#primaryimage\"},\"articleSection\":\"Not\\u00edcias\",\"inLanguage\":\"pt-BR\",\"potentialAction\":[{\"@type\":\"CommentAction\",\"name\":\"Comment\",\"target\":[\"http:\/\/revistavitrineibiuna.com.br\/?p=33001#respond\"]}]},{\"@type\":[\"Person\",\"Organization\"],\"@id\":\"https:\/\/revistavitrineibiuna.com.br\/#\/schema\/person\/e51ef49d6d88170ea21ceabff3f73deb\",\"name\":\"Carlos Rossini\",\"image\":{\"@type\":\"ImageObject\",\"@id\":\"https:\/\/revistavitrineibiuna.com.br\/#personlogo\",\"inLanguage\":\"pt-BR\",\"url\":\"https:\/\/secure.gravatar.com\/avatar\/4f2d0f99fac1f85c7d643f21f5c8d900?s=96&d=mm&r=g\",\"caption\":\"Carlos Rossini\"},\"logo\":{\"@id\":\"https:\/\/revistavitrineibiuna.com.br\/#personlogo\"},\"description\":\"Carlos Rossini \\u00e9 jornalista, soci\\u00f3logo, escritor e professor universit\\u00e1rio, tendo sido professor de jornalismo por vinte anos. Trabalhou em ve\\u00edculos de comunica\\u00e7\\u00e3o nas fun\\u00e7\\u00f5es de rep\\u00f3rter, redator, editor, articulista e colaborador, como Folha de S. Paulo, O Estado de S. Paulo, Di\\u00e1rio Popular, entre outros. Ao transferir a revista vitrine, vers\\u00e3o imprensa, de S\\u00e3o Paulo para Ibi\\u00fana h\\u00e1 alguns anos, iniciou uma nova experi\\u00eancia profissional, dedicando-se ao jornalismo regional, depois de cumprir uma trajet\\u00f3ria bem-sucedida na grande imprensa brasileira. Seu primeiro livro A Coragem de Comunicar foi lan\\u00e7ado na Bienal do Livro em S\\u00e3o Paulo no ano 2000, pela editora Madras.\"}]}<\/script>\n<!-- \/ Yoast SEO plugin. -->","_links":{"self":[{"href":"https:\/\/revistavitrineibiuna.com.br\/index.php?rest_route=\/wp\/v2\/posts\/33001"}],"collection":[{"href":"https:\/\/revistavitrineibiuna.com.br\/index.php?rest_route=\/wp\/v2\/posts"}],"about":[{"href":"https:\/\/revistavitrineibiuna.com.br\/index.php?rest_route=\/wp\/v2\/types\/post"}],"author":[{"embeddable":true,"href":"https:\/\/revistavitrineibiuna.com.br\/index.php?rest_route=\/wp\/v2\/users\/1"}],"replies":[{"embeddable":true,"href":"https:\/\/revistavitrineibiuna.com.br\/index.php?rest_route=%2Fwp%2Fv2%2Fcomments&post=33001"}],"version-history":[{"count":5,"href":"https:\/\/revistavitrineibiuna.com.br\/index.php?rest_route=\/wp\/v2\/posts\/33001\/revisions"}],"predecessor-version":[{"id":33009,"href":"https:\/\/revistavitrineibiuna.com.br\/index.php?rest_route=\/wp\/v2\/posts\/33001\/revisions\/33009"}],"wp:featuredmedia":[{"embeddable":true,"href":"https:\/\/revistavitrineibiuna.com.br\/index.php?rest_route=\/wp\/v2\/media\/33002"}],"wp:attachment":[{"href":"https:\/\/revistavitrineibiuna.com.br\/index.php?rest_route=%2Fwp%2Fv2%2Fmedia&parent=33001"}],"wp:term":[{"taxonomy":"category","embeddable":true,"href":"https:\/\/revistavitrineibiuna.com.br\/index.php?rest_route=%2Fwp%2Fv2%2Fcategories&post=33001"},{"taxonomy":"post_tag","embeddable":true,"href":"https:\/\/revistavitrineibiuna.com.br\/index.php?rest_route=%2Fwp%2Fv2%2Ftags&post=33001"}],"curies":[{"name":"wp","href":"https:\/\/api.w.org\/{rel}","templated":true}]}}