{"id":33010,"date":"2025-01-23T10:21:44","date_gmt":"2025-01-23T13:21:44","guid":{"rendered":"http:\/\/revistavitrineibiuna.com.br\/?p=33010"},"modified":"2025-01-23T14:02:11","modified_gmt":"2025-01-23T17:02:11","slug":"vitrine-online-atinge-245-621-visualizacoes-em-28-dias","status":"publish","type":"post","link":"https:\/\/revistavitrineibiuna.com.br\/?p=33010","title":{"rendered":"VITRINE ONLINE ATINGE 245.621 VISUALIZA\u00c7\u00d5ES, EM 28 DIAS"},"content":{"rendered":"\n<p class=\"has-drop-cap\"><strong>Focados no dia a dia dos fatos, a gente nem sabia desse desempenho.<\/strong><\/p>\n\n\n\n<p><strong>Quem nos informou foi o Facebook.<\/strong><\/p>\n\n\n\n<p><strong>Vitrine online conseguiu 245.621 visualiza\u00e7\u00f5es em 28 dias<\/strong>. <strong>Ou seja:  8.772 visualiza\u00e7\u00f5es por dia, todas org\u00e2nicas, isto \u00e9, sem nenhum impulsionamento pago.<\/strong><\/p>\n\n\n\n<p><strong>O engajamento com as not\u00edcias que publicamos registrou um aumento de 294%.<\/strong><\/p>\n\n\n\n<p><strong>Acreditamos que esse resultado confortador se deve a fatores relevantes:<\/strong><\/p>\n\n\n\n<p><strong>Ao nosso princ\u00edpio orientador, que se baseia nas melhores pr\u00e1ticas do jornalismo profissional;<\/strong><\/p>\n\n\n\n<p><strong>\u00c0 responsabilidade \u00e9tica, que cultivamos como pedra angular;<\/strong><\/p>\n\n\n\n<p><strong>\u00c0 correta apura\u00e7\u00e3o dos fatos;<\/strong><\/p>\n\n\n\n<p><strong>Ao respeito absoluto \u00e0s fontes de informa\u00e7\u00f5es;<\/strong><\/p>\n\n\n\n<p><strong>E, especialmente, ao direito dos leitores de serem bem-informados.<\/strong><\/p>\n\n\n\n<p><strong>Recebemos esse resultado como prova gratificante da credibilidade com que o povo de Ibi\u00fana e regi\u00e3o nos brinda a cada nova not\u00edcia que levamos ao conhecimento p\u00fablico.<\/strong><\/p>\n\n\n\n<p><strong>Muito obrigado!<\/strong><\/p>\n\n\n\n<figure class=\"wp-block-image size-large\"><img loading=\"lazy\" width=\"714\" height=\"910\" src=\"https:\/\/revistavitrineibiuna.com.br\/wp-content\/uploads\/2025\/01\/desempenho-de-vitrine-online.png\" alt=\"\" class=\"wp-image-33013\" srcset=\"https:\/\/revistavitrineibiuna.com.br\/wp-content\/uploads\/2025\/01\/desempenho-de-vitrine-online.png 714w, https:\/\/revistavitrineibiuna.com.br\/wp-content\/uploads\/2025\/01\/desempenho-de-vitrine-online-235x300.png 235w\" sizes=\"(max-width: 714px) 100vw, 714px\" \/><\/figure>\n","protected":false},"excerpt":{"rendered":"<p>Focados no dia a dia dos fatos, a gente nem sabia desse desempenho. Quem nos informou foi o Facebook. Vitrine<\/p>\n","protected":false},"author":1,"featured_media":33011,"comment_status":"open","ping_status":"open","sticky":false,"template":"","format":"standard","meta":[],"categories":[70],"tags":[],"yoast_head":"<!-- This site is optimized with the Yoast SEO plugin v15.8 - https:\/\/yoast.com\/wordpress\/plugins\/seo\/ -->\n<title>VITRINE ONLINE ATINGE 245.621 VISUALIZA\u00c7\u00d5ES, EM 28 DIAS - Revista Vitrine Online<\/title>\n<meta name=\"robots\" content=\"index, follow, max-snippet:-1, max-image-preview:large, max-video-preview:-1\" \/>\n<link rel=\"canonical\" href=\"http:\/\/revistavitrineibiuna.com.br\/?p=33010\" \/>\n<meta property=\"og:locale\" content=\"pt_BR\" \/>\n<meta property=\"og:type\" content=\"article\" \/>\n<meta property=\"og:title\" content=\"VITRINE ONLINE ATINGE 245.621 VISUALIZA\u00c7\u00d5ES, EM 28 DIAS - Revista Vitrine Online\" \/>\n<meta property=\"og:description\" content=\"Focados no dia a dia dos fatos, a gente nem sabia desse desempenho. Quem nos informou foi o Facebook. Vitrine\" \/>\n<meta property=\"og:url\" content=\"http:\/\/revistavitrineibiuna.com.br\/?p=33010\" \/>\n<meta property=\"og:site_name\" content=\"Revista Vitrine Online\" \/>\n<meta property=\"article:published_time\" content=\"2025-01-23T13:21:44+00:00\" \/>\n<meta property=\"article:modified_time\" content=\"2025-01-23T17:02:11+00:00\" \/>\n<meta property=\"og:image\" content=\"https:\/\/revistavitrineibiuna.com.br\/wp-content\/uploads\/2025\/01\/rapidinhas-novo.png\" \/>\n\t<meta property=\"og:image:width\" content=\"714\" \/>\n\t<meta property=\"og:image:height\" content=\"910\" \/>\n<meta name=\"twitter:card\" content=\"summary\" \/>\n<meta name=\"twitter:label1\" content=\"Est. reading time\">\n\t<meta name=\"twitter:data1\" content=\"1 minuto\">\n<script type=\"application\/ld+json\" class=\"yoast-schema-graph\">{\"@context\":\"https:\/\/schema.org\",\"@graph\":[{\"@type\":\"WebSite\",\"@id\":\"https:\/\/revistavitrineibiuna.com.br\/#website\",\"url\":\"https:\/\/revistavitrineibiuna.com.br\/\",\"name\":\"Revista Vitrine Ibi\\u00fana\",\"description\":\"A Revista de Ibi\\u00fana e Regi\\u00e3o\",\"publisher\":{\"@id\":\"https:\/\/revistavitrineibiuna.com.br\/#\/schema\/person\/e51ef49d6d88170ea21ceabff3f73deb\"},\"potentialAction\":[{\"@type\":\"SearchAction\",\"target\":\"https:\/\/revistavitrineibiuna.com.br\/?s={search_term_string}\",\"query-input\":\"required name=search_term_string\"}],\"inLanguage\":\"pt-BR\"},{\"@type\":\"ImageObject\",\"@id\":\"http:\/\/revistavitrineibiuna.com.br\/?p=33010#primaryimage\",\"inLanguage\":\"pt-BR\",\"url\":\"https:\/\/revistavitrineibiuna.com.br\/wp-content\/uploads\/2025\/01\/rapidinhas-novo.png\",\"width\":714,\"height\":910},{\"@type\":\"WebPage\",\"@id\":\"http:\/\/revistavitrineibiuna.com.br\/?p=33010#webpage\",\"url\":\"http:\/\/revistavitrineibiuna.com.br\/?p=33010\",\"name\":\"VITRINE ONLINE ATINGE 245.621 VISUALIZA\\u00c7\\u00d5ES, EM 28 DIAS - Revista Vitrine Online\",\"isPartOf\":{\"@id\":\"https:\/\/revistavitrineibiuna.com.br\/#website\"},\"primaryImageOfPage\":{\"@id\":\"http:\/\/revistavitrineibiuna.com.br\/?p=33010#primaryimage\"},\"datePublished\":\"2025-01-23T13:21:44+00:00\",\"dateModified\":\"2025-01-23T17:02:11+00:00\",\"breadcrumb\":{\"@id\":\"http:\/\/revistavitrineibiuna.com.br\/?p=33010#breadcrumb\"},\"inLanguage\":\"pt-BR\",\"potentialAction\":[{\"@type\":\"ReadAction\",\"target\":[\"http:\/\/revistavitrineibiuna.com.br\/?p=33010\"]}]},{\"@type\":\"BreadcrumbList\",\"@id\":\"http:\/\/revistavitrineibiuna.com.br\/?p=33010#breadcrumb\",\"itemListElement\":[{\"@type\":\"ListItem\",\"position\":1,\"item\":{\"@type\":\"WebPage\",\"@id\":\"https:\/\/revistavitrineibiuna.com.br\/\",\"url\":\"https:\/\/revistavitrineibiuna.com.br\/\",\"name\":\"In\\u00edcio\"}},{\"@type\":\"ListItem\",\"position\":2,\"item\":{\"@type\":\"WebPage\",\"@id\":\"http:\/\/revistavitrineibiuna.com.br\/?p=33010\",\"url\":\"http:\/\/revistavitrineibiuna.com.br\/?p=33010\",\"name\":\"VITRINE ONLINE ATINGE 245.621 VISUALIZA\\u00c7\\u00d5ES, EM 28 DIAS\"}}]},{\"@type\":\"Article\",\"@id\":\"http:\/\/revistavitrineibiuna.com.br\/?p=33010#article\",\"isPartOf\":{\"@id\":\"http:\/\/revistavitrineibiuna.com.br\/?p=33010#webpage\"},\"author\":{\"@id\":\"https:\/\/revistavitrineibiuna.com.br\/#\/schema\/person\/e51ef49d6d88170ea21ceabff3f73deb\"},\"headline\":\"VITRINE ONLINE ATINGE 245.621 VISUALIZA\\u00c7\\u00d5ES, EM 28 DIAS\",\"datePublished\":\"2025-01-23T13:21:44+00:00\",\"dateModified\":\"2025-01-23T17:02:11+00:00\",\"mainEntityOfPage\":{\"@id\":\"http:\/\/revistavitrineibiuna.com.br\/?p=33010#webpage\"},\"commentCount\":0,\"publisher\":{\"@id\":\"https:\/\/revistavitrineibiuna.com.br\/#\/schema\/person\/e51ef49d6d88170ea21ceabff3f73deb\"},\"image\":{\"@id\":\"http:\/\/revistavitrineibiuna.com.br\/?p=33010#primaryimage\"},\"articleSection\":\"Rapidinhas\",\"inLanguage\":\"pt-BR\",\"potentialAction\":[{\"@type\":\"CommentAction\",\"name\":\"Comment\",\"target\":[\"http:\/\/revistavitrineibiuna.com.br\/?p=33010#respond\"]}]},{\"@type\":[\"Person\",\"Organization\"],\"@id\":\"https:\/\/revistavitrineibiuna.com.br\/#\/schema\/person\/e51ef49d6d88170ea21ceabff3f73deb\",\"name\":\"Carlos Rossini\",\"image\":{\"@type\":\"ImageObject\",\"@id\":\"https:\/\/revistavitrineibiuna.com.br\/#personlogo\",\"inLanguage\":\"pt-BR\",\"url\":\"https:\/\/secure.gravatar.com\/avatar\/4f2d0f99fac1f85c7d643f21f5c8d900?s=96&d=mm&r=g\",\"caption\":\"Carlos Rossini\"},\"logo\":{\"@id\":\"https:\/\/revistavitrineibiuna.com.br\/#personlogo\"},\"description\":\"Carlos Rossini \\u00e9 jornalista, soci\\u00f3logo, escritor e professor universit\\u00e1rio, tendo sido professor de jornalismo por vinte anos. Trabalhou em ve\\u00edculos de comunica\\u00e7\\u00e3o nas fun\\u00e7\\u00f5es de rep\\u00f3rter, redator, editor, articulista e colaborador, como Folha de S. Paulo, O Estado de S. Paulo, Di\\u00e1rio Popular, entre outros. Ao transferir a revista vitrine, vers\\u00e3o imprensa, de S\\u00e3o Paulo para Ibi\\u00fana h\\u00e1 alguns anos, iniciou uma nova experi\\u00eancia profissional, dedicando-se ao jornalismo regional, depois de cumprir uma trajet\\u00f3ria bem-sucedida na grande imprensa brasileira. Seu primeiro livro A Coragem de Comunicar foi lan\\u00e7ado na Bienal do Livro em S\\u00e3o Paulo no ano 2000, pela editora Madras.\"}]}<\/script>\n<!-- \/ Yoast SEO plugin. -->","_links":{"self":[{"href":"https:\/\/revistavitrineibiuna.com.br\/index.php?rest_route=\/wp\/v2\/posts\/33010"}],"collection":[{"href":"https:\/\/revistavitrineibiuna.com.br\/index.php?rest_route=\/wp\/v2\/posts"}],"about":[{"href":"https:\/\/revistavitrineibiuna.com.br\/index.php?rest_route=\/wp\/v2\/types\/post"}],"author":[{"embeddable":true,"href":"https:\/\/revistavitrineibiuna.com.br\/index.php?rest_route=\/wp\/v2\/users\/1"}],"replies":[{"embeddable":true,"href":"https:\/\/revistavitrineibiuna.com.br\/index.php?rest_route=%2Fwp%2Fv2%2Fcomments&post=33010"}],"version-history":[{"count":7,"href":"https:\/\/revistavitrineibiuna.com.br\/index.php?rest_route=\/wp\/v2\/posts\/33010\/revisions"}],"predecessor-version":[{"id":33022,"href":"https:\/\/revistavitrineibiuna.com.br\/index.php?rest_route=\/wp\/v2\/posts\/33010\/revisions\/33022"}],"wp:featuredmedia":[{"embeddable":true,"href":"https:\/\/revistavitrineibiuna.com.br\/index.php?rest_route=\/wp\/v2\/media\/33011"}],"wp:attachment":[{"href":"https:\/\/revistavitrineibiuna.com.br\/index.php?rest_route=%2Fwp%2Fv2%2Fmedia&parent=33010"}],"wp:term":[{"taxonomy":"category","embeddable":true,"href":"https:\/\/revistavitrineibiuna.com.br\/index.php?rest_route=%2Fwp%2Fv2%2Fcategories&post=33010"},{"taxonomy":"post_tag","embeddable":true,"href":"https:\/\/revistavitrineibiuna.com.br\/index.php?rest_route=%2Fwp%2Fv2%2Ftags&post=33010"}],"curies":[{"name":"wp","href":"https:\/\/api.w.org\/{rel}","templated":true}]}}