{"id":33023,"date":"2025-01-23T21:18:15","date_gmt":"2025-01-24T00:18:15","guid":{"rendered":"http:\/\/revistavitrineibiuna.com.br\/?p=33023"},"modified":"2025-01-23T21:18:16","modified_gmt":"2025-01-24T00:18:16","slug":"ibiuna-por-prudencia-justica-proibe-transito-de-caminhoes-e-onibus-na-ponte-nova","status":"publish","type":"post","link":"https:\/\/revistavitrineibiuna.com.br\/?p=33023","title":{"rendered":"IBI\u00daNA \u2013 POR PRUD\u00caNCIA, JUSTI\u00c7A PRO\u00cdBE TR\u00c2NSITO DE CAMINH\u00d5ES E \u00d4NIBUS NA PONTE NOVA"},"content":{"rendered":"\n<p class=\"has-drop-cap\"><strong>Com base em parecer Minist\u00e9rio P\u00fablico, <\/strong><strong>o juiz da 2\u00aa Vara da Comarca de Ibi\u00fana, Dr. Wilson Henrique Santos Gomes, determinou hoje (23) a proibi\u00e7\u00e3o da passagem ve\u00edculos pesados, entre eles \u00f4nibus e caminh\u00f5es, na ponte sobre o Rio Sorocaba, na estrada que liga Ibi\u00fana a Mairinque.&nbsp;<\/strong><\/p>\n\n\n\n<p><strong>A ponte estava interditada desde o dia 27 de dezembro, provocando um caos vi\u00e1rio em toda a regi\u00e3o, e fora reaberta ao tr\u00e1fego na tarde da segunda-feira (20).<\/strong><\/p>\n\n\n\n<p><strong>Essa medida foi adotada depois que o magistrado requereu a anexa\u00e7\u00e3o ao processo do laudo t\u00e9cnico elaborado pelo engenheiro civil Marcelo Zambardino, na condi\u00e7\u00e3o de inspetor especial Ibi\u00fana, indicado pelo CREA-SP para periciar e emitir um parecer t\u00e9cnico da ponte, que foi entregue ao prefeito municipal na tarde do dia 16.<\/strong><\/p>\n\n\n\n<p><strong>Avaliando as condi\u00e7\u00f5es estruturais observadas na ponte, Zambardino recomendou a \u201cobstru\u00e7\u00e3o [impedimento] da passagem [pela ponte] de caminh\u00f5es, carretas, m\u00e1quinas de terraplenagem e agr\u00edcolas de grande porte (colheitadeiras), com monitoramento e controle da execu\u00e7\u00e3o dessa recupera\u00e7\u00e3o, desenvolvido por empresa especializada\u201d.<\/strong><\/p>\n\n\n\n<p><strong>VE\u00cdCULOS LIBERADOS<\/strong><\/p>\n\n\n\n<p><strong>Para os seguintes ve\u00edculos, a ponte est\u00e1 liberada ao tr\u00e1fego: &nbsp;peruas escolares, vans, caminhonetes, tratores pequenos, ve\u00edculos leves (autom\u00f3veis), motos, bicicletas e pedestres, \u201cj\u00e1 que a ponte n\u00e3o oferece risco de colapsar ou qualquer outro risco de acidente com a estrutura, se respeitado o uso operacional normal\u201d, de acordo com o laudo do CREA-SP.<\/strong><\/p>\n\n\n\n<p><strong>\u201cMENOR RISCO \u00c0 VIDA\u201d<\/strong><\/p>\n\n\n\n<p><strong>O magistrado da Comarca de Ibi\u00fana, ao se referir aos dois laudos considerados na decis\u00e3o [um do Departamento de Estradas de Rodagem \u2013 DER e outro do Conselho Regional de Engenharia e Agronomia \u2013 CREA-SP, considerou que eles \u201cd\u00e3o conta de riscos conhecidos e se deve adotar o que menos risco gera \u00e0 seguran\u00e7a da coletividade\u201d. E prosseguiu:<\/strong><\/p>\n\n\n\n<p><strong>\u201cNesse sentido, observando os dados trazidos, ou seja os conhecimentos t\u00e9cnicos lan\u00e7ados nas laudas, tem-se que ambos s\u00e3o dotados de alto grau de expertise e t\u00e9cnica: um al\u00e7ado do Departamento Estatal [DER] e o outro de Conselho Profissional [CREA-SP] de respeito escol.\u201d<\/strong><\/p>\n\n\n\n<p><strong>\u201cN\u00e3o se tem como, a priori, &#8211; prosseguiu &#8211; decidir pela maior relev\u00e2ncia ou valia de um ou outro j\u00e1 que ambos v\u00eam escudados na expertise dos \u00f3rg\u00e3os que representam.\u201d E finalizou:<\/strong><\/p>\n\n\n\n<p><strong>\u201cPersistindo a quest\u00e3o nos orienta a pondera\u00e7\u00e3o, em sentido estrito, que seja tomado aquele laudo que menor risco apresenta \u00e0 vida das pessoas, sem contudo obstar a realiza\u00e7\u00e3o de tr\u00e2nsito no local.\u201d &nbsp;<\/strong><\/p>\n","protected":false},"excerpt":{"rendered":"<p>Com base em parecer Minist\u00e9rio P\u00fablico, o juiz da 2\u00aa Vara da Comarca de Ibi\u00fana, Dr. Wilson Henrique Santos Gomes,<\/p>\n","protected":false},"author":1,"featured_media":33024,"comment_status":"open","ping_status":"open","sticky":false,"template":"","format":"standard","meta":[],"categories":[3],"tags":[],"yoast_head":"<!-- This site is optimized with the Yoast SEO plugin v15.8 - https:\/\/yoast.com\/wordpress\/plugins\/seo\/ -->\n<title>IBI\u00daNA \u2013 POR PRUD\u00caNCIA, JUSTI\u00c7A PRO\u00cdBE TR\u00c2NSITO DE CAMINH\u00d5ES E \u00d4NIBUS NA PONTE NOVA - Revista Vitrine Online<\/title>\n<meta name=\"robots\" content=\"index, follow, max-snippet:-1, max-image-preview:large, max-video-preview:-1\" \/>\n<link rel=\"canonical\" href=\"http:\/\/revistavitrineibiuna.com.br\/?p=33023\" \/>\n<meta property=\"og:locale\" content=\"pt_BR\" \/>\n<meta property=\"og:type\" content=\"article\" \/>\n<meta property=\"og:title\" content=\"IBI\u00daNA \u2013 POR PRUD\u00caNCIA, JUSTI\u00c7A PRO\u00cdBE TR\u00c2NSITO DE CAMINH\u00d5ES E \u00d4NIBUS NA PONTE NOVA - Revista Vitrine Online\" \/>\n<meta property=\"og:description\" content=\"Com base em parecer Minist\u00e9rio P\u00fablico, o juiz da 2\u00aa Vara da Comarca de Ibi\u00fana, Dr. Wilson Henrique Santos Gomes,\" \/>\n<meta property=\"og:url\" content=\"http:\/\/revistavitrineibiuna.com.br\/?p=33023\" \/>\n<meta property=\"og:site_name\" content=\"Revista Vitrine Online\" \/>\n<meta property=\"article:published_time\" content=\"2025-01-24T00:18:15+00:00\" \/>\n<meta property=\"article:modified_time\" content=\"2025-01-24T00:18:16+00:00\" \/>\n<meta property=\"og:image\" content=\"https:\/\/revistavitrineibiuna.com.br\/wp-content\/uploads\/2025\/01\/72b8086a-5268-4f02-ba5f-e61235cc955f.jpg\" \/>\n\t<meta property=\"og:image:width\" content=\"1600\" \/>\n\t<meta property=\"og:image:height\" content=\"899\" \/>\n<meta name=\"twitter:card\" content=\"summary\" \/>\n<meta name=\"twitter:label1\" content=\"Est. reading time\">\n\t<meta name=\"twitter:data1\" content=\"2 minutos\">\n<script type=\"application\/ld+json\" class=\"yoast-schema-graph\">{\"@context\":\"https:\/\/schema.org\",\"@graph\":[{\"@type\":\"WebSite\",\"@id\":\"https:\/\/revistavitrineibiuna.com.br\/#website\",\"url\":\"https:\/\/revistavitrineibiuna.com.br\/\",\"name\":\"Revista Vitrine Ibi\\u00fana\",\"description\":\"A Revista de Ibi\\u00fana e Regi\\u00e3o\",\"publisher\":{\"@id\":\"https:\/\/revistavitrineibiuna.com.br\/#\/schema\/person\/e51ef49d6d88170ea21ceabff3f73deb\"},\"potentialAction\":[{\"@type\":\"SearchAction\",\"target\":\"https:\/\/revistavitrineibiuna.com.br\/?s={search_term_string}\",\"query-input\":\"required name=search_term_string\"}],\"inLanguage\":\"pt-BR\"},{\"@type\":\"ImageObject\",\"@id\":\"http:\/\/revistavitrineibiuna.com.br\/?p=33023#primaryimage\",\"inLanguage\":\"pt-BR\",\"url\":\"https:\/\/revistavitrineibiuna.com.br\/wp-content\/uploads\/2025\/01\/72b8086a-5268-4f02-ba5f-e61235cc955f.jpg\",\"width\":1600,\"height\":899},{\"@type\":\"WebPage\",\"@id\":\"http:\/\/revistavitrineibiuna.com.br\/?p=33023#webpage\",\"url\":\"http:\/\/revistavitrineibiuna.com.br\/?p=33023\",\"name\":\"IBI\\u00daNA \\u2013 POR PRUD\\u00caNCIA, JUSTI\\u00c7A PRO\\u00cdBE TR\\u00c2NSITO DE CAMINH\\u00d5ES E \\u00d4NIBUS NA PONTE NOVA - Revista Vitrine Online\",\"isPartOf\":{\"@id\":\"https:\/\/revistavitrineibiuna.com.br\/#website\"},\"primaryImageOfPage\":{\"@id\":\"http:\/\/revistavitrineibiuna.com.br\/?p=33023#primaryimage\"},\"datePublished\":\"2025-01-24T00:18:15+00:00\",\"dateModified\":\"2025-01-24T00:18:16+00:00\",\"breadcrumb\":{\"@id\":\"http:\/\/revistavitrineibiuna.com.br\/?p=33023#breadcrumb\"},\"inLanguage\":\"pt-BR\",\"potentialAction\":[{\"@type\":\"ReadAction\",\"target\":[\"http:\/\/revistavitrineibiuna.com.br\/?p=33023\"]}]},{\"@type\":\"BreadcrumbList\",\"@id\":\"http:\/\/revistavitrineibiuna.com.br\/?p=33023#breadcrumb\",\"itemListElement\":[{\"@type\":\"ListItem\",\"position\":1,\"item\":{\"@type\":\"WebPage\",\"@id\":\"https:\/\/revistavitrineibiuna.com.br\/\",\"url\":\"https:\/\/revistavitrineibiuna.com.br\/\",\"name\":\"In\\u00edcio\"}},{\"@type\":\"ListItem\",\"position\":2,\"item\":{\"@type\":\"WebPage\",\"@id\":\"http:\/\/revistavitrineibiuna.com.br\/?p=33023\",\"url\":\"http:\/\/revistavitrineibiuna.com.br\/?p=33023\",\"name\":\"IBI\\u00daNA \\u2013 POR PRUD\\u00caNCIA, JUSTI\\u00c7A PRO\\u00cdBE TR\\u00c2NSITO DE CAMINH\\u00d5ES E \\u00d4NIBUS NA PONTE NOVA\"}}]},{\"@type\":\"Article\",\"@id\":\"http:\/\/revistavitrineibiuna.com.br\/?p=33023#article\",\"isPartOf\":{\"@id\":\"http:\/\/revistavitrineibiuna.com.br\/?p=33023#webpage\"},\"author\":{\"@id\":\"https:\/\/revistavitrineibiuna.com.br\/#\/schema\/person\/e51ef49d6d88170ea21ceabff3f73deb\"},\"headline\":\"IBI\\u00daNA \\u2013 POR PRUD\\u00caNCIA, JUSTI\\u00c7A PRO\\u00cdBE TR\\u00c2NSITO DE CAMINH\\u00d5ES E \\u00d4NIBUS NA PONTE NOVA\",\"datePublished\":\"2025-01-24T00:18:15+00:00\",\"dateModified\":\"2025-01-24T00:18:16+00:00\",\"mainEntityOfPage\":{\"@id\":\"http:\/\/revistavitrineibiuna.com.br\/?p=33023#webpage\"},\"commentCount\":0,\"publisher\":{\"@id\":\"https:\/\/revistavitrineibiuna.com.br\/#\/schema\/person\/e51ef49d6d88170ea21ceabff3f73deb\"},\"image\":{\"@id\":\"http:\/\/revistavitrineibiuna.com.br\/?p=33023#primaryimage\"},\"articleSection\":\"Not\\u00edcias\",\"inLanguage\":\"pt-BR\",\"potentialAction\":[{\"@type\":\"CommentAction\",\"name\":\"Comment\",\"target\":[\"http:\/\/revistavitrineibiuna.com.br\/?p=33023#respond\"]}]},{\"@type\":[\"Person\",\"Organization\"],\"@id\":\"https:\/\/revistavitrineibiuna.com.br\/#\/schema\/person\/e51ef49d6d88170ea21ceabff3f73deb\",\"name\":\"Carlos Rossini\",\"image\":{\"@type\":\"ImageObject\",\"@id\":\"https:\/\/revistavitrineibiuna.com.br\/#personlogo\",\"inLanguage\":\"pt-BR\",\"url\":\"https:\/\/secure.gravatar.com\/avatar\/4f2d0f99fac1f85c7d643f21f5c8d900?s=96&d=mm&r=g\",\"caption\":\"Carlos Rossini\"},\"logo\":{\"@id\":\"https:\/\/revistavitrineibiuna.com.br\/#personlogo\"},\"description\":\"Carlos Rossini \\u00e9 jornalista, soci\\u00f3logo, escritor e professor universit\\u00e1rio, tendo sido professor de jornalismo por vinte anos. Trabalhou em ve\\u00edculos de comunica\\u00e7\\u00e3o nas fun\\u00e7\\u00f5es de rep\\u00f3rter, redator, editor, articulista e colaborador, como Folha de S. Paulo, O Estado de S. Paulo, Di\\u00e1rio Popular, entre outros. Ao transferir a revista vitrine, vers\\u00e3o imprensa, de S\\u00e3o Paulo para Ibi\\u00fana h\\u00e1 alguns anos, iniciou uma nova experi\\u00eancia profissional, dedicando-se ao jornalismo regional, depois de cumprir uma trajet\\u00f3ria bem-sucedida na grande imprensa brasileira. Seu primeiro livro A Coragem de Comunicar foi lan\\u00e7ado na Bienal do Livro em S\\u00e3o Paulo no ano 2000, pela editora Madras.\"}]}<\/script>\n<!-- \/ Yoast SEO plugin. -->","_links":{"self":[{"href":"https:\/\/revistavitrineibiuna.com.br\/index.php?rest_route=\/wp\/v2\/posts\/33023"}],"collection":[{"href":"https:\/\/revistavitrineibiuna.com.br\/index.php?rest_route=\/wp\/v2\/posts"}],"about":[{"href":"https:\/\/revistavitrineibiuna.com.br\/index.php?rest_route=\/wp\/v2\/types\/post"}],"author":[{"embeddable":true,"href":"https:\/\/revistavitrineibiuna.com.br\/index.php?rest_route=\/wp\/v2\/users\/1"}],"replies":[{"embeddable":true,"href":"https:\/\/revistavitrineibiuna.com.br\/index.php?rest_route=%2Fwp%2Fv2%2Fcomments&post=33023"}],"version-history":[{"count":1,"href":"https:\/\/revistavitrineibiuna.com.br\/index.php?rest_route=\/wp\/v2\/posts\/33023\/revisions"}],"predecessor-version":[{"id":33025,"href":"https:\/\/revistavitrineibiuna.com.br\/index.php?rest_route=\/wp\/v2\/posts\/33023\/revisions\/33025"}],"wp:featuredmedia":[{"embeddable":true,"href":"https:\/\/revistavitrineibiuna.com.br\/index.php?rest_route=\/wp\/v2\/media\/33024"}],"wp:attachment":[{"href":"https:\/\/revistavitrineibiuna.com.br\/index.php?rest_route=%2Fwp%2Fv2%2Fmedia&parent=33023"}],"wp:term":[{"taxonomy":"category","embeddable":true,"href":"https:\/\/revistavitrineibiuna.com.br\/index.php?rest_route=%2Fwp%2Fv2%2Fcategories&post=33023"},{"taxonomy":"post_tag","embeddable":true,"href":"https:\/\/revistavitrineibiuna.com.br\/index.php?rest_route=%2Fwp%2Fv2%2Ftags&post=33023"}],"curies":[{"name":"wp","href":"https:\/\/api.w.org\/{rel}","templated":true}]}}