{"id":33026,"date":"2025-01-24T08:50:57","date_gmt":"2025-01-24T11:50:57","guid":{"rendered":"http:\/\/revistavitrineibiuna.com.br\/?p=33026"},"modified":"2025-01-24T09:28:30","modified_gmt":"2025-01-24T12:28:30","slug":"ibiuna-vereadores-iniciam-disputa-por-atencao-do-povo-nas-redes-sociais","status":"publish","type":"post","link":"https:\/\/revistavitrineibiuna.com.br\/?p=33026","title":{"rendered":"IBI\u00daNA \u2013 VEREADORES INICIAM DISPUTA POR ATEN\u00c7\u00c3O DO POVO NAS REDES SOCIAIS"},"content":{"rendered":"\n<p class=\"has-drop-cap\">Os quinze vereadores eleitos no dia 6 de outubro \u2013 catorze cavalheiros e somente uma dama \u2013 entram no plen\u00e1rio para a primeira sess\u00e3o do mandato que ir\u00e1 at\u00e9 2028, no pr\u00f3ximo dia 4 de fevereiro.<\/p>\n\n\n\n<p>Mas alguns deles j\u00e1 se antecipam postando v\u00eddeos espetaculares nas redes sociais para dizer a que vieram para o seu eleitorado e, se poss\u00edvel, conquistar novos f\u00e3s eleitorais e seguidores.<\/p>\n\n\n\n<p>\u00c9 prov\u00e1vel que ainda estar\u00e3o imbricados h\u00e1bitos tradicionais, como se aproximar de a\u00e7\u00f5es nos espa\u00e7os p\u00fablicos do Poder Executivo ou ir a um local para mostrar o que foi conseguido \u201cpor esse seu vereador\u201d. Faz parte!<\/p>\n\n\n\n<p>No entanto, n\u00e3o foi s\u00f3 o carro da tecnologia da informa\u00e7\u00e3o que andou. At\u00e9 mesmo por causa dela, a informa\u00e7\u00e3o tende a estar cada vez mais transparente e ajudar a popula\u00e7\u00e3o a desenvolver um senso cr\u00edtico contra a embroma\u00e7\u00e3o t\u00edpica da tradicional pol\u00edtica em todo o cen\u00e1rio brasileiro.<\/p>\n\n\n\n<p>A \u00faltima elei\u00e7\u00e3o no territ\u00f3rio ibiunense demonstrou exatamente isso: as pessoas transformaram seu not\u00e1vel descontentamento com a administra\u00e7\u00e3o p\u00fablica num nutriente que fez crescer a decis\u00e3o dos seus votos que transferiram a m\u00e1quina administrativa para novos dirigentes.<\/p>\n\n\n\n<p>Essa li\u00e7\u00e3o deveria estar na consci\u00eancia dos eleitos para a gest\u00e3o 2025-2028: o povo demonstrou ter despertado e se tornado mais exigente em rela\u00e7\u00e3o aos seus direitos. Por isso, \u00e9 bom que, al\u00e9m de pe\u00e7as criativas autopromocionais, haja, sobretudo, uma correspond\u00eancia com a realidade vivida pela popula\u00e7\u00e3o no dia a dia.<\/p>\n\n\n\n<p>Parece oportuno lembrar que a fun\u00e7\u00e3o principal dos vereadores \u00e9 fiscalizar os atos do Poder Executivo, criar\/aprovar leis, e n\u00e3o se tornarem artistas famosos por serem protagonistas de v\u00eddeos sensacionais. Precisam, isto sim, selarem um compromisso com a transpar\u00eancia e a verdade.<\/p>\n\n\n\n<p>O advento da internet consagrou a universaliza\u00e7\u00e3o de uma modalidade de comunica\u00e7\u00e3o at\u00e9 ent\u00e3o desconhecida no planeta.<\/p>\n\n\n\n<p>Se fechou algumas portas de empregabilidade, abriu outras, sobretudo para os jovens, que se tornaram especialistas em m\u00eddias sociais, produ\u00e7\u00e3o de v\u00eddeos, influenciadores. E, tamb\u00e9m, para o advento de escolas para forma\u00e7\u00e3o de profissionais habilitados nessa \u00e1rea.<\/p>\n\n\n\n<p>Esse pessoal passou a ser procurado por todos os tipos de organiza\u00e7\u00f5es tendo em vista que a publicidade, de modo geral, encontrou um novo cen\u00e1rio aberto pelos portais como o Instagram, indo na contram\u00e3o das m\u00eddias cl\u00e1ssicas de massa.<\/p>\n\n\n\n<p>A grande variedade de aplicativos abriu para os indiv\u00edduos uma imensa janela criativa, com o uso de imagens fixas ou m\u00f3veis, jun\u00e7\u00e3o de movimentos simult\u00e2neos, sonoridades e possibilidade ilimitada de roteiros com o uso de ferramentas para um grande n\u00famero de cineastas singulares.<\/p>\n\n\n\n<figure class=\"wp-block-image size-large\"><img loading=\"lazy\" width=\"711\" height=\"743\" src=\"https:\/\/revistavitrineibiuna.com.br\/wp-content\/uploads\/2025\/01\/posse-dos-vereadores-1o-de-janeiro-de-2024.png\" alt=\"\" class=\"wp-image-33029\" srcset=\"https:\/\/revistavitrineibiuna.com.br\/wp-content\/uploads\/2025\/01\/posse-dos-vereadores-1o-de-janeiro-de-2024.png 711w, https:\/\/revistavitrineibiuna.com.br\/wp-content\/uploads\/2025\/01\/posse-dos-vereadores-1o-de-janeiro-de-2024-287x300.png 287w\" sizes=\"(max-width: 711px) 100vw, 711px\" \/><figcaption>Eis os quinze vereadores, aos quais vitrine online deseja que realizem um excelente trabalho merecido pela popula\u00e7\u00e3o ibiunense. Foto: Voz de Ibi\u00fana<\/figcaption><\/figure>\n","protected":false},"excerpt":{"rendered":"<p>Os quinze vereadores eleitos no dia 6 de outubro \u2013 catorze cavalheiros e somente uma dama \u2013 entram no plen\u00e1rio<\/p>\n","protected":false},"author":1,"featured_media":33027,"comment_status":"open","ping_status":"open","sticky":false,"template":"","format":"standard","meta":[],"categories":[3],"tags":[],"yoast_head":"<!-- This site is optimized with the Yoast SEO plugin v15.8 - https:\/\/yoast.com\/wordpress\/plugins\/seo\/ -->\n<title>IBI\u00daNA \u2013 VEREADORES INICIAM DISPUTA POR ATEN\u00c7\u00c3O DO POVO NAS REDES SOCIAIS - Revista Vitrine Online<\/title>\n<meta name=\"robots\" content=\"index, follow, max-snippet:-1, max-image-preview:large, max-video-preview:-1\" \/>\n<link rel=\"canonical\" href=\"http:\/\/revistavitrineibiuna.com.br\/?p=33026\" \/>\n<meta property=\"og:locale\" content=\"pt_BR\" \/>\n<meta property=\"og:type\" content=\"article\" \/>\n<meta property=\"og:title\" content=\"IBI\u00daNA \u2013 VEREADORES INICIAM DISPUTA POR ATEN\u00c7\u00c3O DO POVO NAS REDES SOCIAIS - Revista Vitrine Online\" \/>\n<meta property=\"og:description\" content=\"Os quinze vereadores eleitos no dia 6 de outubro \u2013 catorze cavalheiros e somente uma dama \u2013 entram no plen\u00e1rio\" \/>\n<meta property=\"og:url\" content=\"http:\/\/revistavitrineibiuna.com.br\/?p=33026\" \/>\n<meta property=\"og:site_name\" content=\"Revista Vitrine Online\" \/>\n<meta property=\"article:published_time\" content=\"2025-01-24T11:50:57+00:00\" \/>\n<meta property=\"article:modified_time\" content=\"2025-01-24T12:28:30+00:00\" \/>\n<meta property=\"og:image\" content=\"https:\/\/revistavitrineibiuna.com.br\/wp-content\/uploads\/2025\/01\/camara-piu.jpg\" \/>\n\t<meta property=\"og:image:width\" content=\"740\" \/>\n\t<meta property=\"og:image:height\" content=\"416\" \/>\n<meta name=\"twitter:card\" content=\"summary\" \/>\n<meta name=\"twitter:label1\" content=\"Est. reading time\">\n\t<meta name=\"twitter:data1\" content=\"3 minutos\">\n<script type=\"application\/ld+json\" class=\"yoast-schema-graph\">{\"@context\":\"https:\/\/schema.org\",\"@graph\":[{\"@type\":\"WebSite\",\"@id\":\"https:\/\/revistavitrineibiuna.com.br\/#website\",\"url\":\"https:\/\/revistavitrineibiuna.com.br\/\",\"name\":\"Revista Vitrine Ibi\\u00fana\",\"description\":\"A Revista de Ibi\\u00fana e Regi\\u00e3o\",\"publisher\":{\"@id\":\"https:\/\/revistavitrineibiuna.com.br\/#\/schema\/person\/e51ef49d6d88170ea21ceabff3f73deb\"},\"potentialAction\":[{\"@type\":\"SearchAction\",\"target\":\"https:\/\/revistavitrineibiuna.com.br\/?s={search_term_string}\",\"query-input\":\"required name=search_term_string\"}],\"inLanguage\":\"pt-BR\"},{\"@type\":\"ImageObject\",\"@id\":\"http:\/\/revistavitrineibiuna.com.br\/?p=33026#primaryimage\",\"inLanguage\":\"pt-BR\",\"url\":\"https:\/\/revistavitrineibiuna.com.br\/wp-content\/uploads\/2025\/01\/camara-piu.jpg\",\"width\":740,\"height\":416},{\"@type\":\"WebPage\",\"@id\":\"http:\/\/revistavitrineibiuna.com.br\/?p=33026#webpage\",\"url\":\"http:\/\/revistavitrineibiuna.com.br\/?p=33026\",\"name\":\"IBI\\u00daNA \\u2013 VEREADORES INICIAM DISPUTA POR ATEN\\u00c7\\u00c3O DO POVO NAS REDES SOCIAIS - Revista Vitrine Online\",\"isPartOf\":{\"@id\":\"https:\/\/revistavitrineibiuna.com.br\/#website\"},\"primaryImageOfPage\":{\"@id\":\"http:\/\/revistavitrineibiuna.com.br\/?p=33026#primaryimage\"},\"datePublished\":\"2025-01-24T11:50:57+00:00\",\"dateModified\":\"2025-01-24T12:28:30+00:00\",\"breadcrumb\":{\"@id\":\"http:\/\/revistavitrineibiuna.com.br\/?p=33026#breadcrumb\"},\"inLanguage\":\"pt-BR\",\"potentialAction\":[{\"@type\":\"ReadAction\",\"target\":[\"http:\/\/revistavitrineibiuna.com.br\/?p=33026\"]}]},{\"@type\":\"BreadcrumbList\",\"@id\":\"http:\/\/revistavitrineibiuna.com.br\/?p=33026#breadcrumb\",\"itemListElement\":[{\"@type\":\"ListItem\",\"position\":1,\"item\":{\"@type\":\"WebPage\",\"@id\":\"https:\/\/revistavitrineibiuna.com.br\/\",\"url\":\"https:\/\/revistavitrineibiuna.com.br\/\",\"name\":\"In\\u00edcio\"}},{\"@type\":\"ListItem\",\"position\":2,\"item\":{\"@type\":\"WebPage\",\"@id\":\"http:\/\/revistavitrineibiuna.com.br\/?p=33026\",\"url\":\"http:\/\/revistavitrineibiuna.com.br\/?p=33026\",\"name\":\"IBI\\u00daNA \\u2013 VEREADORES INICIAM DISPUTA POR ATEN\\u00c7\\u00c3O DO POVO NAS REDES SOCIAIS\"}}]},{\"@type\":\"Article\",\"@id\":\"http:\/\/revistavitrineibiuna.com.br\/?p=33026#article\",\"isPartOf\":{\"@id\":\"http:\/\/revistavitrineibiuna.com.br\/?p=33026#webpage\"},\"author\":{\"@id\":\"https:\/\/revistavitrineibiuna.com.br\/#\/schema\/person\/e51ef49d6d88170ea21ceabff3f73deb\"},\"headline\":\"IBI\\u00daNA \\u2013 VEREADORES INICIAM DISPUTA POR ATEN\\u00c7\\u00c3O DO POVO NAS REDES SOCIAIS\",\"datePublished\":\"2025-01-24T11:50:57+00:00\",\"dateModified\":\"2025-01-24T12:28:30+00:00\",\"mainEntityOfPage\":{\"@id\":\"http:\/\/revistavitrineibiuna.com.br\/?p=33026#webpage\"},\"commentCount\":0,\"publisher\":{\"@id\":\"https:\/\/revistavitrineibiuna.com.br\/#\/schema\/person\/e51ef49d6d88170ea21ceabff3f73deb\"},\"image\":{\"@id\":\"http:\/\/revistavitrineibiuna.com.br\/?p=33026#primaryimage\"},\"articleSection\":\"Not\\u00edcias\",\"inLanguage\":\"pt-BR\",\"potentialAction\":[{\"@type\":\"CommentAction\",\"name\":\"Comment\",\"target\":[\"http:\/\/revistavitrineibiuna.com.br\/?p=33026#respond\"]}]},{\"@type\":[\"Person\",\"Organization\"],\"@id\":\"https:\/\/revistavitrineibiuna.com.br\/#\/schema\/person\/e51ef49d6d88170ea21ceabff3f73deb\",\"name\":\"Carlos Rossini\",\"image\":{\"@type\":\"ImageObject\",\"@id\":\"https:\/\/revistavitrineibiuna.com.br\/#personlogo\",\"inLanguage\":\"pt-BR\",\"url\":\"https:\/\/secure.gravatar.com\/avatar\/4f2d0f99fac1f85c7d643f21f5c8d900?s=96&d=mm&r=g\",\"caption\":\"Carlos Rossini\"},\"logo\":{\"@id\":\"https:\/\/revistavitrineibiuna.com.br\/#personlogo\"},\"description\":\"Carlos Rossini \\u00e9 jornalista, soci\\u00f3logo, escritor e professor universit\\u00e1rio, tendo sido professor de jornalismo por vinte anos. Trabalhou em ve\\u00edculos de comunica\\u00e7\\u00e3o nas fun\\u00e7\\u00f5es de rep\\u00f3rter, redator, editor, articulista e colaborador, como Folha de S. Paulo, O Estado de S. Paulo, Di\\u00e1rio Popular, entre outros. Ao transferir a revista vitrine, vers\\u00e3o imprensa, de S\\u00e3o Paulo para Ibi\\u00fana h\\u00e1 alguns anos, iniciou uma nova experi\\u00eancia profissional, dedicando-se ao jornalismo regional, depois de cumprir uma trajet\\u00f3ria bem-sucedida na grande imprensa brasileira. Seu primeiro livro A Coragem de Comunicar foi lan\\u00e7ado na Bienal do Livro em S\\u00e3o Paulo no ano 2000, pela editora Madras.\"}]}<\/script>\n<!-- \/ Yoast SEO plugin. -->","_links":{"self":[{"href":"https:\/\/revistavitrineibiuna.com.br\/index.php?rest_route=\/wp\/v2\/posts\/33026"}],"collection":[{"href":"https:\/\/revistavitrineibiuna.com.br\/index.php?rest_route=\/wp\/v2\/posts"}],"about":[{"href":"https:\/\/revistavitrineibiuna.com.br\/index.php?rest_route=\/wp\/v2\/types\/post"}],"author":[{"embeddable":true,"href":"https:\/\/revistavitrineibiuna.com.br\/index.php?rest_route=\/wp\/v2\/users\/1"}],"replies":[{"embeddable":true,"href":"https:\/\/revistavitrineibiuna.com.br\/index.php?rest_route=%2Fwp%2Fv2%2Fcomments&post=33026"}],"version-history":[{"count":12,"href":"https:\/\/revistavitrineibiuna.com.br\/index.php?rest_route=\/wp\/v2\/posts\/33026\/revisions"}],"predecessor-version":[{"id":33045,"href":"https:\/\/revistavitrineibiuna.com.br\/index.php?rest_route=\/wp\/v2\/posts\/33026\/revisions\/33045"}],"wp:featuredmedia":[{"embeddable":true,"href":"https:\/\/revistavitrineibiuna.com.br\/index.php?rest_route=\/wp\/v2\/media\/33027"}],"wp:attachment":[{"href":"https:\/\/revistavitrineibiuna.com.br\/index.php?rest_route=%2Fwp%2Fv2%2Fmedia&parent=33026"}],"wp:term":[{"taxonomy":"category","embeddable":true,"href":"https:\/\/revistavitrineibiuna.com.br\/index.php?rest_route=%2Fwp%2Fv2%2Fcategories&post=33026"},{"taxonomy":"post_tag","embeddable":true,"href":"https:\/\/revistavitrineibiuna.com.br\/index.php?rest_route=%2Fwp%2Fv2%2Ftags&post=33026"}],"curies":[{"name":"wp","href":"https:\/\/api.w.org\/{rel}","templated":true}]}}