{"id":33046,"date":"2025-01-25T21:26:42","date_gmt":"2025-01-26T00:26:42","guid":{"rendered":"http:\/\/revistavitrineibiuna.com.br\/?p=33046"},"modified":"2025-01-25T21:37:41","modified_gmt":"2025-01-26T00:37:41","slug":"ibiuna-prefeito-pede-apoio-da-populacao-a-plano-de-manutencao-das-estradas","status":"publish","type":"post","link":"https:\/\/revistavitrineibiuna.com.br\/?p=33046","title":{"rendered":"IBI\u00daNA \u2013 PREFEITO PEDE APOIO DA POPULA\u00c7\u00c3O A PLANO DE MANUTEN\u00c7\u00c3O DAS ESTRADAS"},"content":{"rendered":"\n<p class=\"has-drop-cap\"><strong>Por meio de um v\u00eddeo gravado num trecho da estrada que liga o bairro de Dois C\u00f3rregos \u00e0 Rodovia Quintino de Lima, j\u00e1 em S\u00e3o Roque, o prefeito de Ibi\u00fana, M\u00e1rio Pires, pediu apoio da popula\u00e7\u00e3o para reformula\u00e7\u00e3o do plano de manuten\u00e7\u00e3o das estradas rurais no munic\u00edpio.<\/strong><\/p>\n\n\n\n<p><strong>\u201cN\u00f3s fizemos um trabalho diferenciado, com uso de compactador, aqui na Estrada de Dois C\u00f3rregos, porque houve aquele epis\u00f3dio da ponte [referindo-se \u00e0 interdi\u00e7\u00e3o da ponte sobre o Rio Sorocaba, da estrada que liga Ibi\u00fana a Mairinque, que isolou o bairro de Dois C\u00f3rregos do centro de Ibi\u00fana]\u201d, declarou o prefeito.<\/strong><\/p>\n\n\n\n<p><strong>\u201cUM LABORAT\u00d3RIO\u201d<\/strong><\/p>\n\n\n\n<p><strong>Pires afirmou que \u201cfizemos essa manuten\u00e7\u00e3o para atender ao bairro, mas tamb\u00e9m a usamos como laborat\u00f3rio para mostrar a voc\u00eas como d\u00e1 certo esse tipo de manuten\u00e7\u00e3o\u201d. E assinalou:<\/strong><\/p>\n\n\n\n<p><strong>\u201cIbi\u00fana nunca teve planejamento de manuten\u00e7\u00e3o das estradas rurais e \u00e9 esse tipo de planejamento e manuten\u00e7\u00e3o que a gente quer levar para todos os cantos de Ibi\u00fana.\u201d<\/strong><\/p>\n\n\n\n<p><strong>\u201cPor isso, Ibi\u00fana, quero muito o apoio da popula\u00e7\u00e3o de Ibi\u00fana para entender que a gente est\u00e1 reformulando o nosso plano de manuten\u00e7\u00e3o das estradas rurais.\u201d<\/strong><\/p>\n\n\n\n<p><strong>\u201cTalvez demore um pouco para chegar ao seu bairro, talvez demore para voc\u00ea perceber essa melhoria, mas vai chegar.\u201d &nbsp;<\/strong><\/p>\n\n\n\n<p><\/p>\n","protected":false},"excerpt":{"rendered":"<p>Por meio de um v\u00eddeo gravado num trecho da estrada que liga o bairro de Dois C\u00f3rregos \u00e0 Rodovia Quintino<\/p>\n","protected":false},"author":1,"featured_media":33047,"comment_status":"open","ping_status":"open","sticky":false,"template":"","format":"standard","meta":[],"categories":[3],"tags":[],"yoast_head":"<!-- This site is optimized with the Yoast SEO plugin v15.8 - https:\/\/yoast.com\/wordpress\/plugins\/seo\/ -->\n<title>IBI\u00daNA \u2013 PREFEITO PEDE APOIO DA POPULA\u00c7\u00c3O A PLANO DE MANUTEN\u00c7\u00c3O DAS ESTRADAS - Revista Vitrine Online<\/title>\n<meta name=\"robots\" content=\"index, follow, max-snippet:-1, max-image-preview:large, max-video-preview:-1\" \/>\n<link rel=\"canonical\" href=\"http:\/\/revistavitrineibiuna.com.br\/?p=33046\" \/>\n<meta property=\"og:locale\" content=\"pt_BR\" \/>\n<meta property=\"og:type\" content=\"article\" \/>\n<meta property=\"og:title\" content=\"IBI\u00daNA \u2013 PREFEITO PEDE APOIO DA POPULA\u00c7\u00c3O A PLANO DE MANUTEN\u00c7\u00c3O DAS ESTRADAS - Revista Vitrine Online\" \/>\n<meta property=\"og:description\" content=\"Por meio de um v\u00eddeo gravado num trecho da estrada que liga o bairro de Dois C\u00f3rregos \u00e0 Rodovia Quintino\" \/>\n<meta property=\"og:url\" content=\"http:\/\/revistavitrineibiuna.com.br\/?p=33046\" \/>\n<meta property=\"og:site_name\" content=\"Revista Vitrine Online\" \/>\n<meta property=\"article:published_time\" content=\"2025-01-26T00:26:42+00:00\" \/>\n<meta property=\"article:modified_time\" content=\"2025-01-26T00:37:41+00:00\" \/>\n<meta property=\"og:image\" content=\"https:\/\/revistavitrineibiuna.com.br\/wp-content\/uploads\/2025\/01\/mario-manutencao-da-estrada-2-corregos.png\" \/>\n\t<meta property=\"og:image:width\" content=\"717\" \/>\n\t<meta property=\"og:image:height\" content=\"468\" \/>\n<meta name=\"twitter:card\" content=\"summary\" \/>\n<meta name=\"twitter:label1\" content=\"Est. reading time\">\n\t<meta name=\"twitter:data1\" content=\"1 minuto\">\n<script type=\"application\/ld+json\" class=\"yoast-schema-graph\">{\"@context\":\"https:\/\/schema.org\",\"@graph\":[{\"@type\":\"WebSite\",\"@id\":\"https:\/\/revistavitrineibiuna.com.br\/#website\",\"url\":\"https:\/\/revistavitrineibiuna.com.br\/\",\"name\":\"Revista Vitrine Ibi\\u00fana\",\"description\":\"A Revista de Ibi\\u00fana e Regi\\u00e3o\",\"publisher\":{\"@id\":\"https:\/\/revistavitrineibiuna.com.br\/#\/schema\/person\/e51ef49d6d88170ea21ceabff3f73deb\"},\"potentialAction\":[{\"@type\":\"SearchAction\",\"target\":\"https:\/\/revistavitrineibiuna.com.br\/?s={search_term_string}\",\"query-input\":\"required name=search_term_string\"}],\"inLanguage\":\"pt-BR\"},{\"@type\":\"ImageObject\",\"@id\":\"http:\/\/revistavitrineibiuna.com.br\/?p=33046#primaryimage\",\"inLanguage\":\"pt-BR\",\"url\":\"https:\/\/revistavitrineibiuna.com.br\/wp-content\/uploads\/2025\/01\/mario-manutencao-da-estrada-2-corregos.png\",\"width\":717,\"height\":468},{\"@type\":\"WebPage\",\"@id\":\"http:\/\/revistavitrineibiuna.com.br\/?p=33046#webpage\",\"url\":\"http:\/\/revistavitrineibiuna.com.br\/?p=33046\",\"name\":\"IBI\\u00daNA \\u2013 PREFEITO PEDE APOIO DA POPULA\\u00c7\\u00c3O A PLANO DE MANUTEN\\u00c7\\u00c3O DAS ESTRADAS - Revista Vitrine Online\",\"isPartOf\":{\"@id\":\"https:\/\/revistavitrineibiuna.com.br\/#website\"},\"primaryImageOfPage\":{\"@id\":\"http:\/\/revistavitrineibiuna.com.br\/?p=33046#primaryimage\"},\"datePublished\":\"2025-01-26T00:26:42+00:00\",\"dateModified\":\"2025-01-26T00:37:41+00:00\",\"breadcrumb\":{\"@id\":\"http:\/\/revistavitrineibiuna.com.br\/?p=33046#breadcrumb\"},\"inLanguage\":\"pt-BR\",\"potentialAction\":[{\"@type\":\"ReadAction\",\"target\":[\"http:\/\/revistavitrineibiuna.com.br\/?p=33046\"]}]},{\"@type\":\"BreadcrumbList\",\"@id\":\"http:\/\/revistavitrineibiuna.com.br\/?p=33046#breadcrumb\",\"itemListElement\":[{\"@type\":\"ListItem\",\"position\":1,\"item\":{\"@type\":\"WebPage\",\"@id\":\"https:\/\/revistavitrineibiuna.com.br\/\",\"url\":\"https:\/\/revistavitrineibiuna.com.br\/\",\"name\":\"In\\u00edcio\"}},{\"@type\":\"ListItem\",\"position\":2,\"item\":{\"@type\":\"WebPage\",\"@id\":\"http:\/\/revistavitrineibiuna.com.br\/?p=33046\",\"url\":\"http:\/\/revistavitrineibiuna.com.br\/?p=33046\",\"name\":\"IBI\\u00daNA \\u2013 PREFEITO PEDE APOIO DA POPULA\\u00c7\\u00c3O A PLANO DE MANUTEN\\u00c7\\u00c3O DAS ESTRADAS\"}}]},{\"@type\":\"Article\",\"@id\":\"http:\/\/revistavitrineibiuna.com.br\/?p=33046#article\",\"isPartOf\":{\"@id\":\"http:\/\/revistavitrineibiuna.com.br\/?p=33046#webpage\"},\"author\":{\"@id\":\"https:\/\/revistavitrineibiuna.com.br\/#\/schema\/person\/e51ef49d6d88170ea21ceabff3f73deb\"},\"headline\":\"IBI\\u00daNA \\u2013 PREFEITO PEDE APOIO DA POPULA\\u00c7\\u00c3O A PLANO DE MANUTEN\\u00c7\\u00c3O DAS ESTRADAS\",\"datePublished\":\"2025-01-26T00:26:42+00:00\",\"dateModified\":\"2025-01-26T00:37:41+00:00\",\"mainEntityOfPage\":{\"@id\":\"http:\/\/revistavitrineibiuna.com.br\/?p=33046#webpage\"},\"commentCount\":0,\"publisher\":{\"@id\":\"https:\/\/revistavitrineibiuna.com.br\/#\/schema\/person\/e51ef49d6d88170ea21ceabff3f73deb\"},\"image\":{\"@id\":\"http:\/\/revistavitrineibiuna.com.br\/?p=33046#primaryimage\"},\"articleSection\":\"Not\\u00edcias\",\"inLanguage\":\"pt-BR\",\"potentialAction\":[{\"@type\":\"CommentAction\",\"name\":\"Comment\",\"target\":[\"http:\/\/revistavitrineibiuna.com.br\/?p=33046#respond\"]}]},{\"@type\":[\"Person\",\"Organization\"],\"@id\":\"https:\/\/revistavitrineibiuna.com.br\/#\/schema\/person\/e51ef49d6d88170ea21ceabff3f73deb\",\"name\":\"Carlos Rossini\",\"image\":{\"@type\":\"ImageObject\",\"@id\":\"https:\/\/revistavitrineibiuna.com.br\/#personlogo\",\"inLanguage\":\"pt-BR\",\"url\":\"https:\/\/secure.gravatar.com\/avatar\/4f2d0f99fac1f85c7d643f21f5c8d900?s=96&d=mm&r=g\",\"caption\":\"Carlos Rossini\"},\"logo\":{\"@id\":\"https:\/\/revistavitrineibiuna.com.br\/#personlogo\"},\"description\":\"Carlos Rossini \\u00e9 jornalista, soci\\u00f3logo, escritor e professor universit\\u00e1rio, tendo sido professor de jornalismo por vinte anos. Trabalhou em ve\\u00edculos de comunica\\u00e7\\u00e3o nas fun\\u00e7\\u00f5es de rep\\u00f3rter, redator, editor, articulista e colaborador, como Folha de S. Paulo, O Estado de S. Paulo, Di\\u00e1rio Popular, entre outros. Ao transferir a revista vitrine, vers\\u00e3o imprensa, de S\\u00e3o Paulo para Ibi\\u00fana h\\u00e1 alguns anos, iniciou uma nova experi\\u00eancia profissional, dedicando-se ao jornalismo regional, depois de cumprir uma trajet\\u00f3ria bem-sucedida na grande imprensa brasileira. Seu primeiro livro A Coragem de Comunicar foi lan\\u00e7ado na Bienal do Livro em S\\u00e3o Paulo no ano 2000, pela editora Madras.\"}]}<\/script>\n<!-- \/ Yoast SEO plugin. -->","_links":{"self":[{"href":"https:\/\/revistavitrineibiuna.com.br\/index.php?rest_route=\/wp\/v2\/posts\/33046"}],"collection":[{"href":"https:\/\/revistavitrineibiuna.com.br\/index.php?rest_route=\/wp\/v2\/posts"}],"about":[{"href":"https:\/\/revistavitrineibiuna.com.br\/index.php?rest_route=\/wp\/v2\/types\/post"}],"author":[{"embeddable":true,"href":"https:\/\/revistavitrineibiuna.com.br\/index.php?rest_route=\/wp\/v2\/users\/1"}],"replies":[{"embeddable":true,"href":"https:\/\/revistavitrineibiuna.com.br\/index.php?rest_route=%2Fwp%2Fv2%2Fcomments&post=33046"}],"version-history":[{"count":2,"href":"https:\/\/revistavitrineibiuna.com.br\/index.php?rest_route=\/wp\/v2\/posts\/33046\/revisions"}],"predecessor-version":[{"id":33049,"href":"https:\/\/revistavitrineibiuna.com.br\/index.php?rest_route=\/wp\/v2\/posts\/33046\/revisions\/33049"}],"wp:featuredmedia":[{"embeddable":true,"href":"https:\/\/revistavitrineibiuna.com.br\/index.php?rest_route=\/wp\/v2\/media\/33047"}],"wp:attachment":[{"href":"https:\/\/revistavitrineibiuna.com.br\/index.php?rest_route=%2Fwp%2Fv2%2Fmedia&parent=33046"}],"wp:term":[{"taxonomy":"category","embeddable":true,"href":"https:\/\/revistavitrineibiuna.com.br\/index.php?rest_route=%2Fwp%2Fv2%2Fcategories&post=33046"},{"taxonomy":"post_tag","embeddable":true,"href":"https:\/\/revistavitrineibiuna.com.br\/index.php?rest_route=%2Fwp%2Fv2%2Ftags&post=33046"}],"curies":[{"name":"wp","href":"https:\/\/api.w.org\/{rel}","templated":true}]}}