{"id":33050,"date":"2025-01-26T09:45:12","date_gmt":"2025-01-26T12:45:12","guid":{"rendered":"http:\/\/revistavitrineibiuna.com.br\/?p=33050"},"modified":"2025-01-26T11:29:56","modified_gmt":"2025-01-26T14:29:56","slug":"ibiuna-usuarios-reprovam-servico-da-prefeitura-na-estrada-ibiuna-mairinque","status":"publish","type":"post","link":"https:\/\/revistavitrineibiuna.com.br\/?p=33050","title":{"rendered":"IBI\u00daNA \u2013 USU\u00c1RIOS REPROVAM SERVI\u00c7O DA PREFEITURA NA ESTRADA IBI\u00daNA-MAIRINQUE"},"content":{"rendered":"\n<p class=\"has-drop-cap\"><strong>Na manh\u00e3 da sexta-feira (24) a prefeitura realizou servi\u00e7o de remo\u00e7\u00e3o do mato na margem direita para quem vai de Ibi\u00fana para Mairinque, entre a Estrada da Cachoeira at\u00e9 a Ponte Nova, que estava interditada desde o dia 27 de dezembro e foi aberta ao tr\u00e1fego no dia 20 de janeiro, por decis\u00e3o judicial.<\/strong><\/p>\n\n\n\n<p><strong>No s\u00e1bado, vitrine online recebeu manifesta\u00e7\u00f5es e fotos de usu\u00e1rios da estrada denunciando que o servi\u00e7o realizado por uma equipe da Garagem Municipal, vinculada \u00e0 Secretaria de Obras, teria sido mal executado, provocando danos nas guias em alguns trechos.<\/strong><\/p>\n\n\n\n<p><strong>Vitrine online, com o objetivo de colaborar com o novo governo municipal, que assumiu o cargo h\u00e1 apenas 26 dias e precisa de tempo para \u201cpor a casa em ordem\u201d, fez uma consulta t\u00e9cnica e obteve as seguintes informa\u00e7\u00f5es.<\/strong><\/p>\n\n\n\n<p><strong>. O servi\u00e7o deveria ser efetivado por ro\u00e7adeira ou m\u00e1quina de ro\u00e7adeira de pequeno porte e n\u00e3o por motoniveladora e retroescavadeira, como foi feito.<\/strong><\/p>\n\n\n\n<p><strong>. Os danos, segundo o mesmo especialista ouvido, \u201ciniciou o processo de deteriora\u00e7\u00e3o das guias, que se degradar\u00e3o em pouco tempo\u201d.<\/strong><\/p>\n\n\n\n<figure class=\"wp-block-image size-large\"><img loading=\"lazy\" width=\"1024\" height=\"768\" src=\"http:\/\/revistavitrineibiuna.com.br\/wp-content\/uploads\/2025\/01\/remocao-de-mato-2-1024x768.png\" alt=\"\" class=\"wp-image-33054\" srcset=\"https:\/\/revistavitrineibiuna.com.br\/wp-content\/uploads\/2025\/01\/remocao-de-mato-2-1024x768.png 1024w, https:\/\/revistavitrineibiuna.com.br\/wp-content\/uploads\/2025\/01\/remocao-de-mato-2-300x225.png 300w, https:\/\/revistavitrineibiuna.com.br\/wp-content\/uploads\/2025\/01\/remocao-de-mato-2-768x576.png 768w, https:\/\/revistavitrineibiuna.com.br\/wp-content\/uploads\/2025\/01\/remocao-de-mato-2-1536x1152.png 1536w, https:\/\/revistavitrineibiuna.com.br\/wp-content\/uploads\/2025\/01\/remocao-de-mato-2-320x240.png 320w, https:\/\/revistavitrineibiuna.com.br\/wp-content\/uploads\/2025\/01\/remocao-de-mato-2.png 1600w\" sizes=\"(max-width: 1024px) 100vw, 1024px\" \/><figcaption>Usu\u00e1rios de estrada se queixaram do servi\u00e7o e enviaram fotos \u00e0 vitrine online<\/figcaption><\/figure>\n\n\n\n<p><strong>O QUE PRECISA SER FEITO<\/strong><\/p>\n\n\n\n<p><strong>De acordo com os esclarecimentos obtidos, para recuperar as guias danificadas ser\u00e1 necess\u00e1rio:<\/strong><\/p>\n\n\n\n<p><strong>. Chapiscar as guias com adesivo de concreto, nata de cimento, passar desempenador de a\u00e7o, depois dar um tempo para a cura do material aplicado, aplicar novamente a nata de cimento e, por fim, uma esponja, finalizando a recupera\u00e7\u00e3o.<\/strong><\/p>\n\n\n\n<p><strong>ENTENDA COMO FUNCIONA<\/strong><\/p>\n\n\n\n<p><strong>A Garagem Municipal \u00e9 o bra\u00e7o operacional da Secretaria Municipal de Obras, cuja fun\u00e7\u00e3o \u00e9 planejar e executar as obras municipais, conservando vias e logradouros p\u00fablicos.<\/strong><\/p>\n","protected":false},"excerpt":{"rendered":"<p>Na manh\u00e3 da sexta-feira (24) a prefeitura realizou servi\u00e7o de remo\u00e7\u00e3o do mato na margem direita para quem vai de<\/p>\n","protected":false},"author":1,"featured_media":33051,"comment_status":"open","ping_status":"open","sticky":false,"template":"","format":"standard","meta":[],"categories":[3],"tags":[],"yoast_head":"<!-- This site is optimized with the Yoast SEO plugin v15.8 - https:\/\/yoast.com\/wordpress\/plugins\/seo\/ -->\n<title>IBI\u00daNA \u2013 USU\u00c1RIOS REPROVAM SERVI\u00c7O DA PREFEITURA NA ESTRADA IBI\u00daNA-MAIRINQUE - Revista Vitrine Online<\/title>\n<meta name=\"robots\" content=\"index, follow, max-snippet:-1, max-image-preview:large, max-video-preview:-1\" \/>\n<link rel=\"canonical\" href=\"http:\/\/revistavitrineibiuna.com.br\/?p=33050\" \/>\n<meta property=\"og:locale\" content=\"pt_BR\" \/>\n<meta property=\"og:type\" content=\"article\" \/>\n<meta property=\"og:title\" content=\"IBI\u00daNA \u2013 USU\u00c1RIOS REPROVAM SERVI\u00c7O DA PREFEITURA NA ESTRADA IBI\u00daNA-MAIRINQUE - Revista Vitrine Online\" \/>\n<meta property=\"og:description\" content=\"Na manh\u00e3 da sexta-feira (24) a prefeitura realizou servi\u00e7o de remo\u00e7\u00e3o do mato na margem direita para quem vai de\" \/>\n<meta property=\"og:url\" content=\"http:\/\/revistavitrineibiuna.com.br\/?p=33050\" \/>\n<meta property=\"og:site_name\" content=\"Revista Vitrine Online\" \/>\n<meta property=\"article:published_time\" content=\"2025-01-26T12:45:12+00:00\" \/>\n<meta property=\"article:modified_time\" content=\"2025-01-26T14:29:56+00:00\" \/>\n<meta property=\"og:image\" content=\"https:\/\/revistavitrineibiuna.com.br\/wp-content\/uploads\/2025\/01\/remocao-de-mato-1-1024x653.png\" \/>\n\t<meta property=\"og:image:width\" content=\"1024\" \/>\n\t<meta property=\"og:image:height\" content=\"653\" \/>\n<meta name=\"twitter:card\" content=\"summary\" \/>\n<meta name=\"twitter:label1\" content=\"Est. reading time\">\n\t<meta name=\"twitter:data1\" content=\"2 minutos\">\n<script type=\"application\/ld+json\" class=\"yoast-schema-graph\">{\"@context\":\"https:\/\/schema.org\",\"@graph\":[{\"@type\":\"WebSite\",\"@id\":\"https:\/\/revistavitrineibiuna.com.br\/#website\",\"url\":\"https:\/\/revistavitrineibiuna.com.br\/\",\"name\":\"Revista Vitrine Ibi\\u00fana\",\"description\":\"A Revista de Ibi\\u00fana e Regi\\u00e3o\",\"publisher\":{\"@id\":\"https:\/\/revistavitrineibiuna.com.br\/#\/schema\/person\/e51ef49d6d88170ea21ceabff3f73deb\"},\"potentialAction\":[{\"@type\":\"SearchAction\",\"target\":\"https:\/\/revistavitrineibiuna.com.br\/?s={search_term_string}\",\"query-input\":\"required name=search_term_string\"}],\"inLanguage\":\"pt-BR\"},{\"@type\":\"ImageObject\",\"@id\":\"http:\/\/revistavitrineibiuna.com.br\/?p=33050#primaryimage\",\"inLanguage\":\"pt-BR\",\"url\":\"https:\/\/revistavitrineibiuna.com.br\/wp-content\/uploads\/2025\/01\/remocao-de-mato-1.png\",\"width\":1414,\"height\":902},{\"@type\":\"WebPage\",\"@id\":\"http:\/\/revistavitrineibiuna.com.br\/?p=33050#webpage\",\"url\":\"http:\/\/revistavitrineibiuna.com.br\/?p=33050\",\"name\":\"IBI\\u00daNA \\u2013 USU\\u00c1RIOS REPROVAM SERVI\\u00c7O DA PREFEITURA NA ESTRADA IBI\\u00daNA-MAIRINQUE - Revista Vitrine Online\",\"isPartOf\":{\"@id\":\"https:\/\/revistavitrineibiuna.com.br\/#website\"},\"primaryImageOfPage\":{\"@id\":\"http:\/\/revistavitrineibiuna.com.br\/?p=33050#primaryimage\"},\"datePublished\":\"2025-01-26T12:45:12+00:00\",\"dateModified\":\"2025-01-26T14:29:56+00:00\",\"breadcrumb\":{\"@id\":\"http:\/\/revistavitrineibiuna.com.br\/?p=33050#breadcrumb\"},\"inLanguage\":\"pt-BR\",\"potentialAction\":[{\"@type\":\"ReadAction\",\"target\":[\"http:\/\/revistavitrineibiuna.com.br\/?p=33050\"]}]},{\"@type\":\"BreadcrumbList\",\"@id\":\"http:\/\/revistavitrineibiuna.com.br\/?p=33050#breadcrumb\",\"itemListElement\":[{\"@type\":\"ListItem\",\"position\":1,\"item\":{\"@type\":\"WebPage\",\"@id\":\"https:\/\/revistavitrineibiuna.com.br\/\",\"url\":\"https:\/\/revistavitrineibiuna.com.br\/\",\"name\":\"In\\u00edcio\"}},{\"@type\":\"ListItem\",\"position\":2,\"item\":{\"@type\":\"WebPage\",\"@id\":\"http:\/\/revistavitrineibiuna.com.br\/?p=33050\",\"url\":\"http:\/\/revistavitrineibiuna.com.br\/?p=33050\",\"name\":\"IBI\\u00daNA \\u2013 USU\\u00c1RIOS REPROVAM SERVI\\u00c7O DA PREFEITURA NA ESTRADA IBI\\u00daNA-MAIRINQUE\"}}]},{\"@type\":\"Article\",\"@id\":\"http:\/\/revistavitrineibiuna.com.br\/?p=33050#article\",\"isPartOf\":{\"@id\":\"http:\/\/revistavitrineibiuna.com.br\/?p=33050#webpage\"},\"author\":{\"@id\":\"https:\/\/revistavitrineibiuna.com.br\/#\/schema\/person\/e51ef49d6d88170ea21ceabff3f73deb\"},\"headline\":\"IBI\\u00daNA \\u2013 USU\\u00c1RIOS REPROVAM SERVI\\u00c7O DA PREFEITURA NA ESTRADA IBI\\u00daNA-MAIRINQUE\",\"datePublished\":\"2025-01-26T12:45:12+00:00\",\"dateModified\":\"2025-01-26T14:29:56+00:00\",\"mainEntityOfPage\":{\"@id\":\"http:\/\/revistavitrineibiuna.com.br\/?p=33050#webpage\"},\"commentCount\":0,\"publisher\":{\"@id\":\"https:\/\/revistavitrineibiuna.com.br\/#\/schema\/person\/e51ef49d6d88170ea21ceabff3f73deb\"},\"image\":{\"@id\":\"http:\/\/revistavitrineibiuna.com.br\/?p=33050#primaryimage\"},\"articleSection\":\"Not\\u00edcias\",\"inLanguage\":\"pt-BR\",\"potentialAction\":[{\"@type\":\"CommentAction\",\"name\":\"Comment\",\"target\":[\"http:\/\/revistavitrineibiuna.com.br\/?p=33050#respond\"]}]},{\"@type\":[\"Person\",\"Organization\"],\"@id\":\"https:\/\/revistavitrineibiuna.com.br\/#\/schema\/person\/e51ef49d6d88170ea21ceabff3f73deb\",\"name\":\"Carlos Rossini\",\"image\":{\"@type\":\"ImageObject\",\"@id\":\"https:\/\/revistavitrineibiuna.com.br\/#personlogo\",\"inLanguage\":\"pt-BR\",\"url\":\"https:\/\/secure.gravatar.com\/avatar\/4f2d0f99fac1f85c7d643f21f5c8d900?s=96&d=mm&r=g\",\"caption\":\"Carlos Rossini\"},\"logo\":{\"@id\":\"https:\/\/revistavitrineibiuna.com.br\/#personlogo\"},\"description\":\"Carlos Rossini \\u00e9 jornalista, soci\\u00f3logo, escritor e professor universit\\u00e1rio, tendo sido professor de jornalismo por vinte anos. Trabalhou em ve\\u00edculos de comunica\\u00e7\\u00e3o nas fun\\u00e7\\u00f5es de rep\\u00f3rter, redator, editor, articulista e colaborador, como Folha de S. Paulo, O Estado de S. Paulo, Di\\u00e1rio Popular, entre outros. Ao transferir a revista vitrine, vers\\u00e3o imprensa, de S\\u00e3o Paulo para Ibi\\u00fana h\\u00e1 alguns anos, iniciou uma nova experi\\u00eancia profissional, dedicando-se ao jornalismo regional, depois de cumprir uma trajet\\u00f3ria bem-sucedida na grande imprensa brasileira. Seu primeiro livro A Coragem de Comunicar foi lan\\u00e7ado na Bienal do Livro em S\\u00e3o Paulo no ano 2000, pela editora Madras.\"}]}<\/script>\n<!-- \/ Yoast SEO plugin. -->","_links":{"self":[{"href":"https:\/\/revistavitrineibiuna.com.br\/index.php?rest_route=\/wp\/v2\/posts\/33050"}],"collection":[{"href":"https:\/\/revistavitrineibiuna.com.br\/index.php?rest_route=\/wp\/v2\/posts"}],"about":[{"href":"https:\/\/revistavitrineibiuna.com.br\/index.php?rest_route=\/wp\/v2\/types\/post"}],"author":[{"embeddable":true,"href":"https:\/\/revistavitrineibiuna.com.br\/index.php?rest_route=\/wp\/v2\/users\/1"}],"replies":[{"embeddable":true,"href":"https:\/\/revistavitrineibiuna.com.br\/index.php?rest_route=%2Fwp%2Fv2%2Fcomments&post=33050"}],"version-history":[{"count":3,"href":"https:\/\/revistavitrineibiuna.com.br\/index.php?rest_route=\/wp\/v2\/posts\/33050\/revisions"}],"predecessor-version":[{"id":33056,"href":"https:\/\/revistavitrineibiuna.com.br\/index.php?rest_route=\/wp\/v2\/posts\/33050\/revisions\/33056"}],"wp:featuredmedia":[{"embeddable":true,"href":"https:\/\/revistavitrineibiuna.com.br\/index.php?rest_route=\/wp\/v2\/media\/33051"}],"wp:attachment":[{"href":"https:\/\/revistavitrineibiuna.com.br\/index.php?rest_route=%2Fwp%2Fv2%2Fmedia&parent=33050"}],"wp:term":[{"taxonomy":"category","embeddable":true,"href":"https:\/\/revistavitrineibiuna.com.br\/index.php?rest_route=%2Fwp%2Fv2%2Fcategories&post=33050"},{"taxonomy":"post_tag","embeddable":true,"href":"https:\/\/revistavitrineibiuna.com.br\/index.php?rest_route=%2Fwp%2Fv2%2Ftags&post=33050"}],"curies":[{"name":"wp","href":"https:\/\/api.w.org\/{rel}","templated":true}]}}