{"id":33057,"date":"2025-01-27T20:52:39","date_gmt":"2025-01-27T23:52:39","guid":{"rendered":"http:\/\/revistavitrineibiuna.com.br\/?p=33057"},"modified":"2025-01-27T21:09:03","modified_gmt":"2025-01-28T00:09:03","slug":"ibiuna-fio-de-telefone-quase-derruba-prefeito-da-moto","status":"publish","type":"post","link":"https:\/\/revistavitrineibiuna.com.br\/?p=33057","title":{"rendered":"IBI\u00daNA \u2013 FIO DE TELEFONE QUASE DERRUBA PREFEITO DA MOTO"},"content":{"rendered":"\n<p class=\"has-drop-cap\"><strong>Neste s\u00e1bado (25), o prefeito M\u00e1rio Pires quase caiu de sua moto, quando dava uma volta com amigos na Estrada do Murundu. Um fio de telefone se enrolou na roda dianteira e travou a moto bruscamente. &nbsp;<\/strong><\/p>\n\n\n\n<p><strong>Em um v\u00eddeo postado no storie [j\u00e1 fora do ar], Pires declarou:<\/strong><\/p>\n\n\n\n<p><strong>&#8212; Olha que perigo gente, na quest\u00e3o dos fios que o pessoal deixa quando faz manuten\u00e7\u00e3o das linhas. O fio enroscou todinho na roda do disco. Muita gente pode se machucar com isso aqui. A gente vai cobrar.<\/strong><\/p>\n\n\n\n<p><strong>Se n\u00e3o fosse sua experi\u00eancia de conduzir motos h\u00e1 25 anos, as consequ\u00eancias poderiam ser imprevis\u00edveis, como sofrer uma queda com o peso do ve\u00edculo.<\/strong><\/p>\n\n\n\n<p><strong>Ele integra um grupo de motociclistas que percorrem as estradas rurais do munic\u00edpio habitualmente.<\/strong><\/p>\n\n\n\n<p><strong>Com o uso de um alicate, o fio foi cortado, desenrolado e removido e, felizmente, nada de mais grave aconteceu.<\/strong><\/p>\n\n\n\n<p><strong>FIOS PERIGOSOS<\/strong><\/p>\n\n\n\n<figure class=\"wp-block-image size-large\"><img loading=\"lazy\" width=\"765\" height=\"539\" src=\"https:\/\/revistavitrineibiuna.com.br\/wp-content\/uploads\/2025\/01\/fios-na-calcada.png\" alt=\"\" class=\"wp-image-33060\" srcset=\"https:\/\/revistavitrineibiuna.com.br\/wp-content\/uploads\/2025\/01\/fios-na-calcada.png 765w, https:\/\/revistavitrineibiuna.com.br\/wp-content\/uploads\/2025\/01\/fios-na-calcada-300x211.png 300w\" sizes=\"(max-width: 765px) 100vw, 765px\" \/><figcaption>Popula\u00e7\u00e3o corre o risco de acidente com os fios de fibra \u00f3ptica e de telefone largados nas vias p\u00fablicas<\/figcaption><\/figure>\n\n\n\n<p><strong>Vitrine online j\u00e1 publicou o s\u00e9rio problema de fios, especialmente de fibras \u00f3pticas, que s\u00e3o largados nas vias p\u00fablicas pelos instaladores das empresas que prestam esse servi\u00e7o no munic\u00edpio, incluindo, como se viu, a Telef\u00f4nica.<\/strong><\/p>\n\n\n\n<p><strong>Depois que lan\u00e7ou o v\u00eddeo, o prefeito recebeu diversos coment\u00e1rios de pessoas que foram v\u00edtimas dessas \u201carmadilhas\u201d deixadas nas vias p\u00fablicas.<\/strong><\/p>\n\n\n\n<p><strong>Embora aparentemente n\u00e3o provoquem danos, quando est\u00e3o pendurados no alto dos postes da CPFL e da Cetril, e apresentem um estranho visual de um feixe de fibras, no ch\u00e3o podem provocar acidentes.<\/strong><\/p>\n\n\n\n<p><strong>RESPONSABILIDADE DAS EMPRESAS<\/strong><\/p>\n\n\n\n<p><strong>Seria importante que as autoridades municipais chamassem as empresas prestadoras de servi\u00e7o telef\u00f4nico e de fibras \u00f3pticas em Ibi\u00fana, de modo que elas passassem a se responsabilizar pelo recolhimento de cabos e fios ca\u00eddos dos postes ou deixados em cal\u00e7adas e ruas no processo de instala\u00e7\u00e3o ou manuten\u00e7\u00e3o do servi\u00e7o.<\/strong><\/p>\n\n\n\n<p><strong>Caso algu\u00e9m se acidente em decorr\u00eancia desses fios e cabos t\u00eam direito \u00e0 indeniza\u00e7\u00e3o, desde que comprovem que a ocorr\u00eancia tenha sido provocada pela fia\u00e7\u00e3o.<\/strong><\/p>\n","protected":false},"excerpt":{"rendered":"<p>Neste s\u00e1bado (25), o prefeito M\u00e1rio Pires quase caiu de sua moto, quando dava uma volta com amigos na Estrada<\/p>\n","protected":false},"author":1,"featured_media":33058,"comment_status":"open","ping_status":"open","sticky":false,"template":"","format":"standard","meta":[],"categories":[3],"tags":[],"yoast_head":"<!-- This site is optimized with the Yoast SEO plugin v15.8 - https:\/\/yoast.com\/wordpress\/plugins\/seo\/ -->\n<title>IBI\u00daNA \u2013 FIO DE TELEFONE QUASE DERRUBA PREFEITO DA MOTO - Revista Vitrine Online<\/title>\n<meta name=\"robots\" content=\"index, follow, max-snippet:-1, max-image-preview:large, max-video-preview:-1\" \/>\n<link rel=\"canonical\" href=\"http:\/\/revistavitrineibiuna.com.br\/?p=33057\" \/>\n<meta property=\"og:locale\" content=\"pt_BR\" \/>\n<meta property=\"og:type\" content=\"article\" \/>\n<meta property=\"og:title\" content=\"IBI\u00daNA \u2013 FIO DE TELEFONE QUASE DERRUBA PREFEITO DA MOTO - Revista Vitrine Online\" \/>\n<meta property=\"og:description\" content=\"Neste s\u00e1bado (25), o prefeito M\u00e1rio Pires quase caiu de sua moto, quando dava uma volta com amigos na Estrada\" \/>\n<meta property=\"og:url\" content=\"http:\/\/revistavitrineibiuna.com.br\/?p=33057\" \/>\n<meta property=\"og:site_name\" content=\"Revista Vitrine Online\" \/>\n<meta property=\"article:published_time\" content=\"2025-01-27T23:52:39+00:00\" \/>\n<meta property=\"article:modified_time\" content=\"2025-01-28T00:09:03+00:00\" \/>\n<meta property=\"og:image\" content=\"https:\/\/revistavitrineibiuna.com.br\/wp-content\/uploads\/2025\/01\/disco-do-freio.png\" \/>\n\t<meta property=\"og:image:width\" content=\"715\" \/>\n\t<meta property=\"og:image:height\" content=\"495\" \/>\n<meta name=\"twitter:card\" content=\"summary\" \/>\n<meta name=\"twitter:label1\" content=\"Est. reading time\">\n\t<meta name=\"twitter:data1\" content=\"2 minutos\">\n<script type=\"application\/ld+json\" class=\"yoast-schema-graph\">{\"@context\":\"https:\/\/schema.org\",\"@graph\":[{\"@type\":\"WebSite\",\"@id\":\"https:\/\/revistavitrineibiuna.com.br\/#website\",\"url\":\"https:\/\/revistavitrineibiuna.com.br\/\",\"name\":\"Revista Vitrine Ibi\\u00fana\",\"description\":\"A Revista de Ibi\\u00fana e Regi\\u00e3o\",\"publisher\":{\"@id\":\"https:\/\/revistavitrineibiuna.com.br\/#\/schema\/person\/e51ef49d6d88170ea21ceabff3f73deb\"},\"potentialAction\":[{\"@type\":\"SearchAction\",\"target\":\"https:\/\/revistavitrineibiuna.com.br\/?s={search_term_string}\",\"query-input\":\"required name=search_term_string\"}],\"inLanguage\":\"pt-BR\"},{\"@type\":\"ImageObject\",\"@id\":\"http:\/\/revistavitrineibiuna.com.br\/?p=33057#primaryimage\",\"inLanguage\":\"pt-BR\",\"url\":\"https:\/\/revistavitrineibiuna.com.br\/wp-content\/uploads\/2025\/01\/disco-do-freio.png\",\"width\":715,\"height\":495},{\"@type\":\"WebPage\",\"@id\":\"http:\/\/revistavitrineibiuna.com.br\/?p=33057#webpage\",\"url\":\"http:\/\/revistavitrineibiuna.com.br\/?p=33057\",\"name\":\"IBI\\u00daNA \\u2013 FIO DE TELEFONE QUASE DERRUBA PREFEITO DA MOTO - Revista Vitrine Online\",\"isPartOf\":{\"@id\":\"https:\/\/revistavitrineibiuna.com.br\/#website\"},\"primaryImageOfPage\":{\"@id\":\"http:\/\/revistavitrineibiuna.com.br\/?p=33057#primaryimage\"},\"datePublished\":\"2025-01-27T23:52:39+00:00\",\"dateModified\":\"2025-01-28T00:09:03+00:00\",\"breadcrumb\":{\"@id\":\"http:\/\/revistavitrineibiuna.com.br\/?p=33057#breadcrumb\"},\"inLanguage\":\"pt-BR\",\"potentialAction\":[{\"@type\":\"ReadAction\",\"target\":[\"http:\/\/revistavitrineibiuna.com.br\/?p=33057\"]}]},{\"@type\":\"BreadcrumbList\",\"@id\":\"http:\/\/revistavitrineibiuna.com.br\/?p=33057#breadcrumb\",\"itemListElement\":[{\"@type\":\"ListItem\",\"position\":1,\"item\":{\"@type\":\"WebPage\",\"@id\":\"https:\/\/revistavitrineibiuna.com.br\/\",\"url\":\"https:\/\/revistavitrineibiuna.com.br\/\",\"name\":\"In\\u00edcio\"}},{\"@type\":\"ListItem\",\"position\":2,\"item\":{\"@type\":\"WebPage\",\"@id\":\"http:\/\/revistavitrineibiuna.com.br\/?p=33057\",\"url\":\"http:\/\/revistavitrineibiuna.com.br\/?p=33057\",\"name\":\"IBI\\u00daNA \\u2013 FIO DE TELEFONE QUASE DERRUBA PREFEITO DA MOTO\"}}]},{\"@type\":\"Article\",\"@id\":\"http:\/\/revistavitrineibiuna.com.br\/?p=33057#article\",\"isPartOf\":{\"@id\":\"http:\/\/revistavitrineibiuna.com.br\/?p=33057#webpage\"},\"author\":{\"@id\":\"https:\/\/revistavitrineibiuna.com.br\/#\/schema\/person\/e51ef49d6d88170ea21ceabff3f73deb\"},\"headline\":\"IBI\\u00daNA \\u2013 FIO DE TELEFONE QUASE DERRUBA PREFEITO DA MOTO\",\"datePublished\":\"2025-01-27T23:52:39+00:00\",\"dateModified\":\"2025-01-28T00:09:03+00:00\",\"mainEntityOfPage\":{\"@id\":\"http:\/\/revistavitrineibiuna.com.br\/?p=33057#webpage\"},\"commentCount\":0,\"publisher\":{\"@id\":\"https:\/\/revistavitrineibiuna.com.br\/#\/schema\/person\/e51ef49d6d88170ea21ceabff3f73deb\"},\"image\":{\"@id\":\"http:\/\/revistavitrineibiuna.com.br\/?p=33057#primaryimage\"},\"articleSection\":\"Not\\u00edcias\",\"inLanguage\":\"pt-BR\",\"potentialAction\":[{\"@type\":\"CommentAction\",\"name\":\"Comment\",\"target\":[\"http:\/\/revistavitrineibiuna.com.br\/?p=33057#respond\"]}]},{\"@type\":[\"Person\",\"Organization\"],\"@id\":\"https:\/\/revistavitrineibiuna.com.br\/#\/schema\/person\/e51ef49d6d88170ea21ceabff3f73deb\",\"name\":\"Carlos Rossini\",\"image\":{\"@type\":\"ImageObject\",\"@id\":\"https:\/\/revistavitrineibiuna.com.br\/#personlogo\",\"inLanguage\":\"pt-BR\",\"url\":\"https:\/\/secure.gravatar.com\/avatar\/4f2d0f99fac1f85c7d643f21f5c8d900?s=96&d=mm&r=g\",\"caption\":\"Carlos Rossini\"},\"logo\":{\"@id\":\"https:\/\/revistavitrineibiuna.com.br\/#personlogo\"},\"description\":\"Carlos Rossini \\u00e9 jornalista, soci\\u00f3logo, escritor e professor universit\\u00e1rio, tendo sido professor de jornalismo por vinte anos. Trabalhou em ve\\u00edculos de comunica\\u00e7\\u00e3o nas fun\\u00e7\\u00f5es de rep\\u00f3rter, redator, editor, articulista e colaborador, como Folha de S. Paulo, O Estado de S. Paulo, Di\\u00e1rio Popular, entre outros. Ao transferir a revista vitrine, vers\\u00e3o imprensa, de S\\u00e3o Paulo para Ibi\\u00fana h\\u00e1 alguns anos, iniciou uma nova experi\\u00eancia profissional, dedicando-se ao jornalismo regional, depois de cumprir uma trajet\\u00f3ria bem-sucedida na grande imprensa brasileira. Seu primeiro livro A Coragem de Comunicar foi lan\\u00e7ado na Bienal do Livro em S\\u00e3o Paulo no ano 2000, pela editora Madras.\"}]}<\/script>\n<!-- \/ Yoast SEO plugin. -->","_links":{"self":[{"href":"https:\/\/revistavitrineibiuna.com.br\/index.php?rest_route=\/wp\/v2\/posts\/33057"}],"collection":[{"href":"https:\/\/revistavitrineibiuna.com.br\/index.php?rest_route=\/wp\/v2\/posts"}],"about":[{"href":"https:\/\/revistavitrineibiuna.com.br\/index.php?rest_route=\/wp\/v2\/types\/post"}],"author":[{"embeddable":true,"href":"https:\/\/revistavitrineibiuna.com.br\/index.php?rest_route=\/wp\/v2\/users\/1"}],"replies":[{"embeddable":true,"href":"https:\/\/revistavitrineibiuna.com.br\/index.php?rest_route=%2Fwp%2Fv2%2Fcomments&post=33057"}],"version-history":[{"count":3,"href":"https:\/\/revistavitrineibiuna.com.br\/index.php?rest_route=\/wp\/v2\/posts\/33057\/revisions"}],"predecessor-version":[{"id":33063,"href":"https:\/\/revistavitrineibiuna.com.br\/index.php?rest_route=\/wp\/v2\/posts\/33057\/revisions\/33063"}],"wp:featuredmedia":[{"embeddable":true,"href":"https:\/\/revistavitrineibiuna.com.br\/index.php?rest_route=\/wp\/v2\/media\/33058"}],"wp:attachment":[{"href":"https:\/\/revistavitrineibiuna.com.br\/index.php?rest_route=%2Fwp%2Fv2%2Fmedia&parent=33057"}],"wp:term":[{"taxonomy":"category","embeddable":true,"href":"https:\/\/revistavitrineibiuna.com.br\/index.php?rest_route=%2Fwp%2Fv2%2Fcategories&post=33057"},{"taxonomy":"post_tag","embeddable":true,"href":"https:\/\/revistavitrineibiuna.com.br\/index.php?rest_route=%2Fwp%2Fv2%2Ftags&post=33057"}],"curies":[{"name":"wp","href":"https:\/\/api.w.org\/{rel}","templated":true}]}}