{"id":33064,"date":"2025-01-28T09:43:58","date_gmt":"2025-01-28T12:43:58","guid":{"rendered":"http:\/\/revistavitrineibiuna.com.br\/?p=33064"},"modified":"2025-01-28T09:43:59","modified_gmt":"2025-01-28T12:43:59","slug":"ibiuna-gcm-detem-tres-suspeitos-de-trafico-de-drogas","status":"publish","type":"post","link":"https:\/\/revistavitrineibiuna.com.br\/?p=33064","title":{"rendered":"IBI\u00daNA \u2013 GCM DET\u00c9M TR\u00caS SUSPEITOS DE TR\u00c1FICO DE DROGAS"},"content":{"rendered":"\n<p class=\"has-drop-cap\"><strong>A Guarda Civil Municipal de Ibi\u00fana \u2013 GCM deteve tr\u00eas homens nesta segunda-feira (27).<\/strong><\/p>\n\n\n\n<p><strong>Um, suspeito de tr\u00e1fico de entorpecentes, estava impedindo a passagem de pedestres numa ponte de madeira que d\u00e1 acesso entre o bairro Vila Lima e CDHU Santa L\u00facia.<\/strong><\/p>\n\n\n\n<p><strong>Os outros dois no bairro dos Pintos, nas proximidades da Rua Maria Firmino, sendo um acusado de tr\u00e1fico de entorpecentes e o outro com mandado de pris\u00e3o emitido pela Justi\u00e7a.<\/strong><\/p>\n\n\n\n<p><strong>MATERIAL APREENDIDO<\/strong><\/p>\n\n\n\n<p><strong>Ao todo, foram apreendidos na Vila Lima\/CDHU Santa Lucia: R$ 189,00 em notas variadas, 56 papelotes de coca\u00edna, 6 pinos de coca\u00edna, 17 buchas de maconha, 1 pedra de crack e 2 aparelhos celulares.<\/strong><\/p>\n\n\n\n<p><strong>No bairro dos Pintos foram apreendidos 22 pinos de coca\u00edna e 13 pedras de crack.<\/strong><\/p>\n\n\n\n<p><strong>Os indiv\u00edduos foram levados ao &nbsp;Hospital Municipal para fazer o exame de corpo de delito . Na sequ\u00eancia, encaminhados \u00e0 Delegacia de Pol\u00edcia, onde foram registrados os boletins de ocorr\u00eancia. &nbsp;<\/strong><\/p>\n","protected":false},"excerpt":{"rendered":"<p>A Guarda Civil Municipal de Ibi\u00fana \u2013 GCM deteve tr\u00eas homens nesta segunda-feira (27). Um, suspeito de tr\u00e1fico de entorpecentes,<\/p>\n","protected":false},"author":1,"featured_media":33065,"comment_status":"open","ping_status":"open","sticky":false,"template":"","format":"standard","meta":[],"categories":[3],"tags":[],"yoast_head":"<!-- This site is optimized with the Yoast SEO plugin v15.8 - https:\/\/yoast.com\/wordpress\/plugins\/seo\/ -->\n<title>IBI\u00daNA \u2013 GCM DET\u00c9M TR\u00caS SUSPEITOS DE TR\u00c1FICO DE DROGAS - Revista Vitrine Online<\/title>\n<meta name=\"robots\" content=\"index, follow, max-snippet:-1, max-image-preview:large, max-video-preview:-1\" \/>\n<link rel=\"canonical\" href=\"http:\/\/revistavitrineibiuna.com.br\/?p=33064\" \/>\n<meta property=\"og:locale\" content=\"pt_BR\" \/>\n<meta property=\"og:type\" content=\"article\" \/>\n<meta property=\"og:title\" content=\"IBI\u00daNA \u2013 GCM DET\u00c9M TR\u00caS SUSPEITOS DE TR\u00c1FICO DE DROGAS - Revista Vitrine Online\" \/>\n<meta property=\"og:description\" content=\"A Guarda Civil Municipal de Ibi\u00fana \u2013 GCM deteve tr\u00eas homens nesta segunda-feira (27). Um, suspeito de tr\u00e1fico de entorpecentes,\" \/>\n<meta property=\"og:url\" content=\"http:\/\/revistavitrineibiuna.com.br\/?p=33064\" \/>\n<meta property=\"og:site_name\" content=\"Revista Vitrine Online\" \/>\n<meta property=\"article:published_time\" content=\"2025-01-28T12:43:58+00:00\" \/>\n<meta property=\"article:modified_time\" content=\"2025-01-28T12:43:59+00:00\" \/>\n<meta property=\"og:image\" content=\"https:\/\/revistavitrineibiuna.com.br\/wp-content\/uploads\/2025\/01\/drogas-apreendidas-1024x627.png\" \/>\n\t<meta property=\"og:image:width\" content=\"1024\" \/>\n\t<meta property=\"og:image:height\" content=\"627\" \/>\n<meta name=\"twitter:card\" content=\"summary\" \/>\n<meta name=\"twitter:label1\" content=\"Est. reading time\">\n\t<meta name=\"twitter:data1\" content=\"1 minuto\">\n<script type=\"application\/ld+json\" class=\"yoast-schema-graph\">{\"@context\":\"https:\/\/schema.org\",\"@graph\":[{\"@type\":\"WebSite\",\"@id\":\"https:\/\/revistavitrineibiuna.com.br\/#website\",\"url\":\"https:\/\/revistavitrineibiuna.com.br\/\",\"name\":\"Revista Vitrine Ibi\\u00fana\",\"description\":\"A Revista de Ibi\\u00fana e Regi\\u00e3o\",\"publisher\":{\"@id\":\"https:\/\/revistavitrineibiuna.com.br\/#\/schema\/person\/e51ef49d6d88170ea21ceabff3f73deb\"},\"potentialAction\":[{\"@type\":\"SearchAction\",\"target\":\"https:\/\/revistavitrineibiuna.com.br\/?s={search_term_string}\",\"query-input\":\"required name=search_term_string\"}],\"inLanguage\":\"pt-BR\"},{\"@type\":\"ImageObject\",\"@id\":\"http:\/\/revistavitrineibiuna.com.br\/?p=33064#primaryimage\",\"inLanguage\":\"pt-BR\",\"url\":\"https:\/\/revistavitrineibiuna.com.br\/wp-content\/uploads\/2025\/01\/drogas-apreendidas.png\",\"width\":1588,\"height\":973},{\"@type\":\"WebPage\",\"@id\":\"http:\/\/revistavitrineibiuna.com.br\/?p=33064#webpage\",\"url\":\"http:\/\/revistavitrineibiuna.com.br\/?p=33064\",\"name\":\"IBI\\u00daNA \\u2013 GCM DET\\u00c9M TR\\u00caS SUSPEITOS DE TR\\u00c1FICO DE DROGAS - Revista Vitrine Online\",\"isPartOf\":{\"@id\":\"https:\/\/revistavitrineibiuna.com.br\/#website\"},\"primaryImageOfPage\":{\"@id\":\"http:\/\/revistavitrineibiuna.com.br\/?p=33064#primaryimage\"},\"datePublished\":\"2025-01-28T12:43:58+00:00\",\"dateModified\":\"2025-01-28T12:43:59+00:00\",\"breadcrumb\":{\"@id\":\"http:\/\/revistavitrineibiuna.com.br\/?p=33064#breadcrumb\"},\"inLanguage\":\"pt-BR\",\"potentialAction\":[{\"@type\":\"ReadAction\",\"target\":[\"http:\/\/revistavitrineibiuna.com.br\/?p=33064\"]}]},{\"@type\":\"BreadcrumbList\",\"@id\":\"http:\/\/revistavitrineibiuna.com.br\/?p=33064#breadcrumb\",\"itemListElement\":[{\"@type\":\"ListItem\",\"position\":1,\"item\":{\"@type\":\"WebPage\",\"@id\":\"https:\/\/revistavitrineibiuna.com.br\/\",\"url\":\"https:\/\/revistavitrineibiuna.com.br\/\",\"name\":\"In\\u00edcio\"}},{\"@type\":\"ListItem\",\"position\":2,\"item\":{\"@type\":\"WebPage\",\"@id\":\"http:\/\/revistavitrineibiuna.com.br\/?p=33064\",\"url\":\"http:\/\/revistavitrineibiuna.com.br\/?p=33064\",\"name\":\"IBI\\u00daNA \\u2013 GCM DET\\u00c9M TR\\u00caS SUSPEITOS DE TR\\u00c1FICO DE DROGAS\"}}]},{\"@type\":\"Article\",\"@id\":\"http:\/\/revistavitrineibiuna.com.br\/?p=33064#article\",\"isPartOf\":{\"@id\":\"http:\/\/revistavitrineibiuna.com.br\/?p=33064#webpage\"},\"author\":{\"@id\":\"https:\/\/revistavitrineibiuna.com.br\/#\/schema\/person\/e51ef49d6d88170ea21ceabff3f73deb\"},\"headline\":\"IBI\\u00daNA \\u2013 GCM DET\\u00c9M TR\\u00caS SUSPEITOS DE TR\\u00c1FICO DE DROGAS\",\"datePublished\":\"2025-01-28T12:43:58+00:00\",\"dateModified\":\"2025-01-28T12:43:59+00:00\",\"mainEntityOfPage\":{\"@id\":\"http:\/\/revistavitrineibiuna.com.br\/?p=33064#webpage\"},\"commentCount\":0,\"publisher\":{\"@id\":\"https:\/\/revistavitrineibiuna.com.br\/#\/schema\/person\/e51ef49d6d88170ea21ceabff3f73deb\"},\"image\":{\"@id\":\"http:\/\/revistavitrineibiuna.com.br\/?p=33064#primaryimage\"},\"articleSection\":\"Not\\u00edcias\",\"inLanguage\":\"pt-BR\",\"potentialAction\":[{\"@type\":\"CommentAction\",\"name\":\"Comment\",\"target\":[\"http:\/\/revistavitrineibiuna.com.br\/?p=33064#respond\"]}]},{\"@type\":[\"Person\",\"Organization\"],\"@id\":\"https:\/\/revistavitrineibiuna.com.br\/#\/schema\/person\/e51ef49d6d88170ea21ceabff3f73deb\",\"name\":\"Carlos Rossini\",\"image\":{\"@type\":\"ImageObject\",\"@id\":\"https:\/\/revistavitrineibiuna.com.br\/#personlogo\",\"inLanguage\":\"pt-BR\",\"url\":\"https:\/\/secure.gravatar.com\/avatar\/4f2d0f99fac1f85c7d643f21f5c8d900?s=96&d=mm&r=g\",\"caption\":\"Carlos Rossini\"},\"logo\":{\"@id\":\"https:\/\/revistavitrineibiuna.com.br\/#personlogo\"},\"description\":\"Carlos Rossini \\u00e9 jornalista, soci\\u00f3logo, escritor e professor universit\\u00e1rio, tendo sido professor de jornalismo por vinte anos. Trabalhou em ve\\u00edculos de comunica\\u00e7\\u00e3o nas fun\\u00e7\\u00f5es de rep\\u00f3rter, redator, editor, articulista e colaborador, como Folha de S. Paulo, O Estado de S. Paulo, Di\\u00e1rio Popular, entre outros. Ao transferir a revista vitrine, vers\\u00e3o imprensa, de S\\u00e3o Paulo para Ibi\\u00fana h\\u00e1 alguns anos, iniciou uma nova experi\\u00eancia profissional, dedicando-se ao jornalismo regional, depois de cumprir uma trajet\\u00f3ria bem-sucedida na grande imprensa brasileira. Seu primeiro livro A Coragem de Comunicar foi lan\\u00e7ado na Bienal do Livro em S\\u00e3o Paulo no ano 2000, pela editora Madras.\"}]}<\/script>\n<!-- \/ Yoast SEO plugin. -->","_links":{"self":[{"href":"https:\/\/revistavitrineibiuna.com.br\/index.php?rest_route=\/wp\/v2\/posts\/33064"}],"collection":[{"href":"https:\/\/revistavitrineibiuna.com.br\/index.php?rest_route=\/wp\/v2\/posts"}],"about":[{"href":"https:\/\/revistavitrineibiuna.com.br\/index.php?rest_route=\/wp\/v2\/types\/post"}],"author":[{"embeddable":true,"href":"https:\/\/revistavitrineibiuna.com.br\/index.php?rest_route=\/wp\/v2\/users\/1"}],"replies":[{"embeddable":true,"href":"https:\/\/revistavitrineibiuna.com.br\/index.php?rest_route=%2Fwp%2Fv2%2Fcomments&post=33064"}],"version-history":[{"count":1,"href":"https:\/\/revistavitrineibiuna.com.br\/index.php?rest_route=\/wp\/v2\/posts\/33064\/revisions"}],"predecessor-version":[{"id":33066,"href":"https:\/\/revistavitrineibiuna.com.br\/index.php?rest_route=\/wp\/v2\/posts\/33064\/revisions\/33066"}],"wp:featuredmedia":[{"embeddable":true,"href":"https:\/\/revistavitrineibiuna.com.br\/index.php?rest_route=\/wp\/v2\/media\/33065"}],"wp:attachment":[{"href":"https:\/\/revistavitrineibiuna.com.br\/index.php?rest_route=%2Fwp%2Fv2%2Fmedia&parent=33064"}],"wp:term":[{"taxonomy":"category","embeddable":true,"href":"https:\/\/revistavitrineibiuna.com.br\/index.php?rest_route=%2Fwp%2Fv2%2Fcategories&post=33064"},{"taxonomy":"post_tag","embeddable":true,"href":"https:\/\/revistavitrineibiuna.com.br\/index.php?rest_route=%2Fwp%2Fv2%2Ftags&post=33064"}],"curies":[{"name":"wp","href":"https:\/\/api.w.org\/{rel}","templated":true}]}}