{"id":33068,"date":"2025-02-01T17:57:14","date_gmt":"2025-02-01T20:57:14","guid":{"rendered":"http:\/\/revistavitrineibiuna.com.br\/?p=33068"},"modified":"2025-02-01T19:07:15","modified_gmt":"2025-02-01T22:07:15","slug":"ibiuna-foi-vitima-de-um-desastre-financeiro-diz-mario-pires-no-1o-balanco-do-seu-governo","status":"publish","type":"post","link":"https:\/\/revistavitrineibiuna.com.br\/?p=33068","title":{"rendered":"\u201cIBI\u00daNA FOI V\u00cdTIMA DE UM DESASTRE FINANCEIRO\u201d, DIZ M\u00c1RIO PIRES NO 1\u00ba BALAN\u00c7O DO SEU GOVERNO"},"content":{"rendered":"\n<p class=\"has-drop-cap\"><strong>Em resposta ao question\u00e1rio que vitrine online lhe enviou neste s\u00e1bado (1\u00ba), solicitando uma avalia\u00e7\u00e3o do primeiro m\u00eas do seu governo, o novo prefeito de Ibi\u00fana, advogado M\u00e1rio Pires, foi enf\u00e1tico ao declarar que \u201cIbi\u00fana foi v\u00edtima de um desastre financeiro\u201d, numa refer\u00eancia \u00e0 heran\u00e7a que recebeu do governo anterior.<\/strong><\/p>\n\n\n\n<p><strong>Vitrine online apurou junto a um especialista que \u201co mais grave no aspecto financeiro \u00e9 o governo anterior n\u00e3o ter deixado dinheiro em caixa para pagar d\u00edvidas feitas no segundo semestre de 2024, incluindo sal\u00e1rios e encargos referente ao m\u00eas de dezembro.\u201d<\/strong><\/p>\n\n\n\n<p><strong>Pires disse [leia abaixo] ter encontrado \u201ca quantia de R$ 35 milh\u00f5es de restos a pagar (que s\u00e3o aquelas despesas feitas pela gest\u00e3o anterior que deveria estar&nbsp; no caixa da prefeitura para pagamento) mas tinha menos de 10% disso, ou seja, algo em torno de R$3 milh\u00f5es e&nbsp; isso refletiu nesse m\u00eas de janeiro na folha de pagamento atrasada, pagamento de fornecedores, servi\u00e7os b\u00e1sicos, manuten\u00e7\u00e3o de estradas rurais e por ai vai.\u201d<\/strong><\/p>\n\n\n\n<p><strong>Veja a \u00edntegra da entrevista com o prefeito de Ibi\u00fana:<\/strong><\/p>\n\n\n\n<p><strong>Vitrine online \u2013 Como avalia o primeiro m\u00eas do seu governo?<\/strong><\/p>\n\n\n\n<p><strong>\u2018EMERG\u00caNCIAS E CAOS\u2019<\/strong><\/p>\n\n\n\n<p><strong>M\u00e1rio Pires \u2013 O nosso primeiro m\u00eas de governo foi marcado por atuar em causas emergenciais e ca\u00f3ticas deixadas pela gest\u00e3o passada. Isso j\u00e1 era esperado, pois n\u00e3o tivemos a transi\u00e7\u00e3o adequada, o munic\u00edpio teve emerg\u00eancia financeira decretada pela gest\u00e3o passada e isso conduziu o nosso primeiro m\u00eas frente \u00e0 Prefeitura de Ibi\u00fana. Se fosse pra resumir numa pequena frase seria: \u201cAdministrando a heran\u00e7a do caos\u201d.<\/strong><\/p>\n\n\n\n<p><strong>VO \u2013 Quais foram as dificuldades mais relevantes que encontrou?<\/strong><\/p>\n\n\n\n<p><strong>MP \u2013 Como todos tiveram conhecimento atrav\u00e9s das redes sociais, ao assumir a Gest\u00e3o, n\u00e3o tivemos acesso aos Bancos (senhas e acessos foram bloqueados) e quando conseguimos o acesso, observamos que n\u00e3o t\u00ednhamos dinheiro para sequer pagar a folha de pagamento dos servidores (certamente, lembrar\u00e3o do pagamento fracionado anunciado no come\u00e7o de janeiro).<\/strong><\/p>\n\n\n\n<p><strong>Imediatamente, pedi para nossa equipe financeira e gest\u00e3o de contratos levantar todos os n\u00fameros e ent\u00e3o o impacto foi maior. Fornecedores de todos os setores sem recebimento (merenda, gest\u00e3o hospitalar, medicamentos, coleta de lixo, fornecimento de pedras, etc, etc).<\/strong><\/p>\n\n\n\n<p><strong>TRANSBORDO DE LIXO<\/strong><\/p>\n\n\n\n<p><strong>Diante de tal situa\u00e7\u00e3o comecei a convocar os fornecedores e expliquei um a um a dificuldade do in\u00edcio de mandato e iniciamos uma forma de parcelamento, descontos e car\u00eancias, para que os servi\u00e7os fossem retomados e outros n\u00e3o fossem interrompidos.<\/strong><\/p>\n\n\n\n<p><strong>Cito, por exemplo, a quest\u00e3o do transbordo do lixo que ficou parado por mais de 60 dias e, ap\u00f3s nossa atua\u00e7\u00e3o, retomamos o transbordo por volta do dia 20 de Janeiro.<\/strong><\/p>\n\n\n\n<p><strong>MERENDA ESCOLAR<\/strong><\/p>\n\n\n\n<p><strong>H\u00e1 casos mais gritantes pois envolvem quest\u00e3o de verba federal, constatamos que a merenda escolar dos \u00faltimos meses de 2024 n\u00e3o foi paga, mas, alimenta\u00e7\u00e3o escolar faz parte de verba repassada pelo PNAE (Programa Nacional de Alimenta\u00e7\u00e3o Escolar) e \u00e9 um absurdo constatar que a verba recebida n\u00e3o foi destinada ao pagamento do fornecedor e isso demandar\u00e1 levantamento interno e depois comunicado aos \u00f3rg\u00e3os de fiscaliza\u00e7\u00e3o (Minist\u00e9rio P\u00fablico e Tribunal de Contas).<\/strong><\/p>\n\n\n\n<p><strong>SA\u00daDE<\/strong><\/p>\n\n\n\n<p><strong>Na sa\u00fade, as empresas que fazem gest\u00e3o do Hospital e das Unidades B\u00e1sicas de Sa\u00fade alegam que est\u00e3o acumulando mais de 4 meses de atrasos no repasse dos pagamentos e isso impacta diretamente no servi\u00e7o prestado e no pagamento de seus colaboradores.<\/strong><\/p>\n\n\n\n<p><strong>PEDRAS E M\u00c1QUINAS<\/strong><\/p>\n\n\n\n<p><strong>Isso tamb\u00e9m demandou abertura de procedimento administrativo para averiguar tal situa\u00e7\u00e3o. As fortes chuvas de janeiro tamb\u00e9m foram um complicador, pois, n\u00e3o t\u00ednhamos fornecimento de pedra (o que foi regularizado nessa ultima semana) e o nosso comboio de m\u00e1quinas estava sem manuten\u00e7\u00e3o, por falta, de celeridade no processo interno na compra de pe\u00e7as, apenas como exemplo, ao assumir t\u00ednhamos 01 caminh\u00e3o em condi\u00e7\u00f5es de trabalhar, hoje j\u00e1 temos 04 e vamos avan\u00e7ar muito nisso. Esses s\u00e3o alguns exemplos nesse come\u00e7o de mandato.<\/strong><\/p>\n\n\n\n<p><strong>EQUIPE DE GOVERNO<\/strong><\/p>\n\n\n\n<p><strong>VO \u2013 Sua equipe de governo j\u00e1 est\u00e1 formada, ou ainda faltam algumas nomea\u00e7\u00f5es?<\/strong><\/p>\n\n\n\n<p><strong>MP \u2013 Ainda faltam alguns espa\u00e7os a serem preenchidos, mas como estou prezando pela nomea\u00e7\u00e3o t\u00e9cnica, podemos afirmar que todas as secretarias est\u00e3o funcionando, algumas delas sem a nomea\u00e7\u00e3o definitiva de Secret\u00e1rios, apenas isso.<\/strong><\/p>\n\n\n\n<p><strong>TRANSPAR\u00caNCIA<\/strong><\/p>\n\n\n\n<p><strong>VO \u2013 Acredita que a forma de comunica\u00e7\u00e3o que voc\u00ea vem protagonizando reflete o seu compromisso de campanha de tornar os atos do seu governo transparentes?<\/strong><\/p>\n\n\n\n<p><strong>MP \u2013 N\u00e3o tenho um modelo de comunica\u00e7\u00e3o, tenho um jeito de comunicar, pois acredito que a popula\u00e7\u00e3o precisa saber o que est\u00e1 acontecendo. Mas precisamos ir al\u00e9m, uma coisa \u00e9 o M\u00e1rio Pires se comunicando, outra coisa \u00e9 a Institui\u00e7\u00e3o Prefeitura. Esta sim, precisa avan\u00e7ar muito e tornar as informa\u00e7\u00f5es do Munic\u00edpio mais acess\u00edveis e com maior transpar\u00eancia. Estamos em evolu\u00e7\u00e3o constante.<\/strong><\/p>\n\n\n\n<p><strong>&nbsp;VO \u2013 Da mesma forma, quando pretende revelar \u00e0 sociedade ibiunense como encontrou a prefeitura no contexto financeiro, contratual, cont\u00e1bil, etc.<\/strong><\/p>\n\n\n\n<p><strong>RELATO \u00c0 C\u00c2MARA<\/strong><\/p>\n\n\n\n<p><strong>MP \u2013 Ontem (31\/01) entregamos um relat\u00f3rio \u00e0 C\u00e2mara dos Vereadores, apontando sumariamente a situa\u00e7\u00e3o financeira do munic\u00edpio. Esse relat\u00f3rio sum\u00e1rio servir\u00e1 de apoio aos vereadores para que tamb\u00e9m tenham a real situa\u00e7\u00e3o do munic\u00edpio. Basicamente, encontramos a quantia de R$ 35 milh\u00f5es de restos a pagar (que s\u00e3o aquelas despesas feitas pela gest\u00e3o anterior que deveria estar&nbsp; no caixa da prefeitura para pagamento) mas tinha menos de 10% disso, ou seja, algo em torno de R$3 milh\u00f5es e&nbsp; isso refletiu nesse m\u00eas de janeiro na folha de pagamento atrasada, pagamento de fornecedores, servi\u00e7os b\u00e1sicos, manuten\u00e7\u00e3o de estradas rurais e por ai vai!<\/strong><\/p>\n\n\n\n<p><strong>\u2018DESASTRE FINANCEIRO\u2019<\/strong><\/p>\n\n\n\n<p><strong>De uma forma geral, IBI\u00daNA FOI VITIMA DE UM DESASTRE FINANCEIRO, pois, se somarmos todas as pend\u00eancias, sejam elas administrativas ou judiciais, chegamos \u00e0 soma ABSURDA de R$ 220 MILHOES de divida!!! Nossa arrecada\u00e7\u00e3o est\u00e1 prevista para algo em torno de R$350 milh\u00f5es, e, infelizmente, podemos dizer que est\u00e1 toda comprometida sem espa\u00e7o para avan\u00e7os ou investimentos.<\/strong><\/p>\n\n\n\n<p><strong>SERVI\u00c7OS B\u00c1SICOS<\/strong><\/p>\n\n\n\n<p><strong>Ser\u00e1 um ano de muitos desafios onde sofreremos o impacto da falta de gest\u00e3o das administra\u00e7\u00f5es anteriores. Um ano em que devemos buscar solu\u00e7\u00f5es de economia da m\u00e1quina p\u00fablica, revis\u00e3o e gest\u00e3o de contratos de uma forma que servi\u00e7os b\u00e1sicos n\u00e3o sejam cessados e nosso povo n\u00e3o fique ainda mais desamparado.<\/strong><\/p>\n\n\n\n<p><strong>Mas uma coisa \u00e9 certa!!! Faremos de Ibi\u00fana uma cidade melhor para se viver, vamos lutar incansavelmente para tirar Ibi\u00fana desse caos. Vamos conseguir com o apoio da popula\u00e7\u00e3o<\/strong><\/p>\n","protected":false},"excerpt":{"rendered":"<p>Em resposta ao question\u00e1rio que vitrine online lhe enviou neste s\u00e1bado (1\u00ba), solicitando uma avalia\u00e7\u00e3o do primeiro m\u00eas do seu<\/p>\n","protected":false},"author":1,"featured_media":33069,"comment_status":"open","ping_status":"open","sticky":false,"template":"","format":"standard","meta":[],"categories":[3],"tags":[],"yoast_head":"<!-- This site is optimized with the Yoast SEO plugin v15.8 - https:\/\/yoast.com\/wordpress\/plugins\/seo\/ -->\n<title>\u201cIBI\u00daNA FOI V\u00cdTIMA DE UM DESASTRE FINANCEIRO\u201d, DIZ M\u00c1RIO PIRES NO 1\u00ba BALAN\u00c7O DO SEU GOVERNO - Revista Vitrine Online<\/title>\n<meta name=\"robots\" content=\"index, follow, max-snippet:-1, max-image-preview:large, max-video-preview:-1\" \/>\n<link rel=\"canonical\" href=\"https:\/\/revistavitrineibiuna.com.br\/?p=33068\" \/>\n<meta property=\"og:locale\" content=\"pt_BR\" \/>\n<meta property=\"og:type\" content=\"article\" \/>\n<meta property=\"og:title\" content=\"\u201cIBI\u00daNA FOI V\u00cdTIMA DE UM DESASTRE FINANCEIRO\u201d, DIZ M\u00c1RIO PIRES NO 1\u00ba BALAN\u00c7O DO SEU GOVERNO - Revista Vitrine Online\" \/>\n<meta property=\"og:description\" content=\"Em resposta ao question\u00e1rio que vitrine online lhe enviou neste s\u00e1bado (1\u00ba), solicitando uma avalia\u00e7\u00e3o do primeiro m\u00eas do seu\" \/>\n<meta property=\"og:url\" content=\"https:\/\/revistavitrineibiuna.com.br\/?p=33068\" \/>\n<meta property=\"og:site_name\" content=\"Revista Vitrine Online\" \/>\n<meta property=\"article:published_time\" content=\"2025-02-01T20:57:14+00:00\" \/>\n<meta property=\"article:modified_time\" content=\"2025-02-01T22:07:15+00:00\" \/>\n<meta property=\"og:image\" content=\"https:\/\/revistavitrineibiuna.com.br\/wp-content\/uploads\/2025\/02\/mario-pires-balanco-de-30-dias.png\" \/>\n\t<meta property=\"og:image:width\" content=\"716\" \/>\n\t<meta property=\"og:image:height\" content=\"461\" \/>\n<meta name=\"twitter:card\" content=\"summary\" \/>\n<meta name=\"twitter:label1\" content=\"Est. reading time\">\n\t<meta name=\"twitter:data1\" content=\"5 minutos\">\n<script type=\"application\/ld+json\" class=\"yoast-schema-graph\">{\"@context\":\"https:\/\/schema.org\",\"@graph\":[{\"@type\":\"WebSite\",\"@id\":\"https:\/\/revistavitrineibiuna.com.br\/#website\",\"url\":\"https:\/\/revistavitrineibiuna.com.br\/\",\"name\":\"Revista Vitrine Ibi\\u00fana\",\"description\":\"A Revista de Ibi\\u00fana e Regi\\u00e3o\",\"publisher\":{\"@id\":\"https:\/\/revistavitrineibiuna.com.br\/#\/schema\/person\/e51ef49d6d88170ea21ceabff3f73deb\"},\"potentialAction\":[{\"@type\":\"SearchAction\",\"target\":\"https:\/\/revistavitrineibiuna.com.br\/?s={search_term_string}\",\"query-input\":\"required name=search_term_string\"}],\"inLanguage\":\"pt-BR\"},{\"@type\":\"ImageObject\",\"@id\":\"https:\/\/revistavitrineibiuna.com.br\/?p=33068#primaryimage\",\"inLanguage\":\"pt-BR\",\"url\":\"https:\/\/revistavitrineibiuna.com.br\/wp-content\/uploads\/2025\/02\/mario-pires-balanco-de-30-dias.png\",\"width\":716,\"height\":461},{\"@type\":\"WebPage\",\"@id\":\"https:\/\/revistavitrineibiuna.com.br\/?p=33068#webpage\",\"url\":\"https:\/\/revistavitrineibiuna.com.br\/?p=33068\",\"name\":\"\\u201cIBI\\u00daNA FOI V\\u00cdTIMA DE UM DESASTRE FINANCEIRO\\u201d, DIZ M\\u00c1RIO PIRES NO 1\\u00ba BALAN\\u00c7O DO SEU GOVERNO - Revista Vitrine Online\",\"isPartOf\":{\"@id\":\"https:\/\/revistavitrineibiuna.com.br\/#website\"},\"primaryImageOfPage\":{\"@id\":\"https:\/\/revistavitrineibiuna.com.br\/?p=33068#primaryimage\"},\"datePublished\":\"2025-02-01T20:57:14+00:00\",\"dateModified\":\"2025-02-01T22:07:15+00:00\",\"breadcrumb\":{\"@id\":\"https:\/\/revistavitrineibiuna.com.br\/?p=33068#breadcrumb\"},\"inLanguage\":\"pt-BR\",\"potentialAction\":[{\"@type\":\"ReadAction\",\"target\":[\"https:\/\/revistavitrineibiuna.com.br\/?p=33068\"]}]},{\"@type\":\"BreadcrumbList\",\"@id\":\"https:\/\/revistavitrineibiuna.com.br\/?p=33068#breadcrumb\",\"itemListElement\":[{\"@type\":\"ListItem\",\"position\":1,\"item\":{\"@type\":\"WebPage\",\"@id\":\"https:\/\/revistavitrineibiuna.com.br\/\",\"url\":\"https:\/\/revistavitrineibiuna.com.br\/\",\"name\":\"In\\u00edcio\"}},{\"@type\":\"ListItem\",\"position\":2,\"item\":{\"@type\":\"WebPage\",\"@id\":\"https:\/\/revistavitrineibiuna.com.br\/?p=33068\",\"url\":\"https:\/\/revistavitrineibiuna.com.br\/?p=33068\",\"name\":\"\\u201cIBI\\u00daNA FOI V\\u00cdTIMA DE UM DESASTRE FINANCEIRO\\u201d, DIZ M\\u00c1RIO PIRES NO 1\\u00ba BALAN\\u00c7O DO SEU GOVERNO\"}}]},{\"@type\":\"Article\",\"@id\":\"https:\/\/revistavitrineibiuna.com.br\/?p=33068#article\",\"isPartOf\":{\"@id\":\"https:\/\/revistavitrineibiuna.com.br\/?p=33068#webpage\"},\"author\":{\"@id\":\"https:\/\/revistavitrineibiuna.com.br\/#\/schema\/person\/e51ef49d6d88170ea21ceabff3f73deb\"},\"headline\":\"\\u201cIBI\\u00daNA FOI V\\u00cdTIMA DE UM DESASTRE FINANCEIRO\\u201d, DIZ M\\u00c1RIO PIRES NO 1\\u00ba BALAN\\u00c7O DO SEU GOVERNO\",\"datePublished\":\"2025-02-01T20:57:14+00:00\",\"dateModified\":\"2025-02-01T22:07:15+00:00\",\"mainEntityOfPage\":{\"@id\":\"https:\/\/revistavitrineibiuna.com.br\/?p=33068#webpage\"},\"commentCount\":0,\"publisher\":{\"@id\":\"https:\/\/revistavitrineibiuna.com.br\/#\/schema\/person\/e51ef49d6d88170ea21ceabff3f73deb\"},\"image\":{\"@id\":\"https:\/\/revistavitrineibiuna.com.br\/?p=33068#primaryimage\"},\"articleSection\":\"Not\\u00edcias\",\"inLanguage\":\"pt-BR\",\"potentialAction\":[{\"@type\":\"CommentAction\",\"name\":\"Comment\",\"target\":[\"https:\/\/revistavitrineibiuna.com.br\/?p=33068#respond\"]}]},{\"@type\":[\"Person\",\"Organization\"],\"@id\":\"https:\/\/revistavitrineibiuna.com.br\/#\/schema\/person\/e51ef49d6d88170ea21ceabff3f73deb\",\"name\":\"Carlos Rossini\",\"image\":{\"@type\":\"ImageObject\",\"@id\":\"https:\/\/revistavitrineibiuna.com.br\/#personlogo\",\"inLanguage\":\"pt-BR\",\"url\":\"https:\/\/secure.gravatar.com\/avatar\/4f2d0f99fac1f85c7d643f21f5c8d900?s=96&d=mm&r=g\",\"caption\":\"Carlos Rossini\"},\"logo\":{\"@id\":\"https:\/\/revistavitrineibiuna.com.br\/#personlogo\"},\"description\":\"Carlos Rossini \\u00e9 jornalista, soci\\u00f3logo, escritor e professor universit\\u00e1rio, tendo sido professor de jornalismo por vinte anos. Trabalhou em ve\\u00edculos de comunica\\u00e7\\u00e3o nas fun\\u00e7\\u00f5es de rep\\u00f3rter, redator, editor, articulista e colaborador, como Folha de S. Paulo, O Estado de S. Paulo, Di\\u00e1rio Popular, entre outros. Ao transferir a revista vitrine, vers\\u00e3o imprensa, de S\\u00e3o Paulo para Ibi\\u00fana h\\u00e1 alguns anos, iniciou uma nova experi\\u00eancia profissional, dedicando-se ao jornalismo regional, depois de cumprir uma trajet\\u00f3ria bem-sucedida na grande imprensa brasileira. Seu primeiro livro A Coragem de Comunicar foi lan\\u00e7ado na Bienal do Livro em S\\u00e3o Paulo no ano 2000, pela editora Madras.\"}]}<\/script>\n<!-- \/ Yoast SEO plugin. -->","_links":{"self":[{"href":"https:\/\/revistavitrineibiuna.com.br\/index.php?rest_route=\/wp\/v2\/posts\/33068"}],"collection":[{"href":"https:\/\/revistavitrineibiuna.com.br\/index.php?rest_route=\/wp\/v2\/posts"}],"about":[{"href":"https:\/\/revistavitrineibiuna.com.br\/index.php?rest_route=\/wp\/v2\/types\/post"}],"author":[{"embeddable":true,"href":"https:\/\/revistavitrineibiuna.com.br\/index.php?rest_route=\/wp\/v2\/users\/1"}],"replies":[{"embeddable":true,"href":"https:\/\/revistavitrineibiuna.com.br\/index.php?rest_route=%2Fwp%2Fv2%2Fcomments&post=33068"}],"version-history":[{"count":2,"href":"https:\/\/revistavitrineibiuna.com.br\/index.php?rest_route=\/wp\/v2\/posts\/33068\/revisions"}],"predecessor-version":[{"id":33071,"href":"https:\/\/revistavitrineibiuna.com.br\/index.php?rest_route=\/wp\/v2\/posts\/33068\/revisions\/33071"}],"wp:featuredmedia":[{"embeddable":true,"href":"https:\/\/revistavitrineibiuna.com.br\/index.php?rest_route=\/wp\/v2\/media\/33069"}],"wp:attachment":[{"href":"https:\/\/revistavitrineibiuna.com.br\/index.php?rest_route=%2Fwp%2Fv2%2Fmedia&parent=33068"}],"wp:term":[{"taxonomy":"category","embeddable":true,"href":"https:\/\/revistavitrineibiuna.com.br\/index.php?rest_route=%2Fwp%2Fv2%2Fcategories&post=33068"},{"taxonomy":"post_tag","embeddable":true,"href":"https:\/\/revistavitrineibiuna.com.br\/index.php?rest_route=%2Fwp%2Fv2%2Ftags&post=33068"}],"curies":[{"name":"wp","href":"https:\/\/api.w.org\/{rel}","templated":true}]}}