{"id":33078,"date":"2025-02-03T14:23:52","date_gmt":"2025-02-03T17:23:52","guid":{"rendered":"http:\/\/revistavitrineibiuna.com.br\/?p=33078"},"modified":"2025-02-03T15:08:58","modified_gmt":"2025-02-03T18:08:58","slug":"ibiuna-ponte-recem-aberta-ao-trafego-ja-foi-danificada","status":"publish","type":"post","link":"https:\/\/revistavitrineibiuna.com.br\/?p=33078","title":{"rendered":"IBI\u00daNA \u2013 PONTE REC\u00c9M-ABERTA AO TR\u00c1FEGO J\u00c1 FOI DANIFICADA"},"content":{"rendered":"\n<p class=\"has-drop-cap\"><strong>A Ponte Nova sobre o Rio Sorocaba, na estrada que liga Ibi\u00fana a Mairinque, ficou famosa recentemente por ter sido interditada judicialmente e, por essa raz\u00e3o, ter provocado grande transtorno vi\u00e1rio em toda a regi\u00e3o.<\/strong><\/p>\n\n\n\n<p><strong>A medida foi adotada por supostamente a ponte poder a vir desabar, pondo em risco a vida das pessoas.<\/strong><\/p>\n\n\n\n<p><strong>Foi reaberta ao tr\u00e1fego, tamb\u00e9m por determina\u00e7\u00e3o judicial, com base em dois laudos t\u00e9cnicos, restringindo o tr\u00e2nsito para ve\u00edculos pesados, com at\u00e9 24t, incluindo \u00f4nibus e caminh\u00f5es.<\/strong><\/p>\n\n\n\n<p><strong>Pois bem! Provavelmente na \u00faltima sexta-feira (31) ou no s\u00e1bado (1\u00ba) algum ve\u00edculo presumivelmente de grande porte colidiu com a ponte danificando uma pilastra de entrada na ponte e canos do guarda corpo recolocados, que haviam sido pintados de amarelo pela Prefeitura.<\/strong><\/p>\n\n\n\n<figure class=\"wp-block-image size-large\"><img loading=\"lazy\" width=\"1024\" height=\"851\" src=\"https:\/\/revistavitrineibiuna.com.br\/wp-content\/uploads\/2025\/02\/ponte-danificada-2-1024x851.png\" alt=\"\" class=\"wp-image-33082\" srcset=\"https:\/\/revistavitrineibiuna.com.br\/wp-content\/uploads\/2025\/02\/ponte-danificada-2-1024x851.png 1024w, https:\/\/revistavitrineibiuna.com.br\/wp-content\/uploads\/2025\/02\/ponte-danificada-2-300x249.png 300w, https:\/\/revistavitrineibiuna.com.br\/wp-content\/uploads\/2025\/02\/ponte-danificada-2-768x638.png 768w, https:\/\/revistavitrineibiuna.com.br\/wp-content\/uploads\/2025\/02\/ponte-danificada-2.png 1195w\" sizes=\"(max-width: 1024px) 100vw, 1024px\" \/><\/figure>\n\n\n\n<p><strong>Esse fato chama a aten\u00e7\u00e3o para os relatos feitos no laudo apresentado pelo CREA-SP que recomendava restri\u00e7\u00e3o \u00e0 passagem de ve\u00edculos de grande porte e pesados.<\/strong><\/p>\n\n\n\n<p><strong>Ali\u00e1s, esse fato vem se repetindo ao longo do tempo e tanto os engenheiros que planejaram a ponte para atender \u00e0s necessidades dos ve\u00edculos que passavam ali h\u00e1 mais de oitenta anos e os oper\u00e1rios que a constru\u00edram de fato est\u00e3o de parab\u00e9ns.<\/strong><\/p>\n\n\n\n<p><strong>A obra se mostrou heroicamente resistente \u00e0 realidade dos novos tempos, mas, nem \u00e9 preciso ouvir um especialista, est\u00e1 obsoleta. Sua estrutura que permite a passagem de um ve\u00edculo por vez n\u00e3o foi feita para suportar caminh\u00f5es, carretas, m\u00e1quinas colheitadeiras, tratores de grande porte.<\/strong><\/p>\n\n\n\n<p><strong>Como se trata de uma estrada municipal, caber\u00e1 \u00e0 administra\u00e7\u00e3o p\u00fablica de Ibi\u00fana conseguir recursos para a constru\u00e7\u00e3o de uma nova ponte, certamente com via de duas m\u00e3os.<\/strong><\/p>\n\n\n\n<p><strong>At\u00e9 que isso aconte\u00e7a \u00e9 preciso implantar um sistema (dispositivos de restri\u00e7\u00e3o) que impe\u00e7a a travessia de ve\u00edculos que possam causar outros danos e afetar sua estrutura.<\/strong><\/p>\n\n\n\n<figure class=\"wp-block-image size-large\"><img loading=\"lazy\" width=\"720\" height=\"408\" src=\"https:\/\/revistavitrineibiuna.com.br\/wp-content\/uploads\/2025\/02\/ponte-danaaificada-3.png\" alt=\"\" class=\"wp-image-33085\" srcset=\"https:\/\/revistavitrineibiuna.com.br\/wp-content\/uploads\/2025\/02\/ponte-danaaificada-3.png 720w, https:\/\/revistavitrineibiuna.com.br\/wp-content\/uploads\/2025\/02\/ponte-danaaificada-3-300x170.png 300w\" sizes=\"(max-width: 720px) 100vw, 720px\" \/><figcaption>Cono se v\u00ea, h\u00e1 uma clara incompatibilidade entre as propor\u00e7\u00f5es da ponte e os ve\u00edculos pesados que passam por ela<\/figcaption><\/figure>\n\n\n\n<figure class=\"wp-block-image size-large\"><img loading=\"lazy\" width=\"566\" height=\"421\" src=\"https:\/\/revistavitrineibiuna.com.br\/wp-content\/uploads\/2025\/02\/maquina-gigante-na-ponte.png\" alt=\"\" class=\"wp-image-33087\" srcset=\"https:\/\/revistavitrineibiuna.com.br\/wp-content\/uploads\/2025\/02\/maquina-gigante-na-ponte.png 566w, https:\/\/revistavitrineibiuna.com.br\/wp-content\/uploads\/2025\/02\/maquina-gigante-na-ponte-300x223.png 300w\" sizes=\"(max-width: 566px) 100vw, 566px\" \/><figcaption>Essa colhetadeira de soja \u00e9 ve\u00edculo para circular fora da estrada, no entanto&#8230;<\/figcaption><\/figure>\n","protected":false},"excerpt":{"rendered":"<p>A Ponte Nova sobre o Rio Sorocaba, na estrada que liga Ibi\u00fana a Mairinque, ficou famosa recentemente por ter sido<\/p>\n","protected":false},"author":1,"featured_media":33079,"comment_status":"open","ping_status":"open","sticky":false,"template":"","format":"standard","meta":[],"categories":[3],"tags":[],"yoast_head":"<!-- This site is optimized with the Yoast SEO plugin v15.8 - https:\/\/yoast.com\/wordpress\/plugins\/seo\/ -->\n<title>IBI\u00daNA \u2013 PONTE REC\u00c9M-ABERTA AO TR\u00c1FEGO J\u00c1 FOI DANIFICADA - Revista Vitrine Online<\/title>\n<meta name=\"robots\" content=\"index, follow, max-snippet:-1, max-image-preview:large, max-video-preview:-1\" \/>\n<link rel=\"canonical\" href=\"http:\/\/revistavitrineibiuna.com.br\/?p=33078\" \/>\n<meta property=\"og:locale\" content=\"pt_BR\" \/>\n<meta property=\"og:type\" content=\"article\" \/>\n<meta property=\"og:title\" content=\"IBI\u00daNA \u2013 PONTE REC\u00c9M-ABERTA AO TR\u00c1FEGO J\u00c1 FOI DANIFICADA - Revista Vitrine Online\" \/>\n<meta property=\"og:description\" content=\"A Ponte Nova sobre o Rio Sorocaba, na estrada que liga Ibi\u00fana a Mairinque, ficou famosa recentemente por ter sido\" \/>\n<meta property=\"og:url\" content=\"http:\/\/revistavitrineibiuna.com.br\/?p=33078\" \/>\n<meta property=\"og:site_name\" content=\"Revista Vitrine Online\" \/>\n<meta property=\"article:published_time\" content=\"2025-02-03T17:23:52+00:00\" \/>\n<meta property=\"article:modified_time\" content=\"2025-02-03T18:08:58+00:00\" \/>\n<meta property=\"og:image\" content=\"https:\/\/revistavitrineibiuna.com.br\/wp-content\/uploads\/2025\/02\/Ponte-danificada-1-1024x645.png\" \/>\n\t<meta property=\"og:image:width\" content=\"1024\" \/>\n\t<meta property=\"og:image:height\" content=\"645\" \/>\n<meta name=\"twitter:card\" content=\"summary\" \/>\n<meta name=\"twitter:label1\" content=\"Est. reading time\">\n\t<meta name=\"twitter:data1\" content=\"3 minutos\">\n<script type=\"application\/ld+json\" class=\"yoast-schema-graph\">{\"@context\":\"https:\/\/schema.org\",\"@graph\":[{\"@type\":\"WebSite\",\"@id\":\"https:\/\/revistavitrineibiuna.com.br\/#website\",\"url\":\"https:\/\/revistavitrineibiuna.com.br\/\",\"name\":\"Revista Vitrine Ibi\\u00fana\",\"description\":\"A Revista de Ibi\\u00fana e Regi\\u00e3o\",\"publisher\":{\"@id\":\"https:\/\/revistavitrineibiuna.com.br\/#\/schema\/person\/e51ef49d6d88170ea21ceabff3f73deb\"},\"potentialAction\":[{\"@type\":\"SearchAction\",\"target\":\"https:\/\/revistavitrineibiuna.com.br\/?s={search_term_string}\",\"query-input\":\"required name=search_term_string\"}],\"inLanguage\":\"pt-BR\"},{\"@type\":\"ImageObject\",\"@id\":\"http:\/\/revistavitrineibiuna.com.br\/?p=33078#primaryimage\",\"inLanguage\":\"pt-BR\",\"url\":\"https:\/\/revistavitrineibiuna.com.br\/wp-content\/uploads\/2025\/02\/Ponte-danificada-1.png\",\"width\":1191,\"height\":750},{\"@type\":\"WebPage\",\"@id\":\"http:\/\/revistavitrineibiuna.com.br\/?p=33078#webpage\",\"url\":\"http:\/\/revistavitrineibiuna.com.br\/?p=33078\",\"name\":\"IBI\\u00daNA \\u2013 PONTE REC\\u00c9M-ABERTA AO TR\\u00c1FEGO J\\u00c1 FOI DANIFICADA - Revista Vitrine Online\",\"isPartOf\":{\"@id\":\"https:\/\/revistavitrineibiuna.com.br\/#website\"},\"primaryImageOfPage\":{\"@id\":\"http:\/\/revistavitrineibiuna.com.br\/?p=33078#primaryimage\"},\"datePublished\":\"2025-02-03T17:23:52+00:00\",\"dateModified\":\"2025-02-03T18:08:58+00:00\",\"breadcrumb\":{\"@id\":\"http:\/\/revistavitrineibiuna.com.br\/?p=33078#breadcrumb\"},\"inLanguage\":\"pt-BR\",\"potentialAction\":[{\"@type\":\"ReadAction\",\"target\":[\"http:\/\/revistavitrineibiuna.com.br\/?p=33078\"]}]},{\"@type\":\"BreadcrumbList\",\"@id\":\"http:\/\/revistavitrineibiuna.com.br\/?p=33078#breadcrumb\",\"itemListElement\":[{\"@type\":\"ListItem\",\"position\":1,\"item\":{\"@type\":\"WebPage\",\"@id\":\"https:\/\/revistavitrineibiuna.com.br\/\",\"url\":\"https:\/\/revistavitrineibiuna.com.br\/\",\"name\":\"In\\u00edcio\"}},{\"@type\":\"ListItem\",\"position\":2,\"item\":{\"@type\":\"WebPage\",\"@id\":\"http:\/\/revistavitrineibiuna.com.br\/?p=33078\",\"url\":\"http:\/\/revistavitrineibiuna.com.br\/?p=33078\",\"name\":\"IBI\\u00daNA \\u2013 PONTE REC\\u00c9M-ABERTA AO TR\\u00c1FEGO J\\u00c1 FOI DANIFICADA\"}}]},{\"@type\":\"Article\",\"@id\":\"http:\/\/revistavitrineibiuna.com.br\/?p=33078#article\",\"isPartOf\":{\"@id\":\"http:\/\/revistavitrineibiuna.com.br\/?p=33078#webpage\"},\"author\":{\"@id\":\"https:\/\/revistavitrineibiuna.com.br\/#\/schema\/person\/e51ef49d6d88170ea21ceabff3f73deb\"},\"headline\":\"IBI\\u00daNA \\u2013 PONTE REC\\u00c9M-ABERTA AO TR\\u00c1FEGO J\\u00c1 FOI DANIFICADA\",\"datePublished\":\"2025-02-03T17:23:52+00:00\",\"dateModified\":\"2025-02-03T18:08:58+00:00\",\"mainEntityOfPage\":{\"@id\":\"http:\/\/revistavitrineibiuna.com.br\/?p=33078#webpage\"},\"commentCount\":0,\"publisher\":{\"@id\":\"https:\/\/revistavitrineibiuna.com.br\/#\/schema\/person\/e51ef49d6d88170ea21ceabff3f73deb\"},\"image\":{\"@id\":\"http:\/\/revistavitrineibiuna.com.br\/?p=33078#primaryimage\"},\"articleSection\":\"Not\\u00edcias\",\"inLanguage\":\"pt-BR\",\"potentialAction\":[{\"@type\":\"CommentAction\",\"name\":\"Comment\",\"target\":[\"http:\/\/revistavitrineibiuna.com.br\/?p=33078#respond\"]}]},{\"@type\":[\"Person\",\"Organization\"],\"@id\":\"https:\/\/revistavitrineibiuna.com.br\/#\/schema\/person\/e51ef49d6d88170ea21ceabff3f73deb\",\"name\":\"Carlos Rossini\",\"image\":{\"@type\":\"ImageObject\",\"@id\":\"https:\/\/revistavitrineibiuna.com.br\/#personlogo\",\"inLanguage\":\"pt-BR\",\"url\":\"https:\/\/secure.gravatar.com\/avatar\/4f2d0f99fac1f85c7d643f21f5c8d900?s=96&d=mm&r=g\",\"caption\":\"Carlos Rossini\"},\"logo\":{\"@id\":\"https:\/\/revistavitrineibiuna.com.br\/#personlogo\"},\"description\":\"Carlos Rossini \\u00e9 jornalista, soci\\u00f3logo, escritor e professor universit\\u00e1rio, tendo sido professor de jornalismo por vinte anos. Trabalhou em ve\\u00edculos de comunica\\u00e7\\u00e3o nas fun\\u00e7\\u00f5es de rep\\u00f3rter, redator, editor, articulista e colaborador, como Folha de S. Paulo, O Estado de S. Paulo, Di\\u00e1rio Popular, entre outros. Ao transferir a revista vitrine, vers\\u00e3o imprensa, de S\\u00e3o Paulo para Ibi\\u00fana h\\u00e1 alguns anos, iniciou uma nova experi\\u00eancia profissional, dedicando-se ao jornalismo regional, depois de cumprir uma trajet\\u00f3ria bem-sucedida na grande imprensa brasileira. Seu primeiro livro A Coragem de Comunicar foi lan\\u00e7ado na Bienal do Livro em S\\u00e3o Paulo no ano 2000, pela editora Madras.\"}]}<\/script>\n<!-- \/ Yoast SEO plugin. -->","_links":{"self":[{"href":"https:\/\/revistavitrineibiuna.com.br\/index.php?rest_route=\/wp\/v2\/posts\/33078"}],"collection":[{"href":"https:\/\/revistavitrineibiuna.com.br\/index.php?rest_route=\/wp\/v2\/posts"}],"about":[{"href":"https:\/\/revistavitrineibiuna.com.br\/index.php?rest_route=\/wp\/v2\/types\/post"}],"author":[{"embeddable":true,"href":"https:\/\/revistavitrineibiuna.com.br\/index.php?rest_route=\/wp\/v2\/users\/1"}],"replies":[{"embeddable":true,"href":"https:\/\/revistavitrineibiuna.com.br\/index.php?rest_route=%2Fwp%2Fv2%2Fcomments&post=33078"}],"version-history":[{"count":8,"href":"https:\/\/revistavitrineibiuna.com.br\/index.php?rest_route=\/wp\/v2\/posts\/33078\/revisions"}],"predecessor-version":[{"id":33095,"href":"https:\/\/revistavitrineibiuna.com.br\/index.php?rest_route=\/wp\/v2\/posts\/33078\/revisions\/33095"}],"wp:featuredmedia":[{"embeddable":true,"href":"https:\/\/revistavitrineibiuna.com.br\/index.php?rest_route=\/wp\/v2\/media\/33079"}],"wp:attachment":[{"href":"https:\/\/revistavitrineibiuna.com.br\/index.php?rest_route=%2Fwp%2Fv2%2Fmedia&parent=33078"}],"wp:term":[{"taxonomy":"category","embeddable":true,"href":"https:\/\/revistavitrineibiuna.com.br\/index.php?rest_route=%2Fwp%2Fv2%2Fcategories&post=33078"},{"taxonomy":"post_tag","embeddable":true,"href":"https:\/\/revistavitrineibiuna.com.br\/index.php?rest_route=%2Fwp%2Fv2%2Ftags&post=33078"}],"curies":[{"name":"wp","href":"https:\/\/api.w.org\/{rel}","templated":true}]}}