{"id":33096,"date":"2025-02-04T13:54:41","date_gmt":"2025-02-04T16:54:41","guid":{"rendered":"http:\/\/revistavitrineibiuna.com.br\/?p=33096"},"modified":"2025-02-04T17:56:06","modified_gmt":"2025-02-04T20:56:06","slug":"ibiuna-policia-civil-age-contra-o-trafico-no-residencial-da-cachoeira-e-prisao","status":"publish","type":"post","link":"https:\/\/revistavitrineibiuna.com.br\/?p=33096","title":{"rendered":"IBI\u00daNA \u2013 POL\u00cdCIA CIVIL AGE CONTRA O TR\u00c1FICO NO RESIDENCIAL DA CACHOEIRA E FAZ PRIS\u00c3O"},"content":{"rendered":"\n<p class=\"has-drop-cap\"><strong>A Pol\u00edcia Civil de Ibi\u00fana realizou na manh\u00e3 de hoje (4) uma opera\u00e7\u00e3o contra o tr\u00e1fico de drogas no Residencial Minha Casa, Minha Vida, no bairro da Cachoeira.<\/strong><\/p>\n\n\n\n<p><strong>Um homem foi preso em flagrante e outros dois foram ouvidos por tr\u00e1fico de drogas.<\/strong><\/p>\n\n\n\n<p><strong>A a\u00e7\u00e3o ocorreu sob a chefia do delegado titular de Ibi\u00fana, Dr. Sandro Weyman, que cumpriu cinco mandados de busca e apreens\u00e3o no residencial, com base em den\u00fancias feitas pela popula\u00e7\u00e3o, depois de realizar uma pormenorizada investiga\u00e7\u00e3o.<\/strong><\/p>\n\n\n\n<p><strong>Durante a opera\u00e7\u00e3o, os agentes identificaram cinco endere\u00e7os onde suspeitos armazenavam entorpecentes para distribui\u00e7\u00e3o na regi\u00e3o, de acordo com as den\u00fancias an\u00f4nimas.<\/strong><\/p>\n\n\n\n<p><strong>A ofensiva contou com o apoio das equipes policiais civis das cidades de Mairinque, S\u00e3o Roque, Ara\u00e7oiaba da Serra, Salto de Pirapora e Votorantim, al\u00e9m da Guarda Civil de Ibi\u00fana.<\/strong><\/p>\n\n\n\n<p><strong>Como resultado, um homem foi preso, em flagrante delito, por tr\u00e1fico de drogas, e outros dois homens foram ouvidos e ser\u00e3o investigados por tr\u00e1fico de drogas, associa\u00e7\u00e3o para o tr\u00e1fico e porte ilegal de arma de fogo e muni\u00e7\u00f5es, tendo em vista a apreens\u00e3o de objetos que ser\u00e3o analisados pelo Setor de Investiga\u00e7\u00e3o.<\/strong><\/p>\n\n\n\n<p><strong>O Dr. Sandro Weyman destacou que as investiga\u00e7\u00f5es continuar\u00e3o e refor\u00e7ou a import\u00e2ncia da colabora\u00e7\u00e3o da popula\u00e7\u00e3o no combate ao crime. Ele afirmou:<\/strong><\/p>\n\n\n\n<p><strong>\u201cEste \u00e9 um trabalho cont\u00ednuo, e contamos com o apoio da comunidade para den\u00fancias que ajudem a Pol\u00edcia Civil a manter a ordem p\u00fablica e levar justi\u00e7a a todos.\u201d<\/strong><\/p>\n\n\n\n<p><strong>DEN\u00daNCIAS AN\u00d4NIMAS<\/strong><\/p>\n\n\n\n<p><strong>A Pol\u00edcia Civil segue empenhada em a\u00e7\u00f5es estrat\u00e9gicas para desarticular organiza\u00e7\u00f5es criminosas e garantir a seguran\u00e7a da popula\u00e7\u00e3o. Den\u00fancias an\u00f4nimas podem ser feitas pelo telefone 015 3241-1222.<\/strong><\/p>\n\n\n\n<figure class=\"wp-block-image size-large\"><img loading=\"lazy\" width=\"1024\" height=\"461\" src=\"http:\/\/revistavitrineibiuna.com.br\/wp-content\/uploads\/2025\/02\/065c0746-d2e7-4a6b-afd8-732843f4c8e1-1024x461.jpg\" alt=\"\" class=\"wp-image-33100\" srcset=\"https:\/\/revistavitrineibiuna.com.br\/wp-content\/uploads\/2025\/02\/065c0746-d2e7-4a6b-afd8-732843f4c8e1-1024x461.jpg 1024w, https:\/\/revistavitrineibiuna.com.br\/wp-content\/uploads\/2025\/02\/065c0746-d2e7-4a6b-afd8-732843f4c8e1-300x135.jpg 300w, https:\/\/revistavitrineibiuna.com.br\/wp-content\/uploads\/2025\/02\/065c0746-d2e7-4a6b-afd8-732843f4c8e1-768x346.jpg 768w, https:\/\/revistavitrineibiuna.com.br\/wp-content\/uploads\/2025\/02\/065c0746-d2e7-4a6b-afd8-732843f4c8e1-1536x691.jpg 1536w, https:\/\/revistavitrineibiuna.com.br\/wp-content\/uploads\/2025\/02\/065c0746-d2e7-4a6b-afd8-732843f4c8e1.jpg 1600w\" sizes=\"(max-width: 1024px) 100vw, 1024px\" \/><figcaption>Os policiais contaram com apoio de um c\u00e3o farejador na opera\u00e7\u00e3o<\/figcaption><\/figure>\n","protected":false},"excerpt":{"rendered":"<p>A Pol\u00edcia Civil de Ibi\u00fana realizou na manh\u00e3 de hoje (4) uma opera\u00e7\u00e3o contra o tr\u00e1fico de drogas no Residencial<\/p>\n","protected":false},"author":1,"featured_media":33097,"comment_status":"open","ping_status":"open","sticky":false,"template":"","format":"standard","meta":[],"categories":[3],"tags":[],"yoast_head":"<!-- This site is optimized with the Yoast SEO plugin v15.8 - https:\/\/yoast.com\/wordpress\/plugins\/seo\/ -->\n<title>IBI\u00daNA \u2013 POL\u00cdCIA CIVIL AGE CONTRA O TR\u00c1FICO NO RESIDENCIAL DA CACHOEIRA E FAZ PRIS\u00c3O - Revista Vitrine Online<\/title>\n<meta name=\"robots\" content=\"index, follow, max-snippet:-1, max-image-preview:large, max-video-preview:-1\" \/>\n<link rel=\"canonical\" href=\"http:\/\/revistavitrineibiuna.com.br\/?p=33096\" \/>\n<meta property=\"og:locale\" content=\"pt_BR\" \/>\n<meta property=\"og:type\" content=\"article\" \/>\n<meta property=\"og:title\" content=\"IBI\u00daNA \u2013 POL\u00cdCIA CIVIL AGE CONTRA O TR\u00c1FICO NO RESIDENCIAL DA CACHOEIRA E FAZ PRIS\u00c3O - Revista Vitrine Online\" \/>\n<meta property=\"og:description\" content=\"A Pol\u00edcia Civil de Ibi\u00fana realizou na manh\u00e3 de hoje (4) uma opera\u00e7\u00e3o contra o tr\u00e1fico de drogas no Residencial\" \/>\n<meta property=\"og:url\" content=\"http:\/\/revistavitrineibiuna.com.br\/?p=33096\" \/>\n<meta property=\"og:site_name\" content=\"Revista Vitrine Online\" \/>\n<meta property=\"article:published_time\" content=\"2025-02-04T16:54:41+00:00\" \/>\n<meta property=\"article:modified_time\" content=\"2025-02-04T20:56:06+00:00\" \/>\n<meta property=\"og:image\" content=\"https:\/\/revistavitrineibiuna.com.br\/wp-content\/uploads\/2025\/02\/operacao-na-cachoeira-hoje.png\" \/>\n\t<meta property=\"og:image:width\" content=\"714\" \/>\n\t<meta property=\"og:image:height\" content=\"468\" \/>\n<meta name=\"twitter:card\" content=\"summary\" \/>\n<meta name=\"twitter:label1\" content=\"Est. reading time\">\n\t<meta name=\"twitter:data1\" content=\"2 minutos\">\n<script type=\"application\/ld+json\" class=\"yoast-schema-graph\">{\"@context\":\"https:\/\/schema.org\",\"@graph\":[{\"@type\":\"WebSite\",\"@id\":\"https:\/\/revistavitrineibiuna.com.br\/#website\",\"url\":\"https:\/\/revistavitrineibiuna.com.br\/\",\"name\":\"Revista Vitrine Ibi\\u00fana\",\"description\":\"A Revista de Ibi\\u00fana e Regi\\u00e3o\",\"publisher\":{\"@id\":\"https:\/\/revistavitrineibiuna.com.br\/#\/schema\/person\/e51ef49d6d88170ea21ceabff3f73deb\"},\"potentialAction\":[{\"@type\":\"SearchAction\",\"target\":\"https:\/\/revistavitrineibiuna.com.br\/?s={search_term_string}\",\"query-input\":\"required name=search_term_string\"}],\"inLanguage\":\"pt-BR\"},{\"@type\":\"ImageObject\",\"@id\":\"http:\/\/revistavitrineibiuna.com.br\/?p=33096#primaryimage\",\"inLanguage\":\"pt-BR\",\"url\":\"https:\/\/revistavitrineibiuna.com.br\/wp-content\/uploads\/2025\/02\/operacao-na-cachoeira-hoje.png\",\"width\":714,\"height\":468},{\"@type\":\"WebPage\",\"@id\":\"http:\/\/revistavitrineibiuna.com.br\/?p=33096#webpage\",\"url\":\"http:\/\/revistavitrineibiuna.com.br\/?p=33096\",\"name\":\"IBI\\u00daNA \\u2013 POL\\u00cdCIA CIVIL AGE CONTRA O TR\\u00c1FICO NO RESIDENCIAL DA CACHOEIRA E FAZ PRIS\\u00c3O - Revista Vitrine Online\",\"isPartOf\":{\"@id\":\"https:\/\/revistavitrineibiuna.com.br\/#website\"},\"primaryImageOfPage\":{\"@id\":\"http:\/\/revistavitrineibiuna.com.br\/?p=33096#primaryimage\"},\"datePublished\":\"2025-02-04T16:54:41+00:00\",\"dateModified\":\"2025-02-04T20:56:06+00:00\",\"breadcrumb\":{\"@id\":\"http:\/\/revistavitrineibiuna.com.br\/?p=33096#breadcrumb\"},\"inLanguage\":\"pt-BR\",\"potentialAction\":[{\"@type\":\"ReadAction\",\"target\":[\"http:\/\/revistavitrineibiuna.com.br\/?p=33096\"]}]},{\"@type\":\"BreadcrumbList\",\"@id\":\"http:\/\/revistavitrineibiuna.com.br\/?p=33096#breadcrumb\",\"itemListElement\":[{\"@type\":\"ListItem\",\"position\":1,\"item\":{\"@type\":\"WebPage\",\"@id\":\"https:\/\/revistavitrineibiuna.com.br\/\",\"url\":\"https:\/\/revistavitrineibiuna.com.br\/\",\"name\":\"In\\u00edcio\"}},{\"@type\":\"ListItem\",\"position\":2,\"item\":{\"@type\":\"WebPage\",\"@id\":\"http:\/\/revistavitrineibiuna.com.br\/?p=33096\",\"url\":\"http:\/\/revistavitrineibiuna.com.br\/?p=33096\",\"name\":\"IBI\\u00daNA \\u2013 POL\\u00cdCIA CIVIL AGE CONTRA O TR\\u00c1FICO NO RESIDENCIAL DA CACHOEIRA E FAZ PRIS\\u00c3O\"}}]},{\"@type\":\"Article\",\"@id\":\"http:\/\/revistavitrineibiuna.com.br\/?p=33096#article\",\"isPartOf\":{\"@id\":\"http:\/\/revistavitrineibiuna.com.br\/?p=33096#webpage\"},\"author\":{\"@id\":\"https:\/\/revistavitrineibiuna.com.br\/#\/schema\/person\/e51ef49d6d88170ea21ceabff3f73deb\"},\"headline\":\"IBI\\u00daNA \\u2013 POL\\u00cdCIA CIVIL AGE CONTRA O TR\\u00c1FICO NO RESIDENCIAL DA CACHOEIRA E FAZ PRIS\\u00c3O\",\"datePublished\":\"2025-02-04T16:54:41+00:00\",\"dateModified\":\"2025-02-04T20:56:06+00:00\",\"mainEntityOfPage\":{\"@id\":\"http:\/\/revistavitrineibiuna.com.br\/?p=33096#webpage\"},\"commentCount\":0,\"publisher\":{\"@id\":\"https:\/\/revistavitrineibiuna.com.br\/#\/schema\/person\/e51ef49d6d88170ea21ceabff3f73deb\"},\"image\":{\"@id\":\"http:\/\/revistavitrineibiuna.com.br\/?p=33096#primaryimage\"},\"articleSection\":\"Not\\u00edcias\",\"inLanguage\":\"pt-BR\",\"potentialAction\":[{\"@type\":\"CommentAction\",\"name\":\"Comment\",\"target\":[\"http:\/\/revistavitrineibiuna.com.br\/?p=33096#respond\"]}]},{\"@type\":[\"Person\",\"Organization\"],\"@id\":\"https:\/\/revistavitrineibiuna.com.br\/#\/schema\/person\/e51ef49d6d88170ea21ceabff3f73deb\",\"name\":\"Carlos Rossini\",\"image\":{\"@type\":\"ImageObject\",\"@id\":\"https:\/\/revistavitrineibiuna.com.br\/#personlogo\",\"inLanguage\":\"pt-BR\",\"url\":\"https:\/\/secure.gravatar.com\/avatar\/4f2d0f99fac1f85c7d643f21f5c8d900?s=96&d=mm&r=g\",\"caption\":\"Carlos Rossini\"},\"logo\":{\"@id\":\"https:\/\/revistavitrineibiuna.com.br\/#personlogo\"},\"description\":\"Carlos Rossini \\u00e9 jornalista, soci\\u00f3logo, escritor e professor universit\\u00e1rio, tendo sido professor de jornalismo por vinte anos. Trabalhou em ve\\u00edculos de comunica\\u00e7\\u00e3o nas fun\\u00e7\\u00f5es de rep\\u00f3rter, redator, editor, articulista e colaborador, como Folha de S. Paulo, O Estado de S. Paulo, Di\\u00e1rio Popular, entre outros. Ao transferir a revista vitrine, vers\\u00e3o imprensa, de S\\u00e3o Paulo para Ibi\\u00fana h\\u00e1 alguns anos, iniciou uma nova experi\\u00eancia profissional, dedicando-se ao jornalismo regional, depois de cumprir uma trajet\\u00f3ria bem-sucedida na grande imprensa brasileira. Seu primeiro livro A Coragem de Comunicar foi lan\\u00e7ado na Bienal do Livro em S\\u00e3o Paulo no ano 2000, pela editora Madras.\"}]}<\/script>\n<!-- \/ Yoast SEO plugin. -->","_links":{"self":[{"href":"https:\/\/revistavitrineibiuna.com.br\/index.php?rest_route=\/wp\/v2\/posts\/33096"}],"collection":[{"href":"https:\/\/revistavitrineibiuna.com.br\/index.php?rest_route=\/wp\/v2\/posts"}],"about":[{"href":"https:\/\/revistavitrineibiuna.com.br\/index.php?rest_route=\/wp\/v2\/types\/post"}],"author":[{"embeddable":true,"href":"https:\/\/revistavitrineibiuna.com.br\/index.php?rest_route=\/wp\/v2\/users\/1"}],"replies":[{"embeddable":true,"href":"https:\/\/revistavitrineibiuna.com.br\/index.php?rest_route=%2Fwp%2Fv2%2Fcomments&post=33096"}],"version-history":[{"count":4,"href":"https:\/\/revistavitrineibiuna.com.br\/index.php?rest_route=\/wp\/v2\/posts\/33096\/revisions"}],"predecessor-version":[{"id":33109,"href":"https:\/\/revistavitrineibiuna.com.br\/index.php?rest_route=\/wp\/v2\/posts\/33096\/revisions\/33109"}],"wp:featuredmedia":[{"embeddable":true,"href":"https:\/\/revistavitrineibiuna.com.br\/index.php?rest_route=\/wp\/v2\/media\/33097"}],"wp:attachment":[{"href":"https:\/\/revistavitrineibiuna.com.br\/index.php?rest_route=%2Fwp%2Fv2%2Fmedia&parent=33096"}],"wp:term":[{"taxonomy":"category","embeddable":true,"href":"https:\/\/revistavitrineibiuna.com.br\/index.php?rest_route=%2Fwp%2Fv2%2Fcategories&post=33096"},{"taxonomy":"post_tag","embeddable":true,"href":"https:\/\/revistavitrineibiuna.com.br\/index.php?rest_route=%2Fwp%2Fv2%2Ftags&post=33096"}],"curies":[{"name":"wp","href":"https:\/\/api.w.org\/{rel}","templated":true}]}}