{"id":33103,"date":"2025-02-04T17:53:09","date_gmt":"2025-02-04T20:53:09","guid":{"rendered":"http:\/\/revistavitrineibiuna.com.br\/?p=33103"},"modified":"2025-02-04T18:17:57","modified_gmt":"2025-02-04T21:17:57","slug":"ibiuna-vereador-novato-le-22-proposituras-na-1a-sessao-do-ano","status":"publish","type":"post","link":"https:\/\/revistavitrineibiuna.com.br\/?p=33103","title":{"rendered":"IBI\u00daNA \u2013 VEREADOR NOVATO L\u00ca 22 PROPOSITURAS NA 1\u00aa SESS\u00c3O DO ANO"},"content":{"rendered":"\n<p class=\"has-drop-cap\"><strong>Eleito pela primeira vez com 889 votos, o novato vereador Lucas Pires, 27, surpreendeu a pequena plateia que compareceu hoje (4) \u00e0 primeira sess\u00e3o da C\u00e2mara Municipal de Ibi\u00fana do mandato que se estender\u00e1 at\u00e9 2028.<\/strong><\/p>\n\n\n\n<p><strong>Inicialmente aparentando nervosismo que logo foi superado, Pires foi \u00e0 tribuna mais de uma vez onde apresentou 22 proposi\u00e7\u00f5es, das quais 19 projetos de lei e 3 projetos de decretos legislativos.<\/strong><\/p>\n\n\n\n<p><strong>30, NA PR\u00d3XIMA SESS\u00c3O<\/strong><\/p>\n\n\n\n<p><strong>Se tivesse mais tempo legislativo apresentaria ainda mais 11 requerimentos e 19 indica\u00e7\u00f5es, que ficaram para a pr\u00f3xima sess\u00e3o, totalizando 52 proposi\u00e7\u00f5es, um fato provavelmente in\u00e9dito para quem acompanha jornalisticamente h\u00e1 anos os trabalhos da Edilidade Ibiunense.<\/strong><\/p>\n\n\n\n<figure class=\"wp-block-image size-large\"><img loading=\"lazy\" width=\"777\" height=\"945\" src=\"http:\/\/revistavitrineibiuna.com.br\/wp-content\/uploads\/2025\/02\/lucas-pires-nova.png\" alt=\"\" class=\"wp-image-33106\" srcset=\"https:\/\/revistavitrineibiuna.com.br\/wp-content\/uploads\/2025\/02\/lucas-pires-nova.png 777w, https:\/\/revistavitrineibiuna.com.br\/wp-content\/uploads\/2025\/02\/lucas-pires-nova-247x300.png 247w, https:\/\/revistavitrineibiuna.com.br\/wp-content\/uploads\/2025\/02\/lucas-pires-nova-768x934.png 768w\" sizes=\"(max-width: 777px) 100vw, 777px\" \/><figcaption>Lucas Pires surpreendeu com o n\u00famero recorde de proposituras <\/figcaption><\/figure>\n\n\n\n<p><strong>Outros 5 vereadores apresentaram proposituras, uma ou duas. Os leitores podem conferir cada uma delas e seus respectivos autores na p\u00e1gina da C\u00e2mara Municipal de Ibi\u00fana, no link <a href=\"https:\/\/sapl.ibiuna.sp.leg.br\/sess\u00e3o\/433\/expedientemateria\">https:\/\/sapl.ibiuna.sp.leg.br\/sess\u00e3o\/433\/expedientemateria<\/a>.<\/strong><\/p>\n\n\n\n<p><strong>COMISS\u00d5ES TEM\u00c1TICAS<\/strong><\/p>\n\n\n\n<p><strong>A sess\u00e3o legislativa tamb\u00e9m nomeou os membros das Comiss\u00f5es Tem\u00e1ticas existentes na C\u00e2mara Municipal da Est\u00e2ncia Tur\u00edstica de Ibi\u00fana.<\/strong><\/p>\n\n\n\n<p><strong>As escolhas dos membros das comiss\u00f5es tem\u00e1ticas permanentes s\u00e3o proporcionais ao n\u00famero de cadeiras que cada partido pol\u00edtico tem na C\u00e2mara Municipal. E ficaram assim:<\/strong><\/p>\n\n\n\n<p><strong>. Comiss\u00e3o de Justi\u00e7a e Reda\u00e7\u00e3o: Presidente \u2013 vereador Lucas Pires, vice-presidente \u2013 Rodrigo de Lima, membro \u2013 Carlos Eduardo Pururuca.<\/strong><\/p>\n\n\n\n<p><strong>. Comiss\u00e3o de Finan\u00e7as e Or\u00e7amento: presidente \u2013 Carlinhos Marques, vice-presidente, Devanil da Ressaca; membro \u2013 Valnei Galv\u00e3o.<\/strong><\/p>\n\n\n\n<p><strong>. Comiss\u00e3o de Obras, Servi\u00e7os P\u00fablicos, Agricultura, Meio Ambiente, Seguran\u00e7a P\u00fablica e Atividades Privadas: presidente \u2013 Abel do Cupim, vice-presidente \u2013 Dito da Guarda, membro \u2013 Dilt\u00e3o.<\/strong><\/p>\n\n\n\n<p><strong>. Comiss\u00e3o de Educa\u00e7\u00e3o, Cultura e Esporte: presidente \u2013 Francine Bello, vice \u2013 Dito da Guarda, membro Dilt\u00e3o.<\/strong><\/p>\n\n\n\n<p><strong>. Comiss\u00e3o da Sa\u00fade, Assist\u00eancia Social e Direito da Pessoa com Defici\u00eancia: presidente \u2013 Lucas Borba, vice-presidente \u2013 Tiago Godinho, membro \u2013 Charles Guimar\u00e3es.<\/strong><\/p>\n\n\n\n<p><strong>\u00d3RG\u00c3OS T\u00c9CNICOS<\/strong><\/p>\n\n\n\n<p><strong>As Comiss\u00f5es Permanentes s\u00e3o \u00f3rg\u00e3os t\u00e9cnicos compostos por grupos de parlamentares indicados para comp\u00f4-las, com a incumb\u00eancia de discutir e apreciar projetos de lei, emendas e outras proposi\u00e7\u00f5es, antes de sua vota\u00e7\u00e3o em Plen\u00e1rio; convidar ou convocar autoridades p\u00fablicas para prestar esclarecimentos e realizar audi\u00eancias p\u00fablicas.<\/strong><\/p>\n\n\n\n<p><strong>PROJETOS DO EXECUTIVO<\/strong><\/p>\n\n\n\n<p><strong>A Sess\u00e3o Legislativa desta ter\u00e7a-feira teve debate e vota\u00e7\u00e3o de projetos vindos do Poder Executivo\/Prefeitura. Al\u00e9m dos que alteram metas or\u00e7ament\u00e1rias para abertura de cr\u00e9dito \u2013 um deles \u00e9 para poder receber verba de origem parlamentar.<\/strong><\/p>\n\n\n\n<p><strong>O PL n\u00ba 3\/2025, que &#8220;Disp\u00f5e sobre a revoga\u00e7\u00e3o da Lei Municipal n\u00ba 21196, de 11 de outubro de 2006&#8221;.<\/strong><\/p>\n\n\n\n<p><strong>CANCELA AUX\u00cdLIO TRANSPORTE<\/strong><\/p>\n\n\n\n<p><strong>Segundo esclarece a C\u00e2mara, este projeto cancela o benef\u00edcio do aux\u00edlio transporte para funcion\u00e1rios p\u00fablicos que residem fora de Ibi\u00fana, considerando importante citar que ele n\u00e3o altera em nada o \u201cVale Transporte\u201d, que beneficia o uso do transporte coletivo municipal.<\/strong><\/p>\n\n\n\n<p><strong>Na justificativa, o Executivo considera \u201cque este aux\u00edlio-transporte n\u00e3o apresenta natureza salarial e n\u00e3o se incorpora \u00e0 remunera\u00e7\u00e3o para quaisquer efeitos\u201d e que a proposta \u00e9 de \u201catualizar a legisla\u00e7\u00e3o no sentido de adaptar ao presente cen\u00e1rio financeiro do munic\u00edpio\u201d. Para a Prefeitura, \u201cem pesquisas em outros munic\u00edpios, ficou comprovado que este benef\u00edcio n\u00e3o se aplica\u201d.<\/strong><\/p>\n\n\n\n<p><strong>Outra motiva\u00e7\u00e3o da Prefeitura, segundo o projeto, aprovado por 11 vereadores, \u00e9 economizar aproximadamente R$ 3 milh\u00f5es gastos anualmente com o aux\u00edlio.<\/strong><\/p>\n\n\n\n<p><strong>VOTARAM CONTRA<\/strong><\/p>\n\n\n\n<p><strong>Os vereadores que votaram contra \u2013 Charles Guimar\u00e3es, Dilt\u00e3o, Francine Bello e Lucas Borba \u2013 disseram que tal iniciativa, sem o devido debate, prejudica servidores p\u00fablicos, como professores e agentes de sa\u00fade, diminuindo seus rendimentos mensais.<\/strong><\/p>\n","protected":false},"excerpt":{"rendered":"<p>Eleito pela primeira vez com 889 votos, o novato vereador Lucas Pires, 27, surpreendeu a pequena plateia que compareceu hoje<\/p>\n","protected":false},"author":1,"featured_media":33104,"comment_status":"open","ping_status":"open","sticky":false,"template":"","format":"standard","meta":[],"categories":[3],"tags":[],"yoast_head":"<!-- This site is optimized with the Yoast SEO plugin v15.8 - https:\/\/yoast.com\/wordpress\/plugins\/seo\/ -->\n<title>IBI\u00daNA \u2013 VEREADOR NOVATO L\u00ca 22 PROPOSITURAS NA 1\u00aa SESS\u00c3O DO ANO - Revista Vitrine Online<\/title>\n<meta name=\"robots\" content=\"index, follow, max-snippet:-1, max-image-preview:large, max-video-preview:-1\" \/>\n<link rel=\"canonical\" href=\"http:\/\/revistavitrineibiuna.com.br\/?p=33103\" \/>\n<meta property=\"og:locale\" content=\"pt_BR\" \/>\n<meta property=\"og:type\" content=\"article\" \/>\n<meta property=\"og:title\" content=\"IBI\u00daNA \u2013 VEREADOR NOVATO L\u00ca 22 PROPOSITURAS NA 1\u00aa SESS\u00c3O DO ANO - Revista Vitrine Online\" \/>\n<meta property=\"og:description\" content=\"Eleito pela primeira vez com 889 votos, o novato vereador Lucas Pires, 27, surpreendeu a pequena plateia que compareceu hoje\" \/>\n<meta property=\"og:url\" content=\"http:\/\/revistavitrineibiuna.com.br\/?p=33103\" \/>\n<meta property=\"og:site_name\" content=\"Revista Vitrine Online\" \/>\n<meta property=\"article:published_time\" content=\"2025-02-04T20:53:09+00:00\" \/>\n<meta property=\"article:modified_time\" content=\"2025-02-04T21:17:57+00:00\" \/>\n<meta property=\"og:image\" content=\"https:\/\/revistavitrineibiuna.com.br\/wp-content\/uploads\/2025\/02\/foto-do-plenario-hoje-1024x618.png\" \/>\n\t<meta property=\"og:image:width\" content=\"1024\" \/>\n\t<meta property=\"og:image:height\" content=\"618\" \/>\n<meta name=\"twitter:card\" content=\"summary\" \/>\n<meta name=\"twitter:label1\" content=\"Est. reading time\">\n\t<meta name=\"twitter:data1\" content=\"3 minutos\">\n<script type=\"application\/ld+json\" class=\"yoast-schema-graph\">{\"@context\":\"https:\/\/schema.org\",\"@graph\":[{\"@type\":\"WebSite\",\"@id\":\"https:\/\/revistavitrineibiuna.com.br\/#website\",\"url\":\"https:\/\/revistavitrineibiuna.com.br\/\",\"name\":\"Revista Vitrine Ibi\\u00fana\",\"description\":\"A Revista de Ibi\\u00fana e Regi\\u00e3o\",\"publisher\":{\"@id\":\"https:\/\/revistavitrineibiuna.com.br\/#\/schema\/person\/e51ef49d6d88170ea21ceabff3f73deb\"},\"potentialAction\":[{\"@type\":\"SearchAction\",\"target\":\"https:\/\/revistavitrineibiuna.com.br\/?s={search_term_string}\",\"query-input\":\"required name=search_term_string\"}],\"inLanguage\":\"pt-BR\"},{\"@type\":\"ImageObject\",\"@id\":\"http:\/\/revistavitrineibiuna.com.br\/?p=33103#primaryimage\",\"inLanguage\":\"pt-BR\",\"url\":\"https:\/\/revistavitrineibiuna.com.br\/wp-content\/uploads\/2025\/02\/foto-do-plenario-hoje.png\",\"width\":1534,\"height\":926},{\"@type\":\"WebPage\",\"@id\":\"http:\/\/revistavitrineibiuna.com.br\/?p=33103#webpage\",\"url\":\"http:\/\/revistavitrineibiuna.com.br\/?p=33103\",\"name\":\"IBI\\u00daNA \\u2013 VEREADOR NOVATO L\\u00ca 22 PROPOSITURAS NA 1\\u00aa SESS\\u00c3O DO ANO - Revista Vitrine Online\",\"isPartOf\":{\"@id\":\"https:\/\/revistavitrineibiuna.com.br\/#website\"},\"primaryImageOfPage\":{\"@id\":\"http:\/\/revistavitrineibiuna.com.br\/?p=33103#primaryimage\"},\"datePublished\":\"2025-02-04T20:53:09+00:00\",\"dateModified\":\"2025-02-04T21:17:57+00:00\",\"breadcrumb\":{\"@id\":\"http:\/\/revistavitrineibiuna.com.br\/?p=33103#breadcrumb\"},\"inLanguage\":\"pt-BR\",\"potentialAction\":[{\"@type\":\"ReadAction\",\"target\":[\"http:\/\/revistavitrineibiuna.com.br\/?p=33103\"]}]},{\"@type\":\"BreadcrumbList\",\"@id\":\"http:\/\/revistavitrineibiuna.com.br\/?p=33103#breadcrumb\",\"itemListElement\":[{\"@type\":\"ListItem\",\"position\":1,\"item\":{\"@type\":\"WebPage\",\"@id\":\"https:\/\/revistavitrineibiuna.com.br\/\",\"url\":\"https:\/\/revistavitrineibiuna.com.br\/\",\"name\":\"In\\u00edcio\"}},{\"@type\":\"ListItem\",\"position\":2,\"item\":{\"@type\":\"WebPage\",\"@id\":\"http:\/\/revistavitrineibiuna.com.br\/?p=33103\",\"url\":\"http:\/\/revistavitrineibiuna.com.br\/?p=33103\",\"name\":\"IBI\\u00daNA \\u2013 VEREADOR NOVATO L\\u00ca 22 PROPOSITURAS NA 1\\u00aa SESS\\u00c3O DO ANO\"}}]},{\"@type\":\"Article\",\"@id\":\"http:\/\/revistavitrineibiuna.com.br\/?p=33103#article\",\"isPartOf\":{\"@id\":\"http:\/\/revistavitrineibiuna.com.br\/?p=33103#webpage\"},\"author\":{\"@id\":\"https:\/\/revistavitrineibiuna.com.br\/#\/schema\/person\/e51ef49d6d88170ea21ceabff3f73deb\"},\"headline\":\"IBI\\u00daNA \\u2013 VEREADOR NOVATO L\\u00ca 22 PROPOSITURAS NA 1\\u00aa SESS\\u00c3O DO ANO\",\"datePublished\":\"2025-02-04T20:53:09+00:00\",\"dateModified\":\"2025-02-04T21:17:57+00:00\",\"mainEntityOfPage\":{\"@id\":\"http:\/\/revistavitrineibiuna.com.br\/?p=33103#webpage\"},\"commentCount\":0,\"publisher\":{\"@id\":\"https:\/\/revistavitrineibiuna.com.br\/#\/schema\/person\/e51ef49d6d88170ea21ceabff3f73deb\"},\"image\":{\"@id\":\"http:\/\/revistavitrineibiuna.com.br\/?p=33103#primaryimage\"},\"articleSection\":\"Not\\u00edcias\",\"inLanguage\":\"pt-BR\",\"potentialAction\":[{\"@type\":\"CommentAction\",\"name\":\"Comment\",\"target\":[\"http:\/\/revistavitrineibiuna.com.br\/?p=33103#respond\"]}]},{\"@type\":[\"Person\",\"Organization\"],\"@id\":\"https:\/\/revistavitrineibiuna.com.br\/#\/schema\/person\/e51ef49d6d88170ea21ceabff3f73deb\",\"name\":\"Carlos Rossini\",\"image\":{\"@type\":\"ImageObject\",\"@id\":\"https:\/\/revistavitrineibiuna.com.br\/#personlogo\",\"inLanguage\":\"pt-BR\",\"url\":\"https:\/\/secure.gravatar.com\/avatar\/4f2d0f99fac1f85c7d643f21f5c8d900?s=96&d=mm&r=g\",\"caption\":\"Carlos Rossini\"},\"logo\":{\"@id\":\"https:\/\/revistavitrineibiuna.com.br\/#personlogo\"},\"description\":\"Carlos Rossini \\u00e9 jornalista, soci\\u00f3logo, escritor e professor universit\\u00e1rio, tendo sido professor de jornalismo por vinte anos. Trabalhou em ve\\u00edculos de comunica\\u00e7\\u00e3o nas fun\\u00e7\\u00f5es de rep\\u00f3rter, redator, editor, articulista e colaborador, como Folha de S. Paulo, O Estado de S. Paulo, Di\\u00e1rio Popular, entre outros. Ao transferir a revista vitrine, vers\\u00e3o imprensa, de S\\u00e3o Paulo para Ibi\\u00fana h\\u00e1 alguns anos, iniciou uma nova experi\\u00eancia profissional, dedicando-se ao jornalismo regional, depois de cumprir uma trajet\\u00f3ria bem-sucedida na grande imprensa brasileira. Seu primeiro livro A Coragem de Comunicar foi lan\\u00e7ado na Bienal do Livro em S\\u00e3o Paulo no ano 2000, pela editora Madras.\"}]}<\/script>\n<!-- \/ Yoast SEO plugin. -->","_links":{"self":[{"href":"https:\/\/revistavitrineibiuna.com.br\/index.php?rest_route=\/wp\/v2\/posts\/33103"}],"collection":[{"href":"https:\/\/revistavitrineibiuna.com.br\/index.php?rest_route=\/wp\/v2\/posts"}],"about":[{"href":"https:\/\/revistavitrineibiuna.com.br\/index.php?rest_route=\/wp\/v2\/types\/post"}],"author":[{"embeddable":true,"href":"https:\/\/revistavitrineibiuna.com.br\/index.php?rest_route=\/wp\/v2\/users\/1"}],"replies":[{"embeddable":true,"href":"https:\/\/revistavitrineibiuna.com.br\/index.php?rest_route=%2Fwp%2Fv2%2Fcomments&post=33103"}],"version-history":[{"count":3,"href":"https:\/\/revistavitrineibiuna.com.br\/index.php?rest_route=\/wp\/v2\/posts\/33103\/revisions"}],"predecessor-version":[{"id":33110,"href":"https:\/\/revistavitrineibiuna.com.br\/index.php?rest_route=\/wp\/v2\/posts\/33103\/revisions\/33110"}],"wp:featuredmedia":[{"embeddable":true,"href":"https:\/\/revistavitrineibiuna.com.br\/index.php?rest_route=\/wp\/v2\/media\/33104"}],"wp:attachment":[{"href":"https:\/\/revistavitrineibiuna.com.br\/index.php?rest_route=%2Fwp%2Fv2%2Fmedia&parent=33103"}],"wp:term":[{"taxonomy":"category","embeddable":true,"href":"https:\/\/revistavitrineibiuna.com.br\/index.php?rest_route=%2Fwp%2Fv2%2Fcategories&post=33103"},{"taxonomy":"post_tag","embeddable":true,"href":"https:\/\/revistavitrineibiuna.com.br\/index.php?rest_route=%2Fwp%2Fv2%2Ftags&post=33103"}],"curies":[{"name":"wp","href":"https:\/\/api.w.org\/{rel}","templated":true}]}}