{"id":33111,"date":"2025-02-05T14:37:46","date_gmt":"2025-02-05T17:37:46","guid":{"rendered":"http:\/\/revistavitrineibiuna.com.br\/?p=33111"},"modified":"2025-02-05T14:37:47","modified_gmt":"2025-02-05T17:37:47","slug":"ibiuna-ccr-vai-assumir-a-rodovia-bunjiro-nakao-no-fim-de-marco","status":"publish","type":"post","link":"https:\/\/revistavitrineibiuna.com.br\/?p=33111","title":{"rendered":"IBI\u00daNA \u2013 CCR VAI ASSUMIR A RODOVIA BUNJIRO NAKAO NO FIM DE MAR\u00c7O"},"content":{"rendered":"\n<p class=\"has-drop-cap\"><strong>O Grupo CCR que, em outubro do ano passado ganhou a concess\u00e3o de 12 rodovias da Rota Sorocaba, que inclui a Rodovia Bunjiro Nakao, dever\u00e1 assinar o contrato com o governo do estado de S\u00e3o Paulo at\u00e9 o fim de mar\u00e7o pr\u00f3ximo.<\/strong><\/p>\n\n\n\n<p><strong>Somente a partir de ent\u00e3o se saber\u00e1 quando essa concession\u00e1ria retomar\u00e1 as obras de duplica\u00e7\u00e3o da Bunjiro Nakao paralisadas h\u00e1 tr\u00eas anos.<\/strong><\/p>\n\n\n\n<p><strong>Essas informa\u00e7\u00f5es foram obtidas hoje (5) por vitrine online junto \u00e0 Secretaria de Parcerias em Investimentos \u2013 SPI do Governo do Estado de S\u00e3o Paulo.<\/strong><\/p>\n\n\n\n<p><strong>DER<\/strong><\/p>\n\n\n\n<p><strong>Em rela\u00e7\u00e3o \u00e0s obras que estavam contratadas pelo Departamento de Estadas de Rodagem \u2013 DER com a empresa Helena &amp; Fonseca, que desistiu de prosseguir o servi\u00e7o, o DER prestou a seguinte informa\u00e7\u00e3o:<\/strong><\/p>\n\n\n\n<p><strong>\u201cO processo licitat\u00f3rio de duplica\u00e7\u00e3o da Rodovia Bunjiro Nakao (SP 250) encontra-se suspenso devido a recursos administrativos apresentados pelas empresas concorrentes. No momento, n\u00e3o h\u00e1 previs\u00e3o de retomada do edital, que aguarda a an\u00e1lise jur\u00eddica do caso.<\/strong><\/p>\n\n\n\n<p><strong>CCR ASSUME<\/strong><\/p>\n\n\n\n<p><strong>Por outro lado, o DER confirmou que \u201cos trechos da SP 250 entre os km 45 ao km 68,7; km 70,9 ao km 101,1; e km 102,8 ao km 176,5 ser\u00e3o concedidos \u00e0 empresa CCR S.A., vencedora do edital de concess\u00e3o da chamada Rota Sorocabana, com previs\u00e3o de in\u00edcio [<em>da vig\u00eancia<\/em>] de contrato nos pr\u00f3ximos meses\u201d.<\/strong><\/p>\n\n\n\n<p><strong>Finalmente anunciou que \u201co Departamento segue com os servi\u00e7os de conserva\u00e7\u00e3o e sinaliza\u00e7\u00e3o na via para manter a seguran\u00e7a e trafegabilidade para os usu\u00e1rios\u201d.<\/strong><\/p>\n\n\n\n<p><strong>GRUPO CCR<\/strong><\/p>\n\n\n\n<p><strong>O Grupo CCR \u00e9 formado por quatro divis\u00f5es de neg\u00f3cio: CCR Mobilidade, CCR Aeroportos, CCR Rodovias e CCR GBS (Global Business Services).<\/strong><\/p>\n\n\n\n<p><strong>O Grupo CCR foi criado em 1999 por grandes grupos nacionais, como Andrade Gutierrez, Camargo Corr\u00eaa e Soares Penido. O objetivo era consolidar as concess\u00f5es de rodovias federais e estaduais j\u00e1 detidas.<\/strong><\/p>\n\n\n\n<p><strong>O Grupo CCR tem como prop\u00f3sito melhorar a vida das pessoas atrav\u00e9s da mobilidade. Para isso, a empresa busca criar solu\u00e7\u00f5es de inova\u00e7\u00e3o para o setor de mobilidade e infraestrutura.<\/strong><\/p>\n\n\n\n<p><strong>12 RODOVIAS<\/strong><\/p>\n\n\n\n<p><strong>O Grupo CCR venceu o leil\u00e3o da Rota Sorocaba, no dia 30 de outubro de 2024, com o lance de R$ 1,6 bilh\u00e3o, abrangendo 460 km em rodovias da Regi\u00e3o Sudeste do Estado de S\u00e3o Paulo e 12 rodovias.<\/strong><\/p>\n\n\n\n<p><strong>RODOVIA PERIGOSA<\/strong><\/p>\n\n\n\n<p><strong>A Rodovia Bunjiro Nakao tem sido palco de acidentes grav\u00edssimos que j\u00e1 custaram muitas vidas, sobretudo pelo seu tra\u00e7ado [com muitas curvas, algumas muito acentuadas] e por ser uma via de m\u00e3o dupla.<\/strong><\/p>\n\n\n\n<p><strong>Depois que as obras de duplica\u00e7\u00e3o foram paralisadas ela ficou ainda mais prec\u00e1ria e arriscada, com s\u00fabitos estreitamentos da pista, por exemplo, causando ainda mais acidentes, raz\u00e3o por que a popula\u00e7\u00e3o de Ibi\u00fana e regi\u00e3o aguarda com ansiedade por sua duplica\u00e7\u00e3o e melhor sinaliza\u00e7\u00e3o.<\/strong><\/p>\n\n\n\n<p><strong>No \u00faltimo domingo (2), vitrine online publicou o enorme alagamento na altura do km 54, em frente ao Residencial Patrim\u00f4nio do Carmo. Por ali passa um rio que transbordou devido \u00e0s fortes chuvas.<\/strong><\/p>\n\n\n\n<p><strong>Somente passavam num lado completamente alagado ve\u00edculos altos como caminh\u00f5es e \u00f4nibus, mas n\u00e3o ve\u00edculos baixos. Alguns se arriscavam passar no outro lado da pista onde h\u00e1 um viaduto sobre o rio inacabado desde que as obras foram paralisadas.<\/strong><\/p>\n","protected":false},"excerpt":{"rendered":"<p>O Grupo CCR que, em outubro do ano passado ganhou a concess\u00e3o de 12 rodovias da Rota Sorocaba, que inclui<\/p>\n","protected":false},"author":1,"featured_media":33112,"comment_status":"open","ping_status":"open","sticky":false,"template":"","format":"standard","meta":[],"categories":[3],"tags":[],"yoast_head":"<!-- This site is optimized with the Yoast SEO plugin v15.8 - https:\/\/yoast.com\/wordpress\/plugins\/seo\/ -->\n<title>IBI\u00daNA \u2013 CCR VAI ASSUMIR A RODOVIA BUNJIRO NAKAO NO FIM DE MAR\u00c7O - Revista Vitrine Online<\/title>\n<meta name=\"robots\" content=\"index, follow, max-snippet:-1, max-image-preview:large, max-video-preview:-1\" \/>\n<link rel=\"canonical\" href=\"http:\/\/revistavitrineibiuna.com.br\/?p=33111\" \/>\n<meta property=\"og:locale\" content=\"pt_BR\" \/>\n<meta property=\"og:type\" content=\"article\" \/>\n<meta property=\"og:title\" content=\"IBI\u00daNA \u2013 CCR VAI ASSUMIR A RODOVIA BUNJIRO NAKAO NO FIM DE MAR\u00c7O - Revista Vitrine Online\" \/>\n<meta property=\"og:description\" content=\"O Grupo CCR que, em outubro do ano passado ganhou a concess\u00e3o de 12 rodovias da Rota Sorocaba, que inclui\" \/>\n<meta property=\"og:url\" content=\"http:\/\/revistavitrineibiuna.com.br\/?p=33111\" \/>\n<meta property=\"og:site_name\" content=\"Revista Vitrine Online\" \/>\n<meta property=\"article:published_time\" content=\"2025-02-05T17:37:46+00:00\" \/>\n<meta property=\"article:modified_time\" content=\"2025-02-05T17:37:47+00:00\" \/>\n<meta property=\"og:image\" content=\"https:\/\/revistavitrineibiuna.com.br\/wp-content\/uploads\/2025\/02\/rodovia-bunjiro-nakao-inundada.png\" \/>\n\t<meta property=\"og:image:width\" content=\"1200\" \/>\n\t<meta property=\"og:image:height\" content=\"813\" \/>\n<meta name=\"twitter:card\" content=\"summary\" \/>\n<meta name=\"twitter:label1\" content=\"Est. reading time\">\n\t<meta name=\"twitter:data1\" content=\"3 minutos\">\n<script type=\"application\/ld+json\" class=\"yoast-schema-graph\">{\"@context\":\"https:\/\/schema.org\",\"@graph\":[{\"@type\":\"WebSite\",\"@id\":\"https:\/\/revistavitrineibiuna.com.br\/#website\",\"url\":\"https:\/\/revistavitrineibiuna.com.br\/\",\"name\":\"Revista Vitrine Ibi\\u00fana\",\"description\":\"A Revista de Ibi\\u00fana e Regi\\u00e3o\",\"publisher\":{\"@id\":\"https:\/\/revistavitrineibiuna.com.br\/#\/schema\/person\/e51ef49d6d88170ea21ceabff3f73deb\"},\"potentialAction\":[{\"@type\":\"SearchAction\",\"target\":\"https:\/\/revistavitrineibiuna.com.br\/?s={search_term_string}\",\"query-input\":\"required name=search_term_string\"}],\"inLanguage\":\"pt-BR\"},{\"@type\":\"ImageObject\",\"@id\":\"http:\/\/revistavitrineibiuna.com.br\/?p=33111#primaryimage\",\"inLanguage\":\"pt-BR\",\"url\":\"https:\/\/revistavitrineibiuna.com.br\/wp-content\/uploads\/2025\/02\/rodovia-bunjiro-nakao-inundada.png\",\"width\":1200,\"height\":813},{\"@type\":\"WebPage\",\"@id\":\"http:\/\/revistavitrineibiuna.com.br\/?p=33111#webpage\",\"url\":\"http:\/\/revistavitrineibiuna.com.br\/?p=33111\",\"name\":\"IBI\\u00daNA \\u2013 CCR VAI ASSUMIR A RODOVIA BUNJIRO NAKAO NO FIM DE MAR\\u00c7O - Revista Vitrine Online\",\"isPartOf\":{\"@id\":\"https:\/\/revistavitrineibiuna.com.br\/#website\"},\"primaryImageOfPage\":{\"@id\":\"http:\/\/revistavitrineibiuna.com.br\/?p=33111#primaryimage\"},\"datePublished\":\"2025-02-05T17:37:46+00:00\",\"dateModified\":\"2025-02-05T17:37:47+00:00\",\"breadcrumb\":{\"@id\":\"http:\/\/revistavitrineibiuna.com.br\/?p=33111#breadcrumb\"},\"inLanguage\":\"pt-BR\",\"potentialAction\":[{\"@type\":\"ReadAction\",\"target\":[\"http:\/\/revistavitrineibiuna.com.br\/?p=33111\"]}]},{\"@type\":\"BreadcrumbList\",\"@id\":\"http:\/\/revistavitrineibiuna.com.br\/?p=33111#breadcrumb\",\"itemListElement\":[{\"@type\":\"ListItem\",\"position\":1,\"item\":{\"@type\":\"WebPage\",\"@id\":\"https:\/\/revistavitrineibiuna.com.br\/\",\"url\":\"https:\/\/revistavitrineibiuna.com.br\/\",\"name\":\"In\\u00edcio\"}},{\"@type\":\"ListItem\",\"position\":2,\"item\":{\"@type\":\"WebPage\",\"@id\":\"http:\/\/revistavitrineibiuna.com.br\/?p=33111\",\"url\":\"http:\/\/revistavitrineibiuna.com.br\/?p=33111\",\"name\":\"IBI\\u00daNA \\u2013 CCR VAI ASSUMIR A RODOVIA BUNJIRO NAKAO NO FIM DE MAR\\u00c7O\"}}]},{\"@type\":\"Article\",\"@id\":\"http:\/\/revistavitrineibiuna.com.br\/?p=33111#article\",\"isPartOf\":{\"@id\":\"http:\/\/revistavitrineibiuna.com.br\/?p=33111#webpage\"},\"author\":{\"@id\":\"https:\/\/revistavitrineibiuna.com.br\/#\/schema\/person\/e51ef49d6d88170ea21ceabff3f73deb\"},\"headline\":\"IBI\\u00daNA \\u2013 CCR VAI ASSUMIR A RODOVIA BUNJIRO NAKAO NO FIM DE MAR\\u00c7O\",\"datePublished\":\"2025-02-05T17:37:46+00:00\",\"dateModified\":\"2025-02-05T17:37:47+00:00\",\"mainEntityOfPage\":{\"@id\":\"http:\/\/revistavitrineibiuna.com.br\/?p=33111#webpage\"},\"commentCount\":0,\"publisher\":{\"@id\":\"https:\/\/revistavitrineibiuna.com.br\/#\/schema\/person\/e51ef49d6d88170ea21ceabff3f73deb\"},\"image\":{\"@id\":\"http:\/\/revistavitrineibiuna.com.br\/?p=33111#primaryimage\"},\"articleSection\":\"Not\\u00edcias\",\"inLanguage\":\"pt-BR\",\"potentialAction\":[{\"@type\":\"CommentAction\",\"name\":\"Comment\",\"target\":[\"http:\/\/revistavitrineibiuna.com.br\/?p=33111#respond\"]}]},{\"@type\":[\"Person\",\"Organization\"],\"@id\":\"https:\/\/revistavitrineibiuna.com.br\/#\/schema\/person\/e51ef49d6d88170ea21ceabff3f73deb\",\"name\":\"Carlos Rossini\",\"image\":{\"@type\":\"ImageObject\",\"@id\":\"https:\/\/revistavitrineibiuna.com.br\/#personlogo\",\"inLanguage\":\"pt-BR\",\"url\":\"https:\/\/secure.gravatar.com\/avatar\/4f2d0f99fac1f85c7d643f21f5c8d900?s=96&d=mm&r=g\",\"caption\":\"Carlos Rossini\"},\"logo\":{\"@id\":\"https:\/\/revistavitrineibiuna.com.br\/#personlogo\"},\"description\":\"Carlos Rossini \\u00e9 jornalista, soci\\u00f3logo, escritor e professor universit\\u00e1rio, tendo sido professor de jornalismo por vinte anos. Trabalhou em ve\\u00edculos de comunica\\u00e7\\u00e3o nas fun\\u00e7\\u00f5es de rep\\u00f3rter, redator, editor, articulista e colaborador, como Folha de S. Paulo, O Estado de S. Paulo, Di\\u00e1rio Popular, entre outros. Ao transferir a revista vitrine, vers\\u00e3o imprensa, de S\\u00e3o Paulo para Ibi\\u00fana h\\u00e1 alguns anos, iniciou uma nova experi\\u00eancia profissional, dedicando-se ao jornalismo regional, depois de cumprir uma trajet\\u00f3ria bem-sucedida na grande imprensa brasileira. Seu primeiro livro A Coragem de Comunicar foi lan\\u00e7ado na Bienal do Livro em S\\u00e3o Paulo no ano 2000, pela editora Madras.\"}]}<\/script>\n<!-- \/ Yoast SEO plugin. -->","_links":{"self":[{"href":"https:\/\/revistavitrineibiuna.com.br\/index.php?rest_route=\/wp\/v2\/posts\/33111"}],"collection":[{"href":"https:\/\/revistavitrineibiuna.com.br\/index.php?rest_route=\/wp\/v2\/posts"}],"about":[{"href":"https:\/\/revistavitrineibiuna.com.br\/index.php?rest_route=\/wp\/v2\/types\/post"}],"author":[{"embeddable":true,"href":"https:\/\/revistavitrineibiuna.com.br\/index.php?rest_route=\/wp\/v2\/users\/1"}],"replies":[{"embeddable":true,"href":"https:\/\/revistavitrineibiuna.com.br\/index.php?rest_route=%2Fwp%2Fv2%2Fcomments&post=33111"}],"version-history":[{"count":1,"href":"https:\/\/revistavitrineibiuna.com.br\/index.php?rest_route=\/wp\/v2\/posts\/33111\/revisions"}],"predecessor-version":[{"id":33113,"href":"https:\/\/revistavitrineibiuna.com.br\/index.php?rest_route=\/wp\/v2\/posts\/33111\/revisions\/33113"}],"wp:featuredmedia":[{"embeddable":true,"href":"https:\/\/revistavitrineibiuna.com.br\/index.php?rest_route=\/wp\/v2\/media\/33112"}],"wp:attachment":[{"href":"https:\/\/revistavitrineibiuna.com.br\/index.php?rest_route=%2Fwp%2Fv2%2Fmedia&parent=33111"}],"wp:term":[{"taxonomy":"category","embeddable":true,"href":"https:\/\/revistavitrineibiuna.com.br\/index.php?rest_route=%2Fwp%2Fv2%2Fcategories&post=33111"},{"taxonomy":"post_tag","embeddable":true,"href":"https:\/\/revistavitrineibiuna.com.br\/index.php?rest_route=%2Fwp%2Fv2%2Ftags&post=33111"}],"curies":[{"name":"wp","href":"https:\/\/api.w.org\/{rel}","templated":true}]}}