{"id":33114,"date":"2025-02-06T08:47:02","date_gmt":"2025-02-06T11:47:02","guid":{"rendered":"http:\/\/revistavitrineibiuna.com.br\/?p=33114"},"modified":"2025-02-06T08:47:03","modified_gmt":"2025-02-06T11:47:03","slug":"papo-cabeca-cidadaos-e-cidadas-ibiunenses-uni-vos","status":"publish","type":"post","link":"https:\/\/revistavitrineibiuna.com.br\/?p=33114","title":{"rendered":"PAPO CABE\u00c7A \u2013 CIDAD\u00c3OS E CIDAD\u00c3S IBIUNENSES, UNI-VOS!"},"content":{"rendered":"\n<p class=\"has-drop-cap\"><strong>H\u00e1 alguns anos, quando minha ingenuidade andava pela estratosfera, vi-me no audit\u00f3rio da C\u00e2mara Municipal de Ibi\u00fana acompanhando jornalisticamente a sess\u00e3o.<\/strong><\/p>\n\n\n\n<p><strong>Um vereador com jeito simplez\u00e3o, eleito pela primeira vez \u2013 e ele seria reeleito \u2013 come\u00e7ou a falar no plen\u00e1rio.<\/strong><\/p>\n\n\n\n<p><strong>O que ouvi n\u00e3o era exatamente uma harmoniosa sinfonia verbal. Ao contr\u00e1rio, desafinava: cortava os \u201cs\u201d das palavras, punha em conflito a concord\u00e2ncia verbal e nominal e por a\u00ed afora.<\/strong><\/p>\n\n\n\n<p><strong>Tento puxar da minha mem\u00f3ria o desempenho expressivo daquele ser que representava seus eleitores-cidad\u00e3os no Legislativo.<\/strong><\/p>\n\n\n\n<p><strong>Mesmo sabendo que n\u00e3o seja necess\u00e1rio \u2013 muito longe disso \u2013 ser um erudito no idioma p\u00e1trio para ser eleito para algum cargo p\u00fablico, fiquei intrigado.<\/strong><\/p>\n\n\n\n<p><strong>Inicialmente fiz um ju\u00edzo severo, mas, posteriormente, tive a ideia de propor a realiza\u00e7\u00e3o de um curso de comunica\u00e7\u00e3o e express\u00e3o para os edis, porque havia outros que podiam carecer de ajuda para se expressarem de modo mais adequado na condi\u00e7\u00e3o de representantes do povo.<\/strong><\/p>\n\n\n\n<p><strong>Certamente, incluiria uma no\u00e7\u00e3o b\u00e1sica de gram\u00e1tica, com exemplos pr\u00e1ticos e simples.<\/strong><\/p>\n\n\n\n<p><strong>O projeto gorou. Talvez a principal raz\u00e3o ter\u00e1 sido o fato de que nenhum deles querer admitir que precisavam de um refor\u00e7o na l\u00edngua de Cam\u00f5es.<\/strong><\/p>\n\n\n\n<p><strong>Houve tamb\u00e9m, no per\u00edodo, um prefeito incapaz de concordar um verbo com o sujeito, al\u00e9m de desidratar as palavras terminadas com \u201cs\u201d.<\/strong><\/p>\n\n\n\n<p><strong>Comportava-se como um motorista que n\u00e3o respeita os sinais de tr\u00e2nsito por n\u00e3o saber interpret\u00e1-los corretamente.<\/strong><\/p>\n\n\n\n<p><strong>Lembro-me que ele me dissera: \u201cEu n\u00e3o sou um homem de palavras, e sim de a\u00e7\u00e3o!\u201d<\/strong><\/p>\n\n\n\n<p><strong>Sinto-me no dever com os leitores de informar que os pensamentos, constitu\u00eddos de palavras, invariavelmente precedem a a\u00e7\u00e3o. A ideia de construir um pr\u00e9dio, vem antes de come\u00e7ar a constru\u00e7\u00e3o, se \u00e9 que me entendem.<\/strong><\/p>\n\n\n\n<p><strong>Afinal, por que estou escrevendo tudo isso?<\/strong><\/p>\n\n\n\n<p><strong>Porque na ter\u00e7a-feira (4), na primeira sess\u00e3o da C\u00e2mara do mandato que se desdobrar\u00e1 at\u00e9 2028, dois parlamentares, talvez desprevenidos ou descuidados, chamaram o que normalmente se denominam cidad\u00e3os de \u201ccidad\u00f5es\u201d.<\/strong><\/p>\n\n\n\n<p><strong>Pra qu\u00ea! Logo em seguida, mesmo antes de terminada a sess\u00e3o, j\u00e1 se via postagem nas redes sociais ironizando uma das autorias dessa mancada gramatical, pontificando duas situa\u00e7\u00f5es distintas.<\/strong><\/p>\n\n\n\n<p><strong>Primeiro, o proverbial esp\u00edrito bem-humorado do brasileiro, n\u00e3o \u00e9 mesmo? Segundo, refletindo a animosidade que existe enraizada na pol\u00edtica de grupos pol\u00edticos e de suas intrigas e futricas.<\/strong><\/p>\n\n\n\n<p><strong>Uns e outros jogando pedras em seus advers\u00e1rios e sendo vidra\u00e7a simultaneamente, quando deveriam estar cuidando de cumprir com excel\u00eancia de suas responsabilidades nos cargos em que foram investidos pelo povo.<\/strong><\/p>\n\n\n\n<p><strong>Em suma, nada que n\u00e3o possa ser considerado \u201cnormal\u201d na tradicional pol\u00edtica brasileira, fruto de um colonialismo cultural arcaico.<\/strong><\/p>\n\n\n\n<p><strong>Felizmente, a Edilidade conta com profissionais qualificados para cuidar da palavra escrita apropriadamente, o que previne erros e complica\u00e7\u00f5es de natureza jur\u00eddica. Afinal, uma v\u00edrgula fora do lugar pode causar um problema e tanto.<\/strong><\/p>\n\n\n\n<p><strong>Lembram-se daquela hist\u00f3ria do rei que enviou uma mensagem comutando a pena de um condenado \u00e0 morte. O texto original dizia: \u201cN\u00e3o matem o homem!\u201d; mas o curioso mensageiro acrescentou uma v\u00edrgula fatal: \u201cN\u00e3o, matem o homem!.\u201d<\/strong><\/p>\n\n\n\n<p><strong>\u00c9 preciso ter cuidado com a linguagem que navega dentro e fora de nossa mente.<\/strong><\/p>\n\n\n\n<p><strong>Mas que seria muito positivo que cada um dos vereadores cuidassem de fazer melhor uso da L\u00edngua Portuguesa, ah!, isso seria muito bom!<\/strong><\/p>\n\n\n\n<p><strong>Ter um repert\u00f3rio verbal rico potencializa a atua\u00e7\u00e3o na orat\u00f3ria, as ideias, os projetos e at\u00e9 mesmo a realiza\u00e7\u00e3o de bons servi\u00e7os \u00e0 popula\u00e7\u00e3o, que tanto merece.<\/strong><\/p>\n\n\n\n<p><strong>Mas consideremos que o deslize deva ser visto com indulg\u00eancia, mesmo porque a pr\u00e1tica da humildade diante das fragilidades alheias \u00e9 uma boa norma de conduta. Depois as normas da L\u00edngua Portuguesa s\u00e3o mesmo complicadas. Regras convivem habitualmente com exce\u00e7\u00f5es.<\/strong><\/p>\n\n\n\n<p><strong>SENTA QUE L\u00c1 VEM HIST\u00d3RIA<\/strong><\/p>\n\n\n\n<p><strong>A palavra &#8220;cidad\u00e3o&#8221; \u00e9 uma exce\u00e7\u00e3o \u00e0 regra geral de forma\u00e7\u00e3o do plural na l\u00edngua portuguesa. A regra geral \u00e9 acrescentar o &#8220;s&#8221; no final da palavra no singular.<\/strong><\/p>\n\n\n\n<p><strong>A palavra &#8220;cidad\u00e3o&#8221; \u00e9 parox\u00edtona, ou seja, a s\u00edlaba t\u00f4nica \u00e9 a pen\u00faltima. Palavras parox\u00edtonas e algumas ox\u00edtonas podem ter o plural formado com o acr\u00e9scimo de apenas um &#8220;s&#8221;.<\/strong><\/p>\n\n\n\n<p><strong>Alguns exemplos de palavras que seguem a regra de forma\u00e7\u00e3o do plural em &#8220;-\u00f5es&#8221; s\u00e3o: Cora\u00e7\u00e3o &#8211; cora\u00e7\u00f5es, Pe\u00e3o &#8211; pe\u00f5es, Macarr\u00e3o &#8211; macarr\u00f5es, Ladr\u00e3o &#8211; ladr\u00f5es, Confus\u00e3o &#8211; confus\u00f5es.<\/strong><\/p>\n\n\n\n<p><strong>Assim, o plural correto \u00e9 cidad\u00e3os. Veja alguns exemplos de palavras pluralizadas da mesma maneira: irm\u00e3o\/irm\u00e3os, gr\u00e3o\/gr\u00e3os, b\u00ean\u00e7\u00e3o\/b\u00ean\u00e7\u00e3os, crist\u00e3o\/crist\u00e3os.<\/strong><\/p>\n\n\n\n<p><strong>Por fim, mas n\u00e3o menos importante: o plural de cidad\u00e3 e cidad\u00e3s. (Carlos Rossini \u00e9 editor de vitrine online)<\/strong><\/p>\n","protected":false},"excerpt":{"rendered":"<p>H\u00e1 alguns anos, quando minha ingenuidade andava pela estratosfera, vi-me no audit\u00f3rio da C\u00e2mara Municipal de Ibi\u00fana acompanhando jornalisticamente a<\/p>\n","protected":false},"author":1,"featured_media":33115,"comment_status":"open","ping_status":"open","sticky":false,"template":"","format":"standard","meta":[],"categories":[3],"tags":[],"yoast_head":"<!-- This site is optimized with the Yoast SEO plugin v15.8 - https:\/\/yoast.com\/wordpress\/plugins\/seo\/ -->\n<title>PAPO CABE\u00c7A \u2013 CIDAD\u00c3OS E CIDAD\u00c3S IBIUNENSES, UNI-VOS! - Revista Vitrine Online<\/title>\n<meta name=\"robots\" content=\"index, follow, max-snippet:-1, max-image-preview:large, max-video-preview:-1\" \/>\n<link rel=\"canonical\" href=\"http:\/\/revistavitrineibiuna.com.br\/?p=33114\" \/>\n<meta property=\"og:locale\" content=\"pt_BR\" \/>\n<meta property=\"og:type\" content=\"article\" \/>\n<meta property=\"og:title\" content=\"PAPO CABE\u00c7A \u2013 CIDAD\u00c3OS E CIDAD\u00c3S IBIUNENSES, UNI-VOS! - Revista Vitrine Online\" \/>\n<meta property=\"og:description\" content=\"H\u00e1 alguns anos, quando minha ingenuidade andava pela estratosfera, vi-me no audit\u00f3rio da C\u00e2mara Municipal de Ibi\u00fana acompanhando jornalisticamente a\" \/>\n<meta property=\"og:url\" content=\"http:\/\/revistavitrineibiuna.com.br\/?p=33114\" \/>\n<meta property=\"og:site_name\" content=\"Revista Vitrine Online\" \/>\n<meta property=\"article:published_time\" content=\"2025-02-06T11:47:02+00:00\" \/>\n<meta property=\"article:modified_time\" content=\"2025-02-06T11:47:03+00:00\" \/>\n<meta property=\"og:image\" content=\"https:\/\/revistavitrineibiuna.com.br\/wp-content\/uploads\/2025\/02\/as-palavras-e-os-ideais.png\" \/>\n\t<meta property=\"og:image:width\" content=\"699\" \/>\n\t<meta property=\"og:image:height\" content=\"409\" \/>\n<meta name=\"twitter:card\" content=\"summary\" \/>\n<meta name=\"twitter:label1\" content=\"Est. reading time\">\n\t<meta name=\"twitter:data1\" content=\"4 minutos\">\n<script type=\"application\/ld+json\" class=\"yoast-schema-graph\">{\"@context\":\"https:\/\/schema.org\",\"@graph\":[{\"@type\":\"WebSite\",\"@id\":\"https:\/\/revistavitrineibiuna.com.br\/#website\",\"url\":\"https:\/\/revistavitrineibiuna.com.br\/\",\"name\":\"Revista Vitrine Ibi\\u00fana\",\"description\":\"A Revista de Ibi\\u00fana e Regi\\u00e3o\",\"publisher\":{\"@id\":\"https:\/\/revistavitrineibiuna.com.br\/#\/schema\/person\/e51ef49d6d88170ea21ceabff3f73deb\"},\"potentialAction\":[{\"@type\":\"SearchAction\",\"target\":\"https:\/\/revistavitrineibiuna.com.br\/?s={search_term_string}\",\"query-input\":\"required name=search_term_string\"}],\"inLanguage\":\"pt-BR\"},{\"@type\":\"ImageObject\",\"@id\":\"http:\/\/revistavitrineibiuna.com.br\/?p=33114#primaryimage\",\"inLanguage\":\"pt-BR\",\"url\":\"https:\/\/revistavitrineibiuna.com.br\/wp-content\/uploads\/2025\/02\/as-palavras-e-os-ideais.png\",\"width\":699,\"height\":409},{\"@type\":\"WebPage\",\"@id\":\"http:\/\/revistavitrineibiuna.com.br\/?p=33114#webpage\",\"url\":\"http:\/\/revistavitrineibiuna.com.br\/?p=33114\",\"name\":\"PAPO CABE\\u00c7A \\u2013 CIDAD\\u00c3OS E CIDAD\\u00c3S IBIUNENSES, UNI-VOS! - Revista Vitrine Online\",\"isPartOf\":{\"@id\":\"https:\/\/revistavitrineibiuna.com.br\/#website\"},\"primaryImageOfPage\":{\"@id\":\"http:\/\/revistavitrineibiuna.com.br\/?p=33114#primaryimage\"},\"datePublished\":\"2025-02-06T11:47:02+00:00\",\"dateModified\":\"2025-02-06T11:47:03+00:00\",\"breadcrumb\":{\"@id\":\"http:\/\/revistavitrineibiuna.com.br\/?p=33114#breadcrumb\"},\"inLanguage\":\"pt-BR\",\"potentialAction\":[{\"@type\":\"ReadAction\",\"target\":[\"http:\/\/revistavitrineibiuna.com.br\/?p=33114\"]}]},{\"@type\":\"BreadcrumbList\",\"@id\":\"http:\/\/revistavitrineibiuna.com.br\/?p=33114#breadcrumb\",\"itemListElement\":[{\"@type\":\"ListItem\",\"position\":1,\"item\":{\"@type\":\"WebPage\",\"@id\":\"https:\/\/revistavitrineibiuna.com.br\/\",\"url\":\"https:\/\/revistavitrineibiuna.com.br\/\",\"name\":\"In\\u00edcio\"}},{\"@type\":\"ListItem\",\"position\":2,\"item\":{\"@type\":\"WebPage\",\"@id\":\"http:\/\/revistavitrineibiuna.com.br\/?p=33114\",\"url\":\"http:\/\/revistavitrineibiuna.com.br\/?p=33114\",\"name\":\"PAPO CABE\\u00c7A \\u2013 CIDAD\\u00c3OS E CIDAD\\u00c3S IBIUNENSES, UNI-VOS!\"}}]},{\"@type\":\"Article\",\"@id\":\"http:\/\/revistavitrineibiuna.com.br\/?p=33114#article\",\"isPartOf\":{\"@id\":\"http:\/\/revistavitrineibiuna.com.br\/?p=33114#webpage\"},\"author\":{\"@id\":\"https:\/\/revistavitrineibiuna.com.br\/#\/schema\/person\/e51ef49d6d88170ea21ceabff3f73deb\"},\"headline\":\"PAPO CABE\\u00c7A \\u2013 CIDAD\\u00c3OS E CIDAD\\u00c3S IBIUNENSES, UNI-VOS!\",\"datePublished\":\"2025-02-06T11:47:02+00:00\",\"dateModified\":\"2025-02-06T11:47:03+00:00\",\"mainEntityOfPage\":{\"@id\":\"http:\/\/revistavitrineibiuna.com.br\/?p=33114#webpage\"},\"commentCount\":0,\"publisher\":{\"@id\":\"https:\/\/revistavitrineibiuna.com.br\/#\/schema\/person\/e51ef49d6d88170ea21ceabff3f73deb\"},\"image\":{\"@id\":\"http:\/\/revistavitrineibiuna.com.br\/?p=33114#primaryimage\"},\"articleSection\":\"Not\\u00edcias\",\"inLanguage\":\"pt-BR\",\"potentialAction\":[{\"@type\":\"CommentAction\",\"name\":\"Comment\",\"target\":[\"http:\/\/revistavitrineibiuna.com.br\/?p=33114#respond\"]}]},{\"@type\":[\"Person\",\"Organization\"],\"@id\":\"https:\/\/revistavitrineibiuna.com.br\/#\/schema\/person\/e51ef49d6d88170ea21ceabff3f73deb\",\"name\":\"Carlos Rossini\",\"image\":{\"@type\":\"ImageObject\",\"@id\":\"https:\/\/revistavitrineibiuna.com.br\/#personlogo\",\"inLanguage\":\"pt-BR\",\"url\":\"https:\/\/secure.gravatar.com\/avatar\/4f2d0f99fac1f85c7d643f21f5c8d900?s=96&d=mm&r=g\",\"caption\":\"Carlos Rossini\"},\"logo\":{\"@id\":\"https:\/\/revistavitrineibiuna.com.br\/#personlogo\"},\"description\":\"Carlos Rossini \\u00e9 jornalista, soci\\u00f3logo, escritor e professor universit\\u00e1rio, tendo sido professor de jornalismo por vinte anos. Trabalhou em ve\\u00edculos de comunica\\u00e7\\u00e3o nas fun\\u00e7\\u00f5es de rep\\u00f3rter, redator, editor, articulista e colaborador, como Folha de S. Paulo, O Estado de S. Paulo, Di\\u00e1rio Popular, entre outros. Ao transferir a revista vitrine, vers\\u00e3o imprensa, de S\\u00e3o Paulo para Ibi\\u00fana h\\u00e1 alguns anos, iniciou uma nova experi\\u00eancia profissional, dedicando-se ao jornalismo regional, depois de cumprir uma trajet\\u00f3ria bem-sucedida na grande imprensa brasileira. Seu primeiro livro A Coragem de Comunicar foi lan\\u00e7ado na Bienal do Livro em S\\u00e3o Paulo no ano 2000, pela editora Madras.\"}]}<\/script>\n<!-- \/ Yoast SEO plugin. -->","_links":{"self":[{"href":"https:\/\/revistavitrineibiuna.com.br\/index.php?rest_route=\/wp\/v2\/posts\/33114"}],"collection":[{"href":"https:\/\/revistavitrineibiuna.com.br\/index.php?rest_route=\/wp\/v2\/posts"}],"about":[{"href":"https:\/\/revistavitrineibiuna.com.br\/index.php?rest_route=\/wp\/v2\/types\/post"}],"author":[{"embeddable":true,"href":"https:\/\/revistavitrineibiuna.com.br\/index.php?rest_route=\/wp\/v2\/users\/1"}],"replies":[{"embeddable":true,"href":"https:\/\/revistavitrineibiuna.com.br\/index.php?rest_route=%2Fwp%2Fv2%2Fcomments&post=33114"}],"version-history":[{"count":1,"href":"https:\/\/revistavitrineibiuna.com.br\/index.php?rest_route=\/wp\/v2\/posts\/33114\/revisions"}],"predecessor-version":[{"id":33116,"href":"https:\/\/revistavitrineibiuna.com.br\/index.php?rest_route=\/wp\/v2\/posts\/33114\/revisions\/33116"}],"wp:featuredmedia":[{"embeddable":true,"href":"https:\/\/revistavitrineibiuna.com.br\/index.php?rest_route=\/wp\/v2\/media\/33115"}],"wp:attachment":[{"href":"https:\/\/revistavitrineibiuna.com.br\/index.php?rest_route=%2Fwp%2Fv2%2Fmedia&parent=33114"}],"wp:term":[{"taxonomy":"category","embeddable":true,"href":"https:\/\/revistavitrineibiuna.com.br\/index.php?rest_route=%2Fwp%2Fv2%2Fcategories&post=33114"},{"taxonomy":"post_tag","embeddable":true,"href":"https:\/\/revistavitrineibiuna.com.br\/index.php?rest_route=%2Fwp%2Fv2%2Ftags&post=33114"}],"curies":[{"name":"wp","href":"https:\/\/api.w.org\/{rel}","templated":true}]}}