{"id":33117,"date":"2025-02-08T17:51:58","date_gmt":"2025-02-08T20:51:58","guid":{"rendered":"http:\/\/revistavitrineibiuna.com.br\/?p=33117"},"modified":"2025-02-11T09:48:44","modified_gmt":"2025-02-11T12:48:44","slug":"ela-promove-momentos-inesqueciveis-para-as-pessoas","status":"publish","type":"post","link":"https:\/\/revistavitrineibiuna.com.br\/?p=33117","title":{"rendered":"ELA PROMOVE MOMENTOS INESQUEC\u00cdVEIS PARA AS PESSOAS"},"content":{"rendered":"\n<p class=\"has-drop-cap\"><strong>Trabalhou desde crian\u00e7a na ro\u00e7a, superou situa\u00e7\u00f5es dif\u00edceis e hoje \u00e9 uma mulher ibiunense da gema, empreendedora de sucesso.<\/strong><\/p>\n\n\n\n<p><strong>Aos seis ou sete anos, j\u00e1 gostava de vender. Varria quintais e arranjava \u201cuns trocadinhos\u201d, ia \u00e0 feira de quinta, na cidade, comprava bijuterias e ia vend\u00ea-las nos s\u00edtios.<\/strong><\/p>\n\n\n\n<p><strong>Um dia, j\u00e1 na juventude, decidiu trabalhar na cidade e ficou conhecendo uma atividade chamada turismo. Pronto! Parece ter encontrado o rumo de sua voca\u00e7\u00e3o.<\/strong><\/p>\n\n\n\n<p><strong>Tornou-se uma empreendedora na \u00e1rea de excurs\u00f5es em que se especializou fazendo parcerias bem-sucedidas e conquistando, com seu jeito naturalmente simples e simp\u00e1tico, uma multid\u00e3o de amigas e amigos.<\/strong><\/p>\n\n\n\n<p><strong>\u201cAmo organizar viagens e fa\u00e7o isso em gratid\u00e3o a Deus por Ele ter me concedido a gra\u00e7a de andar de novo\u201d, afirma Cleli Vieira.<\/strong><\/p>\n\n\n\n<p><strong>A vimos no restaurante do Supermercado Ibi\u00fana, onde foi almo\u00e7ar. Nossa aten\u00e7\u00e3o foi despertada pelo n\u00famero de pessoas que iam cumpriment\u00e1-la e conversar com ela.<\/strong><\/p>\n\n\n\n<p><strong>Pois daqueles trocadinhos que ela juntava \u201ccortando vassoura\u201d e varrendo quintais conta atualmente com uma Van 15, Van 18, micro-\u00f4nibus para 32 pessoas e um \u00f4nibus para 46 pessoas, por meio de parcerias com empresas fretadoras. Realiza duas ou tr\u00eas excurs\u00f5es por m\u00eas.<\/strong><\/p>\n\n\n\n<p><strong>Os destinos, assim como os excursionistas s\u00e3o variados: Ibitinga, terra dos bordados, a preferida das mulheres, praias, Aparecida e outras cidades religiosas e pa\u00edses como Argentina e Paraguai.<\/strong><\/p>\n\n\n\n<p><strong>Sua maior alegria \u00e9 promover aproxima\u00e7\u00e3o de pessoas, novas amizades, pelo que se sente gratificada. Sorteia brindes e a cada onze viagens, o passageiro ganha uma gratuita.<\/strong><\/p>\n\n\n\n<p><strong>NA TVUNA, AO VIVO<\/strong><\/p>\n\n\n\n<p><strong>Nesta quarta-feira, dia 12, \u00e0s 19horas, Cleli Vieira participar\u00e1 do podecast da TVUNA, com transmiss\u00e3o vivo pelo Yotube, Instagram e Facebook.<\/strong><\/p>\n\n\n\n<p><strong>Inscreva-se: <a href=\"mailto:youtube.com\/@tv-una\">youtube.com\/@tv-una<\/a><\/strong><\/p>\n\n\n\n<p><strong>Os telespectadores poder\u00e3o participar e interagir com a entrevistada e conhecer uma mulher cuja hist\u00f3ria de vida \u00e9 um exemplo de coragem, determina\u00e7\u00e3o e f\u00e9 em Deus, a quem atribui o milagre de voltar a andar e hoje levar uma vida<\/strong> <strong>normal.<\/strong><\/p>\n","protected":false},"excerpt":{"rendered":"<p>Trabalhou desde crian\u00e7a na ro\u00e7a, superou situa\u00e7\u00f5es dif\u00edceis e hoje \u00e9 uma mulher ibiunense da gema, empreendedora de sucesso. Aos<\/p>\n","protected":false},"author":1,"featured_media":33118,"comment_status":"open","ping_status":"open","sticky":false,"template":"","format":"standard","meta":[],"categories":[3],"tags":[],"yoast_head":"<!-- This site is optimized with the Yoast SEO plugin v15.8 - https:\/\/yoast.com\/wordpress\/plugins\/seo\/ -->\n<title>ELA PROMOVE MOMENTOS INESQUEC\u00cdVEIS PARA AS PESSOAS - Revista Vitrine Online<\/title>\n<meta name=\"robots\" content=\"index, follow, max-snippet:-1, max-image-preview:large, max-video-preview:-1\" \/>\n<link rel=\"canonical\" href=\"http:\/\/revistavitrineibiuna.com.br\/?p=33117\" \/>\n<meta property=\"og:locale\" content=\"pt_BR\" \/>\n<meta property=\"og:type\" content=\"article\" \/>\n<meta property=\"og:title\" content=\"ELA PROMOVE MOMENTOS INESQUEC\u00cdVEIS PARA AS PESSOAS - Revista Vitrine Online\" \/>\n<meta property=\"og:description\" content=\"Trabalhou desde crian\u00e7a na ro\u00e7a, superou situa\u00e7\u00f5es dif\u00edceis e hoje \u00e9 uma mulher ibiunense da gema, empreendedora de sucesso. Aos\" \/>\n<meta property=\"og:url\" content=\"http:\/\/revistavitrineibiuna.com.br\/?p=33117\" \/>\n<meta property=\"og:site_name\" content=\"Revista Vitrine Online\" \/>\n<meta property=\"article:published_time\" content=\"2025-02-08T20:51:58+00:00\" \/>\n<meta property=\"article:modified_time\" content=\"2025-02-11T12:48:44+00:00\" \/>\n<meta property=\"og:image\" content=\"https:\/\/revistavitrineibiuna.com.br\/wp-content\/uploads\/2025\/02\/Cleli-foto-nova.png\" \/>\n\t<meta property=\"og:image:width\" content=\"592\" \/>\n\t<meta property=\"og:image:height\" content=\"397\" \/>\n<meta name=\"twitter:card\" content=\"summary\" \/>\n<meta name=\"twitter:label1\" content=\"Est. reading time\">\n\t<meta name=\"twitter:data1\" content=\"2 minutos\">\n<script type=\"application\/ld+json\" class=\"yoast-schema-graph\">{\"@context\":\"https:\/\/schema.org\",\"@graph\":[{\"@type\":\"WebSite\",\"@id\":\"https:\/\/revistavitrineibiuna.com.br\/#website\",\"url\":\"https:\/\/revistavitrineibiuna.com.br\/\",\"name\":\"Revista Vitrine Ibi\\u00fana\",\"description\":\"A Revista de Ibi\\u00fana e Regi\\u00e3o\",\"publisher\":{\"@id\":\"https:\/\/revistavitrineibiuna.com.br\/#\/schema\/person\/e51ef49d6d88170ea21ceabff3f73deb\"},\"potentialAction\":[{\"@type\":\"SearchAction\",\"target\":\"https:\/\/revistavitrineibiuna.com.br\/?s={search_term_string}\",\"query-input\":\"required name=search_term_string\"}],\"inLanguage\":\"pt-BR\"},{\"@type\":\"ImageObject\",\"@id\":\"http:\/\/revistavitrineibiuna.com.br\/?p=33117#primaryimage\",\"inLanguage\":\"pt-BR\",\"url\":\"https:\/\/revistavitrineibiuna.com.br\/wp-content\/uploads\/2025\/02\/Cleli-foto-nova.png\",\"width\":592,\"height\":397},{\"@type\":\"WebPage\",\"@id\":\"http:\/\/revistavitrineibiuna.com.br\/?p=33117#webpage\",\"url\":\"http:\/\/revistavitrineibiuna.com.br\/?p=33117\",\"name\":\"ELA PROMOVE MOMENTOS INESQUEC\\u00cdVEIS PARA AS PESSOAS - Revista Vitrine Online\",\"isPartOf\":{\"@id\":\"https:\/\/revistavitrineibiuna.com.br\/#website\"},\"primaryImageOfPage\":{\"@id\":\"http:\/\/revistavitrineibiuna.com.br\/?p=33117#primaryimage\"},\"datePublished\":\"2025-02-08T20:51:58+00:00\",\"dateModified\":\"2025-02-11T12:48:44+00:00\",\"breadcrumb\":{\"@id\":\"http:\/\/revistavitrineibiuna.com.br\/?p=33117#breadcrumb\"},\"inLanguage\":\"pt-BR\",\"potentialAction\":[{\"@type\":\"ReadAction\",\"target\":[\"http:\/\/revistavitrineibiuna.com.br\/?p=33117\"]}]},{\"@type\":\"BreadcrumbList\",\"@id\":\"http:\/\/revistavitrineibiuna.com.br\/?p=33117#breadcrumb\",\"itemListElement\":[{\"@type\":\"ListItem\",\"position\":1,\"item\":{\"@type\":\"WebPage\",\"@id\":\"https:\/\/revistavitrineibiuna.com.br\/\",\"url\":\"https:\/\/revistavitrineibiuna.com.br\/\",\"name\":\"In\\u00edcio\"}},{\"@type\":\"ListItem\",\"position\":2,\"item\":{\"@type\":\"WebPage\",\"@id\":\"http:\/\/revistavitrineibiuna.com.br\/?p=33117\",\"url\":\"http:\/\/revistavitrineibiuna.com.br\/?p=33117\",\"name\":\"ELA PROMOVE MOMENTOS INESQUEC\\u00cdVEIS PARA AS PESSOAS\"}}]},{\"@type\":\"Article\",\"@id\":\"http:\/\/revistavitrineibiuna.com.br\/?p=33117#article\",\"isPartOf\":{\"@id\":\"http:\/\/revistavitrineibiuna.com.br\/?p=33117#webpage\"},\"author\":{\"@id\":\"https:\/\/revistavitrineibiuna.com.br\/#\/schema\/person\/e51ef49d6d88170ea21ceabff3f73deb\"},\"headline\":\"ELA PROMOVE MOMENTOS INESQUEC\\u00cdVEIS PARA AS PESSOAS\",\"datePublished\":\"2025-02-08T20:51:58+00:00\",\"dateModified\":\"2025-02-11T12:48:44+00:00\",\"mainEntityOfPage\":{\"@id\":\"http:\/\/revistavitrineibiuna.com.br\/?p=33117#webpage\"},\"commentCount\":0,\"publisher\":{\"@id\":\"https:\/\/revistavitrineibiuna.com.br\/#\/schema\/person\/e51ef49d6d88170ea21ceabff3f73deb\"},\"image\":{\"@id\":\"http:\/\/revistavitrineibiuna.com.br\/?p=33117#primaryimage\"},\"articleSection\":\"Not\\u00edcias\",\"inLanguage\":\"pt-BR\",\"potentialAction\":[{\"@type\":\"CommentAction\",\"name\":\"Comment\",\"target\":[\"http:\/\/revistavitrineibiuna.com.br\/?p=33117#respond\"]}]},{\"@type\":[\"Person\",\"Organization\"],\"@id\":\"https:\/\/revistavitrineibiuna.com.br\/#\/schema\/person\/e51ef49d6d88170ea21ceabff3f73deb\",\"name\":\"Carlos Rossini\",\"image\":{\"@type\":\"ImageObject\",\"@id\":\"https:\/\/revistavitrineibiuna.com.br\/#personlogo\",\"inLanguage\":\"pt-BR\",\"url\":\"https:\/\/secure.gravatar.com\/avatar\/4f2d0f99fac1f85c7d643f21f5c8d900?s=96&d=mm&r=g\",\"caption\":\"Carlos Rossini\"},\"logo\":{\"@id\":\"https:\/\/revistavitrineibiuna.com.br\/#personlogo\"},\"description\":\"Carlos Rossini \\u00e9 jornalista, soci\\u00f3logo, escritor e professor universit\\u00e1rio, tendo sido professor de jornalismo por vinte anos. Trabalhou em ve\\u00edculos de comunica\\u00e7\\u00e3o nas fun\\u00e7\\u00f5es de rep\\u00f3rter, redator, editor, articulista e colaborador, como Folha de S. Paulo, O Estado de S. Paulo, Di\\u00e1rio Popular, entre outros. Ao transferir a revista vitrine, vers\\u00e3o imprensa, de S\\u00e3o Paulo para Ibi\\u00fana h\\u00e1 alguns anos, iniciou uma nova experi\\u00eancia profissional, dedicando-se ao jornalismo regional, depois de cumprir uma trajet\\u00f3ria bem-sucedida na grande imprensa brasileira. Seu primeiro livro A Coragem de Comunicar foi lan\\u00e7ado na Bienal do Livro em S\\u00e3o Paulo no ano 2000, pela editora Madras.\"}]}<\/script>\n<!-- \/ Yoast SEO plugin. -->","_links":{"self":[{"href":"https:\/\/revistavitrineibiuna.com.br\/index.php?rest_route=\/wp\/v2\/posts\/33117"}],"collection":[{"href":"https:\/\/revistavitrineibiuna.com.br\/index.php?rest_route=\/wp\/v2\/posts"}],"about":[{"href":"https:\/\/revistavitrineibiuna.com.br\/index.php?rest_route=\/wp\/v2\/types\/post"}],"author":[{"embeddable":true,"href":"https:\/\/revistavitrineibiuna.com.br\/index.php?rest_route=\/wp\/v2\/users\/1"}],"replies":[{"embeddable":true,"href":"https:\/\/revistavitrineibiuna.com.br\/index.php?rest_route=%2Fwp%2Fv2%2Fcomments&post=33117"}],"version-history":[{"count":4,"href":"https:\/\/revistavitrineibiuna.com.br\/index.php?rest_route=\/wp\/v2\/posts\/33117\/revisions"}],"predecessor-version":[{"id":33139,"href":"https:\/\/revistavitrineibiuna.com.br\/index.php?rest_route=\/wp\/v2\/posts\/33117\/revisions\/33139"}],"wp:featuredmedia":[{"embeddable":true,"href":"https:\/\/revistavitrineibiuna.com.br\/index.php?rest_route=\/wp\/v2\/media\/33118"}],"wp:attachment":[{"href":"https:\/\/revistavitrineibiuna.com.br\/index.php?rest_route=%2Fwp%2Fv2%2Fmedia&parent=33117"}],"wp:term":[{"taxonomy":"category","embeddable":true,"href":"https:\/\/revistavitrineibiuna.com.br\/index.php?rest_route=%2Fwp%2Fv2%2Fcategories&post=33117"},{"taxonomy":"post_tag","embeddable":true,"href":"https:\/\/revistavitrineibiuna.com.br\/index.php?rest_route=%2Fwp%2Fv2%2Ftags&post=33117"}],"curies":[{"name":"wp","href":"https:\/\/api.w.org\/{rel}","templated":true}]}}