{"id":33122,"date":"2025-02-09T10:05:57","date_gmt":"2025-02-09T13:05:57","guid":{"rendered":"http:\/\/revistavitrineibiuna.com.br\/?p=33122"},"modified":"2025-02-09T10:56:27","modified_gmt":"2025-02-09T13:56:27","slug":"ibiuna-baixaria-na-politica-mantem-problemas-da-cidade","status":"publish","type":"post","link":"https:\/\/revistavitrineibiuna.com.br\/?p=33122","title":{"rendered":"IBI\u00daNA \u2013 BAIXARIA NA POL\u00cdTICA MANT\u00c9M PROBLEMAS DA CIDADE"},"content":{"rendered":"\n<p class=\"has-drop-cap\"><strong>O t\u00edtulo original desta divaga\u00e7\u00e3o era ABAIXO A BAIXARIA NA POL\u00cdTICA IBIUNENSE, mas o que entrou em seu lugar nos parece mais adequado.<\/strong><\/p>\n\n\n\n<p><strong>A diversidade de problemas acumulados h\u00e1 d\u00e9cadas e que afetam diretamente a vida da popula\u00e7\u00e3o \u2013 principalmente nas \u00e1reas da sa\u00fade p\u00fablica, estradas, seguran\u00e7a p\u00fablica, meio ambiente, educa\u00e7\u00e3o \u2013 exige um esfor\u00e7o s\u00e9rio, coordenado, pragm\u00e1tico e respons\u00e1vel para serem resolvidos ou amenizados de fato e qualitativamente.<\/strong><\/p>\n\n\n\n<p><strong>\u00c9 claro que n\u00e3o poder\u00edamos atribuir levianamente a responsabilidade de resolu\u00e7\u00f5es efetivas das quest\u00f5es mais prementes aqui citadas \u00e0 atual administra\u00e7\u00e3o que tomou posse h\u00e1 pouco mais de trinta dias e que ter\u00e1 recebido uma heran\u00e7a administrativa \u201cbagun\u00e7ada\u201d e \u201cfalida\u201d de acordo com den\u00fancias feitas enfaticamente pelo novo prefeito.<\/strong><\/p>\n\n\n\n<p><strong>Vitrine online, como um ve\u00edculo de imprensa a servi\u00e7o da popula\u00e7\u00e3o, assim como fazem pessoas n\u00e3o contaminadas por odiosidade gratuita, por conta de integrarem grupos pol\u00edticos oposicionistas, adotou a paci\u00eancia \u00e0 espera de coisas boas que o chefe do Executivo est\u00e1 prometendo com intensa exposi\u00e7\u00e3o p\u00fablica.<\/strong><\/p>\n\n\n\n<p><strong>Como diz a sabedoria b\u00edblica, h\u00e1 um tempo para tudo. Estamos esperando junto com o povo pelos dias melhores prometidos em campanha e reiterados em quase todas as manifesta\u00e7\u00f5es p\u00fablicas do novo chefe do Executivo ibiunense.<\/strong><\/p>\n\n\n\n<p><strong>Certamente ele tem consci\u00eancia de que h\u00e1 o tempo de prometer e o tempo de cumprir, e como nos tempos atuais qualquer pessoa pode botar a boca no trombone via redes sociais, com ou sem pudor, explicitamente ou no anonimato, \u00e9 preciso ter a sabedoria de sincronizar a l\u00edngua com a veracidade.<\/strong><\/p>\n\n\n\n<p><strong>Para conhecer um ambiente natural \u00e9 preciso enxergar a floresta como um todo, mas tamb\u00e9m as \u00e1rvores individualmente. Neste aspecto, h\u00e1 pessoas sofrendo mais do que deviam, como se v\u00ea nos grupos sociais, na \u00e1rea da sa\u00fade que, c\u00e1 entre n\u00f3s, continua sendo o problema cr\u00f4nico n\u00famero 1 do munic\u00edpio, mesmo absorvendo mais de duas dezenas de milh\u00f5es de reais\/ano.<\/strong><\/p>\n\n\n\n<p><strong>O pano de fundo da realidade administrativa em Ibi\u00fana encontra o protagonismo de grupos pol\u00edticos que v\u00e3o muito al\u00e9m de serem advers\u00e1rios, se comportando como verdadeiros inimigos que com toda sorte de disfarces atiram pedras e praticam baixarias indignas do que se pode chamar de democracia b\u00e1sica.<\/strong><\/p>\n\n\n\n<p><strong>Lamentavelmente, essa realidade transcende os limites em que o respeito m\u00fatuo deveria prevalecer, envolvendo a reputa\u00e7\u00e3o de indiv\u00edduos e at\u00e9 mesmo de fam\u00edlias, tornando inseguras as rela\u00e7\u00f5es sociais. A quem isso pode interessar?<\/strong><\/p>\n\n\n\n<p><strong>\u00c9 prov\u00e1vel que esse clima que j\u00e1 dura d\u00e9cadas molde o comportamento psicol\u00f3gico e social das pessoas, tornando-as extremamente cautelosas, \u00e0s vezes inseguras ou desconfiadas, preferindo controlar a l\u00edngua porque h\u00e1 ouvidos (espi\u00f5es?) por todo o lado.<\/strong><\/p>\n\n\n\n<p><strong>Dizem alguns que at\u00e9 mesmo o progresso econ\u00f4mico de Ibi\u00fana estaria sendo obstaculizado, porque haveria entes poderosos que preferem conservar as coisas tais como est\u00e3o, para manterem-se no poder e controlar a situa\u00e7\u00e3o a seu favor.<\/strong><\/p>\n\n\n\n<p><strong>Certamente esquecem que o mundo se tornou uma aldeia digital e a m\u00e1quina do tempo inexoravelmente se acelera cada vez mais fora do nosso controle.<\/strong><\/p>\n\n\n\n<p><strong>S\u00f3 para mencionar um fato sob o foco dos tempos atuais, a paralisa\u00e7\u00e3o, h\u00e1 cerca de tr\u00eas anos, das obras de duplica\u00e7\u00e3o da Rodovia Bunjiro Nakao, de responsabilidade do Governo Estadual, se enquadra no contexto dessa postura complexa, at\u00e9 mesmo como estrat\u00e9gia politico-administrativa, e vergonhosa de gerir as coisas de interesse p\u00fablico.<\/strong><\/p>\n\n\n\n<p><strong>Iniciadas h\u00e1 7 anos, a rodovia se encontra num estado de abandono, tendo passado simplesmente por cinco governadores: Geraldo Alkmin, M\u00e1rcio Fran\u00e7a, Jo\u00e3o D\u00f3ria, Rodrigo Garcia e o atual Tarc\u00edsio de Freitas.<\/strong><\/p>\n\n\n\n<p><strong>Quantos acidentes graves e desconfortos poderiam ter sido evitados, se a obra estivesse conclu\u00edda?<\/strong><\/p>\n\n\n\n<p class=\"has-drop-cap\">\u00e9 disso que estamos falando tamb\u00e9m em n\u00edvel estadual e federal. De governos que tratem a popula\u00e7\u00e3o com respeito e dignidade, e n\u00e3o fiquem girando no torvelinho do toma l\u00e1, d\u00e1 c\u00e1, como o espet\u00e1culo tragic\u00f4mico que se verifica no Congresso Nacional em torno de bilh\u00f5es e bilh\u00f5es de reais que v\u00e3o para o ralo de ambi\u00e7\u00f5es de poder desenfreiadas. (Carlos Rossini \u00e9 editor de vitrine online) \u00a0<\/p>\n","protected":false},"excerpt":{"rendered":"<p>O t\u00edtulo original desta divaga\u00e7\u00e3o era ABAIXO A BAIXARIA NA POL\u00cdTICA IBIUNENSE, mas o que entrou em seu lugar nos<\/p>\n","protected":false},"author":1,"featured_media":33123,"comment_status":"open","ping_status":"open","sticky":false,"template":"","format":"standard","meta":[],"categories":[3],"tags":[],"yoast_head":"<!-- This site is optimized with the Yoast SEO plugin v15.8 - https:\/\/yoast.com\/wordpress\/plugins\/seo\/ -->\n<title>IBI\u00daNA \u2013 BAIXARIA NA POL\u00cdTICA MANT\u00c9M PROBLEMAS DA CIDADE - Revista Vitrine Online<\/title>\n<meta name=\"robots\" content=\"index, follow, max-snippet:-1, max-image-preview:large, max-video-preview:-1\" \/>\n<link rel=\"canonical\" href=\"https:\/\/revistavitrineibiuna.com.br\/?p=33122\" \/>\n<meta property=\"og:locale\" content=\"pt_BR\" \/>\n<meta property=\"og:type\" content=\"article\" \/>\n<meta property=\"og:title\" content=\"IBI\u00daNA \u2013 BAIXARIA NA POL\u00cdTICA MANT\u00c9M PROBLEMAS DA CIDADE - Revista Vitrine Online\" \/>\n<meta property=\"og:description\" content=\"O t\u00edtulo original desta divaga\u00e7\u00e3o era ABAIXO A BAIXARIA NA POL\u00cdTICA IBIUNENSE, mas o que entrou em seu lugar nos\" \/>\n<meta property=\"og:url\" content=\"https:\/\/revistavitrineibiuna.com.br\/?p=33122\" \/>\n<meta property=\"og:site_name\" content=\"Revista Vitrine Online\" \/>\n<meta property=\"article:published_time\" content=\"2025-02-09T13:05:57+00:00\" \/>\n<meta property=\"article:modified_time\" content=\"2025-02-09T13:56:27+00:00\" \/>\n<meta property=\"og:image\" content=\"https:\/\/revistavitrineibiuna.com.br\/wp-content\/uploads\/2025\/02\/depositphotos_419858614-stock-photo-maze-bushes-botanical-park-ayia.png\" \/>\n\t<meta property=\"og:image:width\" content=\"600\" \/>\n\t<meta property=\"og:image:height\" content=\"370\" \/>\n<meta name=\"twitter:card\" content=\"summary\" \/>\n<meta name=\"twitter:label1\" content=\"Est. reading time\">\n\t<meta name=\"twitter:data1\" content=\"3 minutos\">\n<script type=\"application\/ld+json\" class=\"yoast-schema-graph\">{\"@context\":\"https:\/\/schema.org\",\"@graph\":[{\"@type\":\"WebSite\",\"@id\":\"https:\/\/revistavitrineibiuna.com.br\/#website\",\"url\":\"https:\/\/revistavitrineibiuna.com.br\/\",\"name\":\"Revista Vitrine Ibi\\u00fana\",\"description\":\"A Revista de Ibi\\u00fana e Regi\\u00e3o\",\"publisher\":{\"@id\":\"https:\/\/revistavitrineibiuna.com.br\/#\/schema\/person\/e51ef49d6d88170ea21ceabff3f73deb\"},\"potentialAction\":[{\"@type\":\"SearchAction\",\"target\":\"https:\/\/revistavitrineibiuna.com.br\/?s={search_term_string}\",\"query-input\":\"required name=search_term_string\"}],\"inLanguage\":\"pt-BR\"},{\"@type\":\"ImageObject\",\"@id\":\"https:\/\/revistavitrineibiuna.com.br\/?p=33122#primaryimage\",\"inLanguage\":\"pt-BR\",\"url\":\"https:\/\/revistavitrineibiuna.com.br\/wp-content\/uploads\/2025\/02\/depositphotos_419858614-stock-photo-maze-bushes-botanical-park-ayia.png\",\"width\":600,\"height\":370},{\"@type\":\"WebPage\",\"@id\":\"https:\/\/revistavitrineibiuna.com.br\/?p=33122#webpage\",\"url\":\"https:\/\/revistavitrineibiuna.com.br\/?p=33122\",\"name\":\"IBI\\u00daNA \\u2013 BAIXARIA NA POL\\u00cdTICA MANT\\u00c9M PROBLEMAS DA CIDADE - Revista Vitrine Online\",\"isPartOf\":{\"@id\":\"https:\/\/revistavitrineibiuna.com.br\/#website\"},\"primaryImageOfPage\":{\"@id\":\"https:\/\/revistavitrineibiuna.com.br\/?p=33122#primaryimage\"},\"datePublished\":\"2025-02-09T13:05:57+00:00\",\"dateModified\":\"2025-02-09T13:56:27+00:00\",\"breadcrumb\":{\"@id\":\"https:\/\/revistavitrineibiuna.com.br\/?p=33122#breadcrumb\"},\"inLanguage\":\"pt-BR\",\"potentialAction\":[{\"@type\":\"ReadAction\",\"target\":[\"https:\/\/revistavitrineibiuna.com.br\/?p=33122\"]}]},{\"@type\":\"BreadcrumbList\",\"@id\":\"https:\/\/revistavitrineibiuna.com.br\/?p=33122#breadcrumb\",\"itemListElement\":[{\"@type\":\"ListItem\",\"position\":1,\"item\":{\"@type\":\"WebPage\",\"@id\":\"https:\/\/revistavitrineibiuna.com.br\/\",\"url\":\"https:\/\/revistavitrineibiuna.com.br\/\",\"name\":\"In\\u00edcio\"}},{\"@type\":\"ListItem\",\"position\":2,\"item\":{\"@type\":\"WebPage\",\"@id\":\"https:\/\/revistavitrineibiuna.com.br\/?p=33122\",\"url\":\"https:\/\/revistavitrineibiuna.com.br\/?p=33122\",\"name\":\"IBI\\u00daNA \\u2013 BAIXARIA NA POL\\u00cdTICA MANT\\u00c9M PROBLEMAS DA CIDADE\"}}]},{\"@type\":\"Article\",\"@id\":\"https:\/\/revistavitrineibiuna.com.br\/?p=33122#article\",\"isPartOf\":{\"@id\":\"https:\/\/revistavitrineibiuna.com.br\/?p=33122#webpage\"},\"author\":{\"@id\":\"https:\/\/revistavitrineibiuna.com.br\/#\/schema\/person\/e51ef49d6d88170ea21ceabff3f73deb\"},\"headline\":\"IBI\\u00daNA \\u2013 BAIXARIA NA POL\\u00cdTICA MANT\\u00c9M PROBLEMAS DA CIDADE\",\"datePublished\":\"2025-02-09T13:05:57+00:00\",\"dateModified\":\"2025-02-09T13:56:27+00:00\",\"mainEntityOfPage\":{\"@id\":\"https:\/\/revistavitrineibiuna.com.br\/?p=33122#webpage\"},\"commentCount\":0,\"publisher\":{\"@id\":\"https:\/\/revistavitrineibiuna.com.br\/#\/schema\/person\/e51ef49d6d88170ea21ceabff3f73deb\"},\"image\":{\"@id\":\"https:\/\/revistavitrineibiuna.com.br\/?p=33122#primaryimage\"},\"articleSection\":\"Not\\u00edcias\",\"inLanguage\":\"pt-BR\",\"potentialAction\":[{\"@type\":\"CommentAction\",\"name\":\"Comment\",\"target\":[\"https:\/\/revistavitrineibiuna.com.br\/?p=33122#respond\"]}]},{\"@type\":[\"Person\",\"Organization\"],\"@id\":\"https:\/\/revistavitrineibiuna.com.br\/#\/schema\/person\/e51ef49d6d88170ea21ceabff3f73deb\",\"name\":\"Carlos Rossini\",\"image\":{\"@type\":\"ImageObject\",\"@id\":\"https:\/\/revistavitrineibiuna.com.br\/#personlogo\",\"inLanguage\":\"pt-BR\",\"url\":\"https:\/\/secure.gravatar.com\/avatar\/4f2d0f99fac1f85c7d643f21f5c8d900?s=96&d=mm&r=g\",\"caption\":\"Carlos Rossini\"},\"logo\":{\"@id\":\"https:\/\/revistavitrineibiuna.com.br\/#personlogo\"},\"description\":\"Carlos Rossini \\u00e9 jornalista, soci\\u00f3logo, escritor e professor universit\\u00e1rio, tendo sido professor de jornalismo por vinte anos. Trabalhou em ve\\u00edculos de comunica\\u00e7\\u00e3o nas fun\\u00e7\\u00f5es de rep\\u00f3rter, redator, editor, articulista e colaborador, como Folha de S. Paulo, O Estado de S. Paulo, Di\\u00e1rio Popular, entre outros. Ao transferir a revista vitrine, vers\\u00e3o imprensa, de S\\u00e3o Paulo para Ibi\\u00fana h\\u00e1 alguns anos, iniciou uma nova experi\\u00eancia profissional, dedicando-se ao jornalismo regional, depois de cumprir uma trajet\\u00f3ria bem-sucedida na grande imprensa brasileira. Seu primeiro livro A Coragem de Comunicar foi lan\\u00e7ado na Bienal do Livro em S\\u00e3o Paulo no ano 2000, pela editora Madras.\"}]}<\/script>\n<!-- \/ Yoast SEO plugin. -->","_links":{"self":[{"href":"https:\/\/revistavitrineibiuna.com.br\/index.php?rest_route=\/wp\/v2\/posts\/33122"}],"collection":[{"href":"https:\/\/revistavitrineibiuna.com.br\/index.php?rest_route=\/wp\/v2\/posts"}],"about":[{"href":"https:\/\/revistavitrineibiuna.com.br\/index.php?rest_route=\/wp\/v2\/types\/post"}],"author":[{"embeddable":true,"href":"https:\/\/revistavitrineibiuna.com.br\/index.php?rest_route=\/wp\/v2\/users\/1"}],"replies":[{"embeddable":true,"href":"https:\/\/revistavitrineibiuna.com.br\/index.php?rest_route=%2Fwp%2Fv2%2Fcomments&post=33122"}],"version-history":[{"count":9,"href":"https:\/\/revistavitrineibiuna.com.br\/index.php?rest_route=\/wp\/v2\/posts\/33122\/revisions"}],"predecessor-version":[{"id":33134,"href":"https:\/\/revistavitrineibiuna.com.br\/index.php?rest_route=\/wp\/v2\/posts\/33122\/revisions\/33134"}],"wp:featuredmedia":[{"embeddable":true,"href":"https:\/\/revistavitrineibiuna.com.br\/index.php?rest_route=\/wp\/v2\/media\/33123"}],"wp:attachment":[{"href":"https:\/\/revistavitrineibiuna.com.br\/index.php?rest_route=%2Fwp%2Fv2%2Fmedia&parent=33122"}],"wp:term":[{"taxonomy":"category","embeddable":true,"href":"https:\/\/revistavitrineibiuna.com.br\/index.php?rest_route=%2Fwp%2Fv2%2Fcategories&post=33122"},{"taxonomy":"post_tag","embeddable":true,"href":"https:\/\/revistavitrineibiuna.com.br\/index.php?rest_route=%2Fwp%2Fv2%2Ftags&post=33122"}],"curies":[{"name":"wp","href":"https:\/\/api.w.org\/{rel}","templated":true}]}}